{"id":237417,"date":"2025-04-10T18:33:01","date_gmt":"2025-04-10T21:33:01","guid":{"rendered":"https:\/\/www.manaus.am.gov.br\/semcom\/sorteios-de-premios\/"},"modified":"2025-04-10T18:33:03","modified_gmt":"2025-04-10T21:33:03","slug":"sorteios-de-premios","status":"publish","type":"post","link":"https:\/\/www.manaus.am.gov.br\/semcom\/sorteios-de-premios\/","title":{"rendered":"Prefeitura de Manaus movimenta galerias populares e shopping Phelippe Daou com sorteios de pr\u00eamios"},"content":{"rendered":"\n<p><strong><br><\/strong>Os tr\u00eas\u00a0 sorteios realizados, nesta quinta-feira, 10\/4, movimentaram as atividades nos centros de compras: galerias populares Esp\u00edrito Santo e dos Rem\u00e9dios, no centro hist\u00f3rico, zona Centro-Sul, e no shopping Phelippe Daou, no bairro Cidade de Deus, zona Norte. A iniciativa \u00e9 promovida pela Prefeitura de Manaus, por meio da Secretaria Municipal do Trabalho, Empreendedorismo e Inova\u00e7\u00e3o (Semtepi).<br><br>Os sorteios fazem parte da campanha \u2018Fim de Ano Mega Premiado\u2019, executados no m\u00eas de dezembro que, por conta da legisla\u00e7\u00e3o do per\u00edodo eleitoral, foram adiados para abril. O projeto tem o objetivo de movimentar e incentivar o fluxo de clientes para fortalecer as vendas dos permission\u00e1rios abrigados nesses espa\u00e7os p\u00fablicos.<br><br>\u201cOs resultados deste evento, sem d\u00favidas, \u00e9 a meta que n\u00f3s temos para potencializar as vendas dos nossos permission\u00e1rios e pequenos empreendedores. Com um calend\u00e1rio espec\u00edfico, os sorteios foram os mecanismo que n\u00f3s encontramos para alavancar os neg\u00f3cios. Al\u00e9m destes, teremos mais ao longo do ano\u201d, salientou o secret\u00e1rio da Semtepi, Alonso Oliveira.<br><br>Cada centro de compras recebeu um sorteio, com pr\u00eamios que estiveram alinhados com a propor\u00e7\u00e3o de cada unidade, entre eles: tr\u00eas televis\u00f5es, tr\u00eas geladeiras e uma moto, na galeria dos Rem\u00e9dios, sendo a mesma quantidade na galeria Esp\u00edrito Santo; e quatro geladeiras, quatro televis\u00f5es e uma moto, no shopping Phelippe Daou.<br><br>\u201cNosso objetivo \u00e9 que todas as datas comemorativas do ano tenham eventos desta natureza para que os centros de compras possam ser impulsionados, fazendo com que mais clientes venham comprar dos nossos permission\u00e1rios. Parabenizamos a atitude do nosso prefeito David Almeida e secret\u00e1rio Alonso por abra\u00e7ar essa ideia\u201d, frisou o presidente da Associa\u00e7\u00e3o dos Vendedores Ambulantes e Empreendedores do Amazonas (Avacin\/AM), Marcos Maia.<br><br>Propriet\u00e1ria da Betalife da Amaz\u00f4nia, Bruna Tain\u00e1 \u00e9 uma empreendedora ativa h\u00e1 oito anos no boxe 117 da galeria Esp\u00edrito Santo. Bruna afirmou que a iniciativa de sorteios da Prefeitura de Manaus contribuiu para aumentar suas vendas.<br><br>\u201cMe sinto muito sortuda, porque sempre que tem sorteio, os clientes da minha loja s\u00e3o sorteados. Entreguei bastante cupons, em m\u00e9dia, mais de mil em vendas presenciais e on-line. Meu empreendimento \u00e9 minha \u00fanica fonte de renda e posso afirmar que a Prefeitura de Manaus se preocupa muito com o empreendedor\u201d, conclui Bruna.<br><br>\u2014 \u2014 \u2014<br><strong>Texto \u2013 <\/strong>Fabiane Monteiro \/ Semtepi<strong><br>Fotos \u2013 <\/strong>Cl\u00f3vis Miranda \/ Semcom<strong><br>Dispon\u00edveis em &#8211; <\/strong><a href=\"https:\/\/flic.kr\/s\/aHBqjC8z7h\"><strong>https:\/\/flic.kr\/s\/aHBqjC8z7h<\/strong><\/a><\/p>\n","protected":false},"excerpt":{"rendered":"","protected":false},"author":68,"featured_media":237418,"comment_status":"closed","ping_status":"closed","sticky":false,"template":"","format":"standard","meta":{"footnotes":""},"categories":[9907],"tags":[77,14325,22],"acf":[],"yoast_head":"<!-- This site is optimized with the Yoast SEO plugin v23.0 - https:\/\/yoast.com\/wordpress\/plugins\/seo\/ -->\n<title>Prefeitura de Manaus movimenta galerias populares e shopping Phelippe Daou com sorteios de pr\u00eamios<\/title>\n<meta name=\"description\" content=\"Os tr\u00eas sorteios realizados, nesta quinta-feira, 10\/4, movimentaram as atividades nos centros de compras: galerias populares Esp\u00edrito Santo e dos Rem\u00e9dios, no centro hist\u00f3rico, zona Centro-Sul, e no shopping Phelippe Daou, no bairro Cidade de Deus, zona Norte. A iniciativa \u00e9 promovida pela Prefeitura de Manaus, por meio da Secretaria Municipal do Trabalho, Empreendedorismo e Inova\u00e7\u00e3o (Semtepi).\" \/>\n<meta name=\"robots\" content=\"index, follow, max-snippet:-1, max-image-preview:large, max-video-preview:-1\" \/>\n<link rel=\"canonical\" href=\"https:\/\/www.manaus.am.gov.br\/semcom\/sorteios-de-premios\/\" \/>\n<meta property=\"og:locale\" content=\"pt_BR\" \/>\n<meta property=\"og:type\" content=\"article\" \/>\n<meta property=\"og:title\" content=\"Prefeitura de Manaus movimenta galerias populares e shopping Phelippe Daou com sorteios de pr\u00eamios\" \/>\n<meta property=\"og:description\" content=\"Os tr\u00eas sorteios realizados, nesta quinta-feira, 10\/4, movimentaram as atividades nos centros de compras: galerias populares Esp\u00edrito Santo e dos Rem\u00e9dios, no centro hist\u00f3rico, zona Centro-Sul, e no shopping Phelippe Daou, no bairro Cidade de Deus, zona Norte. A iniciativa \u00e9 promovida pela Prefeitura de Manaus, por meio da Secretaria Municipal do Trabalho, Empreendedorismo e Inova\u00e7\u00e3o (Semtepi).\" \/>\n<meta property=\"og:url\" content=\"https:\/\/www.manaus.am.gov.br\/semcom\/sorteios-de-premios\/\" \/>\n<meta property=\"og:site_name\" content=\"SEMCOM\" \/>\n<meta property=\"article:published_time\" content=\"2025-04-10T21:33:01+00:00\" \/>\n<meta property=\"article:modified_time\" content=\"2025-04-10T21:33:03+00:00\" \/>\n<meta property=\"og:image\" content=\"https:\/\/www.manaus.am.gov.br\/semcom\/wp-content\/uploads\/sites\/5\/2025\/04\/54443528010_7eb25bb263_c.jpg\" \/>\n\t<meta property=\"og:image:width\" content=\"799\" \/>\n\t<meta property=\"og:image:height\" content=\"533\" \/>\n\t<meta property=\"og:image:type\" content=\"image\/jpeg\" \/>\n<meta name=\"author\" content=\"bvalente\" \/>\n<meta name=\"twitter:card\" content=\"summary_large_image\" \/>\n<meta name=\"twitter:label1\" content=\"Written by\" \/>\n\t<meta name=\"twitter:data1\" content=\"bvalente\" \/>\n\t<meta name=\"twitter:label2\" content=\"Est. reading time\" \/>\n\t<meta name=\"twitter:data2\" content=\"3 minutos\" \/>\n<script type=\"application\/ld+json\" class=\"yoast-schema-graph\">{\"@context\":\"https:\/\/schema.org\",\"@graph\":[{\"@type\":\"WebPage\",\"@id\":\"https:\/\/www.manaus.am.gov.br\/semcom\/sorteios-de-premios\/\",\"url\":\"https:\/\/www.manaus.am.gov.br\/semcom\/sorteios-de-premios\/\",\"name\":\"Prefeitura de Manaus movimenta galerias populares e shopping Phelippe Daou com sorteios de pr\u00eamios\",\"isPartOf\":{\"@id\":\"https:\/\/www.manaus.am.gov.br\/semcom\/#website\"},\"primaryImageOfPage\":{\"@id\":\"https:\/\/www.manaus.am.gov.br\/semcom\/sorteios-de-premios\/#primaryimage\"},\"image\":{\"@id\":\"https:\/\/www.manaus.am.gov.br\/semcom\/sorteios-de-premios\/#primaryimage\"},\"thumbnailUrl\":\"https:\/\/www.manaus.am.gov.br\/semcom\/wp-content\/uploads\/sites\/5\/2025\/04\/54443528010_7eb25bb263_c.jpg\",\"datePublished\":\"2025-04-10T21:33:01+00:00\",\"dateModified\":\"2025-04-10T21:33:03+00:00\",\"author\":{\"@id\":\"https:\/\/www.manaus.am.gov.br\/semcom\/#\/schema\/person\/466a0e03ae4b6062809046bd560ac955\"},\"description\":\"Os tr\u00eas sorteios realizados, nesta quinta-feira, 10\/4, movimentaram as atividades nos centros de compras: galerias populares Esp\u00edrito Santo e dos Rem\u00e9dios, no centro hist\u00f3rico, zona Centro-Sul, e no shopping Phelippe Daou, no bairro Cidade de Deus, zona Norte. A iniciativa \u00e9 promovida pela Prefeitura de Manaus, por meio da Secretaria Municipal do Trabalho, Empreendedorismo e Inova\u00e7\u00e3o (Semtepi).\",\"inLanguage\":\"pt-BR\",\"potentialAction\":[{\"@type\":\"ReadAction\",\"target\":[\"https:\/\/www.manaus.am.gov.br\/semcom\/sorteios-de-premios\/\"]}]},{\"@type\":\"ImageObject\",\"inLanguage\":\"pt-BR\",\"@id\":\"https:\/\/www.manaus.am.gov.br\/semcom\/sorteios-de-premios\/#primaryimage\",\"url\":\"https:\/\/www.manaus.am.gov.br\/semcom\/wp-content\/uploads\/sites\/5\/2025\/04\/54443528010_7eb25bb263_c.jpg\",\"contentUrl\":\"https:\/\/www.manaus.am.gov.br\/semcom\/wp-content\/uploads\/sites\/5\/2025\/04\/54443528010_7eb25bb263_c.jpg\",\"width\":799,\"height\":533},{\"@type\":\"WebSite\",\"@id\":\"https:\/\/www.manaus.am.gov.br\/semcom\/#website\",\"url\":\"https:\/\/www.manaus.am.gov.br\/semcom\/\",\"name\":\"SEMCOM\",\"description\":\"Secretaria Municipal de Comunica\u00e7\u00e3o\",\"potentialAction\":[{\"@type\":\"SearchAction\",\"target\":{\"@type\":\"EntryPoint\",\"urlTemplate\":\"https:\/\/www.manaus.am.gov.br\/semcom\/?s={search_term_string}\"},\"query-input\":\"required name=search_term_string\"}],\"inLanguage\":\"pt-BR\"},{\"@type\":\"Person\",\"@id\":\"https:\/\/www.manaus.am.gov.br\/semcom\/#\/schema\/person\/466a0e03ae4b6062809046bd560ac955\",\"name\":\"bvalente\",\"image\":{\"@type\":\"ImageObject\",\"inLanguage\":\"pt-BR\",\"@id\":\"https:\/\/www.manaus.am.gov.br\/semcom\/#\/schema\/person\/image\/\",\"url\":\"https:\/\/secure.gravatar.com\/avatar\/3e69bc2b014bdad41adfec3a39de07d2?s=96&d=mm&r=g\",\"contentUrl\":\"https:\/\/secure.gravatar.com\/avatar\/3e69bc2b014bdad41adfec3a39de07d2?s=96&d=mm&r=g\",\"caption\":\"bvalente\"}}]}<\/script>\n<!-- \/ Yoast SEO plugin. -->","yoast_head_json":{"title":"Prefeitura de Manaus movimenta galerias populares e shopping Phelippe Daou com sorteios de pr\u00eamios","description":"Os tr\u00eas sorteios realizados, nesta quinta-feira, 10\/4, movimentaram as atividades nos centros de compras: galerias populares Esp\u00edrito Santo e dos Rem\u00e9dios, no centro hist\u00f3rico, zona Centro-Sul, e no shopping Phelippe Daou, no bairro Cidade de Deus, zona Norte. A iniciativa \u00e9 promovida pela Prefeitura de Manaus, por meio da Secretaria Municipal do Trabalho, Empreendedorismo e Inova\u00e7\u00e3o (Semtepi).","robots":{"index":"index","follow":"follow","max-snippet":"max-snippet:-1","max-image-preview":"max-image-preview:large","max-video-preview":"max-video-preview:-1"},"canonical":"https:\/\/www.manaus.am.gov.br\/semcom\/sorteios-de-premios\/","og_locale":"pt_BR","og_type":"article","og_title":"Prefeitura de Manaus movimenta galerias populares e shopping Phelippe Daou com sorteios de pr\u00eamios","og_description":"Os tr\u00eas sorteios realizados, nesta quinta-feira, 10\/4, movimentaram as atividades nos centros de compras: galerias populares Esp\u00edrito Santo e dos Rem\u00e9dios, no centro hist\u00f3rico, zona Centro-Sul, e no shopping Phelippe Daou, no bairro Cidade de Deus, zona Norte. A iniciativa \u00e9 promovida pela Prefeitura de Manaus, por meio da Secretaria Municipal do Trabalho, Empreendedorismo e Inova\u00e7\u00e3o (Semtepi).","og_url":"https:\/\/www.manaus.am.gov.br\/semcom\/sorteios-de-premios\/","og_site_name":"SEMCOM","article_published_time":"2025-04-10T21:33:01+00:00","article_modified_time":"2025-04-10T21:33:03+00:00","og_image":[{"width":799,"height":533,"url":"https:\/\/www.manaus.am.gov.br\/semcom\/wp-content\/uploads\/sites\/5\/2025\/04\/54443528010_7eb25bb263_c.jpg","type":"image\/jpeg"}],"author":"bvalente","twitter_card":"summary_large_image","twitter_misc":{"Written by":"bvalente","Est. reading time":"3 minutos"},"schema":{"@context":"https:\/\/schema.org","@graph":[{"@type":"WebPage","@id":"https:\/\/www.manaus.am.gov.br\/semcom\/sorteios-de-premios\/","url":"https:\/\/www.manaus.am.gov.br\/semcom\/sorteios-de-premios\/","name":"Prefeitura de Manaus movimenta galerias populares e shopping Phelippe Daou com sorteios de pr\u00eamios","isPartOf":{"@id":"https:\/\/www.manaus.am.gov.br\/semcom\/#website"},"primaryImageOfPage":{"@id":"https:\/\/www.manaus.am.gov.br\/semcom\/sorteios-de-premios\/#primaryimage"},"image":{"@id":"https:\/\/www.manaus.am.gov.br\/semcom\/sorteios-de-premios\/#primaryimage"},"thumbnailUrl":"https:\/\/www.manaus.am.gov.br\/semcom\/wp-content\/uploads\/sites\/5\/2025\/04\/54443528010_7eb25bb263_c.jpg","datePublished":"2025-04-10T21:33:01+00:00","dateModified":"2025-04-10T21:33:03+00:00","author":{"@id":"https:\/\/www.manaus.am.gov.br\/semcom\/#\/schema\/person\/466a0e03ae4b6062809046bd560ac955"},"description":"Os tr\u00eas sorteios realizados, nesta quinta-feira, 10\/4, movimentaram as atividades nos centros de compras: galerias populares Esp\u00edrito Santo e dos Rem\u00e9dios, no centro hist\u00f3rico, zona Centro-Sul, e no shopping Phelippe Daou, no bairro Cidade de Deus, zona Norte. A iniciativa \u00e9 promovida pela Prefeitura de Manaus, por meio da Secretaria Municipal do Trabalho, Empreendedorismo e Inova\u00e7\u00e3o (Semtepi).","inLanguage":"pt-BR","potentialAction":[{"@type":"ReadAction","target":["https:\/\/www.manaus.am.gov.br\/semcom\/sorteios-de-premios\/"]}]},{"@type":"ImageObject","inLanguage":"pt-BR","@id":"https:\/\/www.manaus.am.gov.br\/semcom\/sorteios-de-premios\/#primaryimage","url":"https:\/\/www.manaus.am.gov.br\/semcom\/wp-content\/uploads\/sites\/5\/2025\/04\/54443528010_7eb25bb263_c.jpg","contentUrl":"https:\/\/www.manaus.am.gov.br\/semcom\/wp-content\/uploads\/sites\/5\/2025\/04\/54443528010_7eb25bb263_c.jpg","width":799,"height":533},{"@type":"WebSite","@id":"https:\/\/www.manaus.am.gov.br\/semcom\/#website","url":"https:\/\/www.manaus.am.gov.br\/semcom\/","name":"SEMCOM","description":"Secretaria Municipal de Comunica\u00e7\u00e3o","potentialAction":[{"@type":"SearchAction","target":{"@type":"EntryPoint","urlTemplate":"https:\/\/www.manaus.am.gov.br\/semcom\/?s={search_term_string}"},"query-input":"required name=search_term_string"}],"inLanguage":"pt-BR"},{"@type":"Person","@id":"https:\/\/www.manaus.am.gov.br\/semcom\/#\/schema\/person\/466a0e03ae4b6062809046bd560ac955","name":"bvalente","image":{"@type":"ImageObject","inLanguage":"pt-BR","@id":"https:\/\/www.manaus.am.gov.br\/semcom\/#\/schema\/person\/image\/","url":"https:\/\/secure.gravatar.com\/avatar\/3e69bc2b014bdad41adfec3a39de07d2?s=96&d=mm&r=g","contentUrl":"https:\/\/secure.gravatar.com\/avatar\/3e69bc2b014bdad41adfec3a39de07d2?s=96&d=mm&r=g","caption":"bvalente"}}]}},"_links":{"self":[{"href":"https:\/\/www.manaus.am.gov.br\/semcom\/wp-json\/wp\/v2\/posts\/237417"}],"collection":[{"href":"https:\/\/www.manaus.am.gov.br\/semcom\/wp-json\/wp\/v2\/posts"}],"about":[{"href":"https:\/\/www.manaus.am.gov.br\/semcom\/wp-json\/wp\/v2\/types\/post"}],"author":[{"embeddable":true,"href":"https:\/\/www.manaus.am.gov.br\/semcom\/wp-json\/wp\/v2\/users\/68"}],"replies":[{"embeddable":true,"href":"https:\/\/www.manaus.am.gov.br\/semcom\/wp-json\/wp\/v2\/comments?post=237417"}],"version-history":[{"count":0,"href":"https:\/\/www.manaus.am.gov.br\/semcom\/wp-json\/wp\/v2\/posts\/237417\/revisions"}],"wp:featuredmedia":[{"embeddable":true,"href":"https:\/\/www.manaus.am.gov.br\/semcom\/wp-json\/wp\/v2\/media\/237418"}],"wp:attachment":[{"href":"https:\/\/www.manaus.am.gov.br\/semcom\/wp-json\/wp\/v2\/media?parent=237417"}],"wp:term":[{"taxonomy":"category","embeddable":true,"href":"https:\/\/www.manaus.am.gov.br\/semcom\/wp-json\/wp\/v2\/categories?post=237417"},{"taxonomy":"post_tag","embeddable":true,"href":"https:\/\/www.manaus.am.gov.br\/semcom\/wp-json\/wp\/v2\/tags?post=237417"}],"curies":[{"name":"wp","href":"https:\/\/api.w.org\/{rel}","templated":true}]}}