{"id":237401,"date":"2025-04-10T16:51:19","date_gmt":"2025-04-10T19:51:19","guid":{"rendered":"https:\/\/www.manaus.am.gov.br\/semcom\/nclusao-na-rede-municipal-de-ensino\/"},"modified":"2025-04-10T16:56:03","modified_gmt":"2025-04-10T19:56:03","slug":"nclusao-na-rede-municipal-de-ensino","status":"publish","type":"post","link":"https:\/\/www.manaus.am.gov.br\/semcom\/nclusao-na-rede-municipal-de-ensino\/","title":{"rendered":"Projeto \u2018Aprender Lutando\u2019 promove inclus\u00e3o na rede municipal de ensino\u00a0"},"content":{"rendered":"\n<p>Mais de 15 estudantes com defici\u00eancia da Escola Municipal de Educa\u00e7\u00e3o Especial (Emee) Andr\u00e9 Vidal de Ara\u00fajo participaram, nesta quinta-feira, 10\/4, do projeto \u201cAprender Lutando\u201d, da Prefeitura de Manaus, realizado pela Secretaria Municipal de Educa\u00e7\u00e3o (Semed), h\u00e1 cerca de 5 anos. A iniciativa trabalha a inclus\u00e3o e contou com atividades adaptadas.\u00a0<\/p>\n\n\n\n<p>De acordo com o professor Alexandre Romano, para realizar a inclus\u00e3o, foi criada uma metodologia pr\u00f3pria, usando as artes marciais jud\u00f4, jiu-j\u00edtsu e capoeira. \u201cN\u00f3s temos crian\u00e7as com defici\u00eancia intelectual, com Transtorno do Espectro Autista (TEA) fazendo a mesma aula. O nosso diferencial \u00e9 que a gente sempre trabalha dentro de um tema, de uma brincadeira, de um jogo, de uma hist\u00f3ria\u201d, explica Alexandre.&nbsp;<\/p>\n\n\n\n<p>Al\u00e9m das atividades desenvolvidas dentro da escola, os professores ensinam atividades para as fam\u00edlias com o intuito de desenvolver as crian\u00e7as n\u00e3o s\u00f3 na escola, mas em casa tamb\u00e9m.&nbsp;&nbsp;<\/p>\n\n\n\n<p>Essa a\u00e7\u00e3o faz a diferen\u00e7a na vida das fam\u00edlias, como relata Mar\u00edlia Paiva Neves, 66, m\u00e3e de um dos estudantes da Escola Andr\u00e9 Vidal. A m\u00e3e conta que o filho evoluiu muito desde que participou do projeto. \u201cOs professores s\u00e3o atenciosos com a gente e nos passam exerc\u00edcios at\u00e9 para casa. Foi muito bom para mim e para o meu filho participar desse projeto\u201d, acrescenta.&nbsp;<\/p>\n\n\n\n<p><strong>\u2018Aprender Lutando\u2019&nbsp;<\/strong><\/p>\n\n\n\n<p>O projeto \u201cAprender Lutando\u201d faz parte do programa de governo da gest\u00e3o municipal. Atualmente, atende a 25 escolas com as modalidades jiu-j\u00edtsu, taekwondo, jud\u00f4 e capoeira da Educa\u00e7\u00e3o Infantil, Ensino Fundamental Anos Iniciais e Finais e da Educa\u00e7\u00e3o de Jovens e Adultos (EJA).&nbsp;<\/p>\n\n\n\n<p>Para o coordenador de esportes da Semed, Ronnie Melo, o objetivo \u00e9 expandir o projeto para mais unidades de ensino.&nbsp; \u201cNossa proposta \u00e9 ter a ades\u00e3o de mais professores, para chegarmos ao n\u00famero de 140 escolas e alcan\u00e7ar mais de 2 mil estudantes\u201d, finaliza Ronnie Melo.<\/p>\n\n\n\n<p>\u2014 \u2014 \u2014<\/p>\n\n\n\n<p><strong>Texto &#8211;<\/strong> Alexandre Abreu\/ Semed&nbsp;<\/p>\n\n\n\n<p><strong>Fotos &#8211;<\/strong> L\u00facio Santos\/ Semed&nbsp;<\/p>\n","protected":false},"excerpt":{"rendered":"","protected":false},"author":68,"featured_media":237402,"comment_status":"closed","ping_status":"closed","sticky":false,"template":"","format":"standard","meta":{"footnotes":""},"categories":[1625],"tags":[77,62],"acf":[],"yoast_head":"<!-- This site is optimized with the Yoast SEO plugin v23.0 - https:\/\/yoast.com\/wordpress\/plugins\/seo\/ -->\n<title>Projeto \u2018Aprender Lutando\u2019 promove inclus\u00e3o na rede municipal de ensino<\/title>\n<meta name=\"description\" content=\"Mais de 15 estudantes com defici\u00eancia da Escola Municipal de Educa\u00e7\u00e3o Especial (Emee) Andr\u00e9 Vidal de Ara\u00fajo participaram, nesta quinta-feira, 10\/4, do projeto \u201cAprender Lutando\u201d, da Prefeitura de Manaus, realizado pela Secretaria Municipal de Educa\u00e7\u00e3o (Semed), h\u00e1 cerca de 5 anos. A iniciativa trabalha a inclus\u00e3o e conta com atividades adaptadas.\" \/>\n<meta name=\"robots\" content=\"index, follow, max-snippet:-1, max-image-preview:large, max-video-preview:-1\" \/>\n<link rel=\"canonical\" href=\"https:\/\/www.manaus.am.gov.br\/semcom\/nclusao-na-rede-municipal-de-ensino\/\" \/>\n<meta property=\"og:locale\" content=\"pt_BR\" \/>\n<meta property=\"og:type\" content=\"article\" \/>\n<meta property=\"og:title\" content=\"Projeto \u2018Aprender Lutando\u2019 promove inclus\u00e3o na rede municipal de ensino\" \/>\n<meta property=\"og:description\" content=\"Mais de 15 estudantes com defici\u00eancia da Escola Municipal de Educa\u00e7\u00e3o Especial (Emee) Andr\u00e9 Vidal de Ara\u00fajo participaram, nesta quinta-feira, 10\/4, do projeto \u201cAprender Lutando\u201d, da Prefeitura de Manaus, realizado pela Secretaria Municipal de Educa\u00e7\u00e3o (Semed), h\u00e1 cerca de 5 anos. A iniciativa trabalha a inclus\u00e3o e conta com atividades adaptadas.\" \/>\n<meta property=\"og:url\" content=\"https:\/\/www.manaus.am.gov.br\/semcom\/nclusao-na-rede-municipal-de-ensino\/\" \/>\n<meta property=\"og:site_name\" content=\"SEMCOM\" \/>\n<meta property=\"article:published_time\" content=\"2025-04-10T19:51:19+00:00\" \/>\n<meta property=\"article:modified_time\" content=\"2025-04-10T19:56:03+00:00\" \/>\n<meta property=\"og:image\" content=\"https:\/\/www.manaus.am.gov.br\/semcom\/wp-content\/uploads\/sites\/5\/2025\/04\/Projeto-\u2018Aprender-Lutando-promove-inclusao-na-rede-municipal-de-ensino-3.jpg\" \/>\n\t<meta property=\"og:image:width\" content=\"799\" \/>\n\t<meta property=\"og:image:height\" content=\"533\" \/>\n\t<meta property=\"og:image:type\" content=\"image\/jpeg\" \/>\n<meta name=\"author\" content=\"bvalente\" \/>\n<meta name=\"twitter:card\" content=\"summary_large_image\" \/>\n<meta name=\"twitter:label1\" content=\"Written by\" \/>\n\t<meta name=\"twitter:data1\" content=\"bvalente\" \/>\n\t<meta name=\"twitter:label2\" content=\"Est. reading time\" \/>\n\t<meta name=\"twitter:data2\" content=\"2 minutos\" \/>\n<script type=\"application\/ld+json\" class=\"yoast-schema-graph\">{\"@context\":\"https:\/\/schema.org\",\"@graph\":[{\"@type\":\"WebPage\",\"@id\":\"https:\/\/www.manaus.am.gov.br\/semcom\/nclusao-na-rede-municipal-de-ensino\/\",\"url\":\"https:\/\/www.manaus.am.gov.br\/semcom\/nclusao-na-rede-municipal-de-ensino\/\",\"name\":\"Projeto \u2018Aprender Lutando\u2019 promove inclus\u00e3o na rede municipal de ensino\",\"isPartOf\":{\"@id\":\"https:\/\/www.manaus.am.gov.br\/semcom\/#website\"},\"primaryImageOfPage\":{\"@id\":\"https:\/\/www.manaus.am.gov.br\/semcom\/nclusao-na-rede-municipal-de-ensino\/#primaryimage\"},\"image\":{\"@id\":\"https:\/\/www.manaus.am.gov.br\/semcom\/nclusao-na-rede-municipal-de-ensino\/#primaryimage\"},\"thumbnailUrl\":\"https:\/\/www.manaus.am.gov.br\/semcom\/wp-content\/uploads\/sites\/5\/2025\/04\/Projeto-\u2018Aprender-Lutando-promove-inclusao-na-rede-municipal-de-ensino-3.jpg\",\"datePublished\":\"2025-04-10T19:51:19+00:00\",\"dateModified\":\"2025-04-10T19:56:03+00:00\",\"author\":{\"@id\":\"https:\/\/www.manaus.am.gov.br\/semcom\/#\/schema\/person\/466a0e03ae4b6062809046bd560ac955\"},\"description\":\"Mais de 15 estudantes com defici\u00eancia da Escola Municipal de Educa\u00e7\u00e3o Especial (Emee) Andr\u00e9 Vidal de Ara\u00fajo participaram, nesta quinta-feira, 10\/4, do projeto \u201cAprender Lutando\u201d, da Prefeitura de Manaus, realizado pela Secretaria Municipal de Educa\u00e7\u00e3o (Semed), h\u00e1 cerca de 5 anos. A iniciativa trabalha a inclus\u00e3o e conta com atividades adaptadas.\",\"inLanguage\":\"pt-BR\",\"potentialAction\":[{\"@type\":\"ReadAction\",\"target\":[\"https:\/\/www.manaus.am.gov.br\/semcom\/nclusao-na-rede-municipal-de-ensino\/\"]}]},{\"@type\":\"ImageObject\",\"inLanguage\":\"pt-BR\",\"@id\":\"https:\/\/www.manaus.am.gov.br\/semcom\/nclusao-na-rede-municipal-de-ensino\/#primaryimage\",\"url\":\"https:\/\/www.manaus.am.gov.br\/semcom\/wp-content\/uploads\/sites\/5\/2025\/04\/Projeto-\u2018Aprender-Lutando-promove-inclusao-na-rede-municipal-de-ensino-3.jpg\",\"contentUrl\":\"https:\/\/www.manaus.am.gov.br\/semcom\/wp-content\/uploads\/sites\/5\/2025\/04\/Projeto-\u2018Aprender-Lutando-promove-inclusao-na-rede-municipal-de-ensino-3.jpg\",\"width\":799,\"height\":533},{\"@type\":\"WebSite\",\"@id\":\"https:\/\/www.manaus.am.gov.br\/semcom\/#website\",\"url\":\"https:\/\/www.manaus.am.gov.br\/semcom\/\",\"name\":\"SEMCOM\",\"description\":\"Secretaria Municipal de Comunica\u00e7\u00e3o\",\"potentialAction\":[{\"@type\":\"SearchAction\",\"target\":{\"@type\":\"EntryPoint\",\"urlTemplate\":\"https:\/\/www.manaus.am.gov.br\/semcom\/?s={search_term_string}\"},\"query-input\":\"required name=search_term_string\"}],\"inLanguage\":\"pt-BR\"},{\"@type\":\"Person\",\"@id\":\"https:\/\/www.manaus.am.gov.br\/semcom\/#\/schema\/person\/466a0e03ae4b6062809046bd560ac955\",\"name\":\"bvalente\",\"image\":{\"@type\":\"ImageObject\",\"inLanguage\":\"pt-BR\",\"@id\":\"https:\/\/www.manaus.am.gov.br\/semcom\/#\/schema\/person\/image\/\",\"url\":\"https:\/\/secure.gravatar.com\/avatar\/3e69bc2b014bdad41adfec3a39de07d2?s=96&d=mm&r=g\",\"contentUrl\":\"https:\/\/secure.gravatar.com\/avatar\/3e69bc2b014bdad41adfec3a39de07d2?s=96&d=mm&r=g\",\"caption\":\"bvalente\"}}]}<\/script>\n<!-- \/ Yoast SEO plugin. -->","yoast_head_json":{"title":"Projeto \u2018Aprender Lutando\u2019 promove inclus\u00e3o na rede municipal de ensino","description":"Mais de 15 estudantes com defici\u00eancia da Escola Municipal de Educa\u00e7\u00e3o Especial (Emee) Andr\u00e9 Vidal de Ara\u00fajo participaram, nesta quinta-feira, 10\/4, do projeto \u201cAprender Lutando\u201d, da Prefeitura de Manaus, realizado pela Secretaria Municipal de Educa\u00e7\u00e3o (Semed), h\u00e1 cerca de 5 anos. A iniciativa trabalha a inclus\u00e3o e conta com atividades adaptadas.","robots":{"index":"index","follow":"follow","max-snippet":"max-snippet:-1","max-image-preview":"max-image-preview:large","max-video-preview":"max-video-preview:-1"},"canonical":"https:\/\/www.manaus.am.gov.br\/semcom\/nclusao-na-rede-municipal-de-ensino\/","og_locale":"pt_BR","og_type":"article","og_title":"Projeto \u2018Aprender Lutando\u2019 promove inclus\u00e3o na rede municipal de ensino","og_description":"Mais de 15 estudantes com defici\u00eancia da Escola Municipal de Educa\u00e7\u00e3o Especial (Emee) Andr\u00e9 Vidal de Ara\u00fajo participaram, nesta quinta-feira, 10\/4, do projeto \u201cAprender Lutando\u201d, da Prefeitura de Manaus, realizado pela Secretaria Municipal de Educa\u00e7\u00e3o (Semed), h\u00e1 cerca de 5 anos. A iniciativa trabalha a inclus\u00e3o e conta com atividades adaptadas.","og_url":"https:\/\/www.manaus.am.gov.br\/semcom\/nclusao-na-rede-municipal-de-ensino\/","og_site_name":"SEMCOM","article_published_time":"2025-04-10T19:51:19+00:00","article_modified_time":"2025-04-10T19:56:03+00:00","og_image":[{"width":799,"height":533,"url":"https:\/\/www.manaus.am.gov.br\/semcom\/wp-content\/uploads\/sites\/5\/2025\/04\/Projeto-\u2018Aprender-Lutando-promove-inclusao-na-rede-municipal-de-ensino-3.jpg","type":"image\/jpeg"}],"author":"bvalente","twitter_card":"summary_large_image","twitter_misc":{"Written by":"bvalente","Est. reading time":"2 minutos"},"schema":{"@context":"https:\/\/schema.org","@graph":[{"@type":"WebPage","@id":"https:\/\/www.manaus.am.gov.br\/semcom\/nclusao-na-rede-municipal-de-ensino\/","url":"https:\/\/www.manaus.am.gov.br\/semcom\/nclusao-na-rede-municipal-de-ensino\/","name":"Projeto \u2018Aprender Lutando\u2019 promove inclus\u00e3o na rede municipal de ensino","isPartOf":{"@id":"https:\/\/www.manaus.am.gov.br\/semcom\/#website"},"primaryImageOfPage":{"@id":"https:\/\/www.manaus.am.gov.br\/semcom\/nclusao-na-rede-municipal-de-ensino\/#primaryimage"},"image":{"@id":"https:\/\/www.manaus.am.gov.br\/semcom\/nclusao-na-rede-municipal-de-ensino\/#primaryimage"},"thumbnailUrl":"https:\/\/www.manaus.am.gov.br\/semcom\/wp-content\/uploads\/sites\/5\/2025\/04\/Projeto-\u2018Aprender-Lutando-promove-inclusao-na-rede-municipal-de-ensino-3.jpg","datePublished":"2025-04-10T19:51:19+00:00","dateModified":"2025-04-10T19:56:03+00:00","author":{"@id":"https:\/\/www.manaus.am.gov.br\/semcom\/#\/schema\/person\/466a0e03ae4b6062809046bd560ac955"},"description":"Mais de 15 estudantes com defici\u00eancia da Escola Municipal de Educa\u00e7\u00e3o Especial (Emee) Andr\u00e9 Vidal de Ara\u00fajo participaram, nesta quinta-feira, 10\/4, do projeto \u201cAprender Lutando\u201d, da Prefeitura de Manaus, realizado pela Secretaria Municipal de Educa\u00e7\u00e3o (Semed), h\u00e1 cerca de 5 anos. A iniciativa trabalha a inclus\u00e3o e conta com atividades adaptadas.","inLanguage":"pt-BR","potentialAction":[{"@type":"ReadAction","target":["https:\/\/www.manaus.am.gov.br\/semcom\/nclusao-na-rede-municipal-de-ensino\/"]}]},{"@type":"ImageObject","inLanguage":"pt-BR","@id":"https:\/\/www.manaus.am.gov.br\/semcom\/nclusao-na-rede-municipal-de-ensino\/#primaryimage","url":"https:\/\/www.manaus.am.gov.br\/semcom\/wp-content\/uploads\/sites\/5\/2025\/04\/Projeto-\u2018Aprender-Lutando-promove-inclusao-na-rede-municipal-de-ensino-3.jpg","contentUrl":"https:\/\/www.manaus.am.gov.br\/semcom\/wp-content\/uploads\/sites\/5\/2025\/04\/Projeto-\u2018Aprender-Lutando-promove-inclusao-na-rede-municipal-de-ensino-3.jpg","width":799,"height":533},{"@type":"WebSite","@id":"https:\/\/www.manaus.am.gov.br\/semcom\/#website","url":"https:\/\/www.manaus.am.gov.br\/semcom\/","name":"SEMCOM","description":"Secretaria Municipal de Comunica\u00e7\u00e3o","potentialAction":[{"@type":"SearchAction","target":{"@type":"EntryPoint","urlTemplate":"https:\/\/www.manaus.am.gov.br\/semcom\/?s={search_term_string}"},"query-input":"required name=search_term_string"}],"inLanguage":"pt-BR"},{"@type":"Person","@id":"https:\/\/www.manaus.am.gov.br\/semcom\/#\/schema\/person\/466a0e03ae4b6062809046bd560ac955","name":"bvalente","image":{"@type":"ImageObject","inLanguage":"pt-BR","@id":"https:\/\/www.manaus.am.gov.br\/semcom\/#\/schema\/person\/image\/","url":"https:\/\/secure.gravatar.com\/avatar\/3e69bc2b014bdad41adfec3a39de07d2?s=96&d=mm&r=g","contentUrl":"https:\/\/secure.gravatar.com\/avatar\/3e69bc2b014bdad41adfec3a39de07d2?s=96&d=mm&r=g","caption":"bvalente"}}]}},"_links":{"self":[{"href":"https:\/\/www.manaus.am.gov.br\/semcom\/wp-json\/wp\/v2\/posts\/237401"}],"collection":[{"href":"https:\/\/www.manaus.am.gov.br\/semcom\/wp-json\/wp\/v2\/posts"}],"about":[{"href":"https:\/\/www.manaus.am.gov.br\/semcom\/wp-json\/wp\/v2\/types\/post"}],"author":[{"embeddable":true,"href":"https:\/\/www.manaus.am.gov.br\/semcom\/wp-json\/wp\/v2\/users\/68"}],"replies":[{"embeddable":true,"href":"https:\/\/www.manaus.am.gov.br\/semcom\/wp-json\/wp\/v2\/comments?post=237401"}],"version-history":[{"count":1,"href":"https:\/\/www.manaus.am.gov.br\/semcom\/wp-json\/wp\/v2\/posts\/237401\/revisions"}],"predecessor-version":[{"id":237403,"href":"https:\/\/www.manaus.am.gov.br\/semcom\/wp-json\/wp\/v2\/posts\/237401\/revisions\/237403"}],"wp:featuredmedia":[{"embeddable":true,"href":"https:\/\/www.manaus.am.gov.br\/semcom\/wp-json\/wp\/v2\/media\/237402"}],"wp:attachment":[{"href":"https:\/\/www.manaus.am.gov.br\/semcom\/wp-json\/wp\/v2\/media?parent=237401"}],"wp:term":[{"taxonomy":"category","embeddable":true,"href":"https:\/\/www.manaus.am.gov.br\/semcom\/wp-json\/wp\/v2\/categories?post=237401"},{"taxonomy":"post_tag","embeddable":true,"href":"https:\/\/www.manaus.am.gov.br\/semcom\/wp-json\/wp\/v2\/tags?post=237401"}],"curies":[{"name":"wp","href":"https:\/\/api.w.org\/{rel}","templated":true}]}}