{"id":237378,"date":"2025-04-10T10:44:55","date_gmt":"2025-04-10T14:44:55","guid":{"rendered":"https:\/\/www.manaus.am.gov.br\/semcom\/prefeitura-implurb-georreferenciamento-centro\/"},"modified":"2025-04-10T10:44:55","modified_gmt":"2025-04-10T14:44:55","slug":"prefeitura-implurb-georreferenciamento-centro","status":"publish","type":"post","link":"https:\/\/www.manaus.am.gov.br\/semcom\/prefeitura-implurb-georreferenciamento-centro\/","title":{"rendered":"Prefeitura faz georreferenciamento de pra\u00e7as para atualizar listagem do centro de Manaus"},"content":{"rendered":"\n<p>Com o uso de drones para produ\u00e7\u00e3o de imagens de georreferenciamento e localiza\u00e7\u00e3o geoespacial, a Prefeitura de Manaus, via Instituto Municipal de Planejamento Urbano (Implurb), fez nova etapa de vistorias de pra\u00e7as e \u00e1reas portu\u00e1rias da capital, no Centro, na quarta-feira, 9\/4, para inclus\u00e3o de imagens e v\u00eddeos no trabalho de atualiza\u00e7\u00e3o dos bens listados pelo Decreto Municipal 7.176\/2004.<\/p>\n\n\n\n<p>O decreto estabelece o setor especial das Unidades de Interesse de Preserva\u00e7\u00e3o localizado no centro antigo de Manaus, listando im\u00f3veis, \u00e1rea portu\u00e1ria e pra\u00e7as p\u00fablicas, e est\u00e1 passando por revis\u00e3o para posterior envio de nova proposta \u00e0 C\u00e2mara Municipal de Manaus (CMM). A revis\u00e3o completa e com recursos de&nbsp;<em>software<\/em>, equipamentos e monitoramento em campo acontece quase 20 anos ap\u00f3s a primeira legisla\u00e7\u00e3o.<\/p>\n\n\n\n<p>Hoje, a Ger\u00eancia de Patrim\u00f4nio Hist\u00f3rico (GPH) j\u00e1 cobriu mais de 70% da \u00e1rea de monitoramento com base na listagem da lei, iniciando este m\u00eas a verifica\u00e7\u00e3o das pra\u00e7as. Semanalmente, equipes da ger\u00eancia v\u00e3o \u00e0s ruas visitar as unidades para atualiza\u00e7\u00e3o, e o trabalho consiste em identificar quais im\u00f3veis e lotes v\u00e3o permanecer, quais ser\u00e3o retirados e os que podem ser inclu\u00eddos com base no Decreto 7.176.<\/p>\n\n\n\n<p>\u201cA renova\u00e7\u00e3o do decreto vai permitir que se visualize o conjunto arquitet\u00f4nico que temos ap\u00f3s esses 20 anos, em rela\u00e7\u00e3o \u00e0 primeira publica\u00e7\u00e3o. Teremos um mapa e uma vis\u00e3o do que se tem hoje, do que existe edificado em Manaus, o que foi alterado, demolido, mas tamb\u00e9m o que n\u00e3o entrou no primeiro decreto e faz parte do conjunto, e ser\u00e1 inclu\u00eddo. A import\u00e2ncia do documento \u00e9 exatamente essa, de preservar o que ainda existe e adicionar o que foi mantido. Manaus \u00e9 uma cidade que cresceu no meio de uma selva\u201d, comentou a arquiteta e urbanista Landa Bernardo, gerente de Patrim\u00f4nio Hist\u00f3rico (GPH), do Implurb.<\/p>\n\n\n\n<p>Para Landa, a hist\u00f3ria da cidade foi edificada por meio de constru\u00e7\u00f5es antigas da primeira parte do surgimento e desenvolvimento de Manaus. \u201cO decreto \u00e9 importante pela preserva\u00e7\u00e3o da nossa hist\u00f3ria edificada como um todo\u201d.<\/p>\n\n\n\n<figure class=\"wp-block-image size-large\"><img loading=\"lazy\" decoding=\"async\" width=\"1024\" height=\"767\" src=\"https:\/\/www.manaus.am.gov.br\/semcom\/wp-content\/uploads\/sites\/5\/2025\/04\/DRONE28-1024x767.jpeg\" alt=\"\" class=\"wp-image-237379\" srcset=\"https:\/\/www.manaus.am.gov.br\/semcom\/wp-content\/uploads\/sites\/5\/2025\/04\/DRONE28-1024x767.jpeg 1024w, https:\/\/www.manaus.am.gov.br\/semcom\/wp-content\/uploads\/sites\/5\/2025\/04\/DRONE28-300x225.jpeg 300w, https:\/\/www.manaus.am.gov.br\/semcom\/wp-content\/uploads\/sites\/5\/2025\/04\/DRONE28-768x575.jpeg 768w, https:\/\/www.manaus.am.gov.br\/semcom\/wp-content\/uploads\/sites\/5\/2025\/04\/DRONE28-1536x1150.jpeg 1536w, https:\/\/www.manaus.am.gov.br\/semcom\/wp-content\/uploads\/sites\/5\/2025\/04\/DRONE28.jpeg 1600w\" sizes=\"(max-width: 1024px) 100vw, 1024px\" \/><\/figure>\n\n\n\n<p>O gerente de Informa\u00e7\u00e3o e Geoprocessamento (GIG), Luiz Albuquerque, \u00e9 quem est\u00e1 produzindo as imagens de drone para o trabalho do GPH. \u201cEstamos atualizando o banco de dados, pegando as pra\u00e7as listadas pelo documento. As imagens geradas v\u00e3o permitir ter uma melhor vis\u00e3o do cadastro dos bens edificados, comparando com imagens de 20 anos, atualizando o cen\u00e1rio. Depois do banco de dados vamos ter o georreferenciamento, tendo as configura\u00e7\u00f5es reais do que encontramos em campo\u201d, disse.<\/p>\n\n\n\n<p>Usando exclusivamente o aplicativo&nbsp;ArcGIS&nbsp;Field Maps, t\u00e9cnicos da prefeitura alimentam em tempo real o banco de dados para posterior consulta p\u00fablica. \u201cVamos aos locais, registramos as informa\u00e7\u00f5es, produzimos fotos e refer\u00eancias, e usamos o aplicativo, fornecendo os dados como ano, endere\u00e7o, se \u00e9 um bem de compet\u00eancia federal, estadual ou municipal\u201d, explicou Landa.<\/p>\n\n\n\n<p>Sem papel<\/p>\n\n\n\n<p>Com o app, a prefeitura, por meio do Implurb, j\u00e1 eliminou as fichas de cadastro feitas em papel, usadas at\u00e9 ent\u00e3o para realizar o mapeamento e monitoramento dos itens. Al\u00e9m de deixar de usar fichas manuais e em papel, o ganho ainda \u00e9 na precis\u00e3o de dados, principalmente nos pontos, porque eles s\u00e3o georreferenciados.<\/p>\n\n\n\n<p>A Ger\u00eancia de Patrim\u00f4nio tem atendimento presencial \u00e0s segundas, quartas e sextas (exceto feriados e pontos facultativos), das 8h \u00e0s 11h, mas den\u00fancias e informa\u00e7\u00f5es podem ser encaminhadas pelo telefone (92) 3625-6577, de segunda a sexta, no mesmo hor\u00e1rio.<\/p>\n\n\n\n<p>&#8212; &#8212; &#8212;<\/p>\n\n\n\n<p><strong>Texto<\/strong> \u2013\u00a0Claudia do Valle \/ Implurb<\/p>\n\n\n\n<p><strong>Fotos<\/strong> \u2013\u00a0Maxwell Oliveira e Luiz Albuquerque (drone)\/ Implurb<\/p>\n","protected":false},"excerpt":{"rendered":"","protected":false},"author":23,"featured_media":237380,"comment_status":"closed","ping_status":"closed","sticky":false,"template":"","format":"standard","meta":{"footnotes":""},"categories":[3411],"tags":[8202,414,11014,14307,65,6009,77],"acf":[],"yoast_head":"<!-- This site is optimized with the Yoast SEO plugin v23.0 - https:\/\/yoast.com\/wordpress\/plugins\/seo\/ -->\n<title>Prefeitura faz georreferenciamento de pra\u00e7as para atualizar listagem do centro de Manaus<\/title>\n<meta name=\"description\" content=\"Com o uso de drones para produ\u00e7\u00e3o de imagens de georreferenciamento e localiza\u00e7\u00e3o geoespacial, a Prefeitura de Manaus, via Instituto Municipal de Planejamento Urbano (Implurb), fez nova etapa de vistorias de pra\u00e7as e \u00e1reas portu\u00e1rias da capital, no Centro, na quarta-feira, 9\/4, para inclus\u00e3o de imagens e v\u00eddeos no trabalho de atualiza\u00e7\u00e3o dos bens listados pelo Decreto Municipal 7.176\/2004.\" \/>\n<meta name=\"robots\" content=\"index, follow, max-snippet:-1, max-image-preview:large, max-video-preview:-1\" \/>\n<link rel=\"canonical\" href=\"https:\/\/www.manaus.am.gov.br\/semcom\/prefeitura-implurb-georreferenciamento-centro\/\" \/>\n<meta property=\"og:locale\" content=\"pt_BR\" \/>\n<meta property=\"og:type\" content=\"article\" \/>\n<meta property=\"og:title\" content=\"Prefeitura faz georreferenciamento de pra\u00e7as para atualizar listagem do centro de Manaus\" \/>\n<meta property=\"og:description\" content=\"Com o uso de drones para produ\u00e7\u00e3o de imagens de georreferenciamento e localiza\u00e7\u00e3o geoespacial, a Prefeitura de Manaus, via Instituto Municipal de Planejamento Urbano (Implurb), fez nova etapa de vistorias de pra\u00e7as e \u00e1reas portu\u00e1rias da capital, no Centro, na quarta-feira, 9\/4, para inclus\u00e3o de imagens e v\u00eddeos no trabalho de atualiza\u00e7\u00e3o dos bens listados pelo Decreto Municipal 7.176\/2004.\" \/>\n<meta property=\"og:url\" content=\"https:\/\/www.manaus.am.gov.br\/semcom\/prefeitura-implurb-georreferenciamento-centro\/\" \/>\n<meta property=\"og:site_name\" content=\"SEMCOM\" \/>\n<meta property=\"article:published_time\" content=\"2025-04-10T14:44:55+00:00\" \/>\n<meta property=\"og:image\" content=\"https:\/\/www.manaus.am.gov.br\/semcom\/wp-content\/uploads\/sites\/5\/2025\/04\/DRONES8.jpeg\" \/>\n\t<meta property=\"og:image:width\" content=\"4160\" \/>\n\t<meta property=\"og:image:height\" content=\"3120\" \/>\n\t<meta property=\"og:image:type\" content=\"image\/jpeg\" \/>\n<meta name=\"author\" content=\"Adriana Costa\" \/>\n<meta name=\"twitter:card\" content=\"summary_large_image\" \/>\n<meta name=\"twitter:label1\" content=\"Written by\" \/>\n\t<meta name=\"twitter:data1\" content=\"Adriana Costa\" \/>\n\t<meta name=\"twitter:label2\" content=\"Est. reading time\" \/>\n\t<meta name=\"twitter:data2\" content=\"4 minutos\" \/>\n<script type=\"application\/ld+json\" class=\"yoast-schema-graph\">{\"@context\":\"https:\/\/schema.org\",\"@graph\":[{\"@type\":\"WebPage\",\"@id\":\"https:\/\/www.manaus.am.gov.br\/semcom\/prefeitura-implurb-georreferenciamento-centro\/\",\"url\":\"https:\/\/www.manaus.am.gov.br\/semcom\/prefeitura-implurb-georreferenciamento-centro\/\",\"name\":\"Prefeitura faz georreferenciamento de pra\u00e7as para atualizar listagem do centro de Manaus\",\"isPartOf\":{\"@id\":\"https:\/\/www.manaus.am.gov.br\/semcom\/#website\"},\"primaryImageOfPage\":{\"@id\":\"https:\/\/www.manaus.am.gov.br\/semcom\/prefeitura-implurb-georreferenciamento-centro\/#primaryimage\"},\"image\":{\"@id\":\"https:\/\/www.manaus.am.gov.br\/semcom\/prefeitura-implurb-georreferenciamento-centro\/#primaryimage\"},\"thumbnailUrl\":\"https:\/\/www.manaus.am.gov.br\/semcom\/wp-content\/uploads\/sites\/5\/2025\/04\/DRONES8.jpeg\",\"datePublished\":\"2025-04-10T14:44:55+00:00\",\"dateModified\":\"2025-04-10T14:44:55+00:00\",\"author\":{\"@id\":\"https:\/\/www.manaus.am.gov.br\/semcom\/#\/schema\/person\/4e49f4e267757a06ca072ec61b2b9968\"},\"description\":\"Com o uso de drones para produ\u00e7\u00e3o de imagens de georreferenciamento e localiza\u00e7\u00e3o geoespacial, a Prefeitura de Manaus, via Instituto Municipal de Planejamento Urbano (Implurb), fez nova etapa de vistorias de pra\u00e7as e \u00e1reas portu\u00e1rias da capital, no Centro, na quarta-feira, 9\/4, para inclus\u00e3o de imagens e v\u00eddeos no trabalho de atualiza\u00e7\u00e3o dos bens listados pelo Decreto Municipal 7.176\/2004.\",\"inLanguage\":\"pt-BR\",\"potentialAction\":[{\"@type\":\"ReadAction\",\"target\":[\"https:\/\/www.manaus.am.gov.br\/semcom\/prefeitura-implurb-georreferenciamento-centro\/\"]}]},{\"@type\":\"ImageObject\",\"inLanguage\":\"pt-BR\",\"@id\":\"https:\/\/www.manaus.am.gov.br\/semcom\/prefeitura-implurb-georreferenciamento-centro\/#primaryimage\",\"url\":\"https:\/\/www.manaus.am.gov.br\/semcom\/wp-content\/uploads\/sites\/5\/2025\/04\/DRONES8.jpeg\",\"contentUrl\":\"https:\/\/www.manaus.am.gov.br\/semcom\/wp-content\/uploads\/sites\/5\/2025\/04\/DRONES8.jpeg\",\"width\":4160,\"height\":3120},{\"@type\":\"WebSite\",\"@id\":\"https:\/\/www.manaus.am.gov.br\/semcom\/#website\",\"url\":\"https:\/\/www.manaus.am.gov.br\/semcom\/\",\"name\":\"SEMCOM\",\"description\":\"Secretaria Municipal de Comunica\u00e7\u00e3o\",\"potentialAction\":[{\"@type\":\"SearchAction\",\"target\":{\"@type\":\"EntryPoint\",\"urlTemplate\":\"https:\/\/www.manaus.am.gov.br\/semcom\/?s={search_term_string}\"},\"query-input\":\"required name=search_term_string\"}],\"inLanguage\":\"pt-BR\"},{\"@type\":\"Person\",\"@id\":\"https:\/\/www.manaus.am.gov.br\/semcom\/#\/schema\/person\/4e49f4e267757a06ca072ec61b2b9968\",\"name\":\"Adriana Costa\",\"image\":{\"@type\":\"ImageObject\",\"inLanguage\":\"pt-BR\",\"@id\":\"https:\/\/www.manaus.am.gov.br\/semcom\/#\/schema\/person\/image\/\",\"url\":\"https:\/\/secure.gravatar.com\/avatar\/576258617ef7194f718179e766d57bd4?s=96&d=mm&r=g\",\"contentUrl\":\"https:\/\/secure.gravatar.com\/avatar\/576258617ef7194f718179e766d57bd4?s=96&d=mm&r=g\",\"caption\":\"Adriana Costa\"}}]}<\/script>\n<!-- \/ Yoast SEO plugin. -->","yoast_head_json":{"title":"Prefeitura faz georreferenciamento de pra\u00e7as para atualizar listagem do centro de Manaus","description":"Com o uso de drones para produ\u00e7\u00e3o de imagens de georreferenciamento e localiza\u00e7\u00e3o geoespacial, a Prefeitura de Manaus, via Instituto Municipal de Planejamento Urbano (Implurb), fez nova etapa de vistorias de pra\u00e7as e \u00e1reas portu\u00e1rias da capital, no Centro, na quarta-feira, 9\/4, para inclus\u00e3o de imagens e v\u00eddeos no trabalho de atualiza\u00e7\u00e3o dos bens listados pelo Decreto Municipal 7.176\/2004.","robots":{"index":"index","follow":"follow","max-snippet":"max-snippet:-1","max-image-preview":"max-image-preview:large","max-video-preview":"max-video-preview:-1"},"canonical":"https:\/\/www.manaus.am.gov.br\/semcom\/prefeitura-implurb-georreferenciamento-centro\/","og_locale":"pt_BR","og_type":"article","og_title":"Prefeitura faz georreferenciamento de pra\u00e7as para atualizar listagem do centro de Manaus","og_description":"Com o uso de drones para produ\u00e7\u00e3o de imagens de georreferenciamento e localiza\u00e7\u00e3o geoespacial, a Prefeitura de Manaus, via Instituto Municipal de Planejamento Urbano (Implurb), fez nova etapa de vistorias de pra\u00e7as e \u00e1reas portu\u00e1rias da capital, no Centro, na quarta-feira, 9\/4, para inclus\u00e3o de imagens e v\u00eddeos no trabalho de atualiza\u00e7\u00e3o dos bens listados pelo Decreto Municipal 7.176\/2004.","og_url":"https:\/\/www.manaus.am.gov.br\/semcom\/prefeitura-implurb-georreferenciamento-centro\/","og_site_name":"SEMCOM","article_published_time":"2025-04-10T14:44:55+00:00","og_image":[{"width":4160,"height":3120,"url":"https:\/\/www.manaus.am.gov.br\/semcom\/wp-content\/uploads\/sites\/5\/2025\/04\/DRONES8.jpeg","type":"image\/jpeg"}],"author":"Adriana Costa","twitter_card":"summary_large_image","twitter_misc":{"Written by":"Adriana Costa","Est. reading time":"4 minutos"},"schema":{"@context":"https:\/\/schema.org","@graph":[{"@type":"WebPage","@id":"https:\/\/www.manaus.am.gov.br\/semcom\/prefeitura-implurb-georreferenciamento-centro\/","url":"https:\/\/www.manaus.am.gov.br\/semcom\/prefeitura-implurb-georreferenciamento-centro\/","name":"Prefeitura faz georreferenciamento de pra\u00e7as para atualizar listagem do centro de Manaus","isPartOf":{"@id":"https:\/\/www.manaus.am.gov.br\/semcom\/#website"},"primaryImageOfPage":{"@id":"https:\/\/www.manaus.am.gov.br\/semcom\/prefeitura-implurb-georreferenciamento-centro\/#primaryimage"},"image":{"@id":"https:\/\/www.manaus.am.gov.br\/semcom\/prefeitura-implurb-georreferenciamento-centro\/#primaryimage"},"thumbnailUrl":"https:\/\/www.manaus.am.gov.br\/semcom\/wp-content\/uploads\/sites\/5\/2025\/04\/DRONES8.jpeg","datePublished":"2025-04-10T14:44:55+00:00","dateModified":"2025-04-10T14:44:55+00:00","author":{"@id":"https:\/\/www.manaus.am.gov.br\/semcom\/#\/schema\/person\/4e49f4e267757a06ca072ec61b2b9968"},"description":"Com o uso de drones para produ\u00e7\u00e3o de imagens de georreferenciamento e localiza\u00e7\u00e3o geoespacial, a Prefeitura de Manaus, via Instituto Municipal de Planejamento Urbano (Implurb), fez nova etapa de vistorias de pra\u00e7as e \u00e1reas portu\u00e1rias da capital, no Centro, na quarta-feira, 9\/4, para inclus\u00e3o de imagens e v\u00eddeos no trabalho de atualiza\u00e7\u00e3o dos bens listados pelo Decreto Municipal 7.176\/2004.","inLanguage":"pt-BR","potentialAction":[{"@type":"ReadAction","target":["https:\/\/www.manaus.am.gov.br\/semcom\/prefeitura-implurb-georreferenciamento-centro\/"]}]},{"@type":"ImageObject","inLanguage":"pt-BR","@id":"https:\/\/www.manaus.am.gov.br\/semcom\/prefeitura-implurb-georreferenciamento-centro\/#primaryimage","url":"https:\/\/www.manaus.am.gov.br\/semcom\/wp-content\/uploads\/sites\/5\/2025\/04\/DRONES8.jpeg","contentUrl":"https:\/\/www.manaus.am.gov.br\/semcom\/wp-content\/uploads\/sites\/5\/2025\/04\/DRONES8.jpeg","width":4160,"height":3120},{"@type":"WebSite","@id":"https:\/\/www.manaus.am.gov.br\/semcom\/#website","url":"https:\/\/www.manaus.am.gov.br\/semcom\/","name":"SEMCOM","description":"Secretaria Municipal de Comunica\u00e7\u00e3o","potentialAction":[{"@type":"SearchAction","target":{"@type":"EntryPoint","urlTemplate":"https:\/\/www.manaus.am.gov.br\/semcom\/?s={search_term_string}"},"query-input":"required name=search_term_string"}],"inLanguage":"pt-BR"},{"@type":"Person","@id":"https:\/\/www.manaus.am.gov.br\/semcom\/#\/schema\/person\/4e49f4e267757a06ca072ec61b2b9968","name":"Adriana Costa","image":{"@type":"ImageObject","inLanguage":"pt-BR","@id":"https:\/\/www.manaus.am.gov.br\/semcom\/#\/schema\/person\/image\/","url":"https:\/\/secure.gravatar.com\/avatar\/576258617ef7194f718179e766d57bd4?s=96&d=mm&r=g","contentUrl":"https:\/\/secure.gravatar.com\/avatar\/576258617ef7194f718179e766d57bd4?s=96&d=mm&r=g","caption":"Adriana Costa"}}]}},"_links":{"self":[{"href":"https:\/\/www.manaus.am.gov.br\/semcom\/wp-json\/wp\/v2\/posts\/237378"}],"collection":[{"href":"https:\/\/www.manaus.am.gov.br\/semcom\/wp-json\/wp\/v2\/posts"}],"about":[{"href":"https:\/\/www.manaus.am.gov.br\/semcom\/wp-json\/wp\/v2\/types\/post"}],"author":[{"embeddable":true,"href":"https:\/\/www.manaus.am.gov.br\/semcom\/wp-json\/wp\/v2\/users\/23"}],"replies":[{"embeddable":true,"href":"https:\/\/www.manaus.am.gov.br\/semcom\/wp-json\/wp\/v2\/comments?post=237378"}],"version-history":[{"count":1,"href":"https:\/\/www.manaus.am.gov.br\/semcom\/wp-json\/wp\/v2\/posts\/237378\/revisions"}],"predecessor-version":[{"id":237381,"href":"https:\/\/www.manaus.am.gov.br\/semcom\/wp-json\/wp\/v2\/posts\/237378\/revisions\/237381"}],"wp:featuredmedia":[{"embeddable":true,"href":"https:\/\/www.manaus.am.gov.br\/semcom\/wp-json\/wp\/v2\/media\/237380"}],"wp:attachment":[{"href":"https:\/\/www.manaus.am.gov.br\/semcom\/wp-json\/wp\/v2\/media?parent=237378"}],"wp:term":[{"taxonomy":"category","embeddable":true,"href":"https:\/\/www.manaus.am.gov.br\/semcom\/wp-json\/wp\/v2\/categories?post=237378"},{"taxonomy":"post_tag","embeddable":true,"href":"https:\/\/www.manaus.am.gov.br\/semcom\/wp-json\/wp\/v2\/tags?post=237378"}],"curies":[{"name":"wp","href":"https:\/\/api.w.org\/{rel}","templated":true}]}}