{"id":237254,"date":"2025-04-08T16:16:20","date_gmt":"2025-04-08T20:16:20","guid":{"rendered":"https:\/\/www.manaus.am.gov.br\/semcom\/procon-pesquisa-precos-ovos-pascoa\/"},"modified":"2025-04-08T17:34:32","modified_gmt":"2025-04-08T20:34:32","slug":"procon-pesquisa-precos-ovos-pascoa","status":"publish","type":"post","link":"https:\/\/www.manaus.am.gov.br\/semcom\/procon-pesquisa-precos-ovos-pascoa\/","title":{"rendered":"Procon Manaus divulga pesquisa de pre\u00e7os dos ovos de P\u00e1scoa"},"content":{"rendered":"\n<p>A Prefeitura de Manaus, por meio do Servi\u00e7o de Atendimento e Prote\u00e7\u00e3o ao Consumidor (Procon Manaus), realizou, nos dias 3, 4 e 7\/4, a pesquisa de pre\u00e7os dos ovos de P\u00e1scoa, considerando peso, tamanho e marcas mais consumidas pelos manauaras. O levantamento tem como objetivo proteger os consumidores ao acompanhar os valores e promo\u00e7\u00f5es dos produtos vendidos na cidade, incentivando escolhas mais econ\u00f4micas e conscientes da popula\u00e7\u00e3o.<\/p>\n\n\n\n<p>&#8220;A pesquisa \u00e9 uma aliada na hora da compra, pois oferece ao consumidor informa\u00e7\u00f5es claras e atualizadas que facilitam escolhas mais adequadas. Ao divulgar esses dados, o Procon Manaus refor\u00e7a seu papel educativo, estimula o consumo respons\u00e1vel e incentiva a promo\u00e7\u00e3o da livre concorr\u00eancia entre os estabelecimentos&#8221;, declarou a presidente do Procon Manaus, Onilda Abreu.<\/p>\n\n\n\n<p>A coleta de dados foi conduzida pela Divis\u00e3o de Fiscaliza\u00e7\u00e3o do Procon Manaus e contemplou ovos de P\u00e1scoa nos tamanhos P (100g a 250g), M (270g a 310g), G (315g a 390g), GG (400g a 550g) e caixas de bombons. A coleta foi realizada em nove estabelecimentos comerciais distribu\u00eddos por todas as zonas da cidade, incluindo Nova Era, Barat\u00e3o da Carne, Atack, DB, Bombons Finos, Cacau Show, Carrefour, Assa\u00ed e Atacad\u00e3o.<\/p>\n\n\n\n<p>O Atacad\u00e3o registrou os menores pre\u00e7os para os ovos m\u00e9dios e grandes da Lacta, vendidos a R$ 39,90 e R$ 59,90, respectivamente. J\u00e1 os ovos pequenos da Arcor foram encontrados por R$ 29,99 no Assa\u00ed, e os extragrandes, tamb\u00e9m no Atacad\u00e3o, custavam R$ 85,90. As caixas de bombons mais baratas eram da Arcor, por R$ 9,89 no DB.<\/p>\n\n\n\n<p>Um dos destaques do estudo foi o aumento de 23,06% no pre\u00e7o do ovo da marca Nestl\u00e9 com peso entre 270g e 310g em compara\u00e7\u00e3o com a pesquisa realizada em 2024, quando o item custava R$ 55,25 e passou a ser comercializado neste ano pelo valor de R$ 67,99. J\u00e1 a caixa de bombons da marca Lacta apresentou um reajuste de 18% no mesmo per\u00edodo, passando de R$ 9,99 para R$ 11,79.<\/p>\n\n\n\n<figure class=\"wp-block-image size-large\"><img loading=\"lazy\" decoding=\"async\" width=\"1024\" height=\"819\" src=\"https:\/\/www.manaus.am.gov.br\/semcom\/wp-content\/uploads\/sites\/5\/2025\/04\/WhatsApp-Image-2025-04-08-at-14.38.16-1024x819.jpeg\" alt=\"\" class=\"wp-image-237256\" srcset=\"https:\/\/www.manaus.am.gov.br\/semcom\/wp-content\/uploads\/sites\/5\/2025\/04\/WhatsApp-Image-2025-04-08-at-14.38.16-1024x819.jpeg 1024w, https:\/\/www.manaus.am.gov.br\/semcom\/wp-content\/uploads\/sites\/5\/2025\/04\/WhatsApp-Image-2025-04-08-at-14.38.16-300x240.jpeg 300w, https:\/\/www.manaus.am.gov.br\/semcom\/wp-content\/uploads\/sites\/5\/2025\/04\/WhatsApp-Image-2025-04-08-at-14.38.16-768x614.jpeg 768w, https:\/\/www.manaus.am.gov.br\/semcom\/wp-content\/uploads\/sites\/5\/2025\/04\/WhatsApp-Image-2025-04-08-at-14.38.16-1536x1228.jpeg 1536w, https:\/\/www.manaus.am.gov.br\/semcom\/wp-content\/uploads\/sites\/5\/2025\/04\/WhatsApp-Image-2025-04-08-at-14.38.16-2048x1638.jpeg 2048w\" sizes=\"(max-width: 1024px) 100vw, 1024px\" \/><\/figure>\n\n\n\n<p><strong>Importante<\/strong><\/p>\n\n\n\n<p>Ovos de P\u00e1scoa com brinquedos devem trazer na embalagem a frase: \u201cATEN\u00c7\u00c3O: cont\u00e9m brinquedo certificado no \u00e2mbito do Sistema Brasileiro de Avalia\u00e7\u00e3o da Conformidade\u201d. Tamb\u00e9m \u00e9 preciso informar a faixa et\u00e1ria indicada ou, se n\u00e3o houver restri\u00e7\u00e3o, declarar isso de forma clara. O brinquedo deve ter o selo do Inmetro, que garante a seguran\u00e7a do item para o consumidor, principalmente as crian\u00e7as.<\/p>\n\n\n\n<p><strong><a href=\"https:\/\/www.manaus.am.gov.br\/semcom\/wp-content\/uploads\/sites\/5\/2025\/04\/Tabela-Pesquisa-dos-ovos-de-Pascoa-2025.pdf\">Confira a tabela com a pesquisa dos ovos de P\u00e1scoa<\/a><\/strong><\/p>\n\n\n\n<p>&#8212; &#8212; &#8212;<\/p>\n\n\n\n<p><strong>Texto<\/strong>&nbsp;\u2013 Lara Bernardes\/Procon Manaus<\/p>\n\n\n\n<p><strong>Fotos&nbsp;<\/strong>\u2013 Divulga\u00e7\u00e3o\/Procon Manaus<\/p>\n","protected":false},"excerpt":{"rendered":"","protected":false},"author":39,"featured_media":237257,"comment_status":"closed","ping_status":"closed","sticky":false,"template":"","format":"standard","meta":{"footnotes":""},"categories":[223],"tags":[685,10992,11132,77,9825],"acf":[],"yoast_head":"<!-- This site is optimized with the Yoast SEO plugin v23.0 - https:\/\/yoast.com\/wordpress\/plugins\/seo\/ -->\n<title>Procon Manaus divulga pesquisa de pre\u00e7os dos ovos de P\u00e1scoa<\/title>\n<meta name=\"description\" content=\"Prefeitura de Manaus, por meio do Procon Manaus, realizou, nos dias 3, 4 e 7\/4, a pesquisa de pre\u00e7os dos ovos de P\u00e1scoa.\" \/>\n<meta name=\"robots\" content=\"index, follow, max-snippet:-1, max-image-preview:large, max-video-preview:-1\" \/>\n<link rel=\"canonical\" href=\"https:\/\/www.manaus.am.gov.br\/semcom\/procon-pesquisa-precos-ovos-pascoa\/\" \/>\n<meta property=\"og:locale\" content=\"pt_BR\" \/>\n<meta property=\"og:type\" content=\"article\" \/>\n<meta property=\"og:title\" content=\"Procon Manaus divulga pesquisa de pre\u00e7os dos ovos de P\u00e1scoa\" \/>\n<meta property=\"og:description\" content=\"Prefeitura de Manaus, por meio do Procon Manaus, realizou, nos dias 3, 4 e 7\/4, a pesquisa de pre\u00e7os dos ovos de P\u00e1scoa.\" \/>\n<meta property=\"og:url\" content=\"https:\/\/www.manaus.am.gov.br\/semcom\/procon-pesquisa-precos-ovos-pascoa\/\" \/>\n<meta property=\"og:site_name\" content=\"SEMCOM\" \/>\n<meta property=\"article:published_time\" content=\"2025-04-08T20:16:20+00:00\" \/>\n<meta property=\"article:modified_time\" content=\"2025-04-08T20:34:32+00:00\" \/>\n<meta property=\"og:image\" content=\"https:\/\/www.manaus.am.gov.br\/semcom\/wp-content\/uploads\/sites\/5\/2025\/04\/WhatsApp-Image-2025-04-08-at-14.38.16-1.jpeg\" \/>\n\t<meta property=\"og:image:width\" content=\"1290\" \/>\n\t<meta property=\"og:image:height\" content=\"1185\" \/>\n\t<meta property=\"og:image:type\" content=\"image\/jpeg\" \/>\n<meta name=\"author\" content=\"Bruna Greco\" \/>\n<meta name=\"twitter:card\" content=\"summary_large_image\" \/>\n<meta name=\"twitter:label1\" content=\"Written by\" \/>\n\t<meta name=\"twitter:data1\" content=\"Bruna Greco\" \/>\n\t<meta name=\"twitter:label2\" content=\"Est. reading time\" \/>\n\t<meta name=\"twitter:data2\" content=\"3 minutos\" \/>\n<script type=\"application\/ld+json\" class=\"yoast-schema-graph\">{\"@context\":\"https:\/\/schema.org\",\"@graph\":[{\"@type\":\"WebPage\",\"@id\":\"https:\/\/www.manaus.am.gov.br\/semcom\/procon-pesquisa-precos-ovos-pascoa\/\",\"url\":\"https:\/\/www.manaus.am.gov.br\/semcom\/procon-pesquisa-precos-ovos-pascoa\/\",\"name\":\"Procon Manaus divulga pesquisa de pre\u00e7os dos ovos de P\u00e1scoa\",\"isPartOf\":{\"@id\":\"https:\/\/www.manaus.am.gov.br\/semcom\/#website\"},\"primaryImageOfPage\":{\"@id\":\"https:\/\/www.manaus.am.gov.br\/semcom\/procon-pesquisa-precos-ovos-pascoa\/#primaryimage\"},\"image\":{\"@id\":\"https:\/\/www.manaus.am.gov.br\/semcom\/procon-pesquisa-precos-ovos-pascoa\/#primaryimage\"},\"thumbnailUrl\":\"https:\/\/www.manaus.am.gov.br\/semcom\/wp-content\/uploads\/sites\/5\/2025\/04\/WhatsApp-Image-2025-04-08-at-14.38.16-1.jpeg\",\"datePublished\":\"2025-04-08T20:16:20+00:00\",\"dateModified\":\"2025-04-08T20:34:32+00:00\",\"author\":{\"@id\":\"https:\/\/www.manaus.am.gov.br\/semcom\/#\/schema\/person\/05d223aea2bf115f9883a6ff3683d81b\"},\"description\":\"Prefeitura de Manaus, por meio do Procon Manaus, realizou, nos dias 3, 4 e 7\/4, a pesquisa de pre\u00e7os dos ovos de P\u00e1scoa.\",\"inLanguage\":\"pt-BR\",\"potentialAction\":[{\"@type\":\"ReadAction\",\"target\":[\"https:\/\/www.manaus.am.gov.br\/semcom\/procon-pesquisa-precos-ovos-pascoa\/\"]}]},{\"@type\":\"ImageObject\",\"inLanguage\":\"pt-BR\",\"@id\":\"https:\/\/www.manaus.am.gov.br\/semcom\/procon-pesquisa-precos-ovos-pascoa\/#primaryimage\",\"url\":\"https:\/\/www.manaus.am.gov.br\/semcom\/wp-content\/uploads\/sites\/5\/2025\/04\/WhatsApp-Image-2025-04-08-at-14.38.16-1.jpeg\",\"contentUrl\":\"https:\/\/www.manaus.am.gov.br\/semcom\/wp-content\/uploads\/sites\/5\/2025\/04\/WhatsApp-Image-2025-04-08-at-14.38.16-1.jpeg\",\"width\":1290,\"height\":1185,\"caption\":\"#paratodosverem - Servidor do Procon Manaus realizando pesquisa de ovos de P\u00e1scoa em estabelecimento comercial\"},{\"@type\":\"WebSite\",\"@id\":\"https:\/\/www.manaus.am.gov.br\/semcom\/#website\",\"url\":\"https:\/\/www.manaus.am.gov.br\/semcom\/\",\"name\":\"SEMCOM\",\"description\":\"Secretaria Municipal de Comunica\u00e7\u00e3o\",\"potentialAction\":[{\"@type\":\"SearchAction\",\"target\":{\"@type\":\"EntryPoint\",\"urlTemplate\":\"https:\/\/www.manaus.am.gov.br\/semcom\/?s={search_term_string}\"},\"query-input\":\"required name=search_term_string\"}],\"inLanguage\":\"pt-BR\"},{\"@type\":\"Person\",\"@id\":\"https:\/\/www.manaus.am.gov.br\/semcom\/#\/schema\/person\/05d223aea2bf115f9883a6ff3683d81b\",\"name\":\"Bruna Greco\",\"image\":{\"@type\":\"ImageObject\",\"inLanguage\":\"pt-BR\",\"@id\":\"https:\/\/www.manaus.am.gov.br\/semcom\/#\/schema\/person\/image\/\",\"url\":\"https:\/\/secure.gravatar.com\/avatar\/9c877d1a6adc2a055330e5c09a8653ce?s=96&d=mm&r=g\",\"contentUrl\":\"https:\/\/secure.gravatar.com\/avatar\/9c877d1a6adc2a055330e5c09a8653ce?s=96&d=mm&r=g\",\"caption\":\"Bruna Greco\"}}]}<\/script>\n<!-- \/ Yoast SEO plugin. -->","yoast_head_json":{"title":"Procon Manaus divulga pesquisa de pre\u00e7os dos ovos de P\u00e1scoa","description":"Prefeitura de Manaus, por meio do Procon Manaus, realizou, nos dias 3, 4 e 7\/4, a pesquisa de pre\u00e7os dos ovos de P\u00e1scoa.","robots":{"index":"index","follow":"follow","max-snippet":"max-snippet:-1","max-image-preview":"max-image-preview:large","max-video-preview":"max-video-preview:-1"},"canonical":"https:\/\/www.manaus.am.gov.br\/semcom\/procon-pesquisa-precos-ovos-pascoa\/","og_locale":"pt_BR","og_type":"article","og_title":"Procon Manaus divulga pesquisa de pre\u00e7os dos ovos de P\u00e1scoa","og_description":"Prefeitura de Manaus, por meio do Procon Manaus, realizou, nos dias 3, 4 e 7\/4, a pesquisa de pre\u00e7os dos ovos de P\u00e1scoa.","og_url":"https:\/\/www.manaus.am.gov.br\/semcom\/procon-pesquisa-precos-ovos-pascoa\/","og_site_name":"SEMCOM","article_published_time":"2025-04-08T20:16:20+00:00","article_modified_time":"2025-04-08T20:34:32+00:00","og_image":[{"width":1290,"height":1185,"url":"https:\/\/www.manaus.am.gov.br\/semcom\/wp-content\/uploads\/sites\/5\/2025\/04\/WhatsApp-Image-2025-04-08-at-14.38.16-1.jpeg","type":"image\/jpeg"}],"author":"Bruna Greco","twitter_card":"summary_large_image","twitter_misc":{"Written by":"Bruna Greco","Est. reading time":"3 minutos"},"schema":{"@context":"https:\/\/schema.org","@graph":[{"@type":"WebPage","@id":"https:\/\/www.manaus.am.gov.br\/semcom\/procon-pesquisa-precos-ovos-pascoa\/","url":"https:\/\/www.manaus.am.gov.br\/semcom\/procon-pesquisa-precos-ovos-pascoa\/","name":"Procon Manaus divulga pesquisa de pre\u00e7os dos ovos de P\u00e1scoa","isPartOf":{"@id":"https:\/\/www.manaus.am.gov.br\/semcom\/#website"},"primaryImageOfPage":{"@id":"https:\/\/www.manaus.am.gov.br\/semcom\/procon-pesquisa-precos-ovos-pascoa\/#primaryimage"},"image":{"@id":"https:\/\/www.manaus.am.gov.br\/semcom\/procon-pesquisa-precos-ovos-pascoa\/#primaryimage"},"thumbnailUrl":"https:\/\/www.manaus.am.gov.br\/semcom\/wp-content\/uploads\/sites\/5\/2025\/04\/WhatsApp-Image-2025-04-08-at-14.38.16-1.jpeg","datePublished":"2025-04-08T20:16:20+00:00","dateModified":"2025-04-08T20:34:32+00:00","author":{"@id":"https:\/\/www.manaus.am.gov.br\/semcom\/#\/schema\/person\/05d223aea2bf115f9883a6ff3683d81b"},"description":"Prefeitura de Manaus, por meio do Procon Manaus, realizou, nos dias 3, 4 e 7\/4, a pesquisa de pre\u00e7os dos ovos de P\u00e1scoa.","inLanguage":"pt-BR","potentialAction":[{"@type":"ReadAction","target":["https:\/\/www.manaus.am.gov.br\/semcom\/procon-pesquisa-precos-ovos-pascoa\/"]}]},{"@type":"ImageObject","inLanguage":"pt-BR","@id":"https:\/\/www.manaus.am.gov.br\/semcom\/procon-pesquisa-precos-ovos-pascoa\/#primaryimage","url":"https:\/\/www.manaus.am.gov.br\/semcom\/wp-content\/uploads\/sites\/5\/2025\/04\/WhatsApp-Image-2025-04-08-at-14.38.16-1.jpeg","contentUrl":"https:\/\/www.manaus.am.gov.br\/semcom\/wp-content\/uploads\/sites\/5\/2025\/04\/WhatsApp-Image-2025-04-08-at-14.38.16-1.jpeg","width":1290,"height":1185,"caption":"#paratodosverem - Servidor do Procon Manaus realizando pesquisa de ovos de P\u00e1scoa em estabelecimento comercial"},{"@type":"WebSite","@id":"https:\/\/www.manaus.am.gov.br\/semcom\/#website","url":"https:\/\/www.manaus.am.gov.br\/semcom\/","name":"SEMCOM","description":"Secretaria Municipal de Comunica\u00e7\u00e3o","potentialAction":[{"@type":"SearchAction","target":{"@type":"EntryPoint","urlTemplate":"https:\/\/www.manaus.am.gov.br\/semcom\/?s={search_term_string}"},"query-input":"required name=search_term_string"}],"inLanguage":"pt-BR"},{"@type":"Person","@id":"https:\/\/www.manaus.am.gov.br\/semcom\/#\/schema\/person\/05d223aea2bf115f9883a6ff3683d81b","name":"Bruna Greco","image":{"@type":"ImageObject","inLanguage":"pt-BR","@id":"https:\/\/www.manaus.am.gov.br\/semcom\/#\/schema\/person\/image\/","url":"https:\/\/secure.gravatar.com\/avatar\/9c877d1a6adc2a055330e5c09a8653ce?s=96&d=mm&r=g","contentUrl":"https:\/\/secure.gravatar.com\/avatar\/9c877d1a6adc2a055330e5c09a8653ce?s=96&d=mm&r=g","caption":"Bruna Greco"}}]}},"_links":{"self":[{"href":"https:\/\/www.manaus.am.gov.br\/semcom\/wp-json\/wp\/v2\/posts\/237254"}],"collection":[{"href":"https:\/\/www.manaus.am.gov.br\/semcom\/wp-json\/wp\/v2\/posts"}],"about":[{"href":"https:\/\/www.manaus.am.gov.br\/semcom\/wp-json\/wp\/v2\/types\/post"}],"author":[{"embeddable":true,"href":"https:\/\/www.manaus.am.gov.br\/semcom\/wp-json\/wp\/v2\/users\/39"}],"replies":[{"embeddable":true,"href":"https:\/\/www.manaus.am.gov.br\/semcom\/wp-json\/wp\/v2\/comments?post=237254"}],"version-history":[{"count":7,"href":"https:\/\/www.manaus.am.gov.br\/semcom\/wp-json\/wp\/v2\/posts\/237254\/revisions"}],"predecessor-version":[{"id":237265,"href":"https:\/\/www.manaus.am.gov.br\/semcom\/wp-json\/wp\/v2\/posts\/237254\/revisions\/237265"}],"wp:featuredmedia":[{"embeddable":true,"href":"https:\/\/www.manaus.am.gov.br\/semcom\/wp-json\/wp\/v2\/media\/237257"}],"wp:attachment":[{"href":"https:\/\/www.manaus.am.gov.br\/semcom\/wp-json\/wp\/v2\/media?parent=237254"}],"wp:term":[{"taxonomy":"category","embeddable":true,"href":"https:\/\/www.manaus.am.gov.br\/semcom\/wp-json\/wp\/v2\/categories?post=237254"},{"taxonomy":"post_tag","embeddable":true,"href":"https:\/\/www.manaus.am.gov.br\/semcom\/wp-json\/wp\/v2\/tags?post=237254"}],"curies":[{"name":"wp","href":"https:\/\/api.w.org\/{rel}","templated":true}]}}