{"id":236971,"date":"2025-04-02T13:14:32","date_gmt":"2025-04-02T16:14:32","guid":{"rendered":"https:\/\/www.manaus.am.gov.br\/semcom\/prefeitura-capacitacao-fdt\/"},"modified":"2025-04-02T13:14:34","modified_gmt":"2025-04-02T16:14:34","slug":"prefeitura-capacitacao-fdt","status":"publish","type":"post","link":"https:\/\/www.manaus.am.gov.br\/semcom\/prefeitura-capacitacao-fdt\/","title":{"rendered":"Prefeitura de Manaus participa de capacita\u00e7\u00e3o do IBGE sobre dados do envelhecimento"},"content":{"rendered":"\n<p>A Prefeitura de Manaus, por meio da Funda\u00e7\u00e3o Municipal dos Direitos da Pessoa Idosa (FMDPI), participou, na ter\u00e7a-feira, 1\u00ba\/4, de uma capacita\u00e7\u00e3o promovida pelo Instituto Brasileiro de Geografia e Estat\u00edstica (IBGE) sobre os dados do envelhecimento na capital amazonense. O encontro, na sede do IBGE, reuniu t\u00e9cnicos da FMDPI com o objetivo de aprimorar o conhecimento e a utiliza\u00e7\u00e3o de estat\u00edsticas demogr\u00e1ficas voltadas para a popula\u00e7\u00e3o idosa.<br><br><br>A capacita\u00e7\u00e3o teve como foco a apresenta\u00e7\u00e3o e discuss\u00e3o de indicadores populacionais relacionados ao envelhecimento, contribuindo para a formula\u00e7\u00e3o de pol\u00edticas p\u00fablicas mais assertivas para os idosos de Manaus. Durante o encontro, os participantes tiveram acesso a informa\u00e7\u00f5es detalhadas sobre a evolu\u00e7\u00e3o demogr\u00e1fica da popula\u00e7\u00e3o idosa, al\u00e9m de proje\u00e7\u00f5es e desafios para os pr\u00f3ximos anos.<br><br><br>O diretor-presidente da FMDPI, Eduardo Lucas, destacou a import\u00e2ncia da qualifica\u00e7\u00e3o dos profissionais para aprimorar as a\u00e7\u00f5es da prefeitura voltadas ao p\u00fablico idoso na capital.<br><br>\u201cOs dados fornecidos pelo IBGE s\u00e3o essenciais para compreendermos melhor o cen\u00e1rio do envelhecimento em Manaus. Com essas informa\u00e7\u00f5es, conseguimos planejar pol\u00edticas p\u00fablicas e iniciativas mais eficazes, alinhadas \u00e0s reais necessidades da nossa popula\u00e7\u00e3o idosa\u201d, afirmou o diretor-presidente.<br><br><br>A capacita\u00e7\u00e3o dos colaboradores da FMDPI integra o planejamento da gest\u00e3o municipal para aprimorar o atendimento \u00e0 popula\u00e7\u00e3o idosa, refor\u00e7ando o compromisso de atuar com base em dados e evid\u00eancias para garantir servi\u00e7os cada vez mais qualificados e humanizados.<br><br><br>&#8212; &#8212; \u2013<\/p>\n\n\n\n<p><br><strong>Texto e fotos&nbsp;<\/strong>&#8211; F\u00e1bio Sim\u00f5es \/ FMDPI<\/p>\n","protected":false},"excerpt":{"rendered":"","protected":false},"author":23,"featured_media":236972,"comment_status":"closed","ping_status":"closed","sticky":false,"template":"","format":"standard","meta":{"footnotes":""},"categories":[7843],"tags":[190,14185,11495,4467,77],"acf":[],"yoast_head":"<!-- This site is optimized with the Yoast SEO plugin v23.0 - https:\/\/yoast.com\/wordpress\/plugins\/seo\/ -->\n<title>Prefeitura de Manaus participa de capacita\u00e7\u00e3o do IBGE sobre dados do envelhecimento<\/title>\n<meta name=\"description\" content=\"A Prefeitura de Manaus, por meio da Funda\u00e7\u00e3o Municipal dos Direitos da Pessoa Idosa (FMDPI), participou, na ter\u00e7a-feira, 1\u00ba\/4, de uma capacita\u00e7\u00e3o promovida pelo Instituto Brasileiro de Geografia e Estat\u00edstica (IBGE) sobre os dados do envelhecimento na capital amazonense.\" \/>\n<meta name=\"robots\" content=\"index, follow, max-snippet:-1, max-image-preview:large, max-video-preview:-1\" \/>\n<link rel=\"canonical\" href=\"https:\/\/www.manaus.am.gov.br\/semcom\/prefeitura-capacitacao-fdt\/\" \/>\n<meta property=\"og:locale\" content=\"pt_BR\" \/>\n<meta property=\"og:type\" content=\"article\" \/>\n<meta property=\"og:title\" content=\"Prefeitura de Manaus participa de capacita\u00e7\u00e3o do IBGE sobre dados do envelhecimento\" \/>\n<meta property=\"og:description\" content=\"A Prefeitura de Manaus, por meio da Funda\u00e7\u00e3o Municipal dos Direitos da Pessoa Idosa (FMDPI), participou, na ter\u00e7a-feira, 1\u00ba\/4, de uma capacita\u00e7\u00e3o promovida pelo Instituto Brasileiro de Geografia e Estat\u00edstica (IBGE) sobre os dados do envelhecimento na capital amazonense.\" \/>\n<meta property=\"og:url\" content=\"https:\/\/www.manaus.am.gov.br\/semcom\/prefeitura-capacitacao-fdt\/\" \/>\n<meta property=\"og:site_name\" content=\"SEMCOM\" \/>\n<meta property=\"article:published_time\" content=\"2025-04-02T16:14:32+00:00\" \/>\n<meta property=\"article:modified_time\" content=\"2025-04-02T16:14:34+00:00\" \/>\n<meta property=\"og:image\" content=\"https:\/\/www.manaus.am.gov.br\/semcom\/wp-content\/uploads\/sites\/5\/2025\/04\/WhatsApp-Image-2025-04-02-at-11.03.55.jpeg\" \/>\n\t<meta property=\"og:image:width\" content=\"1600\" \/>\n\t<meta property=\"og:image:height\" content=\"1200\" \/>\n\t<meta property=\"og:image:type\" content=\"image\/jpeg\" \/>\n<meta name=\"author\" content=\"Adriana Costa\" \/>\n<meta name=\"twitter:card\" content=\"summary_large_image\" \/>\n<meta name=\"twitter:label1\" content=\"Written by\" \/>\n\t<meta name=\"twitter:data1\" content=\"Adriana Costa\" \/>\n\t<meta name=\"twitter:label2\" content=\"Est. reading time\" \/>\n\t<meta name=\"twitter:data2\" content=\"2 minutos\" \/>\n<script type=\"application\/ld+json\" class=\"yoast-schema-graph\">{\"@context\":\"https:\/\/schema.org\",\"@graph\":[{\"@type\":\"WebPage\",\"@id\":\"https:\/\/www.manaus.am.gov.br\/semcom\/prefeitura-capacitacao-fdt\/\",\"url\":\"https:\/\/www.manaus.am.gov.br\/semcom\/prefeitura-capacitacao-fdt\/\",\"name\":\"Prefeitura de Manaus participa de capacita\u00e7\u00e3o do IBGE sobre dados do envelhecimento\",\"isPartOf\":{\"@id\":\"https:\/\/www.manaus.am.gov.br\/semcom\/#website\"},\"primaryImageOfPage\":{\"@id\":\"https:\/\/www.manaus.am.gov.br\/semcom\/prefeitura-capacitacao-fdt\/#primaryimage\"},\"image\":{\"@id\":\"https:\/\/www.manaus.am.gov.br\/semcom\/prefeitura-capacitacao-fdt\/#primaryimage\"},\"thumbnailUrl\":\"https:\/\/www.manaus.am.gov.br\/semcom\/wp-content\/uploads\/sites\/5\/2025\/04\/WhatsApp-Image-2025-04-02-at-11.03.55.jpeg\",\"datePublished\":\"2025-04-02T16:14:32+00:00\",\"dateModified\":\"2025-04-02T16:14:34+00:00\",\"author\":{\"@id\":\"https:\/\/www.manaus.am.gov.br\/semcom\/#\/schema\/person\/4e49f4e267757a06ca072ec61b2b9968\"},\"description\":\"A Prefeitura de Manaus, por meio da Funda\u00e7\u00e3o Municipal dos Direitos da Pessoa Idosa (FMDPI), participou, na ter\u00e7a-feira, 1\u00ba\/4, de uma capacita\u00e7\u00e3o promovida pelo Instituto Brasileiro de Geografia e Estat\u00edstica (IBGE) sobre os dados do envelhecimento na capital amazonense.\",\"inLanguage\":\"pt-BR\",\"potentialAction\":[{\"@type\":\"ReadAction\",\"target\":[\"https:\/\/www.manaus.am.gov.br\/semcom\/prefeitura-capacitacao-fdt\/\"]}]},{\"@type\":\"ImageObject\",\"inLanguage\":\"pt-BR\",\"@id\":\"https:\/\/www.manaus.am.gov.br\/semcom\/prefeitura-capacitacao-fdt\/#primaryimage\",\"url\":\"https:\/\/www.manaus.am.gov.br\/semcom\/wp-content\/uploads\/sites\/5\/2025\/04\/WhatsApp-Image-2025-04-02-at-11.03.55.jpeg\",\"contentUrl\":\"https:\/\/www.manaus.am.gov.br\/semcom\/wp-content\/uploads\/sites\/5\/2025\/04\/WhatsApp-Image-2025-04-02-at-11.03.55.jpeg\",\"width\":1600,\"height\":1200},{\"@type\":\"WebSite\",\"@id\":\"https:\/\/www.manaus.am.gov.br\/semcom\/#website\",\"url\":\"https:\/\/www.manaus.am.gov.br\/semcom\/\",\"name\":\"SEMCOM\",\"description\":\"Secretaria Municipal de Comunica\u00e7\u00e3o\",\"potentialAction\":[{\"@type\":\"SearchAction\",\"target\":{\"@type\":\"EntryPoint\",\"urlTemplate\":\"https:\/\/www.manaus.am.gov.br\/semcom\/?s={search_term_string}\"},\"query-input\":\"required name=search_term_string\"}],\"inLanguage\":\"pt-BR\"},{\"@type\":\"Person\",\"@id\":\"https:\/\/www.manaus.am.gov.br\/semcom\/#\/schema\/person\/4e49f4e267757a06ca072ec61b2b9968\",\"name\":\"Adriana Costa\",\"image\":{\"@type\":\"ImageObject\",\"inLanguage\":\"pt-BR\",\"@id\":\"https:\/\/www.manaus.am.gov.br\/semcom\/#\/schema\/person\/image\/\",\"url\":\"https:\/\/secure.gravatar.com\/avatar\/576258617ef7194f718179e766d57bd4?s=96&d=mm&r=g\",\"contentUrl\":\"https:\/\/secure.gravatar.com\/avatar\/576258617ef7194f718179e766d57bd4?s=96&d=mm&r=g\",\"caption\":\"Adriana Costa\"}}]}<\/script>\n<!-- \/ Yoast SEO plugin. -->","yoast_head_json":{"title":"Prefeitura de Manaus participa de capacita\u00e7\u00e3o do IBGE sobre dados do envelhecimento","description":"A Prefeitura de Manaus, por meio da Funda\u00e7\u00e3o Municipal dos Direitos da Pessoa Idosa (FMDPI), participou, na ter\u00e7a-feira, 1\u00ba\/4, de uma capacita\u00e7\u00e3o promovida pelo Instituto Brasileiro de Geografia e Estat\u00edstica (IBGE) sobre os dados do envelhecimento na capital amazonense.","robots":{"index":"index","follow":"follow","max-snippet":"max-snippet:-1","max-image-preview":"max-image-preview:large","max-video-preview":"max-video-preview:-1"},"canonical":"https:\/\/www.manaus.am.gov.br\/semcom\/prefeitura-capacitacao-fdt\/","og_locale":"pt_BR","og_type":"article","og_title":"Prefeitura de Manaus participa de capacita\u00e7\u00e3o do IBGE sobre dados do envelhecimento","og_description":"A Prefeitura de Manaus, por meio da Funda\u00e7\u00e3o Municipal dos Direitos da Pessoa Idosa (FMDPI), participou, na ter\u00e7a-feira, 1\u00ba\/4, de uma capacita\u00e7\u00e3o promovida pelo Instituto Brasileiro de Geografia e Estat\u00edstica (IBGE) sobre os dados do envelhecimento na capital amazonense.","og_url":"https:\/\/www.manaus.am.gov.br\/semcom\/prefeitura-capacitacao-fdt\/","og_site_name":"SEMCOM","article_published_time":"2025-04-02T16:14:32+00:00","article_modified_time":"2025-04-02T16:14:34+00:00","og_image":[{"width":1600,"height":1200,"url":"https:\/\/www.manaus.am.gov.br\/semcom\/wp-content\/uploads\/sites\/5\/2025\/04\/WhatsApp-Image-2025-04-02-at-11.03.55.jpeg","type":"image\/jpeg"}],"author":"Adriana Costa","twitter_card":"summary_large_image","twitter_misc":{"Written by":"Adriana Costa","Est. reading time":"2 minutos"},"schema":{"@context":"https:\/\/schema.org","@graph":[{"@type":"WebPage","@id":"https:\/\/www.manaus.am.gov.br\/semcom\/prefeitura-capacitacao-fdt\/","url":"https:\/\/www.manaus.am.gov.br\/semcom\/prefeitura-capacitacao-fdt\/","name":"Prefeitura de Manaus participa de capacita\u00e7\u00e3o do IBGE sobre dados do envelhecimento","isPartOf":{"@id":"https:\/\/www.manaus.am.gov.br\/semcom\/#website"},"primaryImageOfPage":{"@id":"https:\/\/www.manaus.am.gov.br\/semcom\/prefeitura-capacitacao-fdt\/#primaryimage"},"image":{"@id":"https:\/\/www.manaus.am.gov.br\/semcom\/prefeitura-capacitacao-fdt\/#primaryimage"},"thumbnailUrl":"https:\/\/www.manaus.am.gov.br\/semcom\/wp-content\/uploads\/sites\/5\/2025\/04\/WhatsApp-Image-2025-04-02-at-11.03.55.jpeg","datePublished":"2025-04-02T16:14:32+00:00","dateModified":"2025-04-02T16:14:34+00:00","author":{"@id":"https:\/\/www.manaus.am.gov.br\/semcom\/#\/schema\/person\/4e49f4e267757a06ca072ec61b2b9968"},"description":"A Prefeitura de Manaus, por meio da Funda\u00e7\u00e3o Municipal dos Direitos da Pessoa Idosa (FMDPI), participou, na ter\u00e7a-feira, 1\u00ba\/4, de uma capacita\u00e7\u00e3o promovida pelo Instituto Brasileiro de Geografia e Estat\u00edstica (IBGE) sobre os dados do envelhecimento na capital amazonense.","inLanguage":"pt-BR","potentialAction":[{"@type":"ReadAction","target":["https:\/\/www.manaus.am.gov.br\/semcom\/prefeitura-capacitacao-fdt\/"]}]},{"@type":"ImageObject","inLanguage":"pt-BR","@id":"https:\/\/www.manaus.am.gov.br\/semcom\/prefeitura-capacitacao-fdt\/#primaryimage","url":"https:\/\/www.manaus.am.gov.br\/semcom\/wp-content\/uploads\/sites\/5\/2025\/04\/WhatsApp-Image-2025-04-02-at-11.03.55.jpeg","contentUrl":"https:\/\/www.manaus.am.gov.br\/semcom\/wp-content\/uploads\/sites\/5\/2025\/04\/WhatsApp-Image-2025-04-02-at-11.03.55.jpeg","width":1600,"height":1200},{"@type":"WebSite","@id":"https:\/\/www.manaus.am.gov.br\/semcom\/#website","url":"https:\/\/www.manaus.am.gov.br\/semcom\/","name":"SEMCOM","description":"Secretaria Municipal de Comunica\u00e7\u00e3o","potentialAction":[{"@type":"SearchAction","target":{"@type":"EntryPoint","urlTemplate":"https:\/\/www.manaus.am.gov.br\/semcom\/?s={search_term_string}"},"query-input":"required name=search_term_string"}],"inLanguage":"pt-BR"},{"@type":"Person","@id":"https:\/\/www.manaus.am.gov.br\/semcom\/#\/schema\/person\/4e49f4e267757a06ca072ec61b2b9968","name":"Adriana Costa","image":{"@type":"ImageObject","inLanguage":"pt-BR","@id":"https:\/\/www.manaus.am.gov.br\/semcom\/#\/schema\/person\/image\/","url":"https:\/\/secure.gravatar.com\/avatar\/576258617ef7194f718179e766d57bd4?s=96&d=mm&r=g","contentUrl":"https:\/\/secure.gravatar.com\/avatar\/576258617ef7194f718179e766d57bd4?s=96&d=mm&r=g","caption":"Adriana Costa"}}]}},"_links":{"self":[{"href":"https:\/\/www.manaus.am.gov.br\/semcom\/wp-json\/wp\/v2\/posts\/236971"}],"collection":[{"href":"https:\/\/www.manaus.am.gov.br\/semcom\/wp-json\/wp\/v2\/posts"}],"about":[{"href":"https:\/\/www.manaus.am.gov.br\/semcom\/wp-json\/wp\/v2\/types\/post"}],"author":[{"embeddable":true,"href":"https:\/\/www.manaus.am.gov.br\/semcom\/wp-json\/wp\/v2\/users\/23"}],"replies":[{"embeddable":true,"href":"https:\/\/www.manaus.am.gov.br\/semcom\/wp-json\/wp\/v2\/comments?post=236971"}],"version-history":[{"count":0,"href":"https:\/\/www.manaus.am.gov.br\/semcom\/wp-json\/wp\/v2\/posts\/236971\/revisions"}],"wp:featuredmedia":[{"embeddable":true,"href":"https:\/\/www.manaus.am.gov.br\/semcom\/wp-json\/wp\/v2\/media\/236972"}],"wp:attachment":[{"href":"https:\/\/www.manaus.am.gov.br\/semcom\/wp-json\/wp\/v2\/media?parent=236971"}],"wp:term":[{"taxonomy":"category","embeddable":true,"href":"https:\/\/www.manaus.am.gov.br\/semcom\/wp-json\/wp\/v2\/categories?post=236971"},{"taxonomy":"post_tag","embeddable":true,"href":"https:\/\/www.manaus.am.gov.br\/semcom\/wp-json\/wp\/v2\/tags?post=236971"}],"curies":[{"name":"wp","href":"https:\/\/api.w.org\/{rel}","templated":true}]}}