{"id":236931,"date":"2025-04-01T13:02:00","date_gmt":"2025-04-01T16:02:00","guid":{"rendered":"https:\/\/www.manaus.am.gov.br\/semcom\/ageman-audiencia-pulica-tarifa-esgoto-cmm\/"},"modified":"2025-04-01T13:02:01","modified_gmt":"2025-04-01T16:02:01","slug":"ageman-audiencia-pulica-tarifa-esgoto-cmm","status":"publish","type":"post","link":"https:\/\/www.manaus.am.gov.br\/semcom\/ageman-audiencia-pulica-tarifa-esgoto-cmm\/","title":{"rendered":"Ageman refor\u00e7ar atua\u00e7\u00e3o reguladora em audi\u00eancia p\u00fablica sobre tarifa de esgoto na C\u00e2mara Municipal de Manaus"},"content":{"rendered":"\n<p>A Ageman participou, na tarde desta segunda-feira, 31\/3, da audi\u00eancia p\u00fablica promovida pela Comiss\u00e3o de \u00c1guas e Saneamento da C\u00e2mara Municipal de Manaus (Comasa), que debateu temas como a cobran\u00e7a da tarifa de esgoto na capital, os impactos socioecon\u00f4micos dessa cobran\u00e7a, a qualidade dos servi\u00e7os prestados pela concess\u00e3o, al\u00e9m dos investimentos, crit\u00e9rios de tributa\u00e7\u00e3o e a sustentabilidade ambiental do sistema de esgotamento sanit\u00e1rio.<\/p>\n\n\n\n<p>O diretor-presidente da Ageman, Elson Andrade, destacou a atua\u00e7\u00e3o cont\u00ednua do \u00f3rg\u00e3o no acompanhamento das obras e dos investimentos realizados pela opera\u00e7\u00e3o \u00c1guas de Manaus, com foco na melhoria dos servi\u00e7os \u00e0 popula\u00e7\u00e3o. Ele reafirmou que a ag\u00eancia vem multando e notificando a empresa nos casos em que se constata que os servi\u00e7os de abastecimento de \u00e1gua e de esgotamento sanit\u00e1rio n\u00e3o est\u00e3o em acordo com o contrato de concess\u00e3o e cobrando para que a entrega adote melhorias na realiza\u00e7\u00e3o dos servi\u00e7os, sobretudo no atendimento \u00e0s demandas dos consumidores.<\/p>\n\n\n\n<p>Durante seu discurso e ap\u00f3s ouvir os questionamentos dos moradores dos bairros S\u00e3o Francisco, Raiz, Petr\u00f3polis e Educandos, ambos da zona Sul, Elson refor\u00e7ou a import\u00e2ncia da conex\u00e3o dos im\u00f3veis \u00e0 rede de esgoto, medida essencial para garantir mais sa\u00fade \u00e0 popula\u00e7\u00e3o e a preserva\u00e7\u00e3o dos nossos igarap\u00e9s.<\/p>\n\n\n\n<p>\u201cEstamos fazendo um levantamento nas localidades, entre elas, o bairro de S\u00e3o Francisco, para verificar onde a coleta de esgoto est\u00e1 sendo feita, se as redes de esgoto, muitas delas implantadas ainda pelo Prosamim 2, j\u00e1 est\u00e3o interligadas \u00e0s Esta\u00e7\u00f5es de Tratamento. Caso seja identificado que isso n\u00e3o est\u00e1 ocorrendo, significa dizer que o servi\u00e7o de coleta e tratamento de esgoto n\u00e3o est\u00e1 sendo realizado e, por isso, o usu\u00e1rio n\u00e3o pode come\u00e7ar a pagar. E s\u00e3o nesses casos que podemos solicitar a suspens\u00e3o da cobran\u00e7a. Nos demais lugares onde a rede de esgoto j\u00e1 est\u00e1 dispon\u00edvel, tendo coleta e tratamento, o usu\u00e1rio, mesmo que n\u00e3o se preocupe com seu im\u00f3vel interligado, precisa pagar pelo servi\u00e7o, por isso \u00e9 importante que os moradores se conectem. Isso est\u00e1 previsto na Lei Federal 11.445\/2007\u201d, explicou Elson.<\/p>\n\n\n\n<p>Conforme o novo Marco Legal do Saneamento B\u00e1sico, as capitais dever\u00e3o disponibilizar o servi\u00e7o de esgotamento sanit\u00e1rio em 90% da cidade at\u00e9 2033, iniciativa que Manaus beneficiar\u00e1 mais de dois milh\u00f5es de habitantes. Os servi\u00e7os est\u00e3o sendo executados pela empresa \u00c1guas de Manaus, sob a fiscaliza\u00e7\u00e3o da Ageman.<\/p>\n\n\n\n<p>Elson ressaltou que o \u00f3rg\u00e3o regulador tem intensificado sua fiscaliza\u00e7\u00e3o e segue atento \u00e0s demandas da popula\u00e7\u00e3o, reafirmando o compromisso com a vigil\u00e2ncia e o monitoramento dos servi\u00e7os p\u00fablicos essenciais.<\/p>\n\n\n\n<p>Al\u00e9m do gestor da Ageman, participaram tamb\u00e9m da audi\u00eancia o superintendente da UGPM-\u00c1gua, Robson Goiabeira; o presidente da \u00c1guas de Manaus, Pedro Augusto Freitas; e representantes do Minist\u00e9rio P\u00fablico do Estado do Amazonas (MP-AM), da Ordem dos Advogados do Brasil Seccional Amazonas (OAB-AM), do Conselho Regional de Economia (Corecon-AM) e do F\u00f3rum das \u00c1guas.<\/p>\n\n\n\n<p>A audi\u00eancia foi realizada no plen\u00e1rio Adriano Jorge da CMM, localizado no bairro S\u00e3o Raimundo, zona Oeste, por solicita\u00e7\u00e3o do vereador Jos\u00e9 Ricardo, autor do requerimento n\u00ba 147\/2025.<\/p>\n\n\n\n<p>&#8212; &#8212; &#8212;<\/p>\n\n\n\n<p><strong>Texto e foto &#8211;<\/strong>\u00a0Tereza Te\u00f3filo\/Ageman\u00a0<\/p>\n","protected":false},"excerpt":{"rendered":"","protected":false},"author":39,"featured_media":236932,"comment_status":"closed","ping_status":"closed","sticky":false,"template":"","format":"standard","meta":{"footnotes":""},"categories":[2371],"tags":[215,2691,493,77,14169],"acf":[],"yoast_head":"<!-- This site is optimized with the Yoast SEO plugin v23.0 - https:\/\/yoast.com\/wordpress\/plugins\/seo\/ -->\n<title>Ageman refor\u00e7ar atua\u00e7\u00e3o sobre tarifa de esgoto na CMM<\/title>\n<meta name=\"description\" content=\"Ageman refor\u00e7ar atua\u00e7\u00e3o reguladora em audi\u00eancia p\u00fablica sobre tarifa de esgoto na C\u00e2mara Municipal de Manaus.\" \/>\n<meta name=\"robots\" content=\"index, follow, max-snippet:-1, max-image-preview:large, max-video-preview:-1\" \/>\n<link rel=\"canonical\" href=\"https:\/\/www.manaus.am.gov.br\/semcom\/ageman-audiencia-pulica-tarifa-esgoto-cmm\/\" \/>\n<meta property=\"og:locale\" content=\"pt_BR\" \/>\n<meta property=\"og:type\" content=\"article\" \/>\n<meta property=\"og:title\" content=\"Ageman refor\u00e7ar atua\u00e7\u00e3o sobre tarifa de esgoto na CMM\" \/>\n<meta property=\"og:description\" content=\"Ageman refor\u00e7ar atua\u00e7\u00e3o reguladora em audi\u00eancia p\u00fablica sobre tarifa de esgoto na C\u00e2mara Municipal de Manaus.\" \/>\n<meta property=\"og:url\" content=\"https:\/\/www.manaus.am.gov.br\/semcom\/ageman-audiencia-pulica-tarifa-esgoto-cmm\/\" \/>\n<meta property=\"og:site_name\" content=\"SEMCOM\" \/>\n<meta property=\"article:published_time\" content=\"2025-04-01T16:02:00+00:00\" \/>\n<meta property=\"article:modified_time\" content=\"2025-04-01T16:02:01+00:00\" \/>\n<meta property=\"og:image\" content=\"https:\/\/www.manaus.am.gov.br\/semcom\/wp-content\/uploads\/sites\/5\/2025\/04\/WhatsApp-Image-2025-04-01-at-09.15.48.jpeg\" \/>\n\t<meta property=\"og:image:width\" content=\"1600\" \/>\n\t<meta property=\"og:image:height\" content=\"1200\" \/>\n\t<meta property=\"og:image:type\" content=\"image\/jpeg\" \/>\n<meta name=\"author\" content=\"Bruna Greco\" \/>\n<meta name=\"twitter:card\" content=\"summary_large_image\" \/>\n<meta name=\"twitter:label1\" content=\"Written by\" \/>\n\t<meta name=\"twitter:data1\" content=\"Bruna Greco\" \/>\n\t<meta name=\"twitter:label2\" content=\"Est. reading time\" \/>\n\t<meta name=\"twitter:data2\" content=\"3 minutos\" \/>\n<script type=\"application\/ld+json\" class=\"yoast-schema-graph\">{\"@context\":\"https:\/\/schema.org\",\"@graph\":[{\"@type\":\"WebPage\",\"@id\":\"https:\/\/www.manaus.am.gov.br\/semcom\/ageman-audiencia-pulica-tarifa-esgoto-cmm\/\",\"url\":\"https:\/\/www.manaus.am.gov.br\/semcom\/ageman-audiencia-pulica-tarifa-esgoto-cmm\/\",\"name\":\"Ageman refor\u00e7ar atua\u00e7\u00e3o sobre tarifa de esgoto na CMM\",\"isPartOf\":{\"@id\":\"https:\/\/www.manaus.am.gov.br\/semcom\/#website\"},\"primaryImageOfPage\":{\"@id\":\"https:\/\/www.manaus.am.gov.br\/semcom\/ageman-audiencia-pulica-tarifa-esgoto-cmm\/#primaryimage\"},\"image\":{\"@id\":\"https:\/\/www.manaus.am.gov.br\/semcom\/ageman-audiencia-pulica-tarifa-esgoto-cmm\/#primaryimage\"},\"thumbnailUrl\":\"https:\/\/www.manaus.am.gov.br\/semcom\/wp-content\/uploads\/sites\/5\/2025\/04\/WhatsApp-Image-2025-04-01-at-09.15.48.jpeg\",\"datePublished\":\"2025-04-01T16:02:00+00:00\",\"dateModified\":\"2025-04-01T16:02:01+00:00\",\"author\":{\"@id\":\"https:\/\/www.manaus.am.gov.br\/semcom\/#\/schema\/person\/05d223aea2bf115f9883a6ff3683d81b\"},\"description\":\"Ageman refor\u00e7ar atua\u00e7\u00e3o reguladora em audi\u00eancia p\u00fablica sobre tarifa de esgoto na C\u00e2mara Municipal de Manaus.\",\"inLanguage\":\"pt-BR\",\"potentialAction\":[{\"@type\":\"ReadAction\",\"target\":[\"https:\/\/www.manaus.am.gov.br\/semcom\/ageman-audiencia-pulica-tarifa-esgoto-cmm\/\"]}]},{\"@type\":\"ImageObject\",\"inLanguage\":\"pt-BR\",\"@id\":\"https:\/\/www.manaus.am.gov.br\/semcom\/ageman-audiencia-pulica-tarifa-esgoto-cmm\/#primaryimage\",\"url\":\"https:\/\/www.manaus.am.gov.br\/semcom\/wp-content\/uploads\/sites\/5\/2025\/04\/WhatsApp-Image-2025-04-01-at-09.15.48.jpeg\",\"contentUrl\":\"https:\/\/www.manaus.am.gov.br\/semcom\/wp-content\/uploads\/sites\/5\/2025\/04\/WhatsApp-Image-2025-04-01-at-09.15.48.jpeg\",\"width\":1600,\"height\":1200,\"caption\":\"#paratodosverem - Representantes da Ageman participando de audi\u00eancia p\u00fablica na CMM sobre tarifa de esgoto\"},{\"@type\":\"WebSite\",\"@id\":\"https:\/\/www.manaus.am.gov.br\/semcom\/#website\",\"url\":\"https:\/\/www.manaus.am.gov.br\/semcom\/\",\"name\":\"SEMCOM\",\"description\":\"Secretaria Municipal de Comunica\u00e7\u00e3o\",\"potentialAction\":[{\"@type\":\"SearchAction\",\"target\":{\"@type\":\"EntryPoint\",\"urlTemplate\":\"https:\/\/www.manaus.am.gov.br\/semcom\/?s={search_term_string}\"},\"query-input\":\"required name=search_term_string\"}],\"inLanguage\":\"pt-BR\"},{\"@type\":\"Person\",\"@id\":\"https:\/\/www.manaus.am.gov.br\/semcom\/#\/schema\/person\/05d223aea2bf115f9883a6ff3683d81b\",\"name\":\"Bruna Greco\",\"image\":{\"@type\":\"ImageObject\",\"inLanguage\":\"pt-BR\",\"@id\":\"https:\/\/www.manaus.am.gov.br\/semcom\/#\/schema\/person\/image\/\",\"url\":\"https:\/\/secure.gravatar.com\/avatar\/9c877d1a6adc2a055330e5c09a8653ce?s=96&d=mm&r=g\",\"contentUrl\":\"https:\/\/secure.gravatar.com\/avatar\/9c877d1a6adc2a055330e5c09a8653ce?s=96&d=mm&r=g\",\"caption\":\"Bruna Greco\"}}]}<\/script>\n<!-- \/ Yoast SEO plugin. -->","yoast_head_json":{"title":"Ageman refor\u00e7ar atua\u00e7\u00e3o sobre tarifa de esgoto na CMM","description":"Ageman refor\u00e7ar atua\u00e7\u00e3o reguladora em audi\u00eancia p\u00fablica sobre tarifa de esgoto na C\u00e2mara Municipal de Manaus.","robots":{"index":"index","follow":"follow","max-snippet":"max-snippet:-1","max-image-preview":"max-image-preview:large","max-video-preview":"max-video-preview:-1"},"canonical":"https:\/\/www.manaus.am.gov.br\/semcom\/ageman-audiencia-pulica-tarifa-esgoto-cmm\/","og_locale":"pt_BR","og_type":"article","og_title":"Ageman refor\u00e7ar atua\u00e7\u00e3o sobre tarifa de esgoto na CMM","og_description":"Ageman refor\u00e7ar atua\u00e7\u00e3o reguladora em audi\u00eancia p\u00fablica sobre tarifa de esgoto na C\u00e2mara Municipal de Manaus.","og_url":"https:\/\/www.manaus.am.gov.br\/semcom\/ageman-audiencia-pulica-tarifa-esgoto-cmm\/","og_site_name":"SEMCOM","article_published_time":"2025-04-01T16:02:00+00:00","article_modified_time":"2025-04-01T16:02:01+00:00","og_image":[{"width":1600,"height":1200,"url":"https:\/\/www.manaus.am.gov.br\/semcom\/wp-content\/uploads\/sites\/5\/2025\/04\/WhatsApp-Image-2025-04-01-at-09.15.48.jpeg","type":"image\/jpeg"}],"author":"Bruna Greco","twitter_card":"summary_large_image","twitter_misc":{"Written by":"Bruna Greco","Est. reading time":"3 minutos"},"schema":{"@context":"https:\/\/schema.org","@graph":[{"@type":"WebPage","@id":"https:\/\/www.manaus.am.gov.br\/semcom\/ageman-audiencia-pulica-tarifa-esgoto-cmm\/","url":"https:\/\/www.manaus.am.gov.br\/semcom\/ageman-audiencia-pulica-tarifa-esgoto-cmm\/","name":"Ageman refor\u00e7ar atua\u00e7\u00e3o sobre tarifa de esgoto na CMM","isPartOf":{"@id":"https:\/\/www.manaus.am.gov.br\/semcom\/#website"},"primaryImageOfPage":{"@id":"https:\/\/www.manaus.am.gov.br\/semcom\/ageman-audiencia-pulica-tarifa-esgoto-cmm\/#primaryimage"},"image":{"@id":"https:\/\/www.manaus.am.gov.br\/semcom\/ageman-audiencia-pulica-tarifa-esgoto-cmm\/#primaryimage"},"thumbnailUrl":"https:\/\/www.manaus.am.gov.br\/semcom\/wp-content\/uploads\/sites\/5\/2025\/04\/WhatsApp-Image-2025-04-01-at-09.15.48.jpeg","datePublished":"2025-04-01T16:02:00+00:00","dateModified":"2025-04-01T16:02:01+00:00","author":{"@id":"https:\/\/www.manaus.am.gov.br\/semcom\/#\/schema\/person\/05d223aea2bf115f9883a6ff3683d81b"},"description":"Ageman refor\u00e7ar atua\u00e7\u00e3o reguladora em audi\u00eancia p\u00fablica sobre tarifa de esgoto na C\u00e2mara Municipal de Manaus.","inLanguage":"pt-BR","potentialAction":[{"@type":"ReadAction","target":["https:\/\/www.manaus.am.gov.br\/semcom\/ageman-audiencia-pulica-tarifa-esgoto-cmm\/"]}]},{"@type":"ImageObject","inLanguage":"pt-BR","@id":"https:\/\/www.manaus.am.gov.br\/semcom\/ageman-audiencia-pulica-tarifa-esgoto-cmm\/#primaryimage","url":"https:\/\/www.manaus.am.gov.br\/semcom\/wp-content\/uploads\/sites\/5\/2025\/04\/WhatsApp-Image-2025-04-01-at-09.15.48.jpeg","contentUrl":"https:\/\/www.manaus.am.gov.br\/semcom\/wp-content\/uploads\/sites\/5\/2025\/04\/WhatsApp-Image-2025-04-01-at-09.15.48.jpeg","width":1600,"height":1200,"caption":"#paratodosverem - Representantes da Ageman participando de audi\u00eancia p\u00fablica na CMM sobre tarifa de esgoto"},{"@type":"WebSite","@id":"https:\/\/www.manaus.am.gov.br\/semcom\/#website","url":"https:\/\/www.manaus.am.gov.br\/semcom\/","name":"SEMCOM","description":"Secretaria Municipal de Comunica\u00e7\u00e3o","potentialAction":[{"@type":"SearchAction","target":{"@type":"EntryPoint","urlTemplate":"https:\/\/www.manaus.am.gov.br\/semcom\/?s={search_term_string}"},"query-input":"required name=search_term_string"}],"inLanguage":"pt-BR"},{"@type":"Person","@id":"https:\/\/www.manaus.am.gov.br\/semcom\/#\/schema\/person\/05d223aea2bf115f9883a6ff3683d81b","name":"Bruna Greco","image":{"@type":"ImageObject","inLanguage":"pt-BR","@id":"https:\/\/www.manaus.am.gov.br\/semcom\/#\/schema\/person\/image\/","url":"https:\/\/secure.gravatar.com\/avatar\/9c877d1a6adc2a055330e5c09a8653ce?s=96&d=mm&r=g","contentUrl":"https:\/\/secure.gravatar.com\/avatar\/9c877d1a6adc2a055330e5c09a8653ce?s=96&d=mm&r=g","caption":"Bruna Greco"}}]}},"_links":{"self":[{"href":"https:\/\/www.manaus.am.gov.br\/semcom\/wp-json\/wp\/v2\/posts\/236931"}],"collection":[{"href":"https:\/\/www.manaus.am.gov.br\/semcom\/wp-json\/wp\/v2\/posts"}],"about":[{"href":"https:\/\/www.manaus.am.gov.br\/semcom\/wp-json\/wp\/v2\/types\/post"}],"author":[{"embeddable":true,"href":"https:\/\/www.manaus.am.gov.br\/semcom\/wp-json\/wp\/v2\/users\/39"}],"replies":[{"embeddable":true,"href":"https:\/\/www.manaus.am.gov.br\/semcom\/wp-json\/wp\/v2\/comments?post=236931"}],"version-history":[{"count":0,"href":"https:\/\/www.manaus.am.gov.br\/semcom\/wp-json\/wp\/v2\/posts\/236931\/revisions"}],"wp:featuredmedia":[{"embeddable":true,"href":"https:\/\/www.manaus.am.gov.br\/semcom\/wp-json\/wp\/v2\/media\/236932"}],"wp:attachment":[{"href":"https:\/\/www.manaus.am.gov.br\/semcom\/wp-json\/wp\/v2\/media?parent=236931"}],"wp:term":[{"taxonomy":"category","embeddable":true,"href":"https:\/\/www.manaus.am.gov.br\/semcom\/wp-json\/wp\/v2\/categories?post=236931"},{"taxonomy":"post_tag","embeddable":true,"href":"https:\/\/www.manaus.am.gov.br\/semcom\/wp-json\/wp\/v2\/tags?post=236931"}],"curies":[{"name":"wp","href":"https:\/\/api.w.org\/{rel}","templated":true}]}}