{"id":236925,"date":"2025-04-01T11:12:26","date_gmt":"2025-04-01T15:12:26","guid":{"rendered":"https:\/\/www.manaus.am.gov.br\/semcom\/vagas-curso-semtepi\/"},"modified":"2025-04-03T10:30:29","modified_gmt":"2025-04-03T13:30:29","slug":"vagas-curso-semtepi","status":"publish","type":"post","link":"https:\/\/www.manaus.am.gov.br\/semcom\/vagas-curso-semtepi\/","title":{"rendered":"Prefeitura de Manaus\u00a0oferece vagas\u00a0para o curso &#8216;Descubra como se destacar no mundo profissional&#8217;"},"content":{"rendered":"\n<p>A Prefeitura de Manaus, por meio da Secretaria Municipal do Trabalho, Empreendedorismo e Inova\u00e7\u00e3o (Semtepi), abre, na pr\u00f3xima quarta-feira, 2\/4, a partir das 8h, as inscri\u00e7\u00f5es para o curso \u201cDescubra como se destacar no mundo profissional\u201d. As aulas v\u00e3o acontecer nos dias 7 e 8\/4, das 8h30 \u00e0s 11h30, na Central do Empreendedor, situada nas depend\u00eancias do shopping Phelippe Daou, localizada na avenida Camapu\u00e3, n\u00ba 2.939, bairro Cidade Nova, zona Leste da cidade.<\/p>\n\n\n\n<p>Intitulado &#8220;Descubra como se destacar no mundo profissional&#8221;, o curso, promovido em parceria com a empresa Movimenta Treinamentos e Consultoria, \u00e9 direcionado para trabalhadores e empreendedores ou n\u00e3o, de 16 ou mais de 50 anos, que desejam desenvolver habilidades essenciais, como comunica\u00e7\u00e3o eficaz, networking e intelig\u00eancia emocional. Como modelo de estrat\u00e9gias, o conte\u00fado abordar\u00e1 sobre produtividade, lideran\u00e7a e como se posicionar no mercado de forma competitiva.<\/p>\n\n\n\n<p>De acordo com o secret\u00e1rio da Semtepi, Alonso Oliveira, o curso vai auxiliar na busca das empresas por novos talentos no mercado de trabalho. &#8220;Esse curso vai possibilitar muitas oportunidades aos investidores. Na gest\u00e3o do nosso prefeito David Almeida, a forma mais estrat\u00e9gica de ampliar o mercado \u00e9 investir no conhecimento dos trabalhadores e empreendedores da nossa cidade. Por isso, se inscreverem e fazerem bom proveito desse momento&#8221;, concluiu o titular.<\/p>\n\n\n\n<p>\u00c9 importante lembrar que detalhes devem se inscrever pelo link:\u00a0\u00a0<a href=\"https:\/\/docs.google.com\/forms\/d\/e\/1FAIpQLSeYeG5Ezw2s88KaHGu4xQc6xQZp1u3-l_Yh7CRrFPgWWcTUxQ\/viewform?usp=header\">https:\/\/docs.google.com\/forms\/d\/e\/1FAIpQLSeYeG5Ezw2s88KaHGu4xQc6xQZp1u3-l_Yh7CRrFPgWWcTUxQ\/viewform?usp=header<\/a>, que estar\u00e1 aberto a partir desta quarta-feira, 2\/4, at\u00e9 quinta-feira, 3\/4. A lista dos selecionados ser\u00e1 divulgada na sexta-feira, 4\/4.<\/p>\n\n\n\n<figure class=\"wp-block-image size-large\"><img loading=\"lazy\" decoding=\"async\" width=\"1024\" height=\"768\" src=\"https:\/\/www.manaus.am.gov.br\/semcom\/wp-content\/uploads\/sites\/5\/2025\/04\/IMG_8635-1024x768.jpg\" alt=\"\" class=\"wp-image-236926\" srcset=\"https:\/\/www.manaus.am.gov.br\/semcom\/wp-content\/uploads\/sites\/5\/2025\/04\/IMG_8635-1024x768.jpg 1024w, https:\/\/www.manaus.am.gov.br\/semcom\/wp-content\/uploads\/sites\/5\/2025\/04\/IMG_8635-300x225.jpg 300w, https:\/\/www.manaus.am.gov.br\/semcom\/wp-content\/uploads\/sites\/5\/2025\/04\/IMG_8635-768x576.jpg 768w, https:\/\/www.manaus.am.gov.br\/semcom\/wp-content\/uploads\/sites\/5\/2025\/04\/IMG_8635-1536x1152.jpg 1536w, https:\/\/www.manaus.am.gov.br\/semcom\/wp-content\/uploads\/sites\/5\/2025\/04\/IMG_8635-2048x1536.jpg 2048w\" sizes=\"(max-width: 1024px) 100vw, 1024px\" \/><\/figure>\n\n\n\n<p>&#8212; &#8212; &#8212;<\/p>\n\n\n\n<p><strong>Texto e fotos \u2013<\/strong>&nbsp;Divulga\u00e7\u00e3o\/Semtepi<\/p>\n","protected":false},"excerpt":{"rendered":"","protected":false},"author":39,"featured_media":236927,"comment_status":"closed","ping_status":"closed","sticky":false,"template":"","format":"standard","meta":{"footnotes":""},"categories":[1591],"tags":[14167,757,77,22,126],"acf":[],"yoast_head":"<!-- This site is optimized with the Yoast SEO plugin v23.0 - https:\/\/yoast.com\/wordpress\/plugins\/seo\/ -->\n<title>Vagas para curso da Semtepi sobre o mundo profissional<\/title>\n<meta name=\"description\" content=\"Prefeitura de Manaus, por meio da Semtepi, oferece vagas para o curso &#039;Descubra como se destacar no mundo profissional&#039;.\" \/>\n<meta name=\"robots\" content=\"index, follow, max-snippet:-1, max-image-preview:large, max-video-preview:-1\" \/>\n<link rel=\"canonical\" href=\"https:\/\/www.manaus.am.gov.br\/semcom\/vagas-curso-semtepi\/\" \/>\n<meta property=\"og:locale\" content=\"pt_BR\" \/>\n<meta property=\"og:type\" content=\"article\" \/>\n<meta property=\"og:title\" content=\"Vagas para curso da Semtepi sobre o mundo profissional\" \/>\n<meta property=\"og:description\" content=\"Prefeitura de Manaus, por meio da Semtepi, oferece vagas para o curso &#039;Descubra como se destacar no mundo profissional&#039;.\" \/>\n<meta property=\"og:url\" content=\"https:\/\/www.manaus.am.gov.br\/semcom\/vagas-curso-semtepi\/\" \/>\n<meta property=\"og:site_name\" content=\"SEMCOM\" \/>\n<meta property=\"article:published_time\" content=\"2025-04-01T15:12:26+00:00\" \/>\n<meta property=\"article:modified_time\" content=\"2025-04-03T13:30:29+00:00\" \/>\n<meta property=\"og:image\" content=\"https:\/\/www.manaus.am.gov.br\/semcom\/wp-content\/uploads\/sites\/5\/2025\/04\/IMG_8598-1024x768.jpg\" \/>\n\t<meta property=\"og:image:width\" content=\"1024\" \/>\n\t<meta property=\"og:image:height\" content=\"768\" \/>\n\t<meta property=\"og:image:type\" content=\"image\/jpeg\" \/>\n<meta name=\"author\" content=\"Bruna Greco\" \/>\n<meta name=\"twitter:card\" content=\"summary_large_image\" \/>\n<meta name=\"twitter:label1\" content=\"Written by\" \/>\n\t<meta name=\"twitter:data1\" content=\"Bruna Greco\" \/>\n\t<meta name=\"twitter:label2\" content=\"Est. reading time\" \/>\n\t<meta name=\"twitter:data2\" content=\"2 minutos\" \/>\n<script type=\"application\/ld+json\" class=\"yoast-schema-graph\">{\"@context\":\"https:\/\/schema.org\",\"@graph\":[{\"@type\":\"WebPage\",\"@id\":\"https:\/\/www.manaus.am.gov.br\/semcom\/vagas-curso-semtepi\/\",\"url\":\"https:\/\/www.manaus.am.gov.br\/semcom\/vagas-curso-semtepi\/\",\"name\":\"Vagas para curso da Semtepi sobre o mundo profissional\",\"isPartOf\":{\"@id\":\"https:\/\/www.manaus.am.gov.br\/semcom\/#website\"},\"primaryImageOfPage\":{\"@id\":\"https:\/\/www.manaus.am.gov.br\/semcom\/vagas-curso-semtepi\/#primaryimage\"},\"image\":{\"@id\":\"https:\/\/www.manaus.am.gov.br\/semcom\/vagas-curso-semtepi\/#primaryimage\"},\"thumbnailUrl\":\"https:\/\/www.manaus.am.gov.br\/semcom\/wp-content\/uploads\/sites\/5\/2025\/04\/IMG_8598.jpg\",\"datePublished\":\"2025-04-01T15:12:26+00:00\",\"dateModified\":\"2025-04-03T13:30:29+00:00\",\"author\":{\"@id\":\"https:\/\/www.manaus.am.gov.br\/semcom\/#\/schema\/person\/05d223aea2bf115f9883a6ff3683d81b\"},\"description\":\"Prefeitura de Manaus, por meio da Semtepi, oferece vagas para o curso 'Descubra como se destacar no mundo profissional'.\",\"inLanguage\":\"pt-BR\",\"potentialAction\":[{\"@type\":\"ReadAction\",\"target\":[\"https:\/\/www.manaus.am.gov.br\/semcom\/vagas-curso-semtepi\/\"]}]},{\"@type\":\"ImageObject\",\"inLanguage\":\"pt-BR\",\"@id\":\"https:\/\/www.manaus.am.gov.br\/semcom\/vagas-curso-semtepi\/#primaryimage\",\"url\":\"https:\/\/www.manaus.am.gov.br\/semcom\/wp-content\/uploads\/sites\/5\/2025\/04\/IMG_8598.jpg\",\"contentUrl\":\"https:\/\/www.manaus.am.gov.br\/semcom\/wp-content\/uploads\/sites\/5\/2025\/04\/IMG_8598.jpg\",\"width\":4032,\"height\":3024,\"caption\":\"#paratodosverem - V\u00e1rias pessoas participando de curso ofertado pela Semtepi\"},{\"@type\":\"WebSite\",\"@id\":\"https:\/\/www.manaus.am.gov.br\/semcom\/#website\",\"url\":\"https:\/\/www.manaus.am.gov.br\/semcom\/\",\"name\":\"SEMCOM\",\"description\":\"Secretaria Municipal de Comunica\u00e7\u00e3o\",\"potentialAction\":[{\"@type\":\"SearchAction\",\"target\":{\"@type\":\"EntryPoint\",\"urlTemplate\":\"https:\/\/www.manaus.am.gov.br\/semcom\/?s={search_term_string}\"},\"query-input\":\"required name=search_term_string\"}],\"inLanguage\":\"pt-BR\"},{\"@type\":\"Person\",\"@id\":\"https:\/\/www.manaus.am.gov.br\/semcom\/#\/schema\/person\/05d223aea2bf115f9883a6ff3683d81b\",\"name\":\"Bruna Greco\",\"image\":{\"@type\":\"ImageObject\",\"inLanguage\":\"pt-BR\",\"@id\":\"https:\/\/www.manaus.am.gov.br\/semcom\/#\/schema\/person\/image\/\",\"url\":\"https:\/\/secure.gravatar.com\/avatar\/9c877d1a6adc2a055330e5c09a8653ce?s=96&d=mm&r=g\",\"contentUrl\":\"https:\/\/secure.gravatar.com\/avatar\/9c877d1a6adc2a055330e5c09a8653ce?s=96&d=mm&r=g\",\"caption\":\"Bruna Greco\"}}]}<\/script>\n<!-- \/ Yoast SEO plugin. -->","yoast_head_json":{"title":"Vagas para curso da Semtepi sobre o mundo profissional","description":"Prefeitura de Manaus, por meio da Semtepi, oferece vagas para o curso 'Descubra como se destacar no mundo profissional'.","robots":{"index":"index","follow":"follow","max-snippet":"max-snippet:-1","max-image-preview":"max-image-preview:large","max-video-preview":"max-video-preview:-1"},"canonical":"https:\/\/www.manaus.am.gov.br\/semcom\/vagas-curso-semtepi\/","og_locale":"pt_BR","og_type":"article","og_title":"Vagas para curso da Semtepi sobre o mundo profissional","og_description":"Prefeitura de Manaus, por meio da Semtepi, oferece vagas para o curso 'Descubra como se destacar no mundo profissional'.","og_url":"https:\/\/www.manaus.am.gov.br\/semcom\/vagas-curso-semtepi\/","og_site_name":"SEMCOM","article_published_time":"2025-04-01T15:12:26+00:00","article_modified_time":"2025-04-03T13:30:29+00:00","og_image":[{"width":1024,"height":768,"url":"https:\/\/www.manaus.am.gov.br\/semcom\/wp-content\/uploads\/sites\/5\/2025\/04\/IMG_8598-1024x768.jpg","type":"image\/jpeg"}],"author":"Bruna Greco","twitter_card":"summary_large_image","twitter_misc":{"Written by":"Bruna Greco","Est. reading time":"2 minutos"},"schema":{"@context":"https:\/\/schema.org","@graph":[{"@type":"WebPage","@id":"https:\/\/www.manaus.am.gov.br\/semcom\/vagas-curso-semtepi\/","url":"https:\/\/www.manaus.am.gov.br\/semcom\/vagas-curso-semtepi\/","name":"Vagas para curso da Semtepi sobre o mundo profissional","isPartOf":{"@id":"https:\/\/www.manaus.am.gov.br\/semcom\/#website"},"primaryImageOfPage":{"@id":"https:\/\/www.manaus.am.gov.br\/semcom\/vagas-curso-semtepi\/#primaryimage"},"image":{"@id":"https:\/\/www.manaus.am.gov.br\/semcom\/vagas-curso-semtepi\/#primaryimage"},"thumbnailUrl":"https:\/\/www.manaus.am.gov.br\/semcom\/wp-content\/uploads\/sites\/5\/2025\/04\/IMG_8598.jpg","datePublished":"2025-04-01T15:12:26+00:00","dateModified":"2025-04-03T13:30:29+00:00","author":{"@id":"https:\/\/www.manaus.am.gov.br\/semcom\/#\/schema\/person\/05d223aea2bf115f9883a6ff3683d81b"},"description":"Prefeitura de Manaus, por meio da Semtepi, oferece vagas para o curso 'Descubra como se destacar no mundo profissional'.","inLanguage":"pt-BR","potentialAction":[{"@type":"ReadAction","target":["https:\/\/www.manaus.am.gov.br\/semcom\/vagas-curso-semtepi\/"]}]},{"@type":"ImageObject","inLanguage":"pt-BR","@id":"https:\/\/www.manaus.am.gov.br\/semcom\/vagas-curso-semtepi\/#primaryimage","url":"https:\/\/www.manaus.am.gov.br\/semcom\/wp-content\/uploads\/sites\/5\/2025\/04\/IMG_8598.jpg","contentUrl":"https:\/\/www.manaus.am.gov.br\/semcom\/wp-content\/uploads\/sites\/5\/2025\/04\/IMG_8598.jpg","width":4032,"height":3024,"caption":"#paratodosverem - V\u00e1rias pessoas participando de curso ofertado pela Semtepi"},{"@type":"WebSite","@id":"https:\/\/www.manaus.am.gov.br\/semcom\/#website","url":"https:\/\/www.manaus.am.gov.br\/semcom\/","name":"SEMCOM","description":"Secretaria Municipal de Comunica\u00e7\u00e3o","potentialAction":[{"@type":"SearchAction","target":{"@type":"EntryPoint","urlTemplate":"https:\/\/www.manaus.am.gov.br\/semcom\/?s={search_term_string}"},"query-input":"required name=search_term_string"}],"inLanguage":"pt-BR"},{"@type":"Person","@id":"https:\/\/www.manaus.am.gov.br\/semcom\/#\/schema\/person\/05d223aea2bf115f9883a6ff3683d81b","name":"Bruna Greco","image":{"@type":"ImageObject","inLanguage":"pt-BR","@id":"https:\/\/www.manaus.am.gov.br\/semcom\/#\/schema\/person\/image\/","url":"https:\/\/secure.gravatar.com\/avatar\/9c877d1a6adc2a055330e5c09a8653ce?s=96&d=mm&r=g","contentUrl":"https:\/\/secure.gravatar.com\/avatar\/9c877d1a6adc2a055330e5c09a8653ce?s=96&d=mm&r=g","caption":"Bruna Greco"}}]}},"_links":{"self":[{"href":"https:\/\/www.manaus.am.gov.br\/semcom\/wp-json\/wp\/v2\/posts\/236925"}],"collection":[{"href":"https:\/\/www.manaus.am.gov.br\/semcom\/wp-json\/wp\/v2\/posts"}],"about":[{"href":"https:\/\/www.manaus.am.gov.br\/semcom\/wp-json\/wp\/v2\/types\/post"}],"author":[{"embeddable":true,"href":"https:\/\/www.manaus.am.gov.br\/semcom\/wp-json\/wp\/v2\/users\/39"}],"replies":[{"embeddable":true,"href":"https:\/\/www.manaus.am.gov.br\/semcom\/wp-json\/wp\/v2\/comments?post=236925"}],"version-history":[{"count":5,"href":"https:\/\/www.manaus.am.gov.br\/semcom\/wp-json\/wp\/v2\/posts\/236925\/revisions"}],"predecessor-version":[{"id":237023,"href":"https:\/\/www.manaus.am.gov.br\/semcom\/wp-json\/wp\/v2\/posts\/236925\/revisions\/237023"}],"wp:featuredmedia":[{"embeddable":true,"href":"https:\/\/www.manaus.am.gov.br\/semcom\/wp-json\/wp\/v2\/media\/236927"}],"wp:attachment":[{"href":"https:\/\/www.manaus.am.gov.br\/semcom\/wp-json\/wp\/v2\/media?parent=236925"}],"wp:term":[{"taxonomy":"category","embeddable":true,"href":"https:\/\/www.manaus.am.gov.br\/semcom\/wp-json\/wp\/v2\/categories?post=236925"},{"taxonomy":"post_tag","embeddable":true,"href":"https:\/\/www.manaus.am.gov.br\/semcom\/wp-json\/wp\/v2\/tags?post=236925"}],"curies":[{"name":"wp","href":"https:\/\/api.w.org\/{rel}","templated":true}]}}