{"id":236906,"date":"2025-03-31T18:49:30","date_gmt":"2025-03-31T22:49:30","guid":{"rendered":"https:\/\/www.manaus.am.gov.br\/semcom\/obras-do-conjunto-habitacional-no-parque-das-tribos\/"},"modified":"2025-03-31T19:50:52","modified_gmt":"2025-03-31T22:50:52","slug":"obras-do-conjunto-habitacional-no-parque-das-tribos","status":"publish","type":"post","link":"https:\/\/www.manaus.am.gov.br\/semcom\/obras-do-conjunto-habitacional-no-parque-das-tribos\/","title":{"rendered":"Em aten\u00e7\u00e3o \u00e0s \u00e1reas afetadas pelas chuvas, prefeito David Almeida vistoria obras do conjunto habitacional no Parque das Tribos"},"content":{"rendered":"\n<p>O prefeito de Manaus, David Almeida, esteve nesta segunda-feira, 31\/3, no canteiro de obras do conjunto habitacional do Parque das Tribos, na zona Oeste, para fiscalizar o andamento do empreendimento. A visita de fiscaliza\u00e7\u00e3o contou com a presen\u00e7a do titular da Secretaria Municipal de Habita\u00e7\u00e3o e Assuntos Fundi\u00e1rios (Semhaf), Jesus Alves, do l\u00edder do governo na C\u00e2mara Municipal de Manaus (CMM), vereador Eduardo Alfaia, e demais vereadores.&nbsp;<\/p>\n\n\n\n<p>O residencial, que faz parte do programa federal \u201cMinha Casa, Minha Vida\u201d,&nbsp; ter\u00e1 576 apartamentos distribu\u00eddos em 36 blocos, sendo um dos projetos habitacionais mais importantes da capital. No entanto, as fortes chuvas que atingem a cidade exigiram ajustes no cronograma.<\/p>\n\n\n\n<p>Na ocasi\u00e3o, o chefe do Executivo municipal destacou o compromisso de prestar assist\u00eancia imediata \u00e0s fam\u00edlias atingidas pelas chuvas deste per\u00edodo de inverno amaz\u00f4nico e reduzir o d\u00e9ficit habitacional da cidade, al\u00e9m de proporcionar moradias dignas para a popula\u00e7\u00e3o.&nbsp;<\/p>\n\n\n\n<p>\u201cN\u00f3s estamos aqui fiscalizando o andamento das obras e trabalhando com um cronograma diuturno para acelerar ao m\u00e1ximo essa entrega. J\u00e1 chegamos a 50% de conclus\u00e3o, e a previs\u00e3o inicial era finalizar em maio. Mas, por conta das chuvas, vamos reprogramar para o fim de junho ou in\u00edcio de julho, garantindo seguran\u00e7a e qualidade para as fam\u00edlias que v\u00e3o morar aqui\u201d, afirmou o prefeito David Almeida.<\/p>\n\n\n\n<figure class=\"wp-block-image size-full\"><img loading=\"lazy\" decoding=\"async\" width=\"800\" height=\"546\" src=\"https:\/\/www.manaus.am.gov.br\/semcom\/wp-content\/uploads\/sites\/5\/2025\/03\/54423052215_2818c54754_c.jpg\" alt=\"\" class=\"wp-image-236907\" srcset=\"https:\/\/www.manaus.am.gov.br\/semcom\/wp-content\/uploads\/sites\/5\/2025\/03\/54423052215_2818c54754_c.jpg 800w, https:\/\/www.manaus.am.gov.br\/semcom\/wp-content\/uploads\/sites\/5\/2025\/03\/54423052215_2818c54754_c-300x205.jpg 300w, https:\/\/www.manaus.am.gov.br\/semcom\/wp-content\/uploads\/sites\/5\/2025\/03\/54423052215_2818c54754_c-768x524.jpg 768w\" sizes=\"(max-width: 800px) 100vw, 800px\" \/><\/figure>\n\n\n\n<p>O secret\u00e1rio municipal de Habita\u00e7\u00e3o, Jesus Alves, destacou que a prefeitura j\u00e1 tem oito empreendimentos habitacionais contratados para ampliar a oferta de moradias em Manaus. Entretanto, o per\u00edodo chuvoso tem dificultado o andamento das obras, especialmente na fase de funda\u00e7\u00e3o.<\/p>\n\n\n\n<p>\u201cNosso inverno amaz\u00f4nico exige planejamento. Como a movimenta\u00e7\u00e3o de terra e as funda\u00e7\u00f5es dependem de boas condi\u00e7\u00f5es clim\u00e1ticas, estamos avan\u00e7ando conforme poss\u00edvel. Mas, assim que o tempo permitir, vamos acelerar ainda mais essas entregas, que s\u00e3o essenciais para reduzir o d\u00e9ficit habitacional da cidade\u201d, explicou o secret\u00e1rio.<\/p>\n\n\n\n<p>O l\u00edder do governo na C\u00e2mara Municipal, vereador Eduardo Alfaia, ressaltou a import\u00e2ncia da cria\u00e7\u00e3o da Semhaf e elogiou a condu\u00e7\u00e3o do projeto pela gest\u00e3o municipal.<\/p>\n\n\n\n<p>\u201cManaus n\u00e3o tinha uma secretaria espec\u00edfica para tratar da habita\u00e7\u00e3o. Foi gra\u00e7as a essa iniciativa do Executivo que projetos como esse est\u00e3o saindo do papel. Hoje, como vereador, fico muito satisfeito em fiscalizar e ver os recursos sendo aplicados corretamente para entregar moradias a quem mais precisa\u201d, disse Alfaia.<\/p>\n\n\n\n<p><strong>Comit\u00ea de Crise segue mobilizado para minimizar impactos das chuvas<\/strong><\/p>\n\n\n\n<p>Al\u00e9m dos esfor\u00e7os para garantir a entrega das moradias, o prefeito David Almeida refor\u00e7ou que todas as secretarias que comp\u00f5em o Comit\u00ea de Crise da Prefeitura de Manaus seguem em alerta m\u00e1ximo para atender as fam\u00edlias atingidas pelas fortes chuvas que ca\u00edram na cidade nas \u00faltimas horas.<\/p>\n\n\n\n<p>\u201cDesde a madrugada desta segunda-feira, nossas equipes est\u00e3o atuando nas \u00e1reas afetadas. Tivemos 19 ocorr\u00eancias registradas, incluindo alagamentos e transbordamentos de igarap\u00e9s. Nossa prioridade \u00e9 minimizar os impactos da chuva, dar assist\u00eancia \u00e0s fam\u00edlias e garantir que essas novas moradias possam, em breve, acolher quem hoje vive em \u00e1reas de risco\u201d, destacou o prefeito.<\/p>\n\n\n\n<p>A gest\u00e3o David Almeida segue avan\u00e7ando nas obras habitacionais e estruturais da cidade, reafirmando seu compromisso com o desenvolvimento urbano planejado e com a seguran\u00e7a da popula\u00e7\u00e3o.<\/p>\n\n\n\n<p>\u2014 \u2014 \u2014<\/p>\n\n\n\n<p><strong>Texto &#8211; <\/strong>Emanuelle Baires \/ Semcom<\/p>\n\n\n\n<p><strong>Fotos &#8211;<\/strong> Dhyeizo Lemos \/ Semcom<\/p>\n\n\n\n<p><strong>Dispon\u00edveis em &#8211; <\/strong><a href=\"https:\/\/flic.kr\/s\/aHBqjC7rSt\">https:\/\/flic.kr\/s\/aHBqjC7rSt<\/a>&nbsp;<\/p>\n","protected":false},"excerpt":{"rendered":"","protected":false},"author":68,"featured_media":236908,"comment_status":"closed","ping_status":"closed","sticky":false,"template":"","format":"standard","meta":{"footnotes":""},"categories":[2162],"tags":[35,14161,77],"acf":[],"yoast_head":"<!-- This site is optimized with the Yoast SEO plugin v23.0 - https:\/\/yoast.com\/wordpress\/plugins\/seo\/ -->\n<title>Em aten\u00e7\u00e3o \u00e0s \u00e1reas afetadas pelas chuvas, prefeito David Almeida vistoria obras do conjunto habitacional no Parque das Tribos<\/title>\n<meta name=\"description\" content=\"O prefeito de Manaus, David Almeida, esteve nesta segunda-feira, 31\/3, no canteiro de obras do conjunto habitacional do Parque das Tribos, na zona Oeste, para fiscalizar o andamento do empreendimento.\" \/>\n<meta name=\"robots\" content=\"index, follow, max-snippet:-1, max-image-preview:large, max-video-preview:-1\" \/>\n<link rel=\"canonical\" href=\"https:\/\/www.manaus.am.gov.br\/semcom\/obras-do-conjunto-habitacional-no-parque-das-tribos\/\" \/>\n<meta property=\"og:locale\" content=\"pt_BR\" \/>\n<meta property=\"og:type\" content=\"article\" \/>\n<meta property=\"og:title\" content=\"Em aten\u00e7\u00e3o \u00e0s \u00e1reas afetadas pelas chuvas, prefeito David Almeida vistoria obras do conjunto habitacional no Parque das Tribos\" \/>\n<meta property=\"og:description\" content=\"O prefeito de Manaus, David Almeida, esteve nesta segunda-feira, 31\/3, no canteiro de obras do conjunto habitacional do Parque das Tribos, na zona Oeste, para fiscalizar o andamento do empreendimento.\" \/>\n<meta property=\"og:url\" content=\"https:\/\/www.manaus.am.gov.br\/semcom\/obras-do-conjunto-habitacional-no-parque-das-tribos\/\" \/>\n<meta property=\"og:site_name\" content=\"SEMCOM\" \/>\n<meta property=\"article:published_time\" content=\"2025-03-31T22:49:30+00:00\" \/>\n<meta property=\"article:modified_time\" content=\"2025-03-31T22:50:52+00:00\" \/>\n<meta property=\"og:image\" content=\"https:\/\/www.manaus.am.gov.br\/semcom\/wp-content\/uploads\/sites\/5\/2025\/03\/54422975634_4907a58ff0_c.jpg\" \/>\n\t<meta property=\"og:image:width\" content=\"799\" \/>\n\t<meta property=\"og:image:height\" content=\"533\" \/>\n\t<meta property=\"og:image:type\" content=\"image\/jpeg\" \/>\n<meta name=\"author\" content=\"bvalente\" \/>\n<meta name=\"twitter:card\" content=\"summary_large_image\" \/>\n<meta name=\"twitter:label1\" content=\"Written by\" \/>\n\t<meta name=\"twitter:data1\" content=\"bvalente\" \/>\n\t<meta name=\"twitter:label2\" content=\"Est. reading time\" \/>\n\t<meta name=\"twitter:data2\" content=\"4 minutos\" \/>\n<script type=\"application\/ld+json\" class=\"yoast-schema-graph\">{\"@context\":\"https:\/\/schema.org\",\"@graph\":[{\"@type\":\"WebPage\",\"@id\":\"https:\/\/www.manaus.am.gov.br\/semcom\/obras-do-conjunto-habitacional-no-parque-das-tribos\/\",\"url\":\"https:\/\/www.manaus.am.gov.br\/semcom\/obras-do-conjunto-habitacional-no-parque-das-tribos\/\",\"name\":\"Em aten\u00e7\u00e3o \u00e0s \u00e1reas afetadas pelas chuvas, prefeito David Almeida vistoria obras do conjunto habitacional no Parque das Tribos\",\"isPartOf\":{\"@id\":\"https:\/\/www.manaus.am.gov.br\/semcom\/#website\"},\"primaryImageOfPage\":{\"@id\":\"https:\/\/www.manaus.am.gov.br\/semcom\/obras-do-conjunto-habitacional-no-parque-das-tribos\/#primaryimage\"},\"image\":{\"@id\":\"https:\/\/www.manaus.am.gov.br\/semcom\/obras-do-conjunto-habitacional-no-parque-das-tribos\/#primaryimage\"},\"thumbnailUrl\":\"https:\/\/www.manaus.am.gov.br\/semcom\/wp-content\/uploads\/sites\/5\/2025\/03\/54422975634_4907a58ff0_c.jpg\",\"datePublished\":\"2025-03-31T22:49:30+00:00\",\"dateModified\":\"2025-03-31T22:50:52+00:00\",\"author\":{\"@id\":\"https:\/\/www.manaus.am.gov.br\/semcom\/#\/schema\/person\/466a0e03ae4b6062809046bd560ac955\"},\"description\":\"O prefeito de Manaus, David Almeida, esteve nesta segunda-feira, 31\/3, no canteiro de obras do conjunto habitacional do Parque das Tribos, na zona Oeste, para fiscalizar o andamento do empreendimento.\",\"inLanguage\":\"pt-BR\",\"potentialAction\":[{\"@type\":\"ReadAction\",\"target\":[\"https:\/\/www.manaus.am.gov.br\/semcom\/obras-do-conjunto-habitacional-no-parque-das-tribos\/\"]}]},{\"@type\":\"ImageObject\",\"inLanguage\":\"pt-BR\",\"@id\":\"https:\/\/www.manaus.am.gov.br\/semcom\/obras-do-conjunto-habitacional-no-parque-das-tribos\/#primaryimage\",\"url\":\"https:\/\/www.manaus.am.gov.br\/semcom\/wp-content\/uploads\/sites\/5\/2025\/03\/54422975634_4907a58ff0_c.jpg\",\"contentUrl\":\"https:\/\/www.manaus.am.gov.br\/semcom\/wp-content\/uploads\/sites\/5\/2025\/03\/54422975634_4907a58ff0_c.jpg\",\"width\":799,\"height\":533},{\"@type\":\"WebSite\",\"@id\":\"https:\/\/www.manaus.am.gov.br\/semcom\/#website\",\"url\":\"https:\/\/www.manaus.am.gov.br\/semcom\/\",\"name\":\"SEMCOM\",\"description\":\"Secretaria Municipal de Comunica\u00e7\u00e3o\",\"potentialAction\":[{\"@type\":\"SearchAction\",\"target\":{\"@type\":\"EntryPoint\",\"urlTemplate\":\"https:\/\/www.manaus.am.gov.br\/semcom\/?s={search_term_string}\"},\"query-input\":\"required name=search_term_string\"}],\"inLanguage\":\"pt-BR\"},{\"@type\":\"Person\",\"@id\":\"https:\/\/www.manaus.am.gov.br\/semcom\/#\/schema\/person\/466a0e03ae4b6062809046bd560ac955\",\"name\":\"bvalente\",\"image\":{\"@type\":\"ImageObject\",\"inLanguage\":\"pt-BR\",\"@id\":\"https:\/\/www.manaus.am.gov.br\/semcom\/#\/schema\/person\/image\/\",\"url\":\"https:\/\/secure.gravatar.com\/avatar\/3e69bc2b014bdad41adfec3a39de07d2?s=96&d=mm&r=g\",\"contentUrl\":\"https:\/\/secure.gravatar.com\/avatar\/3e69bc2b014bdad41adfec3a39de07d2?s=96&d=mm&r=g\",\"caption\":\"bvalente\"}}]}<\/script>\n<!-- \/ Yoast SEO plugin. -->","yoast_head_json":{"title":"Em aten\u00e7\u00e3o \u00e0s \u00e1reas afetadas pelas chuvas, prefeito David Almeida vistoria obras do conjunto habitacional no Parque das Tribos","description":"O prefeito de Manaus, David Almeida, esteve nesta segunda-feira, 31\/3, no canteiro de obras do conjunto habitacional do Parque das Tribos, na zona Oeste, para fiscalizar o andamento do empreendimento.","robots":{"index":"index","follow":"follow","max-snippet":"max-snippet:-1","max-image-preview":"max-image-preview:large","max-video-preview":"max-video-preview:-1"},"canonical":"https:\/\/www.manaus.am.gov.br\/semcom\/obras-do-conjunto-habitacional-no-parque-das-tribos\/","og_locale":"pt_BR","og_type":"article","og_title":"Em aten\u00e7\u00e3o \u00e0s \u00e1reas afetadas pelas chuvas, prefeito David Almeida vistoria obras do conjunto habitacional no Parque das Tribos","og_description":"O prefeito de Manaus, David Almeida, esteve nesta segunda-feira, 31\/3, no canteiro de obras do conjunto habitacional do Parque das Tribos, na zona Oeste, para fiscalizar o andamento do empreendimento.","og_url":"https:\/\/www.manaus.am.gov.br\/semcom\/obras-do-conjunto-habitacional-no-parque-das-tribos\/","og_site_name":"SEMCOM","article_published_time":"2025-03-31T22:49:30+00:00","article_modified_time":"2025-03-31T22:50:52+00:00","og_image":[{"width":799,"height":533,"url":"https:\/\/www.manaus.am.gov.br\/semcom\/wp-content\/uploads\/sites\/5\/2025\/03\/54422975634_4907a58ff0_c.jpg","type":"image\/jpeg"}],"author":"bvalente","twitter_card":"summary_large_image","twitter_misc":{"Written by":"bvalente","Est. reading time":"4 minutos"},"schema":{"@context":"https:\/\/schema.org","@graph":[{"@type":"WebPage","@id":"https:\/\/www.manaus.am.gov.br\/semcom\/obras-do-conjunto-habitacional-no-parque-das-tribos\/","url":"https:\/\/www.manaus.am.gov.br\/semcom\/obras-do-conjunto-habitacional-no-parque-das-tribos\/","name":"Em aten\u00e7\u00e3o \u00e0s \u00e1reas afetadas pelas chuvas, prefeito David Almeida vistoria obras do conjunto habitacional no Parque das Tribos","isPartOf":{"@id":"https:\/\/www.manaus.am.gov.br\/semcom\/#website"},"primaryImageOfPage":{"@id":"https:\/\/www.manaus.am.gov.br\/semcom\/obras-do-conjunto-habitacional-no-parque-das-tribos\/#primaryimage"},"image":{"@id":"https:\/\/www.manaus.am.gov.br\/semcom\/obras-do-conjunto-habitacional-no-parque-das-tribos\/#primaryimage"},"thumbnailUrl":"https:\/\/www.manaus.am.gov.br\/semcom\/wp-content\/uploads\/sites\/5\/2025\/03\/54422975634_4907a58ff0_c.jpg","datePublished":"2025-03-31T22:49:30+00:00","dateModified":"2025-03-31T22:50:52+00:00","author":{"@id":"https:\/\/www.manaus.am.gov.br\/semcom\/#\/schema\/person\/466a0e03ae4b6062809046bd560ac955"},"description":"O prefeito de Manaus, David Almeida, esteve nesta segunda-feira, 31\/3, no canteiro de obras do conjunto habitacional do Parque das Tribos, na zona Oeste, para fiscalizar o andamento do empreendimento.","inLanguage":"pt-BR","potentialAction":[{"@type":"ReadAction","target":["https:\/\/www.manaus.am.gov.br\/semcom\/obras-do-conjunto-habitacional-no-parque-das-tribos\/"]}]},{"@type":"ImageObject","inLanguage":"pt-BR","@id":"https:\/\/www.manaus.am.gov.br\/semcom\/obras-do-conjunto-habitacional-no-parque-das-tribos\/#primaryimage","url":"https:\/\/www.manaus.am.gov.br\/semcom\/wp-content\/uploads\/sites\/5\/2025\/03\/54422975634_4907a58ff0_c.jpg","contentUrl":"https:\/\/www.manaus.am.gov.br\/semcom\/wp-content\/uploads\/sites\/5\/2025\/03\/54422975634_4907a58ff0_c.jpg","width":799,"height":533},{"@type":"WebSite","@id":"https:\/\/www.manaus.am.gov.br\/semcom\/#website","url":"https:\/\/www.manaus.am.gov.br\/semcom\/","name":"SEMCOM","description":"Secretaria Municipal de Comunica\u00e7\u00e3o","potentialAction":[{"@type":"SearchAction","target":{"@type":"EntryPoint","urlTemplate":"https:\/\/www.manaus.am.gov.br\/semcom\/?s={search_term_string}"},"query-input":"required name=search_term_string"}],"inLanguage":"pt-BR"},{"@type":"Person","@id":"https:\/\/www.manaus.am.gov.br\/semcom\/#\/schema\/person\/466a0e03ae4b6062809046bd560ac955","name":"bvalente","image":{"@type":"ImageObject","inLanguage":"pt-BR","@id":"https:\/\/www.manaus.am.gov.br\/semcom\/#\/schema\/person\/image\/","url":"https:\/\/secure.gravatar.com\/avatar\/3e69bc2b014bdad41adfec3a39de07d2?s=96&d=mm&r=g","contentUrl":"https:\/\/secure.gravatar.com\/avatar\/3e69bc2b014bdad41adfec3a39de07d2?s=96&d=mm&r=g","caption":"bvalente"}}]}},"_links":{"self":[{"href":"https:\/\/www.manaus.am.gov.br\/semcom\/wp-json\/wp\/v2\/posts\/236906"}],"collection":[{"href":"https:\/\/www.manaus.am.gov.br\/semcom\/wp-json\/wp\/v2\/posts"}],"about":[{"href":"https:\/\/www.manaus.am.gov.br\/semcom\/wp-json\/wp\/v2\/types\/post"}],"author":[{"embeddable":true,"href":"https:\/\/www.manaus.am.gov.br\/semcom\/wp-json\/wp\/v2\/users\/68"}],"replies":[{"embeddable":true,"href":"https:\/\/www.manaus.am.gov.br\/semcom\/wp-json\/wp\/v2\/comments?post=236906"}],"version-history":[{"count":3,"href":"https:\/\/www.manaus.am.gov.br\/semcom\/wp-json\/wp\/v2\/posts\/236906\/revisions"}],"predecessor-version":[{"id":236911,"href":"https:\/\/www.manaus.am.gov.br\/semcom\/wp-json\/wp\/v2\/posts\/236906\/revisions\/236911"}],"wp:featuredmedia":[{"embeddable":true,"href":"https:\/\/www.manaus.am.gov.br\/semcom\/wp-json\/wp\/v2\/media\/236908"}],"wp:attachment":[{"href":"https:\/\/www.manaus.am.gov.br\/semcom\/wp-json\/wp\/v2\/media?parent=236906"}],"wp:term":[{"taxonomy":"category","embeddable":true,"href":"https:\/\/www.manaus.am.gov.br\/semcom\/wp-json\/wp\/v2\/categories?post=236906"},{"taxonomy":"post_tag","embeddable":true,"href":"https:\/\/www.manaus.am.gov.br\/semcom\/wp-json\/wp\/v2\/tags?post=236906"}],"curies":[{"name":"wp","href":"https:\/\/api.w.org\/{rel}","templated":true}]}}