{"id":236802,"date":"2025-03-29T13:15:23","date_gmt":"2025-03-29T17:15:23","guid":{"rendered":"https:\/\/www.manaus.am.gov.br\/semcom\/demolicao-administrativa-ocupacao-taruma\/"},"modified":"2025-03-29T16:10:00","modified_gmt":"2025-03-29T19:10:00","slug":"demolicao-administrativa-ocupacao-taruma","status":"publish","type":"post","link":"https:\/\/www.manaus.am.gov.br\/semcom\/demolicao-administrativa-ocupacao-taruma\/","title":{"rendered":"Prefeitura atua com demoli\u00e7\u00e3o administrativa em in\u00edcio de ocupa\u00e7\u00e3o em \u00c1rea de Preserva\u00e7\u00e3o Permanente no Tarum\u00e3"},"content":{"rendered":"\n<p>O in\u00edcio de uma constru\u00e7\u00e3o irregular em uma \u00c1rea de Preserva\u00e7\u00e3o Permanente (APP) no Tarum\u00e3, zona Oeste, foi alvo de uma demoli\u00e7\u00e3o administrativa, da Prefeitura de Manaus, nesta sexta-feira, 28\/3, de forma preventiva, para impedir que ocorra mais destrui\u00e7\u00e3o ambiental, al\u00e9m de ser uma obra n\u00e3o pass\u00edvel de regulariza\u00e7\u00e3o nos \u00f3rg\u00e3os licenciadores.<\/p>\n\n\n\n<p>Mesmo orientados sobre a proibi\u00e7\u00e3o de ocupa\u00e7\u00e3o em \u00e1reas de APP, que configura crimes federal e municipal, inclusive, moradores insistiram em seguir com a obra, passando a ocupar uma grande \u00e1rea do entorno do lago, n\u00e3o deixando outra solu\u00e7\u00e3o para os \u00f3rg\u00e3os municipais a n\u00e3o ser a demoli\u00e7\u00e3o administrativa.<\/p>\n\n\n\n<p>A prefeitura refor\u00e7a que tal local n\u00e3o permite regulariza\u00e7\u00e3o de qualquer tipo de mobili\u00e1rio no local e que a fun\u00e7\u00e3o da \u00e1rea \u00e9 justamente de garantir a preserva\u00e7\u00e3o ambiental, devendo o espa\u00e7o ser conservado e at\u00e9 mesmo estimulado a ter mais planta\u00e7\u00f5es de \u00e1rvores, mudas frut\u00edferas ou vegeta\u00e7\u00e3o para sua prote\u00e7\u00e3o.<\/p>\n\n\n\n<p>Segundo o agente de Defesa Ambiental da Secretaria Municipal de Meio Ambiente, Sustentabilidade e Mudan\u00e7a do&nbsp;Clima&nbsp;(SemmasClima), Ronivaldo Abucater, os ocupantes est\u00e3o infringindo gravemente a lei 605\/2001, o C\u00f3digo Ambiental de Manaus, especialmente seu art. 9: &#8220;praticar a\u00e7\u00f5es que causem polui\u00e7\u00e3o ou degrada\u00e7\u00e3o ambiental, em \u00e1reas de preserva\u00e7\u00e3o permanente e Unidades de Conserva\u00e7\u00e3o&#8221;, estando sujeitos a multas e infra\u00e7\u00f5es de gradua\u00e7\u00e3o grav\u00edssima, com multas que variam de 501 a 100 mil UFMs.<\/p>\n\n\n\n<p>&#8220;Foram demolidas cerca de 65 estruturas, entre madeira e alvenaria, em uma \u00e1rea de preserva\u00e7\u00e3o. Ap\u00f3s a constru\u00e7\u00e3o naquele ambiente, se teriam dejetos, lixo e res\u00edduos, seriam jogados na lagoa, que tem peixes e uma fauna pr\u00f3pria, como gar\u00e7as e outros animais. N\u00e3o se pode construir nada fixo, apenas cuidar, mesmo que a \u00e1rea tenha um propriet\u00e1rio&#8221;, comentou.<\/p>\n\n\n\n<p>Para o vice-presidente do Instituto Municipal de Planejamento Urbano (Implurb), Ant\u00f4nio Peixoto, a constru\u00e7\u00e3o estava em est\u00e1gio inicial, de alicerces e levantamento paredes, e n\u00e3o havia nenhuma atividade ou funcionamento ocorrendo no local. Durante a semana, o propriet\u00e1rio do lote e um grupo de moradores foram recebidos no \u00f3rg\u00e3o municipal e orientados a n\u00e3o seguir com qualquer constru\u00e7\u00e3o no local, justamente por se tratar de uma APP. A Semmasclima fez notifica\u00e7\u00f5es e como as pessoas seguiram com a obra ilegal, foi montada uma a\u00e7\u00e3o de demoli\u00e7\u00e3o administrativa.<\/p>\n\n\n\n<p>&#8220;N\u00e3o \u00e9 poss\u00edvel fazer a regulariza\u00e7\u00e3o desta obra em \u00e1rea de APP, ainda que seja uma \u00e1rea particular. Nem o particular conseguiria licenciar do ponto de vista legal. O m\u00e1ximo que se pode fazer \u00e9 plantar \u00e1rvores e fazer a preserva\u00e7\u00e3o, \u00e0s margens de uma lagoa. Recebemos a comiss\u00e3o e eles foram orientados e informados. A demoli\u00e7\u00e3o administrativa \u00e9 um recurso previsto no Plano Diretor, pelo C\u00f3digo de Obras. E pode ocorrer antes que se consolide uma ocupa\u00e7\u00e3o, como foi o caso. N\u00e3o tinha nada funcionando, nem cobertura das estruturas. A prefeitura, com suas secretarias, veio e cumpriu com seu papel, n\u00e3o permitindo uma constru\u00e7\u00e3o em \u00e1rea de APP, n\u00e3o permitindo uma ilegalidade e um crime ambiental&#8221;, explicou Peixoto.<\/p>\n\n\n\n<p>O vice-presidente lembrou ainda que o Poder P\u00fablico \u00e9 acusado de omiss\u00e3o e responde judicialmente por isso, em diversas vezes, pela permiss\u00e3o ao deixar seguir constru\u00e7\u00f5es em \u00e1reas irregulares.<\/p>\n\n\n\n<p>&#8220;Se a gente permitir isso, podemos ser chamados de omissos. Que n\u00e3o agiu, que viu pessoas fazendo ocupa\u00e7\u00f5es e permitiu. Essa \u00e9 a imagem e o&nbsp;hist\u00f3rico do Poder P\u00fablico de ser permissivo com ocupa\u00e7\u00f5es ilegais. Por outro lado, quando a prefeitura realiza uma a\u00e7\u00e3o dessa, recebe manifesta\u00e7\u00e3o contr\u00e1ria. Sabemos que tem trabalhadores aqui, buscando meios de renda, a gente entende. S\u00f3 que eles est\u00e3o empreendendo em um local que n\u00e3o \u00e9 permitido nenhuma constru\u00e7\u00e3o, mas precisamos agir conforme a lei&#8221;, acrescentou.<\/p>\n\n\n\n<p>Al\u00e9m do CCC, Semmasclima&nbsp;e&nbsp;Implurb, a\u00e7\u00e3o tamb\u00e9m contou com a participa\u00e7\u00e3o das secretarias municipais de Limpeza Urbana (Semulsp), de Agricultura, Abastecimento, Centro e Com\u00e9rcio Informal (Semacc), e de Seguran\u00e7a P\u00fablica e Defesa Social (Semseg), com apoio do Instituto Municipal de Mobilidade Urbana (IMMU), da Guarda Municipal e da Ronda Ostensiva Municipal (Romu), al\u00e9m da concession\u00e1ria Amazonas Energia.<\/p>\n\n\n\n<p>&#8220;Antes&nbsp;de&nbsp;construir&nbsp;em qualquer \u00e1rea da cidade \u00e9 preciso ter a documenta\u00e7\u00e3o do im\u00f3vel, a posse de um t\u00edtulo, e buscar a prefeitura, por meio do&nbsp;Implurb, para regulariza\u00e7\u00e3o da obra e garantia de seguran\u00e7a&#8221;, destaca a chefe da Divis\u00e3o de Controle (Dicon), Maria Aparecida Froz.<\/p>\n\n\n\n<figure class=\"wp-block-image size-large\"><img loading=\"lazy\" decoding=\"async\" width=\"1024\" height=\"768\" src=\"https:\/\/www.manaus.am.gov.br\/semcom\/wp-content\/uploads\/sites\/5\/2025\/03\/Acao-7-1024x768.jpeg\" alt=\"\" class=\"wp-image-236811\" srcset=\"https:\/\/www.manaus.am.gov.br\/semcom\/wp-content\/uploads\/sites\/5\/2025\/03\/Acao-7-1024x768.jpeg 1024w, https:\/\/www.manaus.am.gov.br\/semcom\/wp-content\/uploads\/sites\/5\/2025\/03\/Acao-7-300x225.jpeg 300w, https:\/\/www.manaus.am.gov.br\/semcom\/wp-content\/uploads\/sites\/5\/2025\/03\/Acao-7-768x576.jpeg 768w, https:\/\/www.manaus.am.gov.br\/semcom\/wp-content\/uploads\/sites\/5\/2025\/03\/Acao-7-1536x1152.jpeg 1536w, https:\/\/www.manaus.am.gov.br\/semcom\/wp-content\/uploads\/sites\/5\/2025\/03\/Acao-7.jpeg 1600w\" sizes=\"(max-width: 1024px) 100vw, 1024px\" \/><\/figure>\n\n\n\n<p><strong>C\u00f3digo de Obras<\/strong><\/p>\n\n\n\n<p>Para garantir o ordenamento p\u00fablico, o&nbsp;Implurb&nbsp;usa o C\u00f3digo de Obras e Edifica\u00e7\u00f5es de Manaus, a lei complementar 003\/2014. A&nbsp;demoli\u00e7\u00e3o&nbsp;administrativa \u00e9 prevista no artigo 40, parcial ou total, de obra ou edifica\u00e7\u00e3o, quando a constru\u00e7\u00e3o apresentar incompatibilidade com a legisla\u00e7\u00e3o vigente que n\u00e3o admita regulariza\u00e7\u00e3o; risco para a seguran\u00e7a p\u00fablica que, no caso de sua imin\u00eancia, implicar\u00e1 o seu cumprimento imediato; obra ou edifica\u00e7\u00e3o executada em \u00e1rea ou logradouro p\u00fablico.<\/p>\n\n\n\n<p>&#8212; &#8212; &#8212;<\/p>\n\n\n\n<p><strong>Texto e fotos<\/strong>&nbsp;\u2013 Divulga\u00e7\u00e3o\/Implurb<\/p>\n","protected":false},"excerpt":{"rendered":"","protected":false},"author":39,"featured_media":236804,"comment_status":"closed","ping_status":"closed","sticky":false,"template":"","format":"standard","meta":{"footnotes":""},"categories":[5701],"tags":[5936,14132,65,2889,77,2531],"acf":[],"yoast_head":"<!-- This site is optimized with the Yoast SEO plugin v23.0 - https:\/\/yoast.com\/wordpress\/plugins\/seo\/ -->\n<title>Demoli\u00e7\u00e3o administrativa em ocupa\u00e7\u00e3o em APP no Tarum\u00e3<\/title>\n<meta name=\"description\" content=\"Prefeitura atua com demoli\u00e7\u00e3o administrativa em in\u00edcio de ocupa\u00e7\u00e3o em \u00c1rea de Preserva\u00e7\u00e3o Permanente no Tarum\u00e3.\" \/>\n<meta name=\"robots\" content=\"index, follow, max-snippet:-1, max-image-preview:large, max-video-preview:-1\" \/>\n<link rel=\"canonical\" href=\"https:\/\/www.manaus.am.gov.br\/semcom\/demolicao-administrativa-ocupacao-taruma\/\" \/>\n<meta property=\"og:locale\" content=\"pt_BR\" \/>\n<meta property=\"og:type\" content=\"article\" \/>\n<meta property=\"og:title\" content=\"Demoli\u00e7\u00e3o administrativa em ocupa\u00e7\u00e3o em APP no Tarum\u00e3\" \/>\n<meta property=\"og:description\" content=\"Prefeitura atua com demoli\u00e7\u00e3o administrativa em in\u00edcio de ocupa\u00e7\u00e3o em \u00c1rea de Preserva\u00e7\u00e3o Permanente no Tarum\u00e3.\" \/>\n<meta property=\"og:url\" content=\"https:\/\/www.manaus.am.gov.br\/semcom\/demolicao-administrativa-ocupacao-taruma\/\" \/>\n<meta property=\"og:site_name\" content=\"SEMCOM\" \/>\n<meta property=\"article:published_time\" content=\"2025-03-29T17:15:23+00:00\" \/>\n<meta property=\"article:modified_time\" content=\"2025-03-29T19:10:00+00:00\" \/>\n<meta property=\"og:image\" content=\"https:\/\/www.manaus.am.gov.br\/semcom\/wp-content\/uploads\/sites\/5\/2025\/03\/taruma25.jpg\" \/>\n\t<meta property=\"og:image:width\" content=\"4032\" \/>\n\t<meta property=\"og:image:height\" content=\"3024\" \/>\n\t<meta property=\"og:image:type\" content=\"image\/jpeg\" \/>\n<meta name=\"author\" content=\"Bruna Greco\" \/>\n<meta name=\"twitter:card\" content=\"summary_large_image\" \/>\n<meta name=\"twitter:label1\" content=\"Written by\" \/>\n\t<meta name=\"twitter:data1\" content=\"Bruna Greco\" \/>\n\t<meta name=\"twitter:label2\" content=\"Est. reading time\" \/>\n\t<meta name=\"twitter:data2\" content=\"5 minutos\" \/>\n<script type=\"application\/ld+json\" class=\"yoast-schema-graph\">{\"@context\":\"https:\/\/schema.org\",\"@graph\":[{\"@type\":\"WebPage\",\"@id\":\"https:\/\/www.manaus.am.gov.br\/semcom\/demolicao-administrativa-ocupacao-taruma\/\",\"url\":\"https:\/\/www.manaus.am.gov.br\/semcom\/demolicao-administrativa-ocupacao-taruma\/\",\"name\":\"Demoli\u00e7\u00e3o administrativa em ocupa\u00e7\u00e3o em APP no Tarum\u00e3\",\"isPartOf\":{\"@id\":\"https:\/\/www.manaus.am.gov.br\/semcom\/#website\"},\"primaryImageOfPage\":{\"@id\":\"https:\/\/www.manaus.am.gov.br\/semcom\/demolicao-administrativa-ocupacao-taruma\/#primaryimage\"},\"image\":{\"@id\":\"https:\/\/www.manaus.am.gov.br\/semcom\/demolicao-administrativa-ocupacao-taruma\/#primaryimage\"},\"thumbnailUrl\":\"https:\/\/www.manaus.am.gov.br\/semcom\/wp-content\/uploads\/sites\/5\/2025\/03\/taruma25.jpg\",\"datePublished\":\"2025-03-29T17:15:23+00:00\",\"dateModified\":\"2025-03-29T19:10:00+00:00\",\"author\":{\"@id\":\"https:\/\/www.manaus.am.gov.br\/semcom\/#\/schema\/person\/05d223aea2bf115f9883a6ff3683d81b\"},\"description\":\"Prefeitura atua com demoli\u00e7\u00e3o administrativa em in\u00edcio de ocupa\u00e7\u00e3o em \u00c1rea de Preserva\u00e7\u00e3o Permanente no Tarum\u00e3.\",\"inLanguage\":\"pt-BR\",\"potentialAction\":[{\"@type\":\"ReadAction\",\"target\":[\"https:\/\/www.manaus.am.gov.br\/semcom\/demolicao-administrativa-ocupacao-taruma\/\"]}]},{\"@type\":\"ImageObject\",\"inLanguage\":\"pt-BR\",\"@id\":\"https:\/\/www.manaus.am.gov.br\/semcom\/demolicao-administrativa-ocupacao-taruma\/#primaryimage\",\"url\":\"https:\/\/www.manaus.am.gov.br\/semcom\/wp-content\/uploads\/sites\/5\/2025\/03\/taruma25.jpg\",\"contentUrl\":\"https:\/\/www.manaus.am.gov.br\/semcom\/wp-content\/uploads\/sites\/5\/2025\/03\/taruma25.jpg\",\"width\":4032,\"height\":3024,\"caption\":\"Demoli\u00e7\u00e3o\"},{\"@type\":\"WebSite\",\"@id\":\"https:\/\/www.manaus.am.gov.br\/semcom\/#website\",\"url\":\"https:\/\/www.manaus.am.gov.br\/semcom\/\",\"name\":\"SEMCOM\",\"description\":\"Secretaria Municipal de Comunica\u00e7\u00e3o\",\"potentialAction\":[{\"@type\":\"SearchAction\",\"target\":{\"@type\":\"EntryPoint\",\"urlTemplate\":\"https:\/\/www.manaus.am.gov.br\/semcom\/?s={search_term_string}\"},\"query-input\":\"required name=search_term_string\"}],\"inLanguage\":\"pt-BR\"},{\"@type\":\"Person\",\"@id\":\"https:\/\/www.manaus.am.gov.br\/semcom\/#\/schema\/person\/05d223aea2bf115f9883a6ff3683d81b\",\"name\":\"Bruna Greco\",\"image\":{\"@type\":\"ImageObject\",\"inLanguage\":\"pt-BR\",\"@id\":\"https:\/\/www.manaus.am.gov.br\/semcom\/#\/schema\/person\/image\/\",\"url\":\"https:\/\/secure.gravatar.com\/avatar\/9c877d1a6adc2a055330e5c09a8653ce?s=96&d=mm&r=g\",\"contentUrl\":\"https:\/\/secure.gravatar.com\/avatar\/9c877d1a6adc2a055330e5c09a8653ce?s=96&d=mm&r=g\",\"caption\":\"Bruna Greco\"}}]}<\/script>\n<!-- \/ Yoast SEO plugin. -->","yoast_head_json":{"title":"Demoli\u00e7\u00e3o administrativa em ocupa\u00e7\u00e3o em APP no Tarum\u00e3","description":"Prefeitura atua com demoli\u00e7\u00e3o administrativa em in\u00edcio de ocupa\u00e7\u00e3o em \u00c1rea de Preserva\u00e7\u00e3o Permanente no Tarum\u00e3.","robots":{"index":"index","follow":"follow","max-snippet":"max-snippet:-1","max-image-preview":"max-image-preview:large","max-video-preview":"max-video-preview:-1"},"canonical":"https:\/\/www.manaus.am.gov.br\/semcom\/demolicao-administrativa-ocupacao-taruma\/","og_locale":"pt_BR","og_type":"article","og_title":"Demoli\u00e7\u00e3o administrativa em ocupa\u00e7\u00e3o em APP no Tarum\u00e3","og_description":"Prefeitura atua com demoli\u00e7\u00e3o administrativa em in\u00edcio de ocupa\u00e7\u00e3o em \u00c1rea de Preserva\u00e7\u00e3o Permanente no Tarum\u00e3.","og_url":"https:\/\/www.manaus.am.gov.br\/semcom\/demolicao-administrativa-ocupacao-taruma\/","og_site_name":"SEMCOM","article_published_time":"2025-03-29T17:15:23+00:00","article_modified_time":"2025-03-29T19:10:00+00:00","og_image":[{"width":4032,"height":3024,"url":"https:\/\/www.manaus.am.gov.br\/semcom\/wp-content\/uploads\/sites\/5\/2025\/03\/taruma25.jpg","type":"image\/jpeg"}],"author":"Bruna Greco","twitter_card":"summary_large_image","twitter_misc":{"Written by":"Bruna Greco","Est. reading time":"5 minutos"},"schema":{"@context":"https:\/\/schema.org","@graph":[{"@type":"WebPage","@id":"https:\/\/www.manaus.am.gov.br\/semcom\/demolicao-administrativa-ocupacao-taruma\/","url":"https:\/\/www.manaus.am.gov.br\/semcom\/demolicao-administrativa-ocupacao-taruma\/","name":"Demoli\u00e7\u00e3o administrativa em ocupa\u00e7\u00e3o em APP no Tarum\u00e3","isPartOf":{"@id":"https:\/\/www.manaus.am.gov.br\/semcom\/#website"},"primaryImageOfPage":{"@id":"https:\/\/www.manaus.am.gov.br\/semcom\/demolicao-administrativa-ocupacao-taruma\/#primaryimage"},"image":{"@id":"https:\/\/www.manaus.am.gov.br\/semcom\/demolicao-administrativa-ocupacao-taruma\/#primaryimage"},"thumbnailUrl":"https:\/\/www.manaus.am.gov.br\/semcom\/wp-content\/uploads\/sites\/5\/2025\/03\/taruma25.jpg","datePublished":"2025-03-29T17:15:23+00:00","dateModified":"2025-03-29T19:10:00+00:00","author":{"@id":"https:\/\/www.manaus.am.gov.br\/semcom\/#\/schema\/person\/05d223aea2bf115f9883a6ff3683d81b"},"description":"Prefeitura atua com demoli\u00e7\u00e3o administrativa em in\u00edcio de ocupa\u00e7\u00e3o em \u00c1rea de Preserva\u00e7\u00e3o Permanente no Tarum\u00e3.","inLanguage":"pt-BR","potentialAction":[{"@type":"ReadAction","target":["https:\/\/www.manaus.am.gov.br\/semcom\/demolicao-administrativa-ocupacao-taruma\/"]}]},{"@type":"ImageObject","inLanguage":"pt-BR","@id":"https:\/\/www.manaus.am.gov.br\/semcom\/demolicao-administrativa-ocupacao-taruma\/#primaryimage","url":"https:\/\/www.manaus.am.gov.br\/semcom\/wp-content\/uploads\/sites\/5\/2025\/03\/taruma25.jpg","contentUrl":"https:\/\/www.manaus.am.gov.br\/semcom\/wp-content\/uploads\/sites\/5\/2025\/03\/taruma25.jpg","width":4032,"height":3024,"caption":"Demoli\u00e7\u00e3o"},{"@type":"WebSite","@id":"https:\/\/www.manaus.am.gov.br\/semcom\/#website","url":"https:\/\/www.manaus.am.gov.br\/semcom\/","name":"SEMCOM","description":"Secretaria Municipal de Comunica\u00e7\u00e3o","potentialAction":[{"@type":"SearchAction","target":{"@type":"EntryPoint","urlTemplate":"https:\/\/www.manaus.am.gov.br\/semcom\/?s={search_term_string}"},"query-input":"required name=search_term_string"}],"inLanguage":"pt-BR"},{"@type":"Person","@id":"https:\/\/www.manaus.am.gov.br\/semcom\/#\/schema\/person\/05d223aea2bf115f9883a6ff3683d81b","name":"Bruna Greco","image":{"@type":"ImageObject","inLanguage":"pt-BR","@id":"https:\/\/www.manaus.am.gov.br\/semcom\/#\/schema\/person\/image\/","url":"https:\/\/secure.gravatar.com\/avatar\/9c877d1a6adc2a055330e5c09a8653ce?s=96&d=mm&r=g","contentUrl":"https:\/\/secure.gravatar.com\/avatar\/9c877d1a6adc2a055330e5c09a8653ce?s=96&d=mm&r=g","caption":"Bruna Greco"}}]}},"_links":{"self":[{"href":"https:\/\/www.manaus.am.gov.br\/semcom\/wp-json\/wp\/v2\/posts\/236802"}],"collection":[{"href":"https:\/\/www.manaus.am.gov.br\/semcom\/wp-json\/wp\/v2\/posts"}],"about":[{"href":"https:\/\/www.manaus.am.gov.br\/semcom\/wp-json\/wp\/v2\/types\/post"}],"author":[{"embeddable":true,"href":"https:\/\/www.manaus.am.gov.br\/semcom\/wp-json\/wp\/v2\/users\/39"}],"replies":[{"embeddable":true,"href":"https:\/\/www.manaus.am.gov.br\/semcom\/wp-json\/wp\/v2\/comments?post=236802"}],"version-history":[{"count":11,"href":"https:\/\/www.manaus.am.gov.br\/semcom\/wp-json\/wp\/v2\/posts\/236802\/revisions"}],"predecessor-version":[{"id":236816,"href":"https:\/\/www.manaus.am.gov.br\/semcom\/wp-json\/wp\/v2\/posts\/236802\/revisions\/236816"}],"wp:featuredmedia":[{"embeddable":true,"href":"https:\/\/www.manaus.am.gov.br\/semcom\/wp-json\/wp\/v2\/media\/236804"}],"wp:attachment":[{"href":"https:\/\/www.manaus.am.gov.br\/semcom\/wp-json\/wp\/v2\/media?parent=236802"}],"wp:term":[{"taxonomy":"category","embeddable":true,"href":"https:\/\/www.manaus.am.gov.br\/semcom\/wp-json\/wp\/v2\/categories?post=236802"},{"taxonomy":"post_tag","embeddable":true,"href":"https:\/\/www.manaus.am.gov.br\/semcom\/wp-json\/wp\/v2\/tags?post=236802"}],"curies":[{"name":"wp","href":"https:\/\/api.w.org\/{rel}","templated":true}]}}