{"id":236760,"date":"2025-03-28T14:44:44","date_gmt":"2025-03-28T17:44:44","guid":{"rendered":"https:\/\/www.manaus.am.gov.br\/semcom\/prefeitura-semed-saladerecursos\/"},"modified":"2025-03-28T14:44:45","modified_gmt":"2025-03-28T17:44:45","slug":"prefeitura-semed-saladerecursos","status":"publish","type":"post","link":"https:\/\/www.manaus.am.gov.br\/semcom\/prefeitura-semed-saladerecursos\/","title":{"rendered":"Prefeitura de Manaus inaugura 10\u00aa sala de recursos em creche da rede municipal"},"content":{"rendered":"\n<p>Com o objetivo de oferecer apoio especializado aos alunos com necessidades educacionais espec\u00edficas, a Prefeitura de Manaus, por meio da Secretaria Municipal de Educa\u00e7\u00e3o (Semed), inaugurou, nesta sexta-feira, 28\/3, a sala de recursos da creche municipal Gabriel Corr\u00eaa Pedrosa, no bairro Compensa, zona Oeste. O evento marca a entrega da d\u00e9cima estrutura do tipo em uma creche da rede de ensino municipal.<\/p>\n\n\n\n<p>A sala de recursos atende, inicialmente, um total de seis alunos com Transtorno do Espectro Autista (TEA), por meio de estrat\u00e9gias pedag\u00f3gicas diferenciadas e materiais adaptados, promovendo a inclus\u00e3o e o pleno crescimento de cada estudante. Al\u00e9m disso, tem como objetivo estimular a autonomia dos alunos e facilitar a integra\u00e7\u00e3o com os demais colegas nas atividades escolares.<\/p>\n\n\n\n<p>De acordo com a gerente da Educa\u00e7\u00e3o Especial da Semed, Amanda Macanoni, a sala de recursos \u00e9 fundamental para o atendimento dos estudantes da educa\u00e7\u00e3o especial, uma vez que trabalha as habilidades do aluno para inclus\u00e3o e o desenvolvimento dos estudantes.<\/p>\n\n\n\n<p>\u201cAtualmente, a Semed conta com 221 salas de recursos em toda a rede municipal. Funciona como base da inclus\u00e3o, onde acontece o Atendimento Educacional Especializado (AEE), e as creches tamb\u00e9m est\u00e3o sendo contempladas com esse importante servi\u00e7o\u201d, afirmou Macanoni.<\/p>\n\n\n\n<p>Para Luana Cordeiro, m\u00e3e at\u00edpica da estudante Jasmine Lorrane, do maternal 3, a inaugura\u00e7\u00e3o do espa\u00e7o \u00e9 motivo de felicidade, uma vez que tem observado o avan\u00e7o&nbsp;e a independ\u00eancia da filha.<\/p>\n\n\n\n<p>\u201cA minha filha ama vir para a creche todos os dias. Aqui, ela est\u00e1 evoluindo no processo de desfralde, o que em casa n\u00e3o estava conseguindo. Para mim, isso j\u00e1 \u00e9 um grande avan\u00e7o. Agrade\u00e7o \u00e0 Semed por essa oportunidade, por esta creche e por todo o apoio que tem recebido. Esta sala de recursos vai fazer toda a diferen\u00e7a no desenvolvimento dela e estou muito feliz por isso\u201d, comentou Luana.<\/p>\n\n\n\n<p>A professora Elenilza Oliveira, respons\u00e1vel por atender os seis alunos com TEA, destaca o avan\u00e7o na educa\u00e7\u00e3o inclusiva. \u201cAs crian\u00e7as est\u00e3o, aos poucos, conseguindo desenvolver habilidades e potencialidades, que \u00e9 o principal objetivo da sala de recursos. Estou muito feliz e animada com a inaugura\u00e7\u00e3o deste espa\u00e7o. Aqui, vamos poder trabalhar, de forma mais individualizada, com estrat\u00e9gias pedag\u00f3gicas adaptadas para cada aluno, respeitando necessidades e ajudando no seu desenvolvimento\u201d, contou a professora.<\/p>\n\n\n\n<p>&#8211; &#8211; &#8211;<\/p>\n\n\n\n<p><strong>Texto\u00a0<\/strong>&#8211; Thalia Rodrigues \/Semed<\/p>\n\n\n\n<p><strong>Fotos\u00a0<\/strong>&#8211; Ulisson Santos\/Semed<\/p>\n\n\n\n<p><strong>Dispon\u00edveis em\u00a0<\/strong>&#8211;\u00a0<a href=\"https:\/\/flic.kr\/s\/aHBqjC786S\" target=\"_blank\" rel=\"noreferrer noopener\">https:\/\/flic.kr\/s\/aHBqjC786S<\/a><\/p>\n","protected":false},"excerpt":{"rendered":"","protected":false},"author":23,"featured_media":236761,"comment_status":"closed","ping_status":"closed","sticky":false,"template":"","format":"standard","meta":{"footnotes":""},"categories":[1625],"tags":[12896,1671,77,14113,62],"acf":[],"yoast_head":"<!-- This site is optimized with the Yoast SEO plugin v23.0 - https:\/\/yoast.com\/wordpress\/plugins\/seo\/ -->\n<title>Prefeitura de Manaus inaugura 10\u00aa sala de recursos em creche da rede municipal<\/title>\n<meta name=\"description\" content=\"Com o objetivo de oferecer apoio especializado aos alunos com necessidades educacionais espec\u00edficas, a Prefeitura de Manaus, por meio da Secretaria Municipal de Educa\u00e7\u00e3o (Semed), inaugurou, nesta sexta-feira, 28\/3, a sala de recursos da creche municipal Gabriel Corr\u00eaa Pedrosa, no bairro Compensa, zona Oeste\" \/>\n<meta name=\"robots\" content=\"index, follow, max-snippet:-1, max-image-preview:large, max-video-preview:-1\" \/>\n<link rel=\"canonical\" href=\"https:\/\/www.manaus.am.gov.br\/semcom\/prefeitura-semed-saladerecursos\/\" \/>\n<meta property=\"og:locale\" content=\"pt_BR\" \/>\n<meta property=\"og:type\" content=\"article\" \/>\n<meta property=\"og:title\" content=\"Prefeitura de Manaus inaugura 10\u00aa sala de recursos em creche da rede municipal\" \/>\n<meta property=\"og:description\" content=\"Com o objetivo de oferecer apoio especializado aos alunos com necessidades educacionais espec\u00edficas, a Prefeitura de Manaus, por meio da Secretaria Municipal de Educa\u00e7\u00e3o (Semed), inaugurou, nesta sexta-feira, 28\/3, a sala de recursos da creche municipal Gabriel Corr\u00eaa Pedrosa, no bairro Compensa, zona Oeste\" \/>\n<meta property=\"og:url\" content=\"https:\/\/www.manaus.am.gov.br\/semcom\/prefeitura-semed-saladerecursos\/\" \/>\n<meta property=\"og:site_name\" content=\"SEMCOM\" \/>\n<meta property=\"article:published_time\" content=\"2025-03-28T17:44:44+00:00\" \/>\n<meta property=\"article:modified_time\" content=\"2025-03-28T17:44:45+00:00\" \/>\n<meta property=\"og:image\" content=\"https:\/\/www.manaus.am.gov.br\/semcom\/wp-content\/uploads\/sites\/5\/2025\/03\/54414793112_3e75b9ae5f_c.jpg\" \/>\n\t<meta property=\"og:image:width\" content=\"799\" \/>\n\t<meta property=\"og:image:height\" content=\"533\" \/>\n\t<meta property=\"og:image:type\" content=\"image\/jpeg\" \/>\n<meta name=\"author\" content=\"Adriana Costa\" \/>\n<meta name=\"twitter:card\" content=\"summary_large_image\" \/>\n<meta name=\"twitter:label1\" content=\"Written by\" \/>\n\t<meta name=\"twitter:data1\" content=\"Adriana Costa\" \/>\n\t<meta name=\"twitter:label2\" content=\"Est. reading time\" \/>\n\t<meta name=\"twitter:data2\" content=\"3 minutos\" \/>\n<script type=\"application\/ld+json\" class=\"yoast-schema-graph\">{\"@context\":\"https:\/\/schema.org\",\"@graph\":[{\"@type\":\"WebPage\",\"@id\":\"https:\/\/www.manaus.am.gov.br\/semcom\/prefeitura-semed-saladerecursos\/\",\"url\":\"https:\/\/www.manaus.am.gov.br\/semcom\/prefeitura-semed-saladerecursos\/\",\"name\":\"Prefeitura de Manaus inaugura 10\u00aa sala de recursos em creche da rede municipal\",\"isPartOf\":{\"@id\":\"https:\/\/www.manaus.am.gov.br\/semcom\/#website\"},\"primaryImageOfPage\":{\"@id\":\"https:\/\/www.manaus.am.gov.br\/semcom\/prefeitura-semed-saladerecursos\/#primaryimage\"},\"image\":{\"@id\":\"https:\/\/www.manaus.am.gov.br\/semcom\/prefeitura-semed-saladerecursos\/#primaryimage\"},\"thumbnailUrl\":\"https:\/\/www.manaus.am.gov.br\/semcom\/wp-content\/uploads\/sites\/5\/2025\/03\/54414793112_3e75b9ae5f_c.jpg\",\"datePublished\":\"2025-03-28T17:44:44+00:00\",\"dateModified\":\"2025-03-28T17:44:45+00:00\",\"author\":{\"@id\":\"https:\/\/www.manaus.am.gov.br\/semcom\/#\/schema\/person\/4e49f4e267757a06ca072ec61b2b9968\"},\"description\":\"Com o objetivo de oferecer apoio especializado aos alunos com necessidades educacionais espec\u00edficas, a Prefeitura de Manaus, por meio da Secretaria Municipal de Educa\u00e7\u00e3o (Semed), inaugurou, nesta sexta-feira, 28\/3, a sala de recursos da creche municipal Gabriel Corr\u00eaa Pedrosa, no bairro Compensa, zona Oeste\",\"inLanguage\":\"pt-BR\",\"potentialAction\":[{\"@type\":\"ReadAction\",\"target\":[\"https:\/\/www.manaus.am.gov.br\/semcom\/prefeitura-semed-saladerecursos\/\"]}]},{\"@type\":\"ImageObject\",\"inLanguage\":\"pt-BR\",\"@id\":\"https:\/\/www.manaus.am.gov.br\/semcom\/prefeitura-semed-saladerecursos\/#primaryimage\",\"url\":\"https:\/\/www.manaus.am.gov.br\/semcom\/wp-content\/uploads\/sites\/5\/2025\/03\/54414793112_3e75b9ae5f_c.jpg\",\"contentUrl\":\"https:\/\/www.manaus.am.gov.br\/semcom\/wp-content\/uploads\/sites\/5\/2025\/03\/54414793112_3e75b9ae5f_c.jpg\",\"width\":799,\"height\":533},{\"@type\":\"WebSite\",\"@id\":\"https:\/\/www.manaus.am.gov.br\/semcom\/#website\",\"url\":\"https:\/\/www.manaus.am.gov.br\/semcom\/\",\"name\":\"SEMCOM\",\"description\":\"Secretaria Municipal de Comunica\u00e7\u00e3o\",\"potentialAction\":[{\"@type\":\"SearchAction\",\"target\":{\"@type\":\"EntryPoint\",\"urlTemplate\":\"https:\/\/www.manaus.am.gov.br\/semcom\/?s={search_term_string}\"},\"query-input\":\"required name=search_term_string\"}],\"inLanguage\":\"pt-BR\"},{\"@type\":\"Person\",\"@id\":\"https:\/\/www.manaus.am.gov.br\/semcom\/#\/schema\/person\/4e49f4e267757a06ca072ec61b2b9968\",\"name\":\"Adriana Costa\",\"image\":{\"@type\":\"ImageObject\",\"inLanguage\":\"pt-BR\",\"@id\":\"https:\/\/www.manaus.am.gov.br\/semcom\/#\/schema\/person\/image\/\",\"url\":\"https:\/\/secure.gravatar.com\/avatar\/576258617ef7194f718179e766d57bd4?s=96&d=mm&r=g\",\"contentUrl\":\"https:\/\/secure.gravatar.com\/avatar\/576258617ef7194f718179e766d57bd4?s=96&d=mm&r=g\",\"caption\":\"Adriana Costa\"}}]}<\/script>\n<!-- \/ Yoast SEO plugin. -->","yoast_head_json":{"title":"Prefeitura de Manaus inaugura 10\u00aa sala de recursos em creche da rede municipal","description":"Com o objetivo de oferecer apoio especializado aos alunos com necessidades educacionais espec\u00edficas, a Prefeitura de Manaus, por meio da Secretaria Municipal de Educa\u00e7\u00e3o (Semed), inaugurou, nesta sexta-feira, 28\/3, a sala de recursos da creche municipal Gabriel Corr\u00eaa Pedrosa, no bairro Compensa, zona Oeste","robots":{"index":"index","follow":"follow","max-snippet":"max-snippet:-1","max-image-preview":"max-image-preview:large","max-video-preview":"max-video-preview:-1"},"canonical":"https:\/\/www.manaus.am.gov.br\/semcom\/prefeitura-semed-saladerecursos\/","og_locale":"pt_BR","og_type":"article","og_title":"Prefeitura de Manaus inaugura 10\u00aa sala de recursos em creche da rede municipal","og_description":"Com o objetivo de oferecer apoio especializado aos alunos com necessidades educacionais espec\u00edficas, a Prefeitura de Manaus, por meio da Secretaria Municipal de Educa\u00e7\u00e3o (Semed), inaugurou, nesta sexta-feira, 28\/3, a sala de recursos da creche municipal Gabriel Corr\u00eaa Pedrosa, no bairro Compensa, zona Oeste","og_url":"https:\/\/www.manaus.am.gov.br\/semcom\/prefeitura-semed-saladerecursos\/","og_site_name":"SEMCOM","article_published_time":"2025-03-28T17:44:44+00:00","article_modified_time":"2025-03-28T17:44:45+00:00","og_image":[{"width":799,"height":533,"url":"https:\/\/www.manaus.am.gov.br\/semcom\/wp-content\/uploads\/sites\/5\/2025\/03\/54414793112_3e75b9ae5f_c.jpg","type":"image\/jpeg"}],"author":"Adriana Costa","twitter_card":"summary_large_image","twitter_misc":{"Written by":"Adriana Costa","Est. reading time":"3 minutos"},"schema":{"@context":"https:\/\/schema.org","@graph":[{"@type":"WebPage","@id":"https:\/\/www.manaus.am.gov.br\/semcom\/prefeitura-semed-saladerecursos\/","url":"https:\/\/www.manaus.am.gov.br\/semcom\/prefeitura-semed-saladerecursos\/","name":"Prefeitura de Manaus inaugura 10\u00aa sala de recursos em creche da rede municipal","isPartOf":{"@id":"https:\/\/www.manaus.am.gov.br\/semcom\/#website"},"primaryImageOfPage":{"@id":"https:\/\/www.manaus.am.gov.br\/semcom\/prefeitura-semed-saladerecursos\/#primaryimage"},"image":{"@id":"https:\/\/www.manaus.am.gov.br\/semcom\/prefeitura-semed-saladerecursos\/#primaryimage"},"thumbnailUrl":"https:\/\/www.manaus.am.gov.br\/semcom\/wp-content\/uploads\/sites\/5\/2025\/03\/54414793112_3e75b9ae5f_c.jpg","datePublished":"2025-03-28T17:44:44+00:00","dateModified":"2025-03-28T17:44:45+00:00","author":{"@id":"https:\/\/www.manaus.am.gov.br\/semcom\/#\/schema\/person\/4e49f4e267757a06ca072ec61b2b9968"},"description":"Com o objetivo de oferecer apoio especializado aos alunos com necessidades educacionais espec\u00edficas, a Prefeitura de Manaus, por meio da Secretaria Municipal de Educa\u00e7\u00e3o (Semed), inaugurou, nesta sexta-feira, 28\/3, a sala de recursos da creche municipal Gabriel Corr\u00eaa Pedrosa, no bairro Compensa, zona Oeste","inLanguage":"pt-BR","potentialAction":[{"@type":"ReadAction","target":["https:\/\/www.manaus.am.gov.br\/semcom\/prefeitura-semed-saladerecursos\/"]}]},{"@type":"ImageObject","inLanguage":"pt-BR","@id":"https:\/\/www.manaus.am.gov.br\/semcom\/prefeitura-semed-saladerecursos\/#primaryimage","url":"https:\/\/www.manaus.am.gov.br\/semcom\/wp-content\/uploads\/sites\/5\/2025\/03\/54414793112_3e75b9ae5f_c.jpg","contentUrl":"https:\/\/www.manaus.am.gov.br\/semcom\/wp-content\/uploads\/sites\/5\/2025\/03\/54414793112_3e75b9ae5f_c.jpg","width":799,"height":533},{"@type":"WebSite","@id":"https:\/\/www.manaus.am.gov.br\/semcom\/#website","url":"https:\/\/www.manaus.am.gov.br\/semcom\/","name":"SEMCOM","description":"Secretaria Municipal de Comunica\u00e7\u00e3o","potentialAction":[{"@type":"SearchAction","target":{"@type":"EntryPoint","urlTemplate":"https:\/\/www.manaus.am.gov.br\/semcom\/?s={search_term_string}"},"query-input":"required name=search_term_string"}],"inLanguage":"pt-BR"},{"@type":"Person","@id":"https:\/\/www.manaus.am.gov.br\/semcom\/#\/schema\/person\/4e49f4e267757a06ca072ec61b2b9968","name":"Adriana Costa","image":{"@type":"ImageObject","inLanguage":"pt-BR","@id":"https:\/\/www.manaus.am.gov.br\/semcom\/#\/schema\/person\/image\/","url":"https:\/\/secure.gravatar.com\/avatar\/576258617ef7194f718179e766d57bd4?s=96&d=mm&r=g","contentUrl":"https:\/\/secure.gravatar.com\/avatar\/576258617ef7194f718179e766d57bd4?s=96&d=mm&r=g","caption":"Adriana Costa"}}]}},"_links":{"self":[{"href":"https:\/\/www.manaus.am.gov.br\/semcom\/wp-json\/wp\/v2\/posts\/236760"}],"collection":[{"href":"https:\/\/www.manaus.am.gov.br\/semcom\/wp-json\/wp\/v2\/posts"}],"about":[{"href":"https:\/\/www.manaus.am.gov.br\/semcom\/wp-json\/wp\/v2\/types\/post"}],"author":[{"embeddable":true,"href":"https:\/\/www.manaus.am.gov.br\/semcom\/wp-json\/wp\/v2\/users\/23"}],"replies":[{"embeddable":true,"href":"https:\/\/www.manaus.am.gov.br\/semcom\/wp-json\/wp\/v2\/comments?post=236760"}],"version-history":[{"count":0,"href":"https:\/\/www.manaus.am.gov.br\/semcom\/wp-json\/wp\/v2\/posts\/236760\/revisions"}],"wp:featuredmedia":[{"embeddable":true,"href":"https:\/\/www.manaus.am.gov.br\/semcom\/wp-json\/wp\/v2\/media\/236761"}],"wp:attachment":[{"href":"https:\/\/www.manaus.am.gov.br\/semcom\/wp-json\/wp\/v2\/media?parent=236760"}],"wp:term":[{"taxonomy":"category","embeddable":true,"href":"https:\/\/www.manaus.am.gov.br\/semcom\/wp-json\/wp\/v2\/categories?post=236760"},{"taxonomy":"post_tag","embeddable":true,"href":"https:\/\/www.manaus.am.gov.br\/semcom\/wp-json\/wp\/v2\/tags?post=236760"}],"curies":[{"name":"wp","href":"https:\/\/api.w.org\/{rel}","templated":true}]}}