{"id":236595,"date":"2025-03-25T15:34:46","date_gmt":"2025-03-25T19:34:46","guid":{"rendered":"https:\/\/www.manaus.am.gov.br\/semcom\/recursos-para-novos-investimentos\/"},"modified":"2025-03-25T15:34:46","modified_gmt":"2025-03-25T19:34:46","slug":"recursos-para-novos-investimentos","status":"publish","type":"post","link":"https:\/\/www.manaus.am.gov.br\/semcom\/recursos-para-novos-investimentos\/","title":{"rendered":"Prefeitura de Manaus ter\u00e1 recursos para novos investimentos em infraestrutura, sa\u00fade, educa\u00e7\u00e3o e mobilidade urbana na capital"},"content":{"rendered":"\n<p>Foi aprovado, nesta ter\u00e7a-feira, 25\/3, na C\u00e2mara Municipal de Manaus (CMM), o Projeto de Lei n\u00ba 118\/2025, que autoriza o Poder Executivo a contratar opera\u00e7\u00f5es de cr\u00e9dito com institui\u00e7\u00f5es financeiras nacionais, com a garantia da Uni\u00e3o. O valor das opera\u00e7\u00f5es de cr\u00e9dito solicitadas \u00e9 de at\u00e9 R$ 2,5 bilh\u00f5es que ser\u00e3o usados entre 2025 e 2028, abrangendo um per\u00edodo de quatro anos, destinados \u00e0 infraestrutura, sa\u00fade, educa\u00e7\u00e3o e mobilidade urbana na capital. O PL segue agora para a san\u00e7\u00e3o do prefeito de Manaus.<\/p>\n\n\n\n<p>O prefeito David Almeida destacou como esse valor ser\u00e1 utilizado em diferentes linhas de frente em benef\u00edcio para Manaus e todos os que vivem e moram na cidade.<\/p>\n\n\n\n<p>\u201cCom essa aprova\u00e7\u00e3o de hoje, quem ganha \u00e9 a popula\u00e7\u00e3o. Estamos adquirindo agora um empr\u00e9stimo para utilizarmos em quatro anos, o que torna os juros mais baixos. Este ano, o nosso saldo \u00e9 de R$ 500 milh\u00f5es. Esses recursos v\u00e3o servir para que n\u00f3s possamos fazer o Hospital Municipal Dia, a Cidade do Autista, parte do parque Encontro das \u00c1guas e o alargamento das avenidas Andr\u00e9 Ara\u00fajo, Para\u00edba e Djalma Batista\u201d, enfatizou.&nbsp;<\/p>\n\n\n\n<p>Ainda de acordo com o chefe do Executivo municipal, os recursos do empr\u00e9stimo tamb\u00e9m ser\u00e3o utilizados para interligar a avenida Max Teixeira e Turismo, al\u00e9m de pagamento das obras de reforma e constru\u00e7\u00e3o de Unidades B\u00e1sicas de Sa\u00fade (UBSs).<br><\/p>\n\n\n\n<figure class=\"wp-block-image size-large\"><img loading=\"lazy\" decoding=\"async\" width=\"1024\" height=\"682\" src=\"https:\/\/www.manaus.am.gov.br\/semcom\/wp-content\/uploads\/sites\/5\/2025\/03\/Prefeitura-de-Manaus-tera-recursos-para-novos-investimentos-em-infraestrutura-saude-educacao-e-mobilidade-urbana-na-capital-2-1024x682.jpeg\" alt=\"\" class=\"wp-image-236597\" srcset=\"https:\/\/www.manaus.am.gov.br\/semcom\/wp-content\/uploads\/sites\/5\/2025\/03\/Prefeitura-de-Manaus-tera-recursos-para-novos-investimentos-em-infraestrutura-saude-educacao-e-mobilidade-urbana-na-capital-2-1024x682.jpeg 1024w, https:\/\/www.manaus.am.gov.br\/semcom\/wp-content\/uploads\/sites\/5\/2025\/03\/Prefeitura-de-Manaus-tera-recursos-para-novos-investimentos-em-infraestrutura-saude-educacao-e-mobilidade-urbana-na-capital-2-300x200.jpeg 300w, https:\/\/www.manaus.am.gov.br\/semcom\/wp-content\/uploads\/sites\/5\/2025\/03\/Prefeitura-de-Manaus-tera-recursos-para-novos-investimentos-em-infraestrutura-saude-educacao-e-mobilidade-urbana-na-capital-2-768x512.jpeg 768w, https:\/\/www.manaus.am.gov.br\/semcom\/wp-content\/uploads\/sites\/5\/2025\/03\/Prefeitura-de-Manaus-tera-recursos-para-novos-investimentos-em-infraestrutura-saude-educacao-e-mobilidade-urbana-na-capital-2-1536x1024.jpeg 1536w, https:\/\/www.manaus.am.gov.br\/semcom\/wp-content\/uploads\/sites\/5\/2025\/03\/Prefeitura-de-Manaus-tera-recursos-para-novos-investimentos-em-infraestrutura-saude-educacao-e-mobilidade-urbana-na-capital-2-2048x1365.jpeg 2048w\" sizes=\"(max-width: 1024px) 100vw, 1024px\" \/><\/figure>\n\n\n\n<p>Os recursos oriundos das contrata\u00e7\u00f5es de que trata o projeto de lei tamb\u00e9m poder\u00e3o ser destinados ao fortalecimento do Fundo Municipal de Desenvolvimento Urbano (FMDU); ao aporte ao Fundo Municipal de Habita\u00e7\u00e3o; aos investimentos nas \u00e1reas de Educa\u00e7\u00e3o, Ambiental, Turismo, Assist\u00eancia Social, Seguran\u00e7a P\u00fablica, Infraestrutura, Mobilidade Urbana, Esporte e Lazer e \u00e0 Moderniza\u00e7\u00e3o Fazend\u00e1ria.<br><\/p>\n\n\n\n<figure class=\"wp-block-image size-large\"><img loading=\"lazy\" decoding=\"async\" width=\"1024\" height=\"682\" src=\"https:\/\/www.manaus.am.gov.br\/semcom\/wp-content\/uploads\/sites\/5\/2025\/03\/Prefeitura-de-Manaus-tera-recursos-para-novos-investimentos-em-infraestrutura-saude-educacao-e-mobilidade-urbana-na-capital-5-1024x682.jpeg\" alt=\"\" class=\"wp-image-236596\" srcset=\"https:\/\/www.manaus.am.gov.br\/semcom\/wp-content\/uploads\/sites\/5\/2025\/03\/Prefeitura-de-Manaus-tera-recursos-para-novos-investimentos-em-infraestrutura-saude-educacao-e-mobilidade-urbana-na-capital-5-1024x682.jpeg 1024w, https:\/\/www.manaus.am.gov.br\/semcom\/wp-content\/uploads\/sites\/5\/2025\/03\/Prefeitura-de-Manaus-tera-recursos-para-novos-investimentos-em-infraestrutura-saude-educacao-e-mobilidade-urbana-na-capital-5-300x200.jpeg 300w, https:\/\/www.manaus.am.gov.br\/semcom\/wp-content\/uploads\/sites\/5\/2025\/03\/Prefeitura-de-Manaus-tera-recursos-para-novos-investimentos-em-infraestrutura-saude-educacao-e-mobilidade-urbana-na-capital-5-768x512.jpeg 768w, https:\/\/www.manaus.am.gov.br\/semcom\/wp-content\/uploads\/sites\/5\/2025\/03\/Prefeitura-de-Manaus-tera-recursos-para-novos-investimentos-em-infraestrutura-saude-educacao-e-mobilidade-urbana-na-capital-5-1536x1024.jpeg 1536w, https:\/\/www.manaus.am.gov.br\/semcom\/wp-content\/uploads\/sites\/5\/2025\/03\/Prefeitura-de-Manaus-tera-recursos-para-novos-investimentos-em-infraestrutura-saude-educacao-e-mobilidade-urbana-na-capital-5-2048x1365.jpeg 2048w\" sizes=\"(max-width: 1024px) 100vw, 1024px\" \/><\/figure>\n\n\n\n<p><strong>Amortiza\u00e7\u00e3o<\/strong><\/p>\n\n\n\n<p>Desde 2021, a Prefeitura de Manaus j\u00e1 amortizou mais de R$ 3 bilh\u00f5es em d\u00edvidas de gest\u00f5es anteriores. No mesmo per\u00edodo, a prefeitura contraiu o valor de R$ 2 bilh\u00f5es em d\u00edvidas, o que gera um saldo positivo de cerca de R$ 1 bilh\u00e3o.<\/p>\n\n\n\n<p>Segundo David Almeida, os R$ 3 bilh\u00f5es de d\u00edvidas quitadas o tornam o prefeito que mais pagou empr\u00e9stimos realizados por gest\u00f5es anteriores, sendo o que mais realizou investimentos, com diversas entregas \u00e0 popula\u00e7\u00e3o. \u201cA capital amazonense possui uma excelente sa\u00fade fiscal para pagamento e endividamento, de acordo com auditoria realizada pela Firjan &#8211; Federa\u00e7\u00e3o das Ind\u00fastrias do Estado do Rio de Janeiro\u201d.&nbsp;<\/p>\n\n\n\n<p>Nesse ranking nacional, Manaus ocupa o segundo lugar na lista, atr\u00e1s somente de Salvador (BA), e \u00e0 frente de capitais como S\u00e3o Paulo (SP), Vit\u00f3ria (ES), Curitiba (PR), Recife (PE) e Aracaju (SE). O \u00edndice \u00e9 um estudo anual que analisa a situa\u00e7\u00e3o fiscal de cada um dos mais de cinco mil munic\u00edpios brasileiros, por meio de quatro indicadores: autonomia, gastos com pessoal, liquidez e investimentos.<br><br>&#8212; &#8212; \u2013<br><strong>Texto<\/strong> \u2013 Divulga\u00e7\u00e3o\/Semcom<br><strong>Fotos<\/strong> \u2013 Arquivo\/Semcom<\/p>\n","protected":false},"excerpt":{"rendered":"","protected":false},"author":68,"featured_media":236598,"comment_status":"closed","ping_status":"closed","sticky":false,"template":"","format":"standard","meta":{"footnotes":""},"categories":[3177],"tags":[35,77,14041,453],"acf":[],"yoast_head":"<!-- This site is optimized with the Yoast SEO plugin v23.0 - https:\/\/yoast.com\/wordpress\/plugins\/seo\/ -->\n<title>Prefeitura de Manaus ter\u00e1 recursos para novos investimentos em infraestrutura, sa\u00fade, educa\u00e7\u00e3o e mobilidade urbana na capital<\/title>\n<meta name=\"description\" content=\"Foi aprovado, nesta ter\u00e7a-feira, 25\/3, na C\u00e2mara Municipal de Manaus (CMM), o Projeto de Lei n\u00ba 118\/2025, que autoriza o Poder Executivo a contratar opera\u00e7\u00f5es de cr\u00e9dito com institui\u00e7\u00f5es financeiras nacionais, com a garantia da Uni\u00e3o.\" \/>\n<meta name=\"robots\" content=\"index, follow, max-snippet:-1, max-image-preview:large, max-video-preview:-1\" \/>\n<link rel=\"canonical\" href=\"https:\/\/www.manaus.am.gov.br\/semcom\/recursos-para-novos-investimentos\/\" \/>\n<meta property=\"og:locale\" content=\"pt_BR\" \/>\n<meta property=\"og:type\" content=\"article\" \/>\n<meta property=\"og:title\" content=\"Prefeitura de Manaus ter\u00e1 recursos para novos investimentos em infraestrutura, sa\u00fade, educa\u00e7\u00e3o e mobilidade urbana na capital\" \/>\n<meta property=\"og:description\" content=\"Foi aprovado, nesta ter\u00e7a-feira, 25\/3, na C\u00e2mara Municipal de Manaus (CMM), o Projeto de Lei n\u00ba 118\/2025, que autoriza o Poder Executivo a contratar opera\u00e7\u00f5es de cr\u00e9dito com institui\u00e7\u00f5es financeiras nacionais, com a garantia da Uni\u00e3o.\" \/>\n<meta property=\"og:url\" content=\"https:\/\/www.manaus.am.gov.br\/semcom\/recursos-para-novos-investimentos\/\" \/>\n<meta property=\"og:site_name\" content=\"SEMCOM\" \/>\n<meta property=\"article:published_time\" content=\"2025-03-25T19:34:46+00:00\" \/>\n<meta property=\"og:image\" content=\"https:\/\/www.manaus.am.gov.br\/semcom\/wp-content\/uploads\/sites\/5\/2025\/03\/Prefeitura-de-Manaus-tera-recursos-para-novos-investimentos-em-infraestrutura-saude-educacao-e-mobilidade-urbana-na-capital-6.jpeg\" \/>\n\t<meta property=\"og:image:width\" content=\"2560\" \/>\n\t<meta property=\"og:image:height\" content=\"1706\" \/>\n\t<meta property=\"og:image:type\" content=\"image\/jpeg\" \/>\n<meta name=\"author\" content=\"bvalente\" \/>\n<meta name=\"twitter:card\" content=\"summary_large_image\" \/>\n<meta name=\"twitter:label1\" content=\"Written by\" \/>\n\t<meta name=\"twitter:data1\" content=\"bvalente\" \/>\n\t<meta name=\"twitter:label2\" content=\"Est. reading time\" \/>\n\t<meta name=\"twitter:data2\" content=\"4 minutos\" \/>\n<script type=\"application\/ld+json\" class=\"yoast-schema-graph\">{\"@context\":\"https:\/\/schema.org\",\"@graph\":[{\"@type\":\"WebPage\",\"@id\":\"https:\/\/www.manaus.am.gov.br\/semcom\/recursos-para-novos-investimentos\/\",\"url\":\"https:\/\/www.manaus.am.gov.br\/semcom\/recursos-para-novos-investimentos\/\",\"name\":\"Prefeitura de Manaus ter\u00e1 recursos para novos investimentos em infraestrutura, sa\u00fade, educa\u00e7\u00e3o e mobilidade urbana na capital\",\"isPartOf\":{\"@id\":\"https:\/\/www.manaus.am.gov.br\/semcom\/#website\"},\"primaryImageOfPage\":{\"@id\":\"https:\/\/www.manaus.am.gov.br\/semcom\/recursos-para-novos-investimentos\/#primaryimage\"},\"image\":{\"@id\":\"https:\/\/www.manaus.am.gov.br\/semcom\/recursos-para-novos-investimentos\/#primaryimage\"},\"thumbnailUrl\":\"https:\/\/www.manaus.am.gov.br\/semcom\/wp-content\/uploads\/sites\/5\/2025\/03\/Prefeitura-de-Manaus-tera-recursos-para-novos-investimentos-em-infraestrutura-saude-educacao-e-mobilidade-urbana-na-capital-6.jpeg\",\"datePublished\":\"2025-03-25T19:34:46+00:00\",\"dateModified\":\"2025-03-25T19:34:46+00:00\",\"author\":{\"@id\":\"https:\/\/www.manaus.am.gov.br\/semcom\/#\/schema\/person\/466a0e03ae4b6062809046bd560ac955\"},\"description\":\"Foi aprovado, nesta ter\u00e7a-feira, 25\/3, na C\u00e2mara Municipal de Manaus (CMM), o Projeto de Lei n\u00ba 118\/2025, que autoriza o Poder Executivo a contratar opera\u00e7\u00f5es de cr\u00e9dito com institui\u00e7\u00f5es financeiras nacionais, com a garantia da Uni\u00e3o.\",\"inLanguage\":\"pt-BR\",\"potentialAction\":[{\"@type\":\"ReadAction\",\"target\":[\"https:\/\/www.manaus.am.gov.br\/semcom\/recursos-para-novos-investimentos\/\"]}]},{\"@type\":\"ImageObject\",\"inLanguage\":\"pt-BR\",\"@id\":\"https:\/\/www.manaus.am.gov.br\/semcom\/recursos-para-novos-investimentos\/#primaryimage\",\"url\":\"https:\/\/www.manaus.am.gov.br\/semcom\/wp-content\/uploads\/sites\/5\/2025\/03\/Prefeitura-de-Manaus-tera-recursos-para-novos-investimentos-em-infraestrutura-saude-educacao-e-mobilidade-urbana-na-capital-6.jpeg\",\"contentUrl\":\"https:\/\/www.manaus.am.gov.br\/semcom\/wp-content\/uploads\/sites\/5\/2025\/03\/Prefeitura-de-Manaus-tera-recursos-para-novos-investimentos-em-infraestrutura-saude-educacao-e-mobilidade-urbana-na-capital-6.jpeg\",\"width\":2560,\"height\":1706},{\"@type\":\"WebSite\",\"@id\":\"https:\/\/www.manaus.am.gov.br\/semcom\/#website\",\"url\":\"https:\/\/www.manaus.am.gov.br\/semcom\/\",\"name\":\"SEMCOM\",\"description\":\"Secretaria Municipal de Comunica\u00e7\u00e3o\",\"potentialAction\":[{\"@type\":\"SearchAction\",\"target\":{\"@type\":\"EntryPoint\",\"urlTemplate\":\"https:\/\/www.manaus.am.gov.br\/semcom\/?s={search_term_string}\"},\"query-input\":\"required name=search_term_string\"}],\"inLanguage\":\"pt-BR\"},{\"@type\":\"Person\",\"@id\":\"https:\/\/www.manaus.am.gov.br\/semcom\/#\/schema\/person\/466a0e03ae4b6062809046bd560ac955\",\"name\":\"bvalente\",\"image\":{\"@type\":\"ImageObject\",\"inLanguage\":\"pt-BR\",\"@id\":\"https:\/\/www.manaus.am.gov.br\/semcom\/#\/schema\/person\/image\/\",\"url\":\"https:\/\/secure.gravatar.com\/avatar\/3e69bc2b014bdad41adfec3a39de07d2?s=96&d=mm&r=g\",\"contentUrl\":\"https:\/\/secure.gravatar.com\/avatar\/3e69bc2b014bdad41adfec3a39de07d2?s=96&d=mm&r=g\",\"caption\":\"bvalente\"}}]}<\/script>\n<!-- \/ Yoast SEO plugin. -->","yoast_head_json":{"title":"Prefeitura de Manaus ter\u00e1 recursos para novos investimentos em infraestrutura, sa\u00fade, educa\u00e7\u00e3o e mobilidade urbana na capital","description":"Foi aprovado, nesta ter\u00e7a-feira, 25\/3, na C\u00e2mara Municipal de Manaus (CMM), o Projeto de Lei n\u00ba 118\/2025, que autoriza o Poder Executivo a contratar opera\u00e7\u00f5es de cr\u00e9dito com institui\u00e7\u00f5es financeiras nacionais, com a garantia da Uni\u00e3o.","robots":{"index":"index","follow":"follow","max-snippet":"max-snippet:-1","max-image-preview":"max-image-preview:large","max-video-preview":"max-video-preview:-1"},"canonical":"https:\/\/www.manaus.am.gov.br\/semcom\/recursos-para-novos-investimentos\/","og_locale":"pt_BR","og_type":"article","og_title":"Prefeitura de Manaus ter\u00e1 recursos para novos investimentos em infraestrutura, sa\u00fade, educa\u00e7\u00e3o e mobilidade urbana na capital","og_description":"Foi aprovado, nesta ter\u00e7a-feira, 25\/3, na C\u00e2mara Municipal de Manaus (CMM), o Projeto de Lei n\u00ba 118\/2025, que autoriza o Poder Executivo a contratar opera\u00e7\u00f5es de cr\u00e9dito com institui\u00e7\u00f5es financeiras nacionais, com a garantia da Uni\u00e3o.","og_url":"https:\/\/www.manaus.am.gov.br\/semcom\/recursos-para-novos-investimentos\/","og_site_name":"SEMCOM","article_published_time":"2025-03-25T19:34:46+00:00","og_image":[{"width":2560,"height":1706,"url":"https:\/\/www.manaus.am.gov.br\/semcom\/wp-content\/uploads\/sites\/5\/2025\/03\/Prefeitura-de-Manaus-tera-recursos-para-novos-investimentos-em-infraestrutura-saude-educacao-e-mobilidade-urbana-na-capital-6.jpeg","type":"image\/jpeg"}],"author":"bvalente","twitter_card":"summary_large_image","twitter_misc":{"Written by":"bvalente","Est. reading time":"4 minutos"},"schema":{"@context":"https:\/\/schema.org","@graph":[{"@type":"WebPage","@id":"https:\/\/www.manaus.am.gov.br\/semcom\/recursos-para-novos-investimentos\/","url":"https:\/\/www.manaus.am.gov.br\/semcom\/recursos-para-novos-investimentos\/","name":"Prefeitura de Manaus ter\u00e1 recursos para novos investimentos em infraestrutura, sa\u00fade, educa\u00e7\u00e3o e mobilidade urbana na capital","isPartOf":{"@id":"https:\/\/www.manaus.am.gov.br\/semcom\/#website"},"primaryImageOfPage":{"@id":"https:\/\/www.manaus.am.gov.br\/semcom\/recursos-para-novos-investimentos\/#primaryimage"},"image":{"@id":"https:\/\/www.manaus.am.gov.br\/semcom\/recursos-para-novos-investimentos\/#primaryimage"},"thumbnailUrl":"https:\/\/www.manaus.am.gov.br\/semcom\/wp-content\/uploads\/sites\/5\/2025\/03\/Prefeitura-de-Manaus-tera-recursos-para-novos-investimentos-em-infraestrutura-saude-educacao-e-mobilidade-urbana-na-capital-6.jpeg","datePublished":"2025-03-25T19:34:46+00:00","dateModified":"2025-03-25T19:34:46+00:00","author":{"@id":"https:\/\/www.manaus.am.gov.br\/semcom\/#\/schema\/person\/466a0e03ae4b6062809046bd560ac955"},"description":"Foi aprovado, nesta ter\u00e7a-feira, 25\/3, na C\u00e2mara Municipal de Manaus (CMM), o Projeto de Lei n\u00ba 118\/2025, que autoriza o Poder Executivo a contratar opera\u00e7\u00f5es de cr\u00e9dito com institui\u00e7\u00f5es financeiras nacionais, com a garantia da Uni\u00e3o.","inLanguage":"pt-BR","potentialAction":[{"@type":"ReadAction","target":["https:\/\/www.manaus.am.gov.br\/semcom\/recursos-para-novos-investimentos\/"]}]},{"@type":"ImageObject","inLanguage":"pt-BR","@id":"https:\/\/www.manaus.am.gov.br\/semcom\/recursos-para-novos-investimentos\/#primaryimage","url":"https:\/\/www.manaus.am.gov.br\/semcom\/wp-content\/uploads\/sites\/5\/2025\/03\/Prefeitura-de-Manaus-tera-recursos-para-novos-investimentos-em-infraestrutura-saude-educacao-e-mobilidade-urbana-na-capital-6.jpeg","contentUrl":"https:\/\/www.manaus.am.gov.br\/semcom\/wp-content\/uploads\/sites\/5\/2025\/03\/Prefeitura-de-Manaus-tera-recursos-para-novos-investimentos-em-infraestrutura-saude-educacao-e-mobilidade-urbana-na-capital-6.jpeg","width":2560,"height":1706},{"@type":"WebSite","@id":"https:\/\/www.manaus.am.gov.br\/semcom\/#website","url":"https:\/\/www.manaus.am.gov.br\/semcom\/","name":"SEMCOM","description":"Secretaria Municipal de Comunica\u00e7\u00e3o","potentialAction":[{"@type":"SearchAction","target":{"@type":"EntryPoint","urlTemplate":"https:\/\/www.manaus.am.gov.br\/semcom\/?s={search_term_string}"},"query-input":"required name=search_term_string"}],"inLanguage":"pt-BR"},{"@type":"Person","@id":"https:\/\/www.manaus.am.gov.br\/semcom\/#\/schema\/person\/466a0e03ae4b6062809046bd560ac955","name":"bvalente","image":{"@type":"ImageObject","inLanguage":"pt-BR","@id":"https:\/\/www.manaus.am.gov.br\/semcom\/#\/schema\/person\/image\/","url":"https:\/\/secure.gravatar.com\/avatar\/3e69bc2b014bdad41adfec3a39de07d2?s=96&d=mm&r=g","contentUrl":"https:\/\/secure.gravatar.com\/avatar\/3e69bc2b014bdad41adfec3a39de07d2?s=96&d=mm&r=g","caption":"bvalente"}}]}},"_links":{"self":[{"href":"https:\/\/www.manaus.am.gov.br\/semcom\/wp-json\/wp\/v2\/posts\/236595"}],"collection":[{"href":"https:\/\/www.manaus.am.gov.br\/semcom\/wp-json\/wp\/v2\/posts"}],"about":[{"href":"https:\/\/www.manaus.am.gov.br\/semcom\/wp-json\/wp\/v2\/types\/post"}],"author":[{"embeddable":true,"href":"https:\/\/www.manaus.am.gov.br\/semcom\/wp-json\/wp\/v2\/users\/68"}],"replies":[{"embeddable":true,"href":"https:\/\/www.manaus.am.gov.br\/semcom\/wp-json\/wp\/v2\/comments?post=236595"}],"version-history":[{"count":1,"href":"https:\/\/www.manaus.am.gov.br\/semcom\/wp-json\/wp\/v2\/posts\/236595\/revisions"}],"predecessor-version":[{"id":236599,"href":"https:\/\/www.manaus.am.gov.br\/semcom\/wp-json\/wp\/v2\/posts\/236595\/revisions\/236599"}],"wp:featuredmedia":[{"embeddable":true,"href":"https:\/\/www.manaus.am.gov.br\/semcom\/wp-json\/wp\/v2\/media\/236598"}],"wp:attachment":[{"href":"https:\/\/www.manaus.am.gov.br\/semcom\/wp-json\/wp\/v2\/media?parent=236595"}],"wp:term":[{"taxonomy":"category","embeddable":true,"href":"https:\/\/www.manaus.am.gov.br\/semcom\/wp-json\/wp\/v2\/categories?post=236595"},{"taxonomy":"post_tag","embeddable":true,"href":"https:\/\/www.manaus.am.gov.br\/semcom\/wp-json\/wp\/v2\/tags?post=236595"}],"curies":[{"name":"wp","href":"https:\/\/api.w.org\/{rel}","templated":true}]}}