{"id":236525,"date":"2025-03-24T16:03:09","date_gmt":"2025-03-24T19:03:09","guid":{"rendered":"https:\/\/www.manaus.am.gov.br\/semcom\/prefeitura-moderniza-feira-mundo-novo\/"},"modified":"2025-03-24T16:03:09","modified_gmt":"2025-03-24T19:03:09","slug":"prefeitura-moderniza-feira-mundo-novo","status":"publish","type":"post","link":"https:\/\/www.manaus.am.gov.br\/semcom\/prefeitura-moderniza-feira-mundo-novo\/","title":{"rendered":"Prefeitura de Manaus moderniza feira do Mundo Novo para melhorar condi\u00e7\u00f5es de trabalho e atendimento"},"content":{"rendered":"\n<p>A Prefeitura de Manaus, por meio da Secretaria Municipal de Agricultura, Abastecimento, Centro e Com\u00e9rcio Informal (Semacc), segue com as obras de revitaliza\u00e7\u00e3o da feira do Mundo Novo, localizada na zona Norte da capital. A reforma tem como objetivo modernizar o espa\u00e7o, garantindo mais organiza\u00e7\u00e3o e melhores condi\u00e7\u00f5es de trabalho para os feirantes e um ambiente mais confort\u00e1vel para os consumidores.<\/p>\n\n\n\n<p>Com investimento de R$ 550 mil, fruto de um conv\u00eanio entre a prefeitura e o governo do Estado, a obra, que tem previs\u00e3o de conclus\u00e3o para este semestre, inclui a cria\u00e7\u00e3o de novos boxes, moderniza\u00e7\u00e3o das instala\u00e7\u00f5es el\u00e9tricas, substitui\u00e7\u00e3o do telhado e do piso, troca da estrutura met\u00e1lica e pintura interna e externa.<\/p>\n\n\n\n<p>Segundo o secret\u00e1rio da Semacc, Wanderson Costa, as melhorias atendem \u00e0s necessidades apontadas pelos pr\u00f3prios trabalhadores.<\/p>\n\n\n\n<p>\u201cA feira est\u00e1 sendo reformada com muita responsabilidade, seguindo as demandas dos feirantes e da comunidade. A determina\u00e7\u00e3o do prefeito David Almeida \u00e9 garantir que esse espa\u00e7o realmente contribua para o fortalecimento do com\u00e9rcio local e seja um ambiente atrativo para todos\u201d, destacou Costa.<\/p>\n\n\n\n<p>Criada em 2000 por iniciativa dos moradores do bairro, a feira do Mundo Novo conta atualmente com 63 boxes e bancas, movimentando a economia local e gerando aproximadamente 170 empregos diretos e mais de mil indiretos.<\/p>\n\n\n\n<p>Para Francisco Lima, permission\u00e1rio da feira h\u00e1 mais de dez anos, a reforma representa um avan\u00e7o significativo para o setor.<\/p>\n\n\n\n<p>\u201cEssa melhoria era muito esperada por n\u00f3s. Com a nova estrutura, poderemos atender melhor nossos clientes e trabalhar com mais conforto e seguran\u00e7a\u201d, afirmou.<\/p>\n\n\n\n<p>Com as obras em andamento, a Prefeitura de Manaus refor\u00e7a seu compromisso com a valoriza\u00e7\u00e3o dos feirantes e a melhoria dos espa\u00e7os p\u00fablicos, promovendo mais qualidade e acessibilidade para comerciantes e consumidores.<\/p>\n\n\n\n<p><strong>Texto<\/strong> \u2013 Milton Bambo \/ Semacc<\/p>\n\n\n\n<p><strong>Fotos<\/strong> \u2013 Gildo Smith \/ Semacc<\/p>\n\n\n\n<p><strong>Dispon\u00edveis em<\/strong> &#8211; https:\/\/flic.kr\/s\/aHBqjC6xFM<\/p>\n","protected":false},"excerpt":{"rendered":"","protected":false},"author":25,"featured_media":236526,"comment_status":"closed","ping_status":"closed","sticky":false,"template":"","format":"standard","meta":{"footnotes":""},"categories":[27],"tags":[14018,942,55,97],"acf":[],"yoast_head":"<!-- This site is optimized with the Yoast SEO plugin v23.0 - https:\/\/yoast.com\/wordpress\/plugins\/seo\/ -->\n<title>Prefeitura moderniza feira do Mundo Novo para melhorar condi\u00e7\u00f5es de trabalho e atendimento<\/title>\n<meta name=\"description\" content=\"A Prefeitura de Manaus, por meio da Semacc, segue com as obras de revitaliza\u00e7\u00e3o da feira do Mundo Novo\" \/>\n<meta name=\"robots\" content=\"index, follow, max-snippet:-1, max-image-preview:large, max-video-preview:-1\" \/>\n<link rel=\"canonical\" href=\"https:\/\/www.manaus.am.gov.br\/semcom\/prefeitura-moderniza-feira-mundo-novo\/\" \/>\n<meta property=\"og:locale\" content=\"pt_BR\" \/>\n<meta property=\"og:type\" content=\"article\" \/>\n<meta property=\"og:title\" content=\"Prefeitura moderniza feira do Mundo Novo para melhorar condi\u00e7\u00f5es de trabalho e atendimento\" \/>\n<meta property=\"og:description\" content=\"A Prefeitura de Manaus, por meio da Semacc, segue com as obras de revitaliza\u00e7\u00e3o da feira do Mundo Novo\" \/>\n<meta property=\"og:url\" content=\"https:\/\/www.manaus.am.gov.br\/semcom\/prefeitura-moderniza-feira-mundo-novo\/\" \/>\n<meta property=\"og:site_name\" content=\"SEMCOM\" \/>\n<meta property=\"article:published_time\" content=\"2025-03-24T19:03:09+00:00\" \/>\n<meta property=\"og:image\" content=\"https:\/\/www.manaus.am.gov.br\/semcom\/wp-content\/uploads\/sites\/5\/2025\/03\/54408252525_98579feed9_c.jpg\" \/>\n\t<meta property=\"og:image:width\" content=\"800\" \/>\n\t<meta property=\"og:image:height\" content=\"600\" \/>\n\t<meta property=\"og:image:type\" content=\"image\/jpeg\" \/>\n<meta name=\"author\" content=\"Maur\u00edcio Freire\" \/>\n<meta name=\"twitter:card\" content=\"summary_large_image\" \/>\n<meta name=\"twitter:label1\" content=\"Written by\" \/>\n\t<meta name=\"twitter:data1\" content=\"Maur\u00edcio Freire\" \/>\n\t<meta name=\"twitter:label2\" content=\"Est. reading time\" \/>\n\t<meta name=\"twitter:data2\" content=\"2 minutos\" \/>\n<script type=\"application\/ld+json\" class=\"yoast-schema-graph\">{\"@context\":\"https:\/\/schema.org\",\"@graph\":[{\"@type\":\"WebPage\",\"@id\":\"https:\/\/www.manaus.am.gov.br\/semcom\/prefeitura-moderniza-feira-mundo-novo\/\",\"url\":\"https:\/\/www.manaus.am.gov.br\/semcom\/prefeitura-moderniza-feira-mundo-novo\/\",\"name\":\"Prefeitura moderniza feira do Mundo Novo para melhorar condi\u00e7\u00f5es de trabalho e atendimento\",\"isPartOf\":{\"@id\":\"https:\/\/www.manaus.am.gov.br\/semcom\/#website\"},\"primaryImageOfPage\":{\"@id\":\"https:\/\/www.manaus.am.gov.br\/semcom\/prefeitura-moderniza-feira-mundo-novo\/#primaryimage\"},\"image\":{\"@id\":\"https:\/\/www.manaus.am.gov.br\/semcom\/prefeitura-moderniza-feira-mundo-novo\/#primaryimage\"},\"thumbnailUrl\":\"https:\/\/www.manaus.am.gov.br\/semcom\/wp-content\/uploads\/sites\/5\/2025\/03\/54408252525_98579feed9_c.jpg\",\"datePublished\":\"2025-03-24T19:03:09+00:00\",\"dateModified\":\"2025-03-24T19:03:09+00:00\",\"author\":{\"@id\":\"https:\/\/www.manaus.am.gov.br\/semcom\/#\/schema\/person\/587989a23a463cde5618e6a028977a9a\"},\"description\":\"A Prefeitura de Manaus, por meio da Semacc, segue com as obras de revitaliza\u00e7\u00e3o da feira do Mundo Novo\",\"inLanguage\":\"pt-BR\",\"potentialAction\":[{\"@type\":\"ReadAction\",\"target\":[\"https:\/\/www.manaus.am.gov.br\/semcom\/prefeitura-moderniza-feira-mundo-novo\/\"]}]},{\"@type\":\"ImageObject\",\"inLanguage\":\"pt-BR\",\"@id\":\"https:\/\/www.manaus.am.gov.br\/semcom\/prefeitura-moderniza-feira-mundo-novo\/#primaryimage\",\"url\":\"https:\/\/www.manaus.am.gov.br\/semcom\/wp-content\/uploads\/sites\/5\/2025\/03\/54408252525_98579feed9_c.jpg\",\"contentUrl\":\"https:\/\/www.manaus.am.gov.br\/semcom\/wp-content\/uploads\/sites\/5\/2025\/03\/54408252525_98579feed9_c.jpg\",\"width\":800,\"height\":600,\"caption\":\"#paratodosverem trabalhador executando a obra de moderniza\u00e7\u00e3o da feira\"},{\"@type\":\"WebSite\",\"@id\":\"https:\/\/www.manaus.am.gov.br\/semcom\/#website\",\"url\":\"https:\/\/www.manaus.am.gov.br\/semcom\/\",\"name\":\"SEMCOM\",\"description\":\"Secretaria Municipal de Comunica\u00e7\u00e3o\",\"potentialAction\":[{\"@type\":\"SearchAction\",\"target\":{\"@type\":\"EntryPoint\",\"urlTemplate\":\"https:\/\/www.manaus.am.gov.br\/semcom\/?s={search_term_string}\"},\"query-input\":\"required name=search_term_string\"}],\"inLanguage\":\"pt-BR\"},{\"@type\":\"Person\",\"@id\":\"https:\/\/www.manaus.am.gov.br\/semcom\/#\/schema\/person\/587989a23a463cde5618e6a028977a9a\",\"name\":\"Maur\u00edcio Freire\",\"image\":{\"@type\":\"ImageObject\",\"inLanguage\":\"pt-BR\",\"@id\":\"https:\/\/www.manaus.am.gov.br\/semcom\/#\/schema\/person\/image\/\",\"url\":\"https:\/\/secure.gravatar.com\/avatar\/dc1481799a1f75c733ac3b2634cd6749?s=96&d=mm&r=g\",\"contentUrl\":\"https:\/\/secure.gravatar.com\/avatar\/dc1481799a1f75c733ac3b2634cd6749?s=96&d=mm&r=g\",\"caption\":\"Maur\u00edcio Freire\"}}]}<\/script>\n<!-- \/ Yoast SEO plugin. -->","yoast_head_json":{"title":"Prefeitura moderniza feira do Mundo Novo para melhorar condi\u00e7\u00f5es de trabalho e atendimento","description":"A Prefeitura de Manaus, por meio da Semacc, segue com as obras de revitaliza\u00e7\u00e3o da feira do Mundo Novo","robots":{"index":"index","follow":"follow","max-snippet":"max-snippet:-1","max-image-preview":"max-image-preview:large","max-video-preview":"max-video-preview:-1"},"canonical":"https:\/\/www.manaus.am.gov.br\/semcom\/prefeitura-moderniza-feira-mundo-novo\/","og_locale":"pt_BR","og_type":"article","og_title":"Prefeitura moderniza feira do Mundo Novo para melhorar condi\u00e7\u00f5es de trabalho e atendimento","og_description":"A Prefeitura de Manaus, por meio da Semacc, segue com as obras de revitaliza\u00e7\u00e3o da feira do Mundo Novo","og_url":"https:\/\/www.manaus.am.gov.br\/semcom\/prefeitura-moderniza-feira-mundo-novo\/","og_site_name":"SEMCOM","article_published_time":"2025-03-24T19:03:09+00:00","og_image":[{"width":800,"height":600,"url":"https:\/\/www.manaus.am.gov.br\/semcom\/wp-content\/uploads\/sites\/5\/2025\/03\/54408252525_98579feed9_c.jpg","type":"image\/jpeg"}],"author":"Maur\u00edcio Freire","twitter_card":"summary_large_image","twitter_misc":{"Written by":"Maur\u00edcio Freire","Est. reading time":"2 minutos"},"schema":{"@context":"https:\/\/schema.org","@graph":[{"@type":"WebPage","@id":"https:\/\/www.manaus.am.gov.br\/semcom\/prefeitura-moderniza-feira-mundo-novo\/","url":"https:\/\/www.manaus.am.gov.br\/semcom\/prefeitura-moderniza-feira-mundo-novo\/","name":"Prefeitura moderniza feira do Mundo Novo para melhorar condi\u00e7\u00f5es de trabalho e atendimento","isPartOf":{"@id":"https:\/\/www.manaus.am.gov.br\/semcom\/#website"},"primaryImageOfPage":{"@id":"https:\/\/www.manaus.am.gov.br\/semcom\/prefeitura-moderniza-feira-mundo-novo\/#primaryimage"},"image":{"@id":"https:\/\/www.manaus.am.gov.br\/semcom\/prefeitura-moderniza-feira-mundo-novo\/#primaryimage"},"thumbnailUrl":"https:\/\/www.manaus.am.gov.br\/semcom\/wp-content\/uploads\/sites\/5\/2025\/03\/54408252525_98579feed9_c.jpg","datePublished":"2025-03-24T19:03:09+00:00","dateModified":"2025-03-24T19:03:09+00:00","author":{"@id":"https:\/\/www.manaus.am.gov.br\/semcom\/#\/schema\/person\/587989a23a463cde5618e6a028977a9a"},"description":"A Prefeitura de Manaus, por meio da Semacc, segue com as obras de revitaliza\u00e7\u00e3o da feira do Mundo Novo","inLanguage":"pt-BR","potentialAction":[{"@type":"ReadAction","target":["https:\/\/www.manaus.am.gov.br\/semcom\/prefeitura-moderniza-feira-mundo-novo\/"]}]},{"@type":"ImageObject","inLanguage":"pt-BR","@id":"https:\/\/www.manaus.am.gov.br\/semcom\/prefeitura-moderniza-feira-mundo-novo\/#primaryimage","url":"https:\/\/www.manaus.am.gov.br\/semcom\/wp-content\/uploads\/sites\/5\/2025\/03\/54408252525_98579feed9_c.jpg","contentUrl":"https:\/\/www.manaus.am.gov.br\/semcom\/wp-content\/uploads\/sites\/5\/2025\/03\/54408252525_98579feed9_c.jpg","width":800,"height":600,"caption":"#paratodosverem trabalhador executando a obra de moderniza\u00e7\u00e3o da feira"},{"@type":"WebSite","@id":"https:\/\/www.manaus.am.gov.br\/semcom\/#website","url":"https:\/\/www.manaus.am.gov.br\/semcom\/","name":"SEMCOM","description":"Secretaria Municipal de Comunica\u00e7\u00e3o","potentialAction":[{"@type":"SearchAction","target":{"@type":"EntryPoint","urlTemplate":"https:\/\/www.manaus.am.gov.br\/semcom\/?s={search_term_string}"},"query-input":"required name=search_term_string"}],"inLanguage":"pt-BR"},{"@type":"Person","@id":"https:\/\/www.manaus.am.gov.br\/semcom\/#\/schema\/person\/587989a23a463cde5618e6a028977a9a","name":"Maur\u00edcio Freire","image":{"@type":"ImageObject","inLanguage":"pt-BR","@id":"https:\/\/www.manaus.am.gov.br\/semcom\/#\/schema\/person\/image\/","url":"https:\/\/secure.gravatar.com\/avatar\/dc1481799a1f75c733ac3b2634cd6749?s=96&d=mm&r=g","contentUrl":"https:\/\/secure.gravatar.com\/avatar\/dc1481799a1f75c733ac3b2634cd6749?s=96&d=mm&r=g","caption":"Maur\u00edcio Freire"}}]}},"_links":{"self":[{"href":"https:\/\/www.manaus.am.gov.br\/semcom\/wp-json\/wp\/v2\/posts\/236525"}],"collection":[{"href":"https:\/\/www.manaus.am.gov.br\/semcom\/wp-json\/wp\/v2\/posts"}],"about":[{"href":"https:\/\/www.manaus.am.gov.br\/semcom\/wp-json\/wp\/v2\/types\/post"}],"author":[{"embeddable":true,"href":"https:\/\/www.manaus.am.gov.br\/semcom\/wp-json\/wp\/v2\/users\/25"}],"replies":[{"embeddable":true,"href":"https:\/\/www.manaus.am.gov.br\/semcom\/wp-json\/wp\/v2\/comments?post=236525"}],"version-history":[{"count":0,"href":"https:\/\/www.manaus.am.gov.br\/semcom\/wp-json\/wp\/v2\/posts\/236525\/revisions"}],"wp:featuredmedia":[{"embeddable":true,"href":"https:\/\/www.manaus.am.gov.br\/semcom\/wp-json\/wp\/v2\/media\/236526"}],"wp:attachment":[{"href":"https:\/\/www.manaus.am.gov.br\/semcom\/wp-json\/wp\/v2\/media?parent=236525"}],"wp:term":[{"taxonomy":"category","embeddable":true,"href":"https:\/\/www.manaus.am.gov.br\/semcom\/wp-json\/wp\/v2\/categories?post=236525"},{"taxonomy":"post_tag","embeddable":true,"href":"https:\/\/www.manaus.am.gov.br\/semcom\/wp-json\/wp\/v2\/tags?post=236525"}],"curies":[{"name":"wp","href":"https:\/\/api.w.org\/{rel}","templated":true}]}}