{"id":236392,"date":"2025-03-20T19:59:36","date_gmt":"2025-03-20T22:59:36","guid":{"rendered":"https:\/\/www.manaus.am.gov.br\/semcom\/problemas-em-servicos-de-recomposicao-asfaltica\/"},"modified":"2025-03-20T19:59:37","modified_gmt":"2025-03-20T22:59:37","slug":"problemas-em-servicos-de-recomposicao-asfaltica","status":"publish","type":"post","link":"https:\/\/www.manaus.am.gov.br\/semcom\/problemas-em-servicos-de-recomposicao-asfaltica\/","title":{"rendered":"Ageman multa \u00c1guas de Manaus por problemas em servi\u00e7os de recomposi\u00e7\u00e3o asf\u00e1ltica nos conjuntos Manauense e Vieiralves"},"content":{"rendered":"\n<p>A m\u00e1 qualidade dos servi\u00e7os de recapeamento asf\u00e1ltico realizado pela empresa \u00c1guas de Manaus nas ruas e avenidas dos conjuntos Manauense e Vieiralves, no bairro Nossa Senhora das Gra\u00e7as, ap\u00f3s a implanta\u00e7\u00e3o das novas redes de esgotamento sanit\u00e1rio, levou a Ag\u00eancia Reguladora dos Servi\u00e7os P\u00fablicos Delegados do Munic\u00edpio de Manaus (Ageman) a multar a concession\u00e1ria em R$ 255,7 mil.<\/p>\n\n\n\n<p>Conforme o auto de infra\u00e7\u00e3o encaminhado \u00e0 empresa na manh\u00e3 desta quinta-feira, 20\/3, apesar da Ageman ter notificado anteriormente a concession\u00e1ria para que realizasse as corre\u00e7\u00f5es necess\u00e1rias no pavimento asf\u00e1ltico das vias, ap\u00f3s o assentamento das redes de esgotamento sanit\u00e1rio, a companhia n\u00e3o procedeu os reparos necess\u00e1rios.<\/p>\n\n\n\n<p>Equipes da Ageman realizaram vistorias nos dias 12, 17 e 18 de mar\u00e7o e identificaram a persist\u00eancia dos problemas, entre os mais comuns est\u00e3o fissuras, aus\u00eancia de recomposi\u00e7\u00e3o do asfalto e o afundamento do solo (recalque).<\/p>\n\n\n\n<p>O diretor-presidente da Ageman, Elson Andrade, destaca que o descumprimento dessas obriga\u00e7\u00f5es resulta em impactos negativos \u00e0 mobilidade urbana, ao meio ambiente e \u00e0 qualidade de vida da popula\u00e7\u00e3o, al\u00e9m de configurar afronta \u00e0s normas contratuais e regulat\u00f3rias vigentes, sobretudo referente a qualidade dos servi\u00e7os prestados.<\/p>\n\n\n\n<p>\u201cEstamos fiscalizando todas as \u00e1reas onde a concession\u00e1ria implantou as redes de esgotamento sanit\u00e1rio e n\u00e3o basta somente expandir o servi\u00e7o na cidade, essas obras precisam ter qualidade, e n\u00e3o \u00e9 isso que estamos vendo nas nossas vistorias. Estamos solicitando que a empresa fa\u00e7a as devidas corre\u00e7\u00f5es e nos casos em que ela n\u00e3o est\u00e1 procedendo da forma adequada, estamos multando e assim ser\u00e1 para todas as demais \u00e1reas da cidade\u201d, afirmou Elson.<\/p>\n\n\n\n<p>As vistorias da Ageman est\u00e3o ocorrendo todos os dias e em todas as zonas da cidade. O \u00f3rg\u00e3o regulador tem exigido da \u00c1guas de Manaus uma fiscaliza\u00e7\u00e3o rigorosa e o monitoramento cont\u00ednuo para evitar retrabalhos e custos adicionais, de forma que os servi\u00e7os&nbsp; atendam aos padr\u00f5es t\u00e9cnicos estabelecidos no \u201cManual de Procedimentos para recupera\u00e7\u00e3o das vias que sofreram interven\u00e7\u00e3o das concession\u00e1rias de servi\u00e7os p\u00fablicos\u201d, elaborado pela Secretaria Municipal de Infraestrutura (Seminf).<\/p>\n\n\n\n<p>A concession\u00e1ria tem 30 dias para pagar a multa ou 15 dias para apresentar recurso administrativo.<\/p>\n\n\n\n<p>A ag\u00eancia disponibiliza seus canais de divulga\u00e7\u00e3o para que os usu\u00e1rios reportem problemas relacionados a m\u00e1 qualidade dos servi\u00e7os de recomposi\u00e7\u00e3o asf\u00e1ltica das vias que receberam as novas redes de esgotamento sanit\u00e1rio. As reclama\u00e7\u00f5es podem ser registradas na Ouvidoria da Ageman pelo whatsapp 98842-2919 e 98410-3247. Al\u00e9m do e-mail <a href=\"mailto:ouvidoria.ageman2@gmail.com\">ouvidoria.ageman2@gmail.com<\/a> e ainda pelo 0800-092-3511.<\/p>\n\n\n\n<p>\u2014 \u2014 \u2014<br><strong>Texto &#8211; <\/strong>Tereza Te\u00f3filo \/ Ageman<br><strong>Fotos &#8211;<\/strong> Divulga\u00e7\u00e3o \/ Ageman<\/p>\n","protected":false},"excerpt":{"rendered":"","protected":false},"author":68,"featured_media":236393,"comment_status":"closed","ping_status":"closed","sticky":false,"template":"","format":"standard","meta":{"footnotes":""},"categories":[5701],"tags":[215,13965,13966,77],"acf":[],"yoast_head":"<!-- This site is optimized with the Yoast SEO plugin v23.0 - https:\/\/yoast.com\/wordpress\/plugins\/seo\/ -->\n<title>Ageman multa \u00c1guas de Manaus por problemas em servi\u00e7os de recomposi\u00e7\u00e3o asf\u00e1ltica nos conjuntos Manauense e Vieiralves<\/title>\n<meta name=\"description\" content=\"A m\u00e1 qualidade dos servi\u00e7os de recapeamento asf\u00e1ltico realizado pela empresa \u00c1guas de Manaus nas ruas e avenidas dos conjuntos Manauense e Vieiralves, no bairro Nossa Senhora das Gra\u00e7as, ap\u00f3s a implanta\u00e7\u00e3o das novas redes de esgotamento sanit\u00e1rio, levou a Ag\u00eancia Reguladora dos Servi\u00e7os P\u00fablicos Delegados do Munic\u00edpio de Manaus (Ageman) a multar a concession\u00e1ria em R$ 255,7 mil.\" \/>\n<meta name=\"robots\" content=\"index, follow, max-snippet:-1, max-image-preview:large, max-video-preview:-1\" \/>\n<link rel=\"canonical\" href=\"https:\/\/www.manaus.am.gov.br\/semcom\/problemas-em-servicos-de-recomposicao-asfaltica\/\" \/>\n<meta property=\"og:locale\" content=\"pt_BR\" \/>\n<meta property=\"og:type\" content=\"article\" \/>\n<meta property=\"og:title\" content=\"Ageman multa \u00c1guas de Manaus por problemas em servi\u00e7os de recomposi\u00e7\u00e3o asf\u00e1ltica nos conjuntos Manauense e Vieiralves\" \/>\n<meta property=\"og:description\" content=\"A m\u00e1 qualidade dos servi\u00e7os de recapeamento asf\u00e1ltico realizado pela empresa \u00c1guas de Manaus nas ruas e avenidas dos conjuntos Manauense e Vieiralves, no bairro Nossa Senhora das Gra\u00e7as, ap\u00f3s a implanta\u00e7\u00e3o das novas redes de esgotamento sanit\u00e1rio, levou a Ag\u00eancia Reguladora dos Servi\u00e7os P\u00fablicos Delegados do Munic\u00edpio de Manaus (Ageman) a multar a concession\u00e1ria em R$ 255,7 mil.\" \/>\n<meta property=\"og:url\" content=\"https:\/\/www.manaus.am.gov.br\/semcom\/problemas-em-servicos-de-recomposicao-asfaltica\/\" \/>\n<meta property=\"og:site_name\" content=\"SEMCOM\" \/>\n<meta property=\"article:published_time\" content=\"2025-03-20T22:59:36+00:00\" \/>\n<meta property=\"article:modified_time\" content=\"2025-03-20T22:59:37+00:00\" \/>\n<meta property=\"og:image\" content=\"https:\/\/www.manaus.am.gov.br\/semcom\/wp-content\/uploads\/sites\/5\/2025\/03\/WhatsApp-Image-2025-03-20-at-10.25.58.jpeg\" \/>\n\t<meta property=\"og:image:width\" content=\"4032\" \/>\n\t<meta property=\"og:image:height\" content=\"3024\" \/>\n\t<meta property=\"og:image:type\" content=\"image\/jpeg\" \/>\n<meta name=\"author\" content=\"bvalente\" \/>\n<meta name=\"twitter:card\" content=\"summary_large_image\" \/>\n<meta name=\"twitter:label1\" content=\"Written by\" \/>\n\t<meta name=\"twitter:data1\" content=\"bvalente\" \/>\n\t<meta name=\"twitter:label2\" content=\"Est. reading time\" \/>\n\t<meta name=\"twitter:data2\" content=\"3 minutos\" \/>\n<script type=\"application\/ld+json\" class=\"yoast-schema-graph\">{\"@context\":\"https:\/\/schema.org\",\"@graph\":[{\"@type\":\"WebPage\",\"@id\":\"https:\/\/www.manaus.am.gov.br\/semcom\/problemas-em-servicos-de-recomposicao-asfaltica\/\",\"url\":\"https:\/\/www.manaus.am.gov.br\/semcom\/problemas-em-servicos-de-recomposicao-asfaltica\/\",\"name\":\"Ageman multa \u00c1guas de Manaus por problemas em servi\u00e7os de recomposi\u00e7\u00e3o asf\u00e1ltica nos conjuntos Manauense e Vieiralves\",\"isPartOf\":{\"@id\":\"https:\/\/www.manaus.am.gov.br\/semcom\/#website\"},\"primaryImageOfPage\":{\"@id\":\"https:\/\/www.manaus.am.gov.br\/semcom\/problemas-em-servicos-de-recomposicao-asfaltica\/#primaryimage\"},\"image\":{\"@id\":\"https:\/\/www.manaus.am.gov.br\/semcom\/problemas-em-servicos-de-recomposicao-asfaltica\/#primaryimage\"},\"thumbnailUrl\":\"https:\/\/www.manaus.am.gov.br\/semcom\/wp-content\/uploads\/sites\/5\/2025\/03\/WhatsApp-Image-2025-03-20-at-10.25.58.jpeg\",\"datePublished\":\"2025-03-20T22:59:36+00:00\",\"dateModified\":\"2025-03-20T22:59:37+00:00\",\"author\":{\"@id\":\"https:\/\/www.manaus.am.gov.br\/semcom\/#\/schema\/person\/466a0e03ae4b6062809046bd560ac955\"},\"description\":\"A m\u00e1 qualidade dos servi\u00e7os de recapeamento asf\u00e1ltico realizado pela empresa \u00c1guas de Manaus nas ruas e avenidas dos conjuntos Manauense e Vieiralves, no bairro Nossa Senhora das Gra\u00e7as, ap\u00f3s a implanta\u00e7\u00e3o das novas redes de esgotamento sanit\u00e1rio, levou a Ag\u00eancia Reguladora dos Servi\u00e7os P\u00fablicos Delegados do Munic\u00edpio de Manaus (Ageman) a multar a concession\u00e1ria em R$ 255,7 mil.\",\"inLanguage\":\"pt-BR\",\"potentialAction\":[{\"@type\":\"ReadAction\",\"target\":[\"https:\/\/www.manaus.am.gov.br\/semcom\/problemas-em-servicos-de-recomposicao-asfaltica\/\"]}]},{\"@type\":\"ImageObject\",\"inLanguage\":\"pt-BR\",\"@id\":\"https:\/\/www.manaus.am.gov.br\/semcom\/problemas-em-servicos-de-recomposicao-asfaltica\/#primaryimage\",\"url\":\"https:\/\/www.manaus.am.gov.br\/semcom\/wp-content\/uploads\/sites\/5\/2025\/03\/WhatsApp-Image-2025-03-20-at-10.25.58.jpeg\",\"contentUrl\":\"https:\/\/www.manaus.am.gov.br\/semcom\/wp-content\/uploads\/sites\/5\/2025\/03\/WhatsApp-Image-2025-03-20-at-10.25.58.jpeg\",\"width\":4032,\"height\":3024},{\"@type\":\"WebSite\",\"@id\":\"https:\/\/www.manaus.am.gov.br\/semcom\/#website\",\"url\":\"https:\/\/www.manaus.am.gov.br\/semcom\/\",\"name\":\"SEMCOM\",\"description\":\"Secretaria Municipal de Comunica\u00e7\u00e3o\",\"potentialAction\":[{\"@type\":\"SearchAction\",\"target\":{\"@type\":\"EntryPoint\",\"urlTemplate\":\"https:\/\/www.manaus.am.gov.br\/semcom\/?s={search_term_string}\"},\"query-input\":\"required name=search_term_string\"}],\"inLanguage\":\"pt-BR\"},{\"@type\":\"Person\",\"@id\":\"https:\/\/www.manaus.am.gov.br\/semcom\/#\/schema\/person\/466a0e03ae4b6062809046bd560ac955\",\"name\":\"bvalente\",\"image\":{\"@type\":\"ImageObject\",\"inLanguage\":\"pt-BR\",\"@id\":\"https:\/\/www.manaus.am.gov.br\/semcom\/#\/schema\/person\/image\/\",\"url\":\"https:\/\/secure.gravatar.com\/avatar\/3e69bc2b014bdad41adfec3a39de07d2?s=96&d=mm&r=g\",\"contentUrl\":\"https:\/\/secure.gravatar.com\/avatar\/3e69bc2b014bdad41adfec3a39de07d2?s=96&d=mm&r=g\",\"caption\":\"bvalente\"}}]}<\/script>\n<!-- \/ Yoast SEO plugin. -->","yoast_head_json":{"title":"Ageman multa \u00c1guas de Manaus por problemas em servi\u00e7os de recomposi\u00e7\u00e3o asf\u00e1ltica nos conjuntos Manauense e Vieiralves","description":"A m\u00e1 qualidade dos servi\u00e7os de recapeamento asf\u00e1ltico realizado pela empresa \u00c1guas de Manaus nas ruas e avenidas dos conjuntos Manauense e Vieiralves, no bairro Nossa Senhora das Gra\u00e7as, ap\u00f3s a implanta\u00e7\u00e3o das novas redes de esgotamento sanit\u00e1rio, levou a Ag\u00eancia Reguladora dos Servi\u00e7os P\u00fablicos Delegados do Munic\u00edpio de Manaus (Ageman) a multar a concession\u00e1ria em R$ 255,7 mil.","robots":{"index":"index","follow":"follow","max-snippet":"max-snippet:-1","max-image-preview":"max-image-preview:large","max-video-preview":"max-video-preview:-1"},"canonical":"https:\/\/www.manaus.am.gov.br\/semcom\/problemas-em-servicos-de-recomposicao-asfaltica\/","og_locale":"pt_BR","og_type":"article","og_title":"Ageman multa \u00c1guas de Manaus por problemas em servi\u00e7os de recomposi\u00e7\u00e3o asf\u00e1ltica nos conjuntos Manauense e Vieiralves","og_description":"A m\u00e1 qualidade dos servi\u00e7os de recapeamento asf\u00e1ltico realizado pela empresa \u00c1guas de Manaus nas ruas e avenidas dos conjuntos Manauense e Vieiralves, no bairro Nossa Senhora das Gra\u00e7as, ap\u00f3s a implanta\u00e7\u00e3o das novas redes de esgotamento sanit\u00e1rio, levou a Ag\u00eancia Reguladora dos Servi\u00e7os P\u00fablicos Delegados do Munic\u00edpio de Manaus (Ageman) a multar a concession\u00e1ria em R$ 255,7 mil.","og_url":"https:\/\/www.manaus.am.gov.br\/semcom\/problemas-em-servicos-de-recomposicao-asfaltica\/","og_site_name":"SEMCOM","article_published_time":"2025-03-20T22:59:36+00:00","article_modified_time":"2025-03-20T22:59:37+00:00","og_image":[{"width":4032,"height":3024,"url":"https:\/\/www.manaus.am.gov.br\/semcom\/wp-content\/uploads\/sites\/5\/2025\/03\/WhatsApp-Image-2025-03-20-at-10.25.58.jpeg","type":"image\/jpeg"}],"author":"bvalente","twitter_card":"summary_large_image","twitter_misc":{"Written by":"bvalente","Est. reading time":"3 minutos"},"schema":{"@context":"https:\/\/schema.org","@graph":[{"@type":"WebPage","@id":"https:\/\/www.manaus.am.gov.br\/semcom\/problemas-em-servicos-de-recomposicao-asfaltica\/","url":"https:\/\/www.manaus.am.gov.br\/semcom\/problemas-em-servicos-de-recomposicao-asfaltica\/","name":"Ageman multa \u00c1guas de Manaus por problemas em servi\u00e7os de recomposi\u00e7\u00e3o asf\u00e1ltica nos conjuntos Manauense e Vieiralves","isPartOf":{"@id":"https:\/\/www.manaus.am.gov.br\/semcom\/#website"},"primaryImageOfPage":{"@id":"https:\/\/www.manaus.am.gov.br\/semcom\/problemas-em-servicos-de-recomposicao-asfaltica\/#primaryimage"},"image":{"@id":"https:\/\/www.manaus.am.gov.br\/semcom\/problemas-em-servicos-de-recomposicao-asfaltica\/#primaryimage"},"thumbnailUrl":"https:\/\/www.manaus.am.gov.br\/semcom\/wp-content\/uploads\/sites\/5\/2025\/03\/WhatsApp-Image-2025-03-20-at-10.25.58.jpeg","datePublished":"2025-03-20T22:59:36+00:00","dateModified":"2025-03-20T22:59:37+00:00","author":{"@id":"https:\/\/www.manaus.am.gov.br\/semcom\/#\/schema\/person\/466a0e03ae4b6062809046bd560ac955"},"description":"A m\u00e1 qualidade dos servi\u00e7os de recapeamento asf\u00e1ltico realizado pela empresa \u00c1guas de Manaus nas ruas e avenidas dos conjuntos Manauense e Vieiralves, no bairro Nossa Senhora das Gra\u00e7as, ap\u00f3s a implanta\u00e7\u00e3o das novas redes de esgotamento sanit\u00e1rio, levou a Ag\u00eancia Reguladora dos Servi\u00e7os P\u00fablicos Delegados do Munic\u00edpio de Manaus (Ageman) a multar a concession\u00e1ria em R$ 255,7 mil.","inLanguage":"pt-BR","potentialAction":[{"@type":"ReadAction","target":["https:\/\/www.manaus.am.gov.br\/semcom\/problemas-em-servicos-de-recomposicao-asfaltica\/"]}]},{"@type":"ImageObject","inLanguage":"pt-BR","@id":"https:\/\/www.manaus.am.gov.br\/semcom\/problemas-em-servicos-de-recomposicao-asfaltica\/#primaryimage","url":"https:\/\/www.manaus.am.gov.br\/semcom\/wp-content\/uploads\/sites\/5\/2025\/03\/WhatsApp-Image-2025-03-20-at-10.25.58.jpeg","contentUrl":"https:\/\/www.manaus.am.gov.br\/semcom\/wp-content\/uploads\/sites\/5\/2025\/03\/WhatsApp-Image-2025-03-20-at-10.25.58.jpeg","width":4032,"height":3024},{"@type":"WebSite","@id":"https:\/\/www.manaus.am.gov.br\/semcom\/#website","url":"https:\/\/www.manaus.am.gov.br\/semcom\/","name":"SEMCOM","description":"Secretaria Municipal de Comunica\u00e7\u00e3o","potentialAction":[{"@type":"SearchAction","target":{"@type":"EntryPoint","urlTemplate":"https:\/\/www.manaus.am.gov.br\/semcom\/?s={search_term_string}"},"query-input":"required name=search_term_string"}],"inLanguage":"pt-BR"},{"@type":"Person","@id":"https:\/\/www.manaus.am.gov.br\/semcom\/#\/schema\/person\/466a0e03ae4b6062809046bd560ac955","name":"bvalente","image":{"@type":"ImageObject","inLanguage":"pt-BR","@id":"https:\/\/www.manaus.am.gov.br\/semcom\/#\/schema\/person\/image\/","url":"https:\/\/secure.gravatar.com\/avatar\/3e69bc2b014bdad41adfec3a39de07d2?s=96&d=mm&r=g","contentUrl":"https:\/\/secure.gravatar.com\/avatar\/3e69bc2b014bdad41adfec3a39de07d2?s=96&d=mm&r=g","caption":"bvalente"}}]}},"_links":{"self":[{"href":"https:\/\/www.manaus.am.gov.br\/semcom\/wp-json\/wp\/v2\/posts\/236392"}],"collection":[{"href":"https:\/\/www.manaus.am.gov.br\/semcom\/wp-json\/wp\/v2\/posts"}],"about":[{"href":"https:\/\/www.manaus.am.gov.br\/semcom\/wp-json\/wp\/v2\/types\/post"}],"author":[{"embeddable":true,"href":"https:\/\/www.manaus.am.gov.br\/semcom\/wp-json\/wp\/v2\/users\/68"}],"replies":[{"embeddable":true,"href":"https:\/\/www.manaus.am.gov.br\/semcom\/wp-json\/wp\/v2\/comments?post=236392"}],"version-history":[{"count":0,"href":"https:\/\/www.manaus.am.gov.br\/semcom\/wp-json\/wp\/v2\/posts\/236392\/revisions"}],"wp:featuredmedia":[{"embeddable":true,"href":"https:\/\/www.manaus.am.gov.br\/semcom\/wp-json\/wp\/v2\/media\/236393"}],"wp:attachment":[{"href":"https:\/\/www.manaus.am.gov.br\/semcom\/wp-json\/wp\/v2\/media?parent=236392"}],"wp:term":[{"taxonomy":"category","embeddable":true,"href":"https:\/\/www.manaus.am.gov.br\/semcom\/wp-json\/wp\/v2\/categories?post=236392"},{"taxonomy":"post_tag","embeddable":true,"href":"https:\/\/www.manaus.am.gov.br\/semcom\/wp-json\/wp\/v2\/tags?post=236392"}],"curies":[{"name":"wp","href":"https:\/\/api.w.org\/{rel}","templated":true}]}}