{"id":236355,"date":"2025-03-20T15:57:07","date_gmt":"2025-03-20T19:57:07","guid":{"rendered":"https:\/\/www.manaus.am.gov.br\/semcom\/compromisso-auxilio-aluguel-programas-habitacionais-chuvas\/"},"modified":"2025-03-20T15:57:07","modified_gmt":"2025-03-20T19:57:07","slug":"compromisso-auxilio-aluguel-programas-habitacionais-chuvas","status":"publish","type":"post","link":"https:\/\/www.manaus.am.gov.br\/semcom\/compromisso-auxilio-aluguel-programas-habitacionais-chuvas\/","title":{"rendered":"Prefeito David Almeida evidencia compromisso da gest\u00e3o municipal com as fam\u00edlias afetadas pelas chuvas e garante Aux\u00edlio-Aluguel e inclus\u00e3o em programas habitacionais"},"content":{"rendered":"\n<p>A Prefeitura de Manaus, por meio do Comit\u00ea de Crise, intensificou as a\u00e7\u00f5es emergenciais para atender as fam\u00edlias afetadas pelas fortes chuvas no bairro Cidade de Deus, zona Norte da cidade. Ao todo, 33 fam\u00edlias, totalizando 105 pessoas, foram cadastradas e inseridas no Aux\u00edlio-Aluguel, al\u00e9m de receberem benef\u00edcios eventuais.<\/p>\n\n\n\n<p>Dessas fam\u00edlias, quatro perderam suas casas em desabamentos totais e outras 29 residem em \u00e1reas de risco iminente de desabamento. Como medida emergencial, a prefeitura est\u00e1 garantindo moradia segura para essas pessoas at\u00e9 a conclus\u00e3o das obras dos programas habitacionais. Como solu\u00e7\u00e3o definitiva, todas ser\u00e3o inclu\u00eddas nos programas \u201cManaus Minha Terra\u201d e \u201cMinha Casa, Minha Vida\u201d, assegurando moradia digna e permanente.<\/p>\n\n\n\n<p>O prefeito de Manaus, David Almeida, refor\u00e7ou o compromisso da gest\u00e3o em dar respostas r\u00e1pidas e eficazes \u00e0 popula\u00e7\u00e3o atingida, durante coletiva de balan\u00e7o e apresenta\u00e7\u00e3o de estrat\u00e9gias de atendimento \u00e0s fam\u00edlias atingidas por deslizamento na comunidade Fazendinha e demais localidades, definidas durante reuni\u00e3o do comit\u00ea de crise.<\/p>\n\n\n\n<p>\u201cNosso objetivo \u00e9 cuidar das pessoas e oferecer solu\u00e7\u00f5es reais para que possam recome\u00e7ar suas vidas com dignidade. Estamos agindo de forma r\u00e1pida para dar assist\u00eancia emergencial \u00e0s fam\u00edlias afetadas e, ao mesmo tempo, trabalhando para garantir solu\u00e7\u00f5es definitivas de moradia segura para elas\u201d, afirmou o prefeito.<\/p>\n\n\n\n<p>Al\u00e9m disso, o Fundo Manaus Solid\u00e1ria (FMS) est\u00e1 disponibilizando apoio com m\u00f3veis, eletrodom\u00e9sticos, kits de higiene, colch\u00f5es e len\u00e7\u00f3is para que essas fam\u00edlias possam recome\u00e7ar suas vidas com dignidade. A presidente do FMS, Viviane Lira, esteve no local e destacou a atua\u00e7\u00e3o imediata da prefeitura para garantir assist\u00eancia \u00e0s fam\u00edlias.<\/p>\n\n\n\n<p>\u201cHoje eu estive no Fazendinha 2, no bairro Cidade de Deus, onde aconteceu esse desastre devido \u00e0s fortes chuvas, juntamente com o nosso secret\u00e1rio de habita\u00e7\u00e3o, Jesus Alves, e demais colaboradores da prefeitura. N\u00f3s fomos analisar as necessidades e j\u00e1 trazendo solu\u00e7\u00f5es de imediato para atender o mais r\u00e1pido poss\u00edvel. O Fundo Manaus Solid\u00e1ria est\u00e1 fornecendo fomento, ajuda com eletrodom\u00e9sticos, kits de higiene, len\u00e7\u00f3is, colch\u00f5es, tudo que \u00e9 necess\u00e1rio nesse momento\u201d, afirmou Viviane.<\/p>\n\n\n\n<p>O secret\u00e1rio da Semhaf, Jesus Alves, destacou a import\u00e2ncia do di\u00e1logo com as fam\u00edlias e do respaldo legal para as a\u00e7\u00f5es da prefeitura.<\/p>\n\n\n\n<p>\u201cA gente n\u00e3o pode simplesmente chegar numa casa e retirar a fam\u00edlia sem um instrumento legal. Nosso objetivo \u00e9 conscientizar essas pessoas de que n\u00e3o \u00e9 seguro permanecer em determinadas \u00e1reas. Vamos firmar acordos que garantam seguran\u00e7a jur\u00eddica e a concretiza\u00e7\u00e3o das medidas que estamos adotando. Quero assegurar que todas as a\u00e7\u00f5es que estamos propondo s\u00e3o s\u00e9rias e ser\u00e3o cumpridas\u201d, ressaltou o secret\u00e1rio.<\/p>\n\n\n\n<p>O comit\u00ea de crise da Prefeitura de Manaus segue mobilizado para prestar assist\u00eancia \u00e0s fam\u00edlias afetadas pelas chuvas e refor\u00e7a o compromisso de promover moradia digna e segura \u00e0 popula\u00e7\u00e3o.<\/p>\n\n\n\n<figure class=\"wp-block-image size-large\"><img loading=\"lazy\" decoding=\"async\" width=\"1024\" height=\"768\" src=\"https:\/\/www.manaus.am.gov.br\/semcom\/wp-content\/uploads\/sites\/5\/2025\/03\/WhatsApp-Image-2025-03-20-at-14.10.25-1-1024x768.jpeg\" alt=\"\" class=\"wp-image-236356\" srcset=\"https:\/\/www.manaus.am.gov.br\/semcom\/wp-content\/uploads\/sites\/5\/2025\/03\/WhatsApp-Image-2025-03-20-at-14.10.25-1-1024x768.jpeg 1024w, https:\/\/www.manaus.am.gov.br\/semcom\/wp-content\/uploads\/sites\/5\/2025\/03\/WhatsApp-Image-2025-03-20-at-14.10.25-1-300x225.jpeg 300w, https:\/\/www.manaus.am.gov.br\/semcom\/wp-content\/uploads\/sites\/5\/2025\/03\/WhatsApp-Image-2025-03-20-at-14.10.25-1-768x576.jpeg 768w, https:\/\/www.manaus.am.gov.br\/semcom\/wp-content\/uploads\/sites\/5\/2025\/03\/WhatsApp-Image-2025-03-20-at-14.10.25-1-1536x1152.jpeg 1536w, https:\/\/www.manaus.am.gov.br\/semcom\/wp-content\/uploads\/sites\/5\/2025\/03\/WhatsApp-Image-2025-03-20-at-14.10.25-1-2048x1536.jpeg 2048w\" sizes=\"(max-width: 1024px) 100vw, 1024px\" \/><\/figure>\n\n\n\n<p>&#8212; &#8212; &#8212;<\/p>\n\n\n\n<p><strong>Texto &#8211;<\/strong> Emanuelle Baires\/Semcom<\/p>\n\n\n\n<p><strong>Fotos &#8211;<\/strong> Divulga\u00e7\u00e3o\/Semcom e Semhaf<\/p>\n","protected":false},"excerpt":{"rendered":"","protected":false},"author":39,"featured_media":236357,"comment_status":"closed","ping_status":"closed","sticky":false,"template":"","format":"standard","meta":{"footnotes":""},"categories":[41],"tags":[6576,9304,13945,35,13946,77],"acf":[],"yoast_head":"<!-- This site is optimized with the Yoast SEO plugin v23.0 - https:\/\/yoast.com\/wordpress\/plugins\/seo\/ -->\n<title>Prefeito garante assist\u00eancias as fam\u00edlias afetadas pelas chuvas<\/title>\n<meta name=\"description\" content=\"Prefeito David Almeida garante Aux\u00edlio-Aluguel e inclus\u00e3o em programas habitacionais as fam\u00edlias afetadas pelas chuvas.\" \/>\n<meta name=\"robots\" content=\"index, follow, max-snippet:-1, max-image-preview:large, max-video-preview:-1\" \/>\n<link rel=\"canonical\" href=\"https:\/\/www.manaus.am.gov.br\/semcom\/compromisso-auxilio-aluguel-programas-habitacionais-chuvas\/\" \/>\n<meta property=\"og:locale\" content=\"pt_BR\" \/>\n<meta property=\"og:type\" content=\"article\" \/>\n<meta property=\"og:title\" content=\"Prefeito garante assist\u00eancias as fam\u00edlias afetadas pelas chuvas\" \/>\n<meta property=\"og:description\" content=\"Prefeito David Almeida garante Aux\u00edlio-Aluguel e inclus\u00e3o em programas habitacionais as fam\u00edlias afetadas pelas chuvas.\" \/>\n<meta property=\"og:url\" content=\"https:\/\/www.manaus.am.gov.br\/semcom\/compromisso-auxilio-aluguel-programas-habitacionais-chuvas\/\" \/>\n<meta property=\"og:site_name\" content=\"SEMCOM\" \/>\n<meta property=\"article:published_time\" content=\"2025-03-20T19:57:07+00:00\" \/>\n<meta property=\"og:image\" content=\"https:\/\/www.manaus.am.gov.br\/semcom\/wp-content\/uploads\/sites\/5\/2025\/03\/54398251717_e5bbafd9c6_k.jpg\" \/>\n\t<meta property=\"og:image:width\" content=\"2048\" \/>\n\t<meta property=\"og:image:height\" content=\"1365\" \/>\n\t<meta property=\"og:image:type\" content=\"image\/jpeg\" \/>\n<meta name=\"author\" content=\"Bruna Greco\" \/>\n<meta name=\"twitter:card\" content=\"summary_large_image\" \/>\n<meta name=\"twitter:label1\" content=\"Written by\" \/>\n\t<meta name=\"twitter:data1\" content=\"Bruna Greco\" \/>\n\t<meta name=\"twitter:label2\" content=\"Est. reading time\" \/>\n\t<meta name=\"twitter:data2\" content=\"3 minutos\" \/>\n<script type=\"application\/ld+json\" class=\"yoast-schema-graph\">{\"@context\":\"https:\/\/schema.org\",\"@graph\":[{\"@type\":\"WebPage\",\"@id\":\"https:\/\/www.manaus.am.gov.br\/semcom\/compromisso-auxilio-aluguel-programas-habitacionais-chuvas\/\",\"url\":\"https:\/\/www.manaus.am.gov.br\/semcom\/compromisso-auxilio-aluguel-programas-habitacionais-chuvas\/\",\"name\":\"Prefeito garante assist\u00eancias as fam\u00edlias afetadas pelas chuvas\",\"isPartOf\":{\"@id\":\"https:\/\/www.manaus.am.gov.br\/semcom\/#website\"},\"primaryImageOfPage\":{\"@id\":\"https:\/\/www.manaus.am.gov.br\/semcom\/compromisso-auxilio-aluguel-programas-habitacionais-chuvas\/#primaryimage\"},\"image\":{\"@id\":\"https:\/\/www.manaus.am.gov.br\/semcom\/compromisso-auxilio-aluguel-programas-habitacionais-chuvas\/#primaryimage\"},\"thumbnailUrl\":\"https:\/\/www.manaus.am.gov.br\/semcom\/wp-content\/uploads\/sites\/5\/2025\/03\/54398251717_e5bbafd9c6_k.jpg\",\"datePublished\":\"2025-03-20T19:57:07+00:00\",\"dateModified\":\"2025-03-20T19:57:07+00:00\",\"author\":{\"@id\":\"https:\/\/www.manaus.am.gov.br\/semcom\/#\/schema\/person\/05d223aea2bf115f9883a6ff3683d81b\"},\"description\":\"Prefeito David Almeida garante Aux\u00edlio-Aluguel e inclus\u00e3o em programas habitacionais as fam\u00edlias afetadas pelas chuvas.\",\"inLanguage\":\"pt-BR\",\"potentialAction\":[{\"@type\":\"ReadAction\",\"target\":[\"https:\/\/www.manaus.am.gov.br\/semcom\/compromisso-auxilio-aluguel-programas-habitacionais-chuvas\/\"]}]},{\"@type\":\"ImageObject\",\"inLanguage\":\"pt-BR\",\"@id\":\"https:\/\/www.manaus.am.gov.br\/semcom\/compromisso-auxilio-aluguel-programas-habitacionais-chuvas\/#primaryimage\",\"url\":\"https:\/\/www.manaus.am.gov.br\/semcom\/wp-content\/uploads\/sites\/5\/2025\/03\/54398251717_e5bbafd9c6_k.jpg\",\"contentUrl\":\"https:\/\/www.manaus.am.gov.br\/semcom\/wp-content\/uploads\/sites\/5\/2025\/03\/54398251717_e5bbafd9c6_k.jpg\",\"width\":2048,\"height\":1365,\"caption\":\"#paratodosverem - Prefeito de Manaus, David Almeida, em coletiva de imprensa, apresentando as estrat\u00e9gias para as fam\u00edlias afetadas pelas chuvas\"},{\"@type\":\"WebSite\",\"@id\":\"https:\/\/www.manaus.am.gov.br\/semcom\/#website\",\"url\":\"https:\/\/www.manaus.am.gov.br\/semcom\/\",\"name\":\"SEMCOM\",\"description\":\"Secretaria Municipal de Comunica\u00e7\u00e3o\",\"potentialAction\":[{\"@type\":\"SearchAction\",\"target\":{\"@type\":\"EntryPoint\",\"urlTemplate\":\"https:\/\/www.manaus.am.gov.br\/semcom\/?s={search_term_string}\"},\"query-input\":\"required name=search_term_string\"}],\"inLanguage\":\"pt-BR\"},{\"@type\":\"Person\",\"@id\":\"https:\/\/www.manaus.am.gov.br\/semcom\/#\/schema\/person\/05d223aea2bf115f9883a6ff3683d81b\",\"name\":\"Bruna Greco\",\"image\":{\"@type\":\"ImageObject\",\"inLanguage\":\"pt-BR\",\"@id\":\"https:\/\/www.manaus.am.gov.br\/semcom\/#\/schema\/person\/image\/\",\"url\":\"https:\/\/secure.gravatar.com\/avatar\/9c877d1a6adc2a055330e5c09a8653ce?s=96&d=mm&r=g\",\"contentUrl\":\"https:\/\/secure.gravatar.com\/avatar\/9c877d1a6adc2a055330e5c09a8653ce?s=96&d=mm&r=g\",\"caption\":\"Bruna Greco\"}}]}<\/script>\n<!-- \/ Yoast SEO plugin. -->","yoast_head_json":{"title":"Prefeito garante assist\u00eancias as fam\u00edlias afetadas pelas chuvas","description":"Prefeito David Almeida garante Aux\u00edlio-Aluguel e inclus\u00e3o em programas habitacionais as fam\u00edlias afetadas pelas chuvas.","robots":{"index":"index","follow":"follow","max-snippet":"max-snippet:-1","max-image-preview":"max-image-preview:large","max-video-preview":"max-video-preview:-1"},"canonical":"https:\/\/www.manaus.am.gov.br\/semcom\/compromisso-auxilio-aluguel-programas-habitacionais-chuvas\/","og_locale":"pt_BR","og_type":"article","og_title":"Prefeito garante assist\u00eancias as fam\u00edlias afetadas pelas chuvas","og_description":"Prefeito David Almeida garante Aux\u00edlio-Aluguel e inclus\u00e3o em programas habitacionais as fam\u00edlias afetadas pelas chuvas.","og_url":"https:\/\/www.manaus.am.gov.br\/semcom\/compromisso-auxilio-aluguel-programas-habitacionais-chuvas\/","og_site_name":"SEMCOM","article_published_time":"2025-03-20T19:57:07+00:00","og_image":[{"width":2048,"height":1365,"url":"https:\/\/www.manaus.am.gov.br\/semcom\/wp-content\/uploads\/sites\/5\/2025\/03\/54398251717_e5bbafd9c6_k.jpg","type":"image\/jpeg"}],"author":"Bruna Greco","twitter_card":"summary_large_image","twitter_misc":{"Written by":"Bruna Greco","Est. reading time":"3 minutos"},"schema":{"@context":"https:\/\/schema.org","@graph":[{"@type":"WebPage","@id":"https:\/\/www.manaus.am.gov.br\/semcom\/compromisso-auxilio-aluguel-programas-habitacionais-chuvas\/","url":"https:\/\/www.manaus.am.gov.br\/semcom\/compromisso-auxilio-aluguel-programas-habitacionais-chuvas\/","name":"Prefeito garante assist\u00eancias as fam\u00edlias afetadas pelas chuvas","isPartOf":{"@id":"https:\/\/www.manaus.am.gov.br\/semcom\/#website"},"primaryImageOfPage":{"@id":"https:\/\/www.manaus.am.gov.br\/semcom\/compromisso-auxilio-aluguel-programas-habitacionais-chuvas\/#primaryimage"},"image":{"@id":"https:\/\/www.manaus.am.gov.br\/semcom\/compromisso-auxilio-aluguel-programas-habitacionais-chuvas\/#primaryimage"},"thumbnailUrl":"https:\/\/www.manaus.am.gov.br\/semcom\/wp-content\/uploads\/sites\/5\/2025\/03\/54398251717_e5bbafd9c6_k.jpg","datePublished":"2025-03-20T19:57:07+00:00","dateModified":"2025-03-20T19:57:07+00:00","author":{"@id":"https:\/\/www.manaus.am.gov.br\/semcom\/#\/schema\/person\/05d223aea2bf115f9883a6ff3683d81b"},"description":"Prefeito David Almeida garante Aux\u00edlio-Aluguel e inclus\u00e3o em programas habitacionais as fam\u00edlias afetadas pelas chuvas.","inLanguage":"pt-BR","potentialAction":[{"@type":"ReadAction","target":["https:\/\/www.manaus.am.gov.br\/semcom\/compromisso-auxilio-aluguel-programas-habitacionais-chuvas\/"]}]},{"@type":"ImageObject","inLanguage":"pt-BR","@id":"https:\/\/www.manaus.am.gov.br\/semcom\/compromisso-auxilio-aluguel-programas-habitacionais-chuvas\/#primaryimage","url":"https:\/\/www.manaus.am.gov.br\/semcom\/wp-content\/uploads\/sites\/5\/2025\/03\/54398251717_e5bbafd9c6_k.jpg","contentUrl":"https:\/\/www.manaus.am.gov.br\/semcom\/wp-content\/uploads\/sites\/5\/2025\/03\/54398251717_e5bbafd9c6_k.jpg","width":2048,"height":1365,"caption":"#paratodosverem - Prefeito de Manaus, David Almeida, em coletiva de imprensa, apresentando as estrat\u00e9gias para as fam\u00edlias afetadas pelas chuvas"},{"@type":"WebSite","@id":"https:\/\/www.manaus.am.gov.br\/semcom\/#website","url":"https:\/\/www.manaus.am.gov.br\/semcom\/","name":"SEMCOM","description":"Secretaria Municipal de Comunica\u00e7\u00e3o","potentialAction":[{"@type":"SearchAction","target":{"@type":"EntryPoint","urlTemplate":"https:\/\/www.manaus.am.gov.br\/semcom\/?s={search_term_string}"},"query-input":"required name=search_term_string"}],"inLanguage":"pt-BR"},{"@type":"Person","@id":"https:\/\/www.manaus.am.gov.br\/semcom\/#\/schema\/person\/05d223aea2bf115f9883a6ff3683d81b","name":"Bruna Greco","image":{"@type":"ImageObject","inLanguage":"pt-BR","@id":"https:\/\/www.manaus.am.gov.br\/semcom\/#\/schema\/person\/image\/","url":"https:\/\/secure.gravatar.com\/avatar\/9c877d1a6adc2a055330e5c09a8653ce?s=96&d=mm&r=g","contentUrl":"https:\/\/secure.gravatar.com\/avatar\/9c877d1a6adc2a055330e5c09a8653ce?s=96&d=mm&r=g","caption":"Bruna Greco"}}]}},"_links":{"self":[{"href":"https:\/\/www.manaus.am.gov.br\/semcom\/wp-json\/wp\/v2\/posts\/236355"}],"collection":[{"href":"https:\/\/www.manaus.am.gov.br\/semcom\/wp-json\/wp\/v2\/posts"}],"about":[{"href":"https:\/\/www.manaus.am.gov.br\/semcom\/wp-json\/wp\/v2\/types\/post"}],"author":[{"embeddable":true,"href":"https:\/\/www.manaus.am.gov.br\/semcom\/wp-json\/wp\/v2\/users\/39"}],"replies":[{"embeddable":true,"href":"https:\/\/www.manaus.am.gov.br\/semcom\/wp-json\/wp\/v2\/comments?post=236355"}],"version-history":[{"count":1,"href":"https:\/\/www.manaus.am.gov.br\/semcom\/wp-json\/wp\/v2\/posts\/236355\/revisions"}],"predecessor-version":[{"id":236358,"href":"https:\/\/www.manaus.am.gov.br\/semcom\/wp-json\/wp\/v2\/posts\/236355\/revisions\/236358"}],"wp:featuredmedia":[{"embeddable":true,"href":"https:\/\/www.manaus.am.gov.br\/semcom\/wp-json\/wp\/v2\/media\/236357"}],"wp:attachment":[{"href":"https:\/\/www.manaus.am.gov.br\/semcom\/wp-json\/wp\/v2\/media?parent=236355"}],"wp:term":[{"taxonomy":"category","embeddable":true,"href":"https:\/\/www.manaus.am.gov.br\/semcom\/wp-json\/wp\/v2\/categories?post=236355"},{"taxonomy":"post_tag","embeddable":true,"href":"https:\/\/www.manaus.am.gov.br\/semcom\/wp-json\/wp\/v2\/tags?post=236355"}],"curies":[{"name":"wp","href":"https:\/\/api.w.org\/{rel}","templated":true}]}}