{"id":236283,"date":"2025-03-19T17:21:31","date_gmt":"2025-03-19T21:21:31","guid":{"rendered":"https:\/\/www.manaus.am.gov.br\/semcom\/boxes-demolidos-acao-integrada\/"},"modified":"2025-03-19T18:25:34","modified_gmt":"2025-03-19T21:25:34","slug":"boxes-demolidos-acao-integrada","status":"publish","type":"post","link":"https:\/\/www.manaus.am.gov.br\/semcom\/boxes-demolidos-acao-integrada\/","title":{"rendered":"Boxes em constru\u00e7\u00e3o em cal\u00e7ada ao lado de escola s\u00e3o demolidos em a\u00e7\u00e3o integrada da Prefeitura de Manaus\u00a0"},"content":{"rendered":"\n<p>Atuando preventivamente para melhorar as condi\u00e7\u00f5es do tecido urbano da cidade, a Prefeitura de Manaus, em a\u00e7\u00e3o integrada de secretarias e \u00f3rg\u00e3os municipais, realizou, nesta quarta-feira, 19\/3, a demoli\u00e7\u00e3o administrativa de boxes comerciais que estavam sendo constru\u00eddos na rua rio Purus, no bairro Tarum\u00e3, zona Oeste.<\/p>\n\n\n\n<p>As constru\u00e7\u00f5es em alvenaria iniciaram de forma repentina, da noite para o dia, ocupando toda a cal\u00e7ada da lateral da escola municipal Santa Rosa 2, localizada no Parque das Tribos, que atende alunos da educa\u00e7\u00e3o infantil ao ensino fundamental anos finais.<\/p>\n\n\n\n<p>Sem possibilidade de regularizar qualquer tipo de mobili\u00e1rio no local, em raz\u00e3o do Plano Diretor e leis em vigor, fiscais do Instituto Municipal de Planejamento Urbano (Implurb) fizeram a notifica\u00e7\u00e3o de dois ocupantes irregulares, para que fa\u00e7am a demoli\u00e7\u00e3o volunt\u00e1ria de boxes, sendo um ainda em constru\u00e7\u00e3o e outro j\u00e1 em opera\u00e7\u00e3o, em cima do logradouro p\u00fablico.<\/p>\n\n\n\n<p>\u201cRecebemos a den\u00fancia de constru\u00e7\u00e3o irregular na cal\u00e7ada de uma escola municipal e montamos uma opera\u00e7\u00e3o integrada, coordenada pelo Centro de Coopera\u00e7\u00e3o da Cidade (CCC), uma vez que este tipo de obra n\u00e3o \u00e9 pass\u00edvel de regulariza\u00e7\u00e3o. N\u00e3o adiantar embargar, interditar, se n\u00e3o \u00e9 poss\u00edvel ocupar o lote, que \u00e9 uma cal\u00e7ada, na realidade\u201d, explicou o vice-presidente do Implurb, Ant\u00f4nio Peixoto.<\/p>\n\n\n\n<p>Para evitar um dano ainda maior ao espa\u00e7o p\u00fablico, considerando estar ao lado de uma escola, a demoli\u00e7\u00e3o administrativa foi realizada nesta quarta-feira. \u201cAs crian\u00e7as acessam a escola pela cal\u00e7ada, que foi completamente bloqueada pelas constru\u00e7\u00f5es em alvenaria. E ainda temos uma via estreita, onde circulam \u00f4nibus. Certamente os alunos teriam que passar a transitar pelo meio da rua, colocando em risco sua seguran\u00e7a\u201d, completou Peixoto.<\/p>\n\n\n\n<p>Al\u00e9m do CCC e Implurb, a\u00e7\u00e3o tamb\u00e9m contou com a participa\u00e7\u00e3o das secretarias municipais de Limpeza Urbana (Semulsp), de Agricultura, Abastecimento, Centro e Com\u00e9rcio Informal (Semacc), e de Seguran\u00e7a P\u00fablica e Defesa Social (Semseg), com apoio do Instituto Municipal de Mobilidade Urbana (IMMU) e da Guarda Municipal.<\/p>\n\n\n\n<p><strong>C\u00f3digo de Obras<\/strong><\/p>\n\n\n\n<p>Para garantir o ordenamento p\u00fablico, o Implurb usa o C\u00f3digo de Obras e Edifica\u00e7\u00f5es de Manaus, a lei complementar 003\/2014. A demoli\u00e7\u00e3o administrativa \u00e9 prevista no artigo 40, parcial ou total, de obra ou edifica\u00e7\u00e3o, quando a constru\u00e7\u00e3o apresentar incompatibilidade com a legisla\u00e7\u00e3o vigente que n\u00e3o admita regulariza\u00e7\u00e3o; risco para a seguran\u00e7a p\u00fablica que, no caso de sua imin\u00eancia, implicar\u00e1 o seu cumprimento imediato; obra ou edifica\u00e7\u00e3o executada em \u00e1rea ou logradouro p\u00fablico.&nbsp;<\/p>\n\n\n\n<figure class=\"wp-block-image size-full\"><img loading=\"lazy\" decoding=\"async\" width=\"963\" height=\"770\" src=\"https:\/\/www.manaus.am.gov.br\/semcom\/wp-content\/uploads\/sites\/5\/2025\/03\/Acao-conjunta-1.jpg\" alt=\"\" class=\"wp-image-236287\" srcset=\"https:\/\/www.manaus.am.gov.br\/semcom\/wp-content\/uploads\/sites\/5\/2025\/03\/Acao-conjunta-1.jpg 963w, https:\/\/www.manaus.am.gov.br\/semcom\/wp-content\/uploads\/sites\/5\/2025\/03\/Acao-conjunta-1-300x240.jpg 300w, https:\/\/www.manaus.am.gov.br\/semcom\/wp-content\/uploads\/sites\/5\/2025\/03\/Acao-conjunta-1-768x614.jpg 768w\" sizes=\"(max-width: 963px) 100vw, 963px\" \/><\/figure>\n\n\n\n<p>&#8212; &#8212; &#8212;<\/p>\n\n\n\n<p><strong>Texto<\/strong>&nbsp;&#8211;&nbsp;Claudia do Valle\/Implurb<\/p>\n\n\n\n<p><strong>Fotos<\/strong>&nbsp;\u2013 Divulga\u00e7\u00e3o\/Implurb<\/p>\n","protected":false},"excerpt":{"rendered":"","protected":false},"author":39,"featured_media":236284,"comment_status":"closed","ping_status":"closed","sticky":false,"template":"","format":"standard","meta":{"footnotes":""},"categories":[5701],"tags":[7620,13929,951,65,77],"acf":[],"yoast_head":"<!-- This site is optimized with the Yoast SEO plugin v23.0 - https:\/\/yoast.com\/wordpress\/plugins\/seo\/ -->\n<title>Boxes em constru\u00e7\u00e3o em cal\u00e7ada ao lado de escola s\u00e3o demolidos<\/title>\n<meta name=\"description\" content=\"Boxes em constru\u00e7\u00e3o em cal\u00e7ada ao lado de escola s\u00e3o demolidos em a\u00e7\u00e3o integrada da Prefeitura de Manaus, por meio do Implurb.\" \/>\n<meta name=\"robots\" content=\"index, follow, max-snippet:-1, max-image-preview:large, max-video-preview:-1\" \/>\n<link rel=\"canonical\" href=\"https:\/\/www.manaus.am.gov.br\/semcom\/boxes-demolidos-acao-integrada\/\" \/>\n<meta property=\"og:locale\" content=\"pt_BR\" \/>\n<meta property=\"og:type\" content=\"article\" \/>\n<meta property=\"og:title\" content=\"Boxes em constru\u00e7\u00e3o em cal\u00e7ada ao lado de escola s\u00e3o demolidos\" \/>\n<meta property=\"og:description\" content=\"Boxes em constru\u00e7\u00e3o em cal\u00e7ada ao lado de escola s\u00e3o demolidos em a\u00e7\u00e3o integrada da Prefeitura de Manaus, por meio do Implurb.\" \/>\n<meta property=\"og:url\" content=\"https:\/\/www.manaus.am.gov.br\/semcom\/boxes-demolidos-acao-integrada\/\" \/>\n<meta property=\"og:site_name\" content=\"SEMCOM\" \/>\n<meta property=\"article:published_time\" content=\"2025-03-19T21:21:31+00:00\" \/>\n<meta property=\"article:modified_time\" content=\"2025-03-19T21:25:34+00:00\" \/>\n<meta property=\"og:image\" content=\"https:\/\/www.manaus.am.gov.br\/semcom\/wp-content\/uploads\/sites\/5\/2025\/03\/Acao-conjunta-3.jpg\" \/>\n\t<meta property=\"og:image:width\" content=\"1599\" \/>\n\t<meta property=\"og:image:height\" content=\"899\" \/>\n\t<meta property=\"og:image:type\" content=\"image\/jpeg\" \/>\n<meta name=\"author\" content=\"Bruna Greco\" \/>\n<meta name=\"twitter:card\" content=\"summary_large_image\" \/>\n<meta name=\"twitter:label1\" content=\"Written by\" \/>\n\t<meta name=\"twitter:data1\" content=\"Bruna Greco\" \/>\n\t<meta name=\"twitter:label2\" content=\"Est. reading time\" \/>\n\t<meta name=\"twitter:data2\" content=\"3 minutos\" \/>\n<script type=\"application\/ld+json\" class=\"yoast-schema-graph\">{\"@context\":\"https:\/\/schema.org\",\"@graph\":[{\"@type\":\"WebPage\",\"@id\":\"https:\/\/www.manaus.am.gov.br\/semcom\/boxes-demolidos-acao-integrada\/\",\"url\":\"https:\/\/www.manaus.am.gov.br\/semcom\/boxes-demolidos-acao-integrada\/\",\"name\":\"Boxes em constru\u00e7\u00e3o em cal\u00e7ada ao lado de escola s\u00e3o demolidos\",\"isPartOf\":{\"@id\":\"https:\/\/www.manaus.am.gov.br\/semcom\/#website\"},\"primaryImageOfPage\":{\"@id\":\"https:\/\/www.manaus.am.gov.br\/semcom\/boxes-demolidos-acao-integrada\/#primaryimage\"},\"image\":{\"@id\":\"https:\/\/www.manaus.am.gov.br\/semcom\/boxes-demolidos-acao-integrada\/#primaryimage\"},\"thumbnailUrl\":\"https:\/\/www.manaus.am.gov.br\/semcom\/wp-content\/uploads\/sites\/5\/2025\/03\/Acao-conjunta-3.jpg\",\"datePublished\":\"2025-03-19T21:21:31+00:00\",\"dateModified\":\"2025-03-19T21:25:34+00:00\",\"author\":{\"@id\":\"https:\/\/www.manaus.am.gov.br\/semcom\/#\/schema\/person\/05d223aea2bf115f9883a6ff3683d81b\"},\"description\":\"Boxes em constru\u00e7\u00e3o em cal\u00e7ada ao lado de escola s\u00e3o demolidos em a\u00e7\u00e3o integrada da Prefeitura de Manaus, por meio do Implurb.\",\"inLanguage\":\"pt-BR\",\"potentialAction\":[{\"@type\":\"ReadAction\",\"target\":[\"https:\/\/www.manaus.am.gov.br\/semcom\/boxes-demolidos-acao-integrada\/\"]}]},{\"@type\":\"ImageObject\",\"inLanguage\":\"pt-BR\",\"@id\":\"https:\/\/www.manaus.am.gov.br\/semcom\/boxes-demolidos-acao-integrada\/#primaryimage\",\"url\":\"https:\/\/www.manaus.am.gov.br\/semcom\/wp-content\/uploads\/sites\/5\/2025\/03\/Acao-conjunta-3.jpg\",\"contentUrl\":\"https:\/\/www.manaus.am.gov.br\/semcom\/wp-content\/uploads\/sites\/5\/2025\/03\/Acao-conjunta-3.jpg\",\"width\":1599,\"height\":899,\"caption\":\"#paratodosverem - Equipe do Implurb, acompanhados de representantes de secretarias municipais, executando a demoli\u00e7\u00e3o de boxes em local irregular\"},{\"@type\":\"WebSite\",\"@id\":\"https:\/\/www.manaus.am.gov.br\/semcom\/#website\",\"url\":\"https:\/\/www.manaus.am.gov.br\/semcom\/\",\"name\":\"SEMCOM\",\"description\":\"Secretaria Municipal de Comunica\u00e7\u00e3o\",\"potentialAction\":[{\"@type\":\"SearchAction\",\"target\":{\"@type\":\"EntryPoint\",\"urlTemplate\":\"https:\/\/www.manaus.am.gov.br\/semcom\/?s={search_term_string}\"},\"query-input\":\"required name=search_term_string\"}],\"inLanguage\":\"pt-BR\"},{\"@type\":\"Person\",\"@id\":\"https:\/\/www.manaus.am.gov.br\/semcom\/#\/schema\/person\/05d223aea2bf115f9883a6ff3683d81b\",\"name\":\"Bruna Greco\",\"image\":{\"@type\":\"ImageObject\",\"inLanguage\":\"pt-BR\",\"@id\":\"https:\/\/www.manaus.am.gov.br\/semcom\/#\/schema\/person\/image\/\",\"url\":\"https:\/\/secure.gravatar.com\/avatar\/9c877d1a6adc2a055330e5c09a8653ce?s=96&d=mm&r=g\",\"contentUrl\":\"https:\/\/secure.gravatar.com\/avatar\/9c877d1a6adc2a055330e5c09a8653ce?s=96&d=mm&r=g\",\"caption\":\"Bruna Greco\"}}]}<\/script>\n<!-- \/ Yoast SEO plugin. -->","yoast_head_json":{"title":"Boxes em constru\u00e7\u00e3o em cal\u00e7ada ao lado de escola s\u00e3o demolidos","description":"Boxes em constru\u00e7\u00e3o em cal\u00e7ada ao lado de escola s\u00e3o demolidos em a\u00e7\u00e3o integrada da Prefeitura de Manaus, por meio do Implurb.","robots":{"index":"index","follow":"follow","max-snippet":"max-snippet:-1","max-image-preview":"max-image-preview:large","max-video-preview":"max-video-preview:-1"},"canonical":"https:\/\/www.manaus.am.gov.br\/semcom\/boxes-demolidos-acao-integrada\/","og_locale":"pt_BR","og_type":"article","og_title":"Boxes em constru\u00e7\u00e3o em cal\u00e7ada ao lado de escola s\u00e3o demolidos","og_description":"Boxes em constru\u00e7\u00e3o em cal\u00e7ada ao lado de escola s\u00e3o demolidos em a\u00e7\u00e3o integrada da Prefeitura de Manaus, por meio do Implurb.","og_url":"https:\/\/www.manaus.am.gov.br\/semcom\/boxes-demolidos-acao-integrada\/","og_site_name":"SEMCOM","article_published_time":"2025-03-19T21:21:31+00:00","article_modified_time":"2025-03-19T21:25:34+00:00","og_image":[{"width":1599,"height":899,"url":"https:\/\/www.manaus.am.gov.br\/semcom\/wp-content\/uploads\/sites\/5\/2025\/03\/Acao-conjunta-3.jpg","type":"image\/jpeg"}],"author":"Bruna Greco","twitter_card":"summary_large_image","twitter_misc":{"Written by":"Bruna Greco","Est. reading time":"3 minutos"},"schema":{"@context":"https:\/\/schema.org","@graph":[{"@type":"WebPage","@id":"https:\/\/www.manaus.am.gov.br\/semcom\/boxes-demolidos-acao-integrada\/","url":"https:\/\/www.manaus.am.gov.br\/semcom\/boxes-demolidos-acao-integrada\/","name":"Boxes em constru\u00e7\u00e3o em cal\u00e7ada ao lado de escola s\u00e3o demolidos","isPartOf":{"@id":"https:\/\/www.manaus.am.gov.br\/semcom\/#website"},"primaryImageOfPage":{"@id":"https:\/\/www.manaus.am.gov.br\/semcom\/boxes-demolidos-acao-integrada\/#primaryimage"},"image":{"@id":"https:\/\/www.manaus.am.gov.br\/semcom\/boxes-demolidos-acao-integrada\/#primaryimage"},"thumbnailUrl":"https:\/\/www.manaus.am.gov.br\/semcom\/wp-content\/uploads\/sites\/5\/2025\/03\/Acao-conjunta-3.jpg","datePublished":"2025-03-19T21:21:31+00:00","dateModified":"2025-03-19T21:25:34+00:00","author":{"@id":"https:\/\/www.manaus.am.gov.br\/semcom\/#\/schema\/person\/05d223aea2bf115f9883a6ff3683d81b"},"description":"Boxes em constru\u00e7\u00e3o em cal\u00e7ada ao lado de escola s\u00e3o demolidos em a\u00e7\u00e3o integrada da Prefeitura de Manaus, por meio do Implurb.","inLanguage":"pt-BR","potentialAction":[{"@type":"ReadAction","target":["https:\/\/www.manaus.am.gov.br\/semcom\/boxes-demolidos-acao-integrada\/"]}]},{"@type":"ImageObject","inLanguage":"pt-BR","@id":"https:\/\/www.manaus.am.gov.br\/semcom\/boxes-demolidos-acao-integrada\/#primaryimage","url":"https:\/\/www.manaus.am.gov.br\/semcom\/wp-content\/uploads\/sites\/5\/2025\/03\/Acao-conjunta-3.jpg","contentUrl":"https:\/\/www.manaus.am.gov.br\/semcom\/wp-content\/uploads\/sites\/5\/2025\/03\/Acao-conjunta-3.jpg","width":1599,"height":899,"caption":"#paratodosverem - Equipe do Implurb, acompanhados de representantes de secretarias municipais, executando a demoli\u00e7\u00e3o de boxes em local irregular"},{"@type":"WebSite","@id":"https:\/\/www.manaus.am.gov.br\/semcom\/#website","url":"https:\/\/www.manaus.am.gov.br\/semcom\/","name":"SEMCOM","description":"Secretaria Municipal de Comunica\u00e7\u00e3o","potentialAction":[{"@type":"SearchAction","target":{"@type":"EntryPoint","urlTemplate":"https:\/\/www.manaus.am.gov.br\/semcom\/?s={search_term_string}"},"query-input":"required name=search_term_string"}],"inLanguage":"pt-BR"},{"@type":"Person","@id":"https:\/\/www.manaus.am.gov.br\/semcom\/#\/schema\/person\/05d223aea2bf115f9883a6ff3683d81b","name":"Bruna Greco","image":{"@type":"ImageObject","inLanguage":"pt-BR","@id":"https:\/\/www.manaus.am.gov.br\/semcom\/#\/schema\/person\/image\/","url":"https:\/\/secure.gravatar.com\/avatar\/9c877d1a6adc2a055330e5c09a8653ce?s=96&d=mm&r=g","contentUrl":"https:\/\/secure.gravatar.com\/avatar\/9c877d1a6adc2a055330e5c09a8653ce?s=96&d=mm&r=g","caption":"Bruna Greco"}}]}},"_links":{"self":[{"href":"https:\/\/www.manaus.am.gov.br\/semcom\/wp-json\/wp\/v2\/posts\/236283"}],"collection":[{"href":"https:\/\/www.manaus.am.gov.br\/semcom\/wp-json\/wp\/v2\/posts"}],"about":[{"href":"https:\/\/www.manaus.am.gov.br\/semcom\/wp-json\/wp\/v2\/types\/post"}],"author":[{"embeddable":true,"href":"https:\/\/www.manaus.am.gov.br\/semcom\/wp-json\/wp\/v2\/users\/39"}],"replies":[{"embeddable":true,"href":"https:\/\/www.manaus.am.gov.br\/semcom\/wp-json\/wp\/v2\/comments?post=236283"}],"version-history":[{"count":7,"href":"https:\/\/www.manaus.am.gov.br\/semcom\/wp-json\/wp\/v2\/posts\/236283\/revisions"}],"predecessor-version":[{"id":236292,"href":"https:\/\/www.manaus.am.gov.br\/semcom\/wp-json\/wp\/v2\/posts\/236283\/revisions\/236292"}],"wp:featuredmedia":[{"embeddable":true,"href":"https:\/\/www.manaus.am.gov.br\/semcom\/wp-json\/wp\/v2\/media\/236284"}],"wp:attachment":[{"href":"https:\/\/www.manaus.am.gov.br\/semcom\/wp-json\/wp\/v2\/media?parent=236283"}],"wp:term":[{"taxonomy":"category","embeddable":true,"href":"https:\/\/www.manaus.am.gov.br\/semcom\/wp-json\/wp\/v2\/categories?post=236283"},{"taxonomy":"post_tag","embeddable":true,"href":"https:\/\/www.manaus.am.gov.br\/semcom\/wp-json\/wp\/v2\/tags?post=236283"}],"curies":[{"name":"wp","href":"https:\/\/api.w.org\/{rel}","templated":true}]}}