{"id":236261,"date":"2025-03-19T16:02:46","date_gmt":"2025-03-19T19:02:46","guid":{"rendered":"https:\/\/www.manaus.am.gov.br\/semcom\/nota-premiada-manaus-cheques-simbolicos-premiacao\/"},"modified":"2025-03-19T16:02:49","modified_gmt":"2025-03-19T19:02:49","slug":"nota-premiada-manaus-cheques-simbolicos-premiacao","status":"publish","type":"post","link":"https:\/\/www.manaus.am.gov.br\/semcom\/nota-premiada-manaus-cheques-simbolicos-premiacao\/","title":{"rendered":"Nota Premiada Manaus da prefeitura entrega cheques simb\u00f3licos aos ganhadores e institui\u00e7\u00f5es do primeiro sorteio de 2025"},"content":{"rendered":"\n<p>O audit\u00f3rio da Subsecretaria da Receita da Secretaria Municipal de Finan\u00e7as e Tecnologia da Informa\u00e7\u00e3o (Semef), da Prefeitura de Manaus, localizado no Centro, foi palco, nesta quarta-feira, 19\/3, da entrega dos cheques simb\u00f3licos aos 27 vencedores do primeiro sorteio do ano da campanha Nota Premiada Manaus. Um total de R$ 200 mil em premia\u00e7\u00f5es foram entregues aos ganhadores e suas respectivas institui\u00e7\u00f5es sociais indicadas.<\/p>\n\n\n\n<p>A cerim\u00f4nia foi conduzida pelo subsecret\u00e1rio da Receita da Semef, Arminio Pontes, e pelo coordenador do grupo de Educa\u00e7\u00e3o Fiscal do Munic\u00edpio, Edson Fernandes. Ambos destacaram a import\u00e2ncia da campanha n\u00e3o apenas para os cidad\u00e3os, mas tamb\u00e9m para as entidades beneficentes, que agora recebem premia\u00e7\u00e3o equivalente a 100% do valor do pr\u00eamio&nbsp;sorteado.<\/p>\n\n\n\n<p>Arminio Pontes explicou que, devido \u00e0s elei\u00e7\u00f5es de 2024, os sorteios precisaram ser temporariamente suspensos, mas retornaram com uma novidade significativa, que foi a amplia\u00e7\u00e3o do valor destinado \u00e0s institui\u00e7\u00f5es de caridade.<\/p>\n\n\n\n<p>&#8220;O maior pr\u00eamio mensal, que \u00e9 de R$ 30 mil, agora tamb\u00e9m \u00e9 repassado integralmente \u00e0 entidade indicada pelo ganhador. Isso \u00e9 um incentivo para que mais pessoas se cadastrem no site&nbsp;<a href=\"http:\/\/notapremiada.manaus.am.gov.br\/\" target=\"_blank\" rel=\"noreferrer noopener\">notapremiada.manaus.am.gov.br<\/a>, indiquem uma institui\u00e7\u00e3o e comecem a pedir nota fiscal com CPF em servi\u00e7os como escolas, faculdades, cart\u00f3rios, postos m\u00e9dicos e oficinas&#8221;, afirmou Pontes.<\/p>\n\n\n\n<p>O subsecret\u00e1rio ainda ressaltou os benef\u00edcios adicionais da campanha, como o desconto extra no Imposto sobre a Propriedade Predial e Territorial Urbano (IPTU), que pode chegar a 50% para quem participa e exige a nota fiscal com CPF. &#8220;\u00c9 uma oportunidade de exercer a cidadania, contribuir para o recolhimento de impostos como o Imposto Sobre Servi\u00e7os (ISS) e, ao mesmo tempo, concorrer a pr\u00eamios mensais e ao sorteio especial de R$ 200 mil no final do ano&#8221;, completou.<\/p>\n\n\n\n<p>Edson Fernandes, coordenador do grupo de Educa\u00e7\u00e3o Fiscal, aproveitou a ocasi\u00e3o para desmistificar o receio que algumas pessoas t\u00eam em rela\u00e7\u00e3o ao uso do CPF na nota fiscal. &#8220;Muitos acham que a prefeitura quer saber o que est\u00e3o comprando ou que tipo de servi\u00e7o est\u00e3o utilizando. Isso n\u00e3o \u00e9 verdade. O \u00fanico objetivo \u00e9 fiscalizar se as empresas est\u00e3o emitindo a nota fiscal de servi\u00e7o corretamente&#8221;, explicou.<\/p>\n\n\n\n<p><strong>Ganhadores celebram dupla felicidade<\/strong><\/p>\n\n\n\n<p>A servidora p\u00fablica municipal, F\u00e1bia Lima, foi uma das grandes felizardas do dia, levando para casa o pr\u00eamio principal de R$ 30 mil. Ela indicou o Instituto Autismo no Amazonas (Iaam) como benefici\u00e1rio do pr\u00eamio social, tamb\u00e9m de R$ 30 mil. Emocionada, F\u00e1bia compartilhou sua alegria.<\/p>\n\n\n\n<p>&#8220;Estou duplamente feliz. Feliz por ter sido premiada e por poder ajudar uma institui\u00e7\u00e3o que faz um trabalho t\u00e3o importante. Eu sempre exijo nota fiscal de servi\u00e7o, \u00e9 um h\u00e1bito que tenho. Cadastrei no site da Nota Premiada um pouco desacreditada, mas hoje vejo que vale a pena participar e exercer a cidadania&#8221;, frisou.<\/p>\n\n\n\n<p>A presidente do Iaam, Ana Maria Silva Melo, esteve presente para receber a premia\u00e7\u00e3o em nome da institui\u00e7\u00e3o e agradeceu pessoalmente a F\u00e1bia. &#8220;Estou muito feliz e agradecida, sobretudo \u00e0 F\u00e1bia, que conheci hoje. Esse valor ser\u00e1 muito bem utilizado nas terapias para as crian\u00e7as e adolescentes do nosso instituto. A Nota Premiada vale a pena, e eu acredito que todos podem ser premiados tamb\u00e9m&#8221;, disse.<\/p>\n\n\n\n<p>A lista completa dos contemplados neste primeiro sorteio do ano est\u00e1 dispon\u00edvel na p\u00e1gina da campanha Nota Premiada Manaus.<\/p>\n\n\n\n<p><strong>Campanha que transforma vidas<\/strong><\/p>\n\n\n\n<p>A cerim\u00f4nia refor\u00e7ou o impacto positivo da campanha Nota Premiada Manaus, que alia incentivo fiscal, cidadania e apoio social. Com premia\u00e7\u00f5es mensais e um sorteio especial no final do ano, a iniciativa continua a mobilizar a popula\u00e7\u00e3o manauara a exigir nota fiscal com CPF, contribuindo para a transpar\u00eancia fiscal e o fortalecimento de entidades que fazem a diferen\u00e7a na comunidade.<\/p>\n\n\n\n<p>Para participar, basta se cadastrar no site&nbsp;<a href=\"http:\/\/notapremiadamanaus.am.gov.br\/\" target=\"_blank\" rel=\"noreferrer noopener\">notapremiadamanaus.am.gov.br<\/a>, indicar uma institui\u00e7\u00e3o de caridade e come\u00e7ar a pedir nota fiscal com CPF todas as vezes que for pagar por um servi\u00e7o. Al\u00e9m de concorrer a pr\u00eamios em dinheiro, os participantes ainda ajudam a transformar vidas por meio do apoio social.<\/p>\n\n\n\n<p>&#8212; &#8212; &#8212;<\/p>\n\n\n\n<p><strong>Texto \u2013&nbsp;<\/strong>Anderson Farias\/Semef<\/p>\n\n\n\n<p><strong>Fotos \u2013 <\/strong>Cl\u00f3vis Miranda\/Semcom<\/p>\n\n\n\n<p><strong>Dispon\u00edveis em &#8211; <\/strong><a href=\"https:\/\/flic.kr\/s\/aHBqjC61oH\">https:\/\/flic.kr\/s\/aHBqjC61oH<\/a><\/p>\n","protected":false},"excerpt":{"rendered":"","protected":false},"author":39,"featured_media":236262,"comment_status":"closed","ping_status":"closed","sticky":false,"template":"","format":"standard","meta":{"footnotes":""},"categories":[419],"tags":[421,13915,3258,77,13916,157],"acf":[],"yoast_head":"<!-- This site is optimized with the Yoast SEO plugin v23.0 - https:\/\/yoast.com\/wordpress\/plugins\/seo\/ -->\n<title>Nota Premiada Manaus entrega cheques simb\u00f3licos<\/title>\n<meta name=\"description\" content=\"Nota Premiada Manaus da prefeitura entrega cheques simb\u00f3licos aos ganhadores e institui\u00e7\u00f5es do primeiro sorteio de 2025.\" \/>\n<meta name=\"robots\" content=\"index, follow, max-snippet:-1, max-image-preview:large, max-video-preview:-1\" \/>\n<link rel=\"canonical\" href=\"https:\/\/www.manaus.am.gov.br\/semcom\/nota-premiada-manaus-cheques-simbolicos-premiacao\/\" \/>\n<meta property=\"og:locale\" content=\"pt_BR\" \/>\n<meta property=\"og:type\" content=\"article\" \/>\n<meta property=\"og:title\" content=\"Nota Premiada Manaus entrega cheques simb\u00f3licos\" \/>\n<meta property=\"og:description\" content=\"Nota Premiada Manaus da prefeitura entrega cheques simb\u00f3licos aos ganhadores e institui\u00e7\u00f5es do primeiro sorteio de 2025.\" \/>\n<meta property=\"og:url\" content=\"https:\/\/www.manaus.am.gov.br\/semcom\/nota-premiada-manaus-cheques-simbolicos-premiacao\/\" \/>\n<meta property=\"og:site_name\" content=\"SEMCOM\" \/>\n<meta property=\"article:published_time\" content=\"2025-03-19T19:02:46+00:00\" \/>\n<meta property=\"article:modified_time\" content=\"2025-03-19T19:02:49+00:00\" \/>\n<meta property=\"og:image\" content=\"https:\/\/www.manaus.am.gov.br\/semcom\/wp-content\/uploads\/sites\/5\/2025\/03\/54397168858_58e501ae9b_k.jpg\" \/>\n\t<meta property=\"og:image:width\" content=\"2048\" \/>\n\t<meta property=\"og:image:height\" content=\"1048\" \/>\n\t<meta property=\"og:image:type\" content=\"image\/jpeg\" \/>\n<meta name=\"author\" content=\"Bruna Greco\" \/>\n<meta name=\"twitter:card\" content=\"summary_large_image\" \/>\n<meta name=\"twitter:label1\" content=\"Written by\" \/>\n\t<meta name=\"twitter:data1\" content=\"Bruna Greco\" \/>\n\t<meta name=\"twitter:label2\" content=\"Est. reading time\" \/>\n\t<meta name=\"twitter:data2\" content=\"4 minutos\" \/>\n<script type=\"application\/ld+json\" class=\"yoast-schema-graph\">{\"@context\":\"https:\/\/schema.org\",\"@graph\":[{\"@type\":\"WebPage\",\"@id\":\"https:\/\/www.manaus.am.gov.br\/semcom\/nota-premiada-manaus-cheques-simbolicos-premiacao\/\",\"url\":\"https:\/\/www.manaus.am.gov.br\/semcom\/nota-premiada-manaus-cheques-simbolicos-premiacao\/\",\"name\":\"Nota Premiada Manaus entrega cheques simb\u00f3licos\",\"isPartOf\":{\"@id\":\"https:\/\/www.manaus.am.gov.br\/semcom\/#website\"},\"primaryImageOfPage\":{\"@id\":\"https:\/\/www.manaus.am.gov.br\/semcom\/nota-premiada-manaus-cheques-simbolicos-premiacao\/#primaryimage\"},\"image\":{\"@id\":\"https:\/\/www.manaus.am.gov.br\/semcom\/nota-premiada-manaus-cheques-simbolicos-premiacao\/#primaryimage\"},\"thumbnailUrl\":\"https:\/\/www.manaus.am.gov.br\/semcom\/wp-content\/uploads\/sites\/5\/2025\/03\/54397168858_58e501ae9b_k.jpg\",\"datePublished\":\"2025-03-19T19:02:46+00:00\",\"dateModified\":\"2025-03-19T19:02:49+00:00\",\"author\":{\"@id\":\"https:\/\/www.manaus.am.gov.br\/semcom\/#\/schema\/person\/05d223aea2bf115f9883a6ff3683d81b\"},\"description\":\"Nota Premiada Manaus da prefeitura entrega cheques simb\u00f3licos aos ganhadores e institui\u00e7\u00f5es do primeiro sorteio de 2025.\",\"inLanguage\":\"pt-BR\",\"potentialAction\":[{\"@type\":\"ReadAction\",\"target\":[\"https:\/\/www.manaus.am.gov.br\/semcom\/nota-premiada-manaus-cheques-simbolicos-premiacao\/\"]}]},{\"@type\":\"ImageObject\",\"inLanguage\":\"pt-BR\",\"@id\":\"https:\/\/www.manaus.am.gov.br\/semcom\/nota-premiada-manaus-cheques-simbolicos-premiacao\/#primaryimage\",\"url\":\"https:\/\/www.manaus.am.gov.br\/semcom\/wp-content\/uploads\/sites\/5\/2025\/03\/54397168858_58e501ae9b_k.jpg\",\"contentUrl\":\"https:\/\/www.manaus.am.gov.br\/semcom\/wp-content\/uploads\/sites\/5\/2025\/03\/54397168858_58e501ae9b_k.jpg\",\"width\":2048,\"height\":1048,\"caption\":\"#paratodosverem - Ganhadores e institui\u00e7\u00f5es recebendo premia\u00e7\u00e3o do Nota Premiada Manaus\"},{\"@type\":\"WebSite\",\"@id\":\"https:\/\/www.manaus.am.gov.br\/semcom\/#website\",\"url\":\"https:\/\/www.manaus.am.gov.br\/semcom\/\",\"name\":\"SEMCOM\",\"description\":\"Secretaria Municipal de Comunica\u00e7\u00e3o\",\"potentialAction\":[{\"@type\":\"SearchAction\",\"target\":{\"@type\":\"EntryPoint\",\"urlTemplate\":\"https:\/\/www.manaus.am.gov.br\/semcom\/?s={search_term_string}\"},\"query-input\":\"required name=search_term_string\"}],\"inLanguage\":\"pt-BR\"},{\"@type\":\"Person\",\"@id\":\"https:\/\/www.manaus.am.gov.br\/semcom\/#\/schema\/person\/05d223aea2bf115f9883a6ff3683d81b\",\"name\":\"Bruna Greco\",\"image\":{\"@type\":\"ImageObject\",\"inLanguage\":\"pt-BR\",\"@id\":\"https:\/\/www.manaus.am.gov.br\/semcom\/#\/schema\/person\/image\/\",\"url\":\"https:\/\/secure.gravatar.com\/avatar\/9c877d1a6adc2a055330e5c09a8653ce?s=96&d=mm&r=g\",\"contentUrl\":\"https:\/\/secure.gravatar.com\/avatar\/9c877d1a6adc2a055330e5c09a8653ce?s=96&d=mm&r=g\",\"caption\":\"Bruna Greco\"}}]}<\/script>\n<!-- \/ Yoast SEO plugin. -->","yoast_head_json":{"title":"Nota Premiada Manaus entrega cheques simb\u00f3licos","description":"Nota Premiada Manaus da prefeitura entrega cheques simb\u00f3licos aos ganhadores e institui\u00e7\u00f5es do primeiro sorteio de 2025.","robots":{"index":"index","follow":"follow","max-snippet":"max-snippet:-1","max-image-preview":"max-image-preview:large","max-video-preview":"max-video-preview:-1"},"canonical":"https:\/\/www.manaus.am.gov.br\/semcom\/nota-premiada-manaus-cheques-simbolicos-premiacao\/","og_locale":"pt_BR","og_type":"article","og_title":"Nota Premiada Manaus entrega cheques simb\u00f3licos","og_description":"Nota Premiada Manaus da prefeitura entrega cheques simb\u00f3licos aos ganhadores e institui\u00e7\u00f5es do primeiro sorteio de 2025.","og_url":"https:\/\/www.manaus.am.gov.br\/semcom\/nota-premiada-manaus-cheques-simbolicos-premiacao\/","og_site_name":"SEMCOM","article_published_time":"2025-03-19T19:02:46+00:00","article_modified_time":"2025-03-19T19:02:49+00:00","og_image":[{"width":2048,"height":1048,"url":"https:\/\/www.manaus.am.gov.br\/semcom\/wp-content\/uploads\/sites\/5\/2025\/03\/54397168858_58e501ae9b_k.jpg","type":"image\/jpeg"}],"author":"Bruna Greco","twitter_card":"summary_large_image","twitter_misc":{"Written by":"Bruna Greco","Est. reading time":"4 minutos"},"schema":{"@context":"https:\/\/schema.org","@graph":[{"@type":"WebPage","@id":"https:\/\/www.manaus.am.gov.br\/semcom\/nota-premiada-manaus-cheques-simbolicos-premiacao\/","url":"https:\/\/www.manaus.am.gov.br\/semcom\/nota-premiada-manaus-cheques-simbolicos-premiacao\/","name":"Nota Premiada Manaus entrega cheques simb\u00f3licos","isPartOf":{"@id":"https:\/\/www.manaus.am.gov.br\/semcom\/#website"},"primaryImageOfPage":{"@id":"https:\/\/www.manaus.am.gov.br\/semcom\/nota-premiada-manaus-cheques-simbolicos-premiacao\/#primaryimage"},"image":{"@id":"https:\/\/www.manaus.am.gov.br\/semcom\/nota-premiada-manaus-cheques-simbolicos-premiacao\/#primaryimage"},"thumbnailUrl":"https:\/\/www.manaus.am.gov.br\/semcom\/wp-content\/uploads\/sites\/5\/2025\/03\/54397168858_58e501ae9b_k.jpg","datePublished":"2025-03-19T19:02:46+00:00","dateModified":"2025-03-19T19:02:49+00:00","author":{"@id":"https:\/\/www.manaus.am.gov.br\/semcom\/#\/schema\/person\/05d223aea2bf115f9883a6ff3683d81b"},"description":"Nota Premiada Manaus da prefeitura entrega cheques simb\u00f3licos aos ganhadores e institui\u00e7\u00f5es do primeiro sorteio de 2025.","inLanguage":"pt-BR","potentialAction":[{"@type":"ReadAction","target":["https:\/\/www.manaus.am.gov.br\/semcom\/nota-premiada-manaus-cheques-simbolicos-premiacao\/"]}]},{"@type":"ImageObject","inLanguage":"pt-BR","@id":"https:\/\/www.manaus.am.gov.br\/semcom\/nota-premiada-manaus-cheques-simbolicos-premiacao\/#primaryimage","url":"https:\/\/www.manaus.am.gov.br\/semcom\/wp-content\/uploads\/sites\/5\/2025\/03\/54397168858_58e501ae9b_k.jpg","contentUrl":"https:\/\/www.manaus.am.gov.br\/semcom\/wp-content\/uploads\/sites\/5\/2025\/03\/54397168858_58e501ae9b_k.jpg","width":2048,"height":1048,"caption":"#paratodosverem - Ganhadores e institui\u00e7\u00f5es recebendo premia\u00e7\u00e3o do Nota Premiada Manaus"},{"@type":"WebSite","@id":"https:\/\/www.manaus.am.gov.br\/semcom\/#website","url":"https:\/\/www.manaus.am.gov.br\/semcom\/","name":"SEMCOM","description":"Secretaria Municipal de Comunica\u00e7\u00e3o","potentialAction":[{"@type":"SearchAction","target":{"@type":"EntryPoint","urlTemplate":"https:\/\/www.manaus.am.gov.br\/semcom\/?s={search_term_string}"},"query-input":"required name=search_term_string"}],"inLanguage":"pt-BR"},{"@type":"Person","@id":"https:\/\/www.manaus.am.gov.br\/semcom\/#\/schema\/person\/05d223aea2bf115f9883a6ff3683d81b","name":"Bruna Greco","image":{"@type":"ImageObject","inLanguage":"pt-BR","@id":"https:\/\/www.manaus.am.gov.br\/semcom\/#\/schema\/person\/image\/","url":"https:\/\/secure.gravatar.com\/avatar\/9c877d1a6adc2a055330e5c09a8653ce?s=96&d=mm&r=g","contentUrl":"https:\/\/secure.gravatar.com\/avatar\/9c877d1a6adc2a055330e5c09a8653ce?s=96&d=mm&r=g","caption":"Bruna Greco"}}]}},"_links":{"self":[{"href":"https:\/\/www.manaus.am.gov.br\/semcom\/wp-json\/wp\/v2\/posts\/236261"}],"collection":[{"href":"https:\/\/www.manaus.am.gov.br\/semcom\/wp-json\/wp\/v2\/posts"}],"about":[{"href":"https:\/\/www.manaus.am.gov.br\/semcom\/wp-json\/wp\/v2\/types\/post"}],"author":[{"embeddable":true,"href":"https:\/\/www.manaus.am.gov.br\/semcom\/wp-json\/wp\/v2\/users\/39"}],"replies":[{"embeddable":true,"href":"https:\/\/www.manaus.am.gov.br\/semcom\/wp-json\/wp\/v2\/comments?post=236261"}],"version-history":[{"count":0,"href":"https:\/\/www.manaus.am.gov.br\/semcom\/wp-json\/wp\/v2\/posts\/236261\/revisions"}],"wp:featuredmedia":[{"embeddable":true,"href":"https:\/\/www.manaus.am.gov.br\/semcom\/wp-json\/wp\/v2\/media\/236262"}],"wp:attachment":[{"href":"https:\/\/www.manaus.am.gov.br\/semcom\/wp-json\/wp\/v2\/media?parent=236261"}],"wp:term":[{"taxonomy":"category","embeddable":true,"href":"https:\/\/www.manaus.am.gov.br\/semcom\/wp-json\/wp\/v2\/categories?post=236261"},{"taxonomy":"post_tag","embeddable":true,"href":"https:\/\/www.manaus.am.gov.br\/semcom\/wp-json\/wp\/v2\/tags?post=236261"}],"curies":[{"name":"wp","href":"https:\/\/api.w.org\/{rel}","templated":true}]}}