{"id":236059,"date":"2025-03-14T17:32:23","date_gmt":"2025-03-14T20:32:23","guid":{"rendered":"https:\/\/www.manaus.am.gov.br\/semcom\/curta-metragem-fruto-urbano\/"},"modified":"2025-03-14T17:32:24","modified_gmt":"2025-03-14T20:32:24","slug":"curta-metragem-fruto-urbano","status":"publish","type":"post","link":"https:\/\/www.manaus.am.gov.br\/semcom\/curta-metragem-fruto-urbano\/","title":{"rendered":"Curta-metragem &#8220;Fruto Urbano&#8221; estreia no s\u00e1bado, 22\/3, no Teatro Gebes Medeiros"},"content":{"rendered":"\n<p>A estreia do curta-metragem &#8220;Fruto Urbano&#8221; representa uma importante contribui\u00e7\u00e3o para o audiovisual de Manaus. Contemplado pela Lei Paulo Gustavo (LPG), da <a href=\"https:\/\/www.instagram.com\/prefeiturademanaus\/\">Prefeitura de Manaus<\/a>, por meio do <a href=\"https:\/\/www.manaus.am.gov.br\/manauscult\/\">Conselho Municipal de Cultura (Concultura)<\/a>, o document\u00e1rio \u00e9 uma celebra\u00e7\u00e3o ao legado do artista amazonense Otoni Mesquita. O curta ser\u00e1 lan\u00e7ado no s\u00e1bado, 22\/3, no Teatro Gebes Medeiros, localizado na avenida Eduardo Ribeiro, Centro, \u00e0s 18h30, com entrada gratuita.<\/p>\n\n\n\n<p>Com dura\u00e7\u00e3o de, aproximadamente, 48 minutos, o curta-metragem &#8220;Fruto Urbano&#8221; \u00e9 uma jornada envolvente pelas correntes da criatividade e identidade amaz\u00f4nica. O document\u00e1rio revela a trajet\u00f3ria marcante de Otoni Moreira de Mesquita, artista visual nascido em Autazes que, com sensibilidade e ousadia, transformou a ess\u00eancia do Amazonas em arte contempor\u00e2nea. &#8220;Fruto Urbano&#8221; convida o p\u00fablico a mergulhar nas inspira\u00e7\u00f5es e desafios que moldaram a vida e a obra de Otoni.<\/p>\n\n\n\n<p>O presidente do Concultura, Tony Medeiros, ressalta o impacto positivo dos projetos apoiados pela LPG na cena cultural de Manaus.<\/p>\n\n\n\n<p>\u201cOs projetos realizados pela LPG t\u00eam sido essenciais na promo\u00e7\u00e3o da cultura e do audiovisual em nossa cidade. A produ\u00e7\u00e3o deste projeto refor\u00e7a a import\u00e2ncia do apoio da Prefeitura de Manaus para a valoriza\u00e7\u00e3o da nossa cultura e a visibilidade dos artistas locais. Iniciativas como essa s\u00e3o fundamentais para fortalecer nossa identidade e garantir que a arte em Manaus continue a ser reconhecida e apreciada\u201d, comentou o presidente.<\/p>\n\n\n\n<p>Para Luan Passos, diretor do curta-metragem, o document\u00e1rio \u00e9 um retrato da grandiosidade de Otoni Mesquita.<\/p>\n\n\n\n<p>\u201cN\u00e3o posso deixar de ressaltar o qu\u00e3o incr\u00edvel foi ter a oportunidade de produzir este projeto com o apoio da LPG. \u2018Fruto Urbano\u2019 \u00e9 um document\u00e1rio que mergulha na vida e na obra do artista amazonense Otoni Mesquita, esse gigante das artes que deixou uma marca profunda na cultura brasileira. \u00c9 sobre a arte e o artista que muitas vezes n\u00e3o \u00e9 valorizado. Por isso, esse projeto n\u00e3o \u00e9 s\u00f3 sobre o Otoni Mesquita, mas tamb\u00e9m sobre o poder da cultura e da arte em nossas vidas\u201d, explicou Luan.<\/p>\n\n\n\n<p>O projeto &#8220;Fruto Urbano&#8221; foi um dos selecionados pelo Concurso Pr\u00eamio Manaus Identidade Cultural \u2013 Audiovisual (Edital 004\/2023), por meio da Lei Paulo Gustavo (LPG), da Prefeitura de Manaus, por interm\u00e9dio do Concultura, com o apoio do Minist\u00e9rio da Cultura e do governo federal.<\/p>\n\n\n\n<p><strong>\u2013 \u2013 \u2013<\/strong><\/p>\n\n\n\n<p><strong>Texto \u2013 <\/strong>Clara Gon\u00e7alves \/ Concultura<\/p>\n\n\n\n<p><strong>Fotos \u2013 <\/strong>Divulga\u00e7\u00e3o \/ Concultura<\/p>\n","protected":false},"excerpt":{"rendered":"","protected":false},"author":57,"featured_media":236060,"comment_status":"closed","ping_status":"closed","sticky":false,"template":"","format":"standard","meta":{"footnotes":""},"categories":[9365],"tags":[695,13836,307,77],"acf":[],"yoast_head":"<!-- This site is optimized with the Yoast SEO plugin v23.0 - https:\/\/yoast.com\/wordpress\/plugins\/seo\/ -->\n<title>Curta-metragem &quot;Fruto Urbano&quot; estreia no s\u00e1bado, 22\/3<\/title>\n<meta name=\"description\" content=\"O curta-metragem &quot;Fruto Urbano&quot; ser\u00e1 lan\u00e7ado no s\u00e1bado, 22\/3, no Teatro Gebes Medeiros, localizado na avenida Eduardo Ribeiro, Centro.\" \/>\n<meta name=\"robots\" content=\"index, follow, max-snippet:-1, max-image-preview:large, max-video-preview:-1\" \/>\n<link rel=\"canonical\" href=\"https:\/\/www.manaus.am.gov.br\/semcom\/curta-metragem-fruto-urbano\/\" \/>\n<meta property=\"og:locale\" content=\"pt_BR\" \/>\n<meta property=\"og:type\" content=\"article\" \/>\n<meta property=\"og:title\" content=\"Curta-metragem &quot;Fruto Urbano&quot; estreia no s\u00e1bado, 22\/3\" \/>\n<meta property=\"og:description\" content=\"O curta-metragem &quot;Fruto Urbano&quot; ser\u00e1 lan\u00e7ado no s\u00e1bado, 22\/3, no Teatro Gebes Medeiros, localizado na avenida Eduardo Ribeiro, Centro.\" \/>\n<meta property=\"og:url\" content=\"https:\/\/www.manaus.am.gov.br\/semcom\/curta-metragem-fruto-urbano\/\" \/>\n<meta property=\"og:site_name\" content=\"SEMCOM\" \/>\n<meta property=\"article:published_time\" content=\"2025-03-14T20:32:23+00:00\" \/>\n<meta property=\"article:modified_time\" content=\"2025-03-14T20:32:24+00:00\" \/>\n<meta property=\"og:image\" content=\"https:\/\/www.manaus.am.gov.br\/semcom\/wp-content\/uploads\/sites\/5\/2025\/03\/curta-metragem-Fruto-Urbano-2.jpg\" \/>\n\t<meta property=\"og:image:width\" content=\"1200\" \/>\n\t<meta property=\"og:image:height\" content=\"900\" \/>\n\t<meta property=\"og:image:type\" content=\"image\/jpeg\" \/>\n<meta name=\"author\" content=\"Thiago Fernando\" \/>\n<meta name=\"twitter:card\" content=\"summary_large_image\" \/>\n<meta name=\"twitter:label1\" content=\"Written by\" \/>\n\t<meta name=\"twitter:data1\" content=\"Thiago Fernando\" \/>\n\t<meta name=\"twitter:label2\" content=\"Est. reading time\" \/>\n\t<meta name=\"twitter:data2\" content=\"3 minutos\" \/>\n<script type=\"application\/ld+json\" class=\"yoast-schema-graph\">{\"@context\":\"https:\/\/schema.org\",\"@graph\":[{\"@type\":\"WebPage\",\"@id\":\"https:\/\/www.manaus.am.gov.br\/semcom\/curta-metragem-fruto-urbano\/\",\"url\":\"https:\/\/www.manaus.am.gov.br\/semcom\/curta-metragem-fruto-urbano\/\",\"name\":\"Curta-metragem \\\"Fruto Urbano\\\" estreia no s\u00e1bado, 22\/3\",\"isPartOf\":{\"@id\":\"https:\/\/www.manaus.am.gov.br\/semcom\/#website\"},\"primaryImageOfPage\":{\"@id\":\"https:\/\/www.manaus.am.gov.br\/semcom\/curta-metragem-fruto-urbano\/#primaryimage\"},\"image\":{\"@id\":\"https:\/\/www.manaus.am.gov.br\/semcom\/curta-metragem-fruto-urbano\/#primaryimage\"},\"thumbnailUrl\":\"https:\/\/www.manaus.am.gov.br\/semcom\/wp-content\/uploads\/sites\/5\/2025\/03\/curta-metragem-Fruto-Urbano-2.jpg\",\"datePublished\":\"2025-03-14T20:32:23+00:00\",\"dateModified\":\"2025-03-14T20:32:24+00:00\",\"author\":{\"@id\":\"https:\/\/www.manaus.am.gov.br\/semcom\/#\/schema\/person\/a5ee5376db6e21af026374b369f30882\"},\"description\":\"O curta-metragem \\\"Fruto Urbano\\\" ser\u00e1 lan\u00e7ado no s\u00e1bado, 22\/3, no Teatro Gebes Medeiros, localizado na avenida Eduardo Ribeiro, Centro.\",\"inLanguage\":\"pt-BR\",\"potentialAction\":[{\"@type\":\"ReadAction\",\"target\":[\"https:\/\/www.manaus.am.gov.br\/semcom\/curta-metragem-fruto-urbano\/\"]}]},{\"@type\":\"ImageObject\",\"inLanguage\":\"pt-BR\",\"@id\":\"https:\/\/www.manaus.am.gov.br\/semcom\/curta-metragem-fruto-urbano\/#primaryimage\",\"url\":\"https:\/\/www.manaus.am.gov.br\/semcom\/wp-content\/uploads\/sites\/5\/2025\/03\/curta-metragem-Fruto-Urbano-2.jpg\",\"contentUrl\":\"https:\/\/www.manaus.am.gov.br\/semcom\/wp-content\/uploads\/sites\/5\/2025\/03\/curta-metragem-Fruto-Urbano-2.jpg\",\"width\":1200,\"height\":900,\"caption\":\"curta-metragem Fruto Urbano\"},{\"@type\":\"WebSite\",\"@id\":\"https:\/\/www.manaus.am.gov.br\/semcom\/#website\",\"url\":\"https:\/\/www.manaus.am.gov.br\/semcom\/\",\"name\":\"SEMCOM\",\"description\":\"Secretaria Municipal de Comunica\u00e7\u00e3o\",\"potentialAction\":[{\"@type\":\"SearchAction\",\"target\":{\"@type\":\"EntryPoint\",\"urlTemplate\":\"https:\/\/www.manaus.am.gov.br\/semcom\/?s={search_term_string}\"},\"query-input\":\"required name=search_term_string\"}],\"inLanguage\":\"pt-BR\"},{\"@type\":\"Person\",\"@id\":\"https:\/\/www.manaus.am.gov.br\/semcom\/#\/schema\/person\/a5ee5376db6e21af026374b369f30882\",\"name\":\"Thiago Fernando\",\"image\":{\"@type\":\"ImageObject\",\"inLanguage\":\"pt-BR\",\"@id\":\"https:\/\/www.manaus.am.gov.br\/semcom\/#\/schema\/person\/image\/\",\"url\":\"https:\/\/secure.gravatar.com\/avatar\/f5aab8722444041451501c077052ac07?s=96&d=mm&r=g\",\"contentUrl\":\"https:\/\/secure.gravatar.com\/avatar\/f5aab8722444041451501c077052ac07?s=96&d=mm&r=g\",\"caption\":\"Thiago Fernando\"}}]}<\/script>\n<!-- \/ Yoast SEO plugin. -->","yoast_head_json":{"title":"Curta-metragem \"Fruto Urbano\" estreia no s\u00e1bado, 22\/3","description":"O curta-metragem \"Fruto Urbano\" ser\u00e1 lan\u00e7ado no s\u00e1bado, 22\/3, no Teatro Gebes Medeiros, localizado na avenida Eduardo Ribeiro, Centro.","robots":{"index":"index","follow":"follow","max-snippet":"max-snippet:-1","max-image-preview":"max-image-preview:large","max-video-preview":"max-video-preview:-1"},"canonical":"https:\/\/www.manaus.am.gov.br\/semcom\/curta-metragem-fruto-urbano\/","og_locale":"pt_BR","og_type":"article","og_title":"Curta-metragem \"Fruto Urbano\" estreia no s\u00e1bado, 22\/3","og_description":"O curta-metragem \"Fruto Urbano\" ser\u00e1 lan\u00e7ado no s\u00e1bado, 22\/3, no Teatro Gebes Medeiros, localizado na avenida Eduardo Ribeiro, Centro.","og_url":"https:\/\/www.manaus.am.gov.br\/semcom\/curta-metragem-fruto-urbano\/","og_site_name":"SEMCOM","article_published_time":"2025-03-14T20:32:23+00:00","article_modified_time":"2025-03-14T20:32:24+00:00","og_image":[{"width":1200,"height":900,"url":"https:\/\/www.manaus.am.gov.br\/semcom\/wp-content\/uploads\/sites\/5\/2025\/03\/curta-metragem-Fruto-Urbano-2.jpg","type":"image\/jpeg"}],"author":"Thiago Fernando","twitter_card":"summary_large_image","twitter_misc":{"Written by":"Thiago Fernando","Est. reading time":"3 minutos"},"schema":{"@context":"https:\/\/schema.org","@graph":[{"@type":"WebPage","@id":"https:\/\/www.manaus.am.gov.br\/semcom\/curta-metragem-fruto-urbano\/","url":"https:\/\/www.manaus.am.gov.br\/semcom\/curta-metragem-fruto-urbano\/","name":"Curta-metragem \"Fruto Urbano\" estreia no s\u00e1bado, 22\/3","isPartOf":{"@id":"https:\/\/www.manaus.am.gov.br\/semcom\/#website"},"primaryImageOfPage":{"@id":"https:\/\/www.manaus.am.gov.br\/semcom\/curta-metragem-fruto-urbano\/#primaryimage"},"image":{"@id":"https:\/\/www.manaus.am.gov.br\/semcom\/curta-metragem-fruto-urbano\/#primaryimage"},"thumbnailUrl":"https:\/\/www.manaus.am.gov.br\/semcom\/wp-content\/uploads\/sites\/5\/2025\/03\/curta-metragem-Fruto-Urbano-2.jpg","datePublished":"2025-03-14T20:32:23+00:00","dateModified":"2025-03-14T20:32:24+00:00","author":{"@id":"https:\/\/www.manaus.am.gov.br\/semcom\/#\/schema\/person\/a5ee5376db6e21af026374b369f30882"},"description":"O curta-metragem \"Fruto Urbano\" ser\u00e1 lan\u00e7ado no s\u00e1bado, 22\/3, no Teatro Gebes Medeiros, localizado na avenida Eduardo Ribeiro, Centro.","inLanguage":"pt-BR","potentialAction":[{"@type":"ReadAction","target":["https:\/\/www.manaus.am.gov.br\/semcom\/curta-metragem-fruto-urbano\/"]}]},{"@type":"ImageObject","inLanguage":"pt-BR","@id":"https:\/\/www.manaus.am.gov.br\/semcom\/curta-metragem-fruto-urbano\/#primaryimage","url":"https:\/\/www.manaus.am.gov.br\/semcom\/wp-content\/uploads\/sites\/5\/2025\/03\/curta-metragem-Fruto-Urbano-2.jpg","contentUrl":"https:\/\/www.manaus.am.gov.br\/semcom\/wp-content\/uploads\/sites\/5\/2025\/03\/curta-metragem-Fruto-Urbano-2.jpg","width":1200,"height":900,"caption":"curta-metragem Fruto Urbano"},{"@type":"WebSite","@id":"https:\/\/www.manaus.am.gov.br\/semcom\/#website","url":"https:\/\/www.manaus.am.gov.br\/semcom\/","name":"SEMCOM","description":"Secretaria Municipal de Comunica\u00e7\u00e3o","potentialAction":[{"@type":"SearchAction","target":{"@type":"EntryPoint","urlTemplate":"https:\/\/www.manaus.am.gov.br\/semcom\/?s={search_term_string}"},"query-input":"required name=search_term_string"}],"inLanguage":"pt-BR"},{"@type":"Person","@id":"https:\/\/www.manaus.am.gov.br\/semcom\/#\/schema\/person\/a5ee5376db6e21af026374b369f30882","name":"Thiago Fernando","image":{"@type":"ImageObject","inLanguage":"pt-BR","@id":"https:\/\/www.manaus.am.gov.br\/semcom\/#\/schema\/person\/image\/","url":"https:\/\/secure.gravatar.com\/avatar\/f5aab8722444041451501c077052ac07?s=96&d=mm&r=g","contentUrl":"https:\/\/secure.gravatar.com\/avatar\/f5aab8722444041451501c077052ac07?s=96&d=mm&r=g","caption":"Thiago Fernando"}}]}},"_links":{"self":[{"href":"https:\/\/www.manaus.am.gov.br\/semcom\/wp-json\/wp\/v2\/posts\/236059"}],"collection":[{"href":"https:\/\/www.manaus.am.gov.br\/semcom\/wp-json\/wp\/v2\/posts"}],"about":[{"href":"https:\/\/www.manaus.am.gov.br\/semcom\/wp-json\/wp\/v2\/types\/post"}],"author":[{"embeddable":true,"href":"https:\/\/www.manaus.am.gov.br\/semcom\/wp-json\/wp\/v2\/users\/57"}],"replies":[{"embeddable":true,"href":"https:\/\/www.manaus.am.gov.br\/semcom\/wp-json\/wp\/v2\/comments?post=236059"}],"version-history":[{"count":0,"href":"https:\/\/www.manaus.am.gov.br\/semcom\/wp-json\/wp\/v2\/posts\/236059\/revisions"}],"wp:featuredmedia":[{"embeddable":true,"href":"https:\/\/www.manaus.am.gov.br\/semcom\/wp-json\/wp\/v2\/media\/236060"}],"wp:attachment":[{"href":"https:\/\/www.manaus.am.gov.br\/semcom\/wp-json\/wp\/v2\/media?parent=236059"}],"wp:term":[{"taxonomy":"category","embeddable":true,"href":"https:\/\/www.manaus.am.gov.br\/semcom\/wp-json\/wp\/v2\/categories?post=236059"},{"taxonomy":"post_tag","embeddable":true,"href":"https:\/\/www.manaus.am.gov.br\/semcom\/wp-json\/wp\/v2\/tags?post=236059"}],"curies":[{"name":"wp","href":"https:\/\/api.w.org\/{rel}","templated":true}]}}