{"id":235974,"date":"2025-03-13T15:16:54","date_gmt":"2025-03-13T18:16:54","guid":{"rendered":"https:\/\/www.manaus.am.gov.br\/semcom\/revitalizacao-de-feiras-e-mercados-municipais\/"},"modified":"2025-03-13T15:16:56","modified_gmt":"2025-03-13T18:16:56","slug":"revitalizacao-de-feiras-e-mercados-municipais","status":"publish","type":"post","link":"https:\/\/www.manaus.am.gov.br\/semcom\/revitalizacao-de-feiras-e-mercados-municipais\/","title":{"rendered":"Prefeitura de Manaus acelera revitaliza\u00e7\u00e3o de feiras e mercados municipais"},"content":{"rendered":"\n<p>A <a href=\"https:\/\/www.instagram.com\/prefeiturademanaus\/\">Prefeitura de Manaus<\/a>, por meio da <a href=\"https:\/\/www.manaus.am.gov.br\/semacc\/\">Secretaria Municipal de Agricultura, Abastecimento, Centro e Com\u00e9rcio Informal (Semacc)<\/a>, em parceria com a Unidade Gestora de Projetos Especiais (UGPE), segue com a revitaliza\u00e7\u00e3o das feiras municipais em v\u00e1rias zonas da cidade, promovendo melhorias estruturais que garantem mais seguran\u00e7a, organiza\u00e7\u00e3o e acessibilidade para feirantes e consumidores.<\/p>\n\n\n\n<p>As reformas, intensificadas nesta quinta-feira, 13\/3, incluem troca de revestimentos cer\u00e2micos, amplia\u00e7\u00e3o e pintura de boxes, instala\u00e7\u00e3o de forros, moderniza\u00e7\u00e3o das redes el\u00e9tricas e readequa\u00e7\u00e3o do layout, tornando os espa\u00e7os mais amplos e funcionais. O objetivo da prefeitura \u00e9 proporcionar um ambiente mais higi\u00eanico e adequado para o com\u00e9rcio popular.&nbsp;<\/p>\n\n\n\n<p>O titular da Semacc, Wanderson Costa, destacou que a prefeitura j\u00e1 entregou 23 feiras reformadas e tem mais de dez com obras avan\u00e7adas. Segundo ele, um dos maiores desafios \u00e9 garantir que os feirantes possam continuar suas atividades durante as reformas.<\/p>\n\n\n\n<p>\u201cN\u00e3o podemos simplesmente retirar os trabalhadores dos boxes e realoc\u00e1-los em outro espa\u00e7o. Eles dependem das vendas di\u00e1rias para garantir sua renda. Por isso, temos todo um planejamento para que as obras aconte\u00e7am sem prejudicar o funcionamento das feiras. Nosso empenho \u00e9 entregar esses espa\u00e7os revitalizados ainda no primeiro semestre\u201d, afirmou Costa.&nbsp;<\/p>\n\n\n\n<p>Na zona Oeste, as interven\u00e7\u00f5es seguem em ritmo acelerado. A Feira Municipal do S\u00e3o Jorge j\u00e1 teve a pintura dos boxes conclu\u00edda, enquanto a troca de revestimentos e a instala\u00e7\u00e3o do forro de PVC est\u00e3o na fase final.&nbsp;<\/p>\n\n\n\n<p>J\u00e1 a Feira Modelo da Compensa passa por uma reforma completa, com a substitui\u00e7\u00e3o dos revestimentos cer\u00e2micos, nova pintura e moderniza\u00e7\u00e3o do espa\u00e7o. Ambas t\u00eam previs\u00e3o de entrega para o primeiro semestre de 2025.&nbsp;<\/p>\n\n\n\n<p>Na zona Norte, a Feira Municipal Nova Cidade avan\u00e7a com a pintura, troca de revestimentos, revis\u00e3o el\u00e9trica e instala\u00e7\u00e3o de forros. De acordo com o setor de engenharia da Semacc, as obras seguem dentro do cronograma e, em breve, o espa\u00e7o ser\u00e1 entregue \u00e0 popula\u00e7\u00e3o.&nbsp;<\/p>\n\n\n\n<p>Na zona Centro-Sul, o Mercado Municipal Dorval Porto, localizado na avenida Djalma Batista, tamb\u00e9m est\u00e1 passando por melhorias. A reforma \u00e9 realizada com cautela para garantir a seguran\u00e7a dos permission\u00e1rios, que continuam trabalhando normalmente enquanto as interven\u00e7\u00f5es ocorrem.&nbsp;<\/p>\n\n\n\n<p>Os consumidores j\u00e1 percebem a diferen\u00e7a. Jos\u00e9 Ferreira, cliente da Feira Modelo da Compensa, elogia a revitaliza\u00e7\u00e3o.<\/p>\n\n\n\n<p>\u201cA ilumina\u00e7\u00e3o j\u00e1 melhorou muito, os corredores est\u00e3o mais amplos e agora \u00e9 mais confort\u00e1vel fazer compras\u201d, destaca.&nbsp;<\/p>\n\n\n\n<p>&#8212; &#8212; &#8212;<\/p>\n\n\n\n<p><strong>Texto &#8211;<\/strong> Polyana Brelaz e Milton Bambo \/ Semacc<\/p>\n\n\n\n<p><strong>Foto &#8211;<\/strong> Gildo Smith&nbsp;\/ Semacc<\/p>\n\n\n\n<p><strong>Dispon\u00edveis em<\/strong> \u2013 <a href=\"https:\/\/flic.kr\/s\/aHBqjC5oCp\">https:\/\/flic.kr\/s\/aHBqjC5oCp<\/a><\/p>\n","protected":false},"excerpt":{"rendered":"","protected":false},"author":57,"featured_media":235975,"comment_status":"closed","ping_status":"closed","sticky":false,"template":"","format":"standard","meta":{"footnotes":""},"categories":[6],"tags":[77,13802,55],"acf":[],"yoast_head":"<!-- This site is optimized with the Yoast SEO plugin v23.0 - https:\/\/yoast.com\/wordpress\/plugins\/seo\/ -->\n<title>Prefeitura acelera revitaliza\u00e7\u00e3o de feiras e mercados municipais<\/title>\n<meta name=\"description\" content=\"A Prefeitura segue com a revitaliza\u00e7\u00e3o das feiras municipais em v\u00e1rias zonas da cidade, promovendo melhorias para feirantes e consumidores.\" \/>\n<meta name=\"robots\" content=\"index, follow, max-snippet:-1, max-image-preview:large, max-video-preview:-1\" \/>\n<link rel=\"canonical\" href=\"https:\/\/www.manaus.am.gov.br\/semcom\/revitalizacao-de-feiras-e-mercados-municipais\/\" \/>\n<meta property=\"og:locale\" content=\"pt_BR\" \/>\n<meta property=\"og:type\" content=\"article\" \/>\n<meta property=\"og:title\" content=\"Prefeitura acelera revitaliza\u00e7\u00e3o de feiras e mercados municipais\" \/>\n<meta property=\"og:description\" content=\"A Prefeitura segue com a revitaliza\u00e7\u00e3o das feiras municipais em v\u00e1rias zonas da cidade, promovendo melhorias para feirantes e consumidores.\" \/>\n<meta property=\"og:url\" content=\"https:\/\/www.manaus.am.gov.br\/semcom\/revitalizacao-de-feiras-e-mercados-municipais\/\" \/>\n<meta property=\"og:site_name\" content=\"SEMCOM\" \/>\n<meta property=\"article:published_time\" content=\"2025-03-13T18:16:54+00:00\" \/>\n<meta property=\"article:modified_time\" content=\"2025-03-13T18:16:56+00:00\" \/>\n<meta property=\"og:image\" content=\"https:\/\/www.manaus.am.gov.br\/semcom\/wp-content\/uploads\/sites\/5\/2025\/03\/revitalizacao-das-feiras-municipais-2.jpg\" \/>\n\t<meta property=\"og:image:width\" content=\"800\" \/>\n\t<meta property=\"og:image:height\" content=\"600\" \/>\n\t<meta property=\"og:image:type\" content=\"image\/jpeg\" \/>\n<meta name=\"author\" content=\"Thiago Fernando\" \/>\n<meta name=\"twitter:card\" content=\"summary_large_image\" \/>\n<meta name=\"twitter:label1\" content=\"Written by\" \/>\n\t<meta name=\"twitter:data1\" content=\"Thiago Fernando\" \/>\n\t<meta name=\"twitter:label2\" content=\"Est. reading time\" \/>\n\t<meta name=\"twitter:data2\" content=\"3 minutos\" \/>\n<script type=\"application\/ld+json\" class=\"yoast-schema-graph\">{\"@context\":\"https:\/\/schema.org\",\"@graph\":[{\"@type\":\"WebPage\",\"@id\":\"https:\/\/www.manaus.am.gov.br\/semcom\/revitalizacao-de-feiras-e-mercados-municipais\/\",\"url\":\"https:\/\/www.manaus.am.gov.br\/semcom\/revitalizacao-de-feiras-e-mercados-municipais\/\",\"name\":\"Prefeitura acelera revitaliza\u00e7\u00e3o de feiras e mercados municipais\",\"isPartOf\":{\"@id\":\"https:\/\/www.manaus.am.gov.br\/semcom\/#website\"},\"primaryImageOfPage\":{\"@id\":\"https:\/\/www.manaus.am.gov.br\/semcom\/revitalizacao-de-feiras-e-mercados-municipais\/#primaryimage\"},\"image\":{\"@id\":\"https:\/\/www.manaus.am.gov.br\/semcom\/revitalizacao-de-feiras-e-mercados-municipais\/#primaryimage\"},\"thumbnailUrl\":\"https:\/\/www.manaus.am.gov.br\/semcom\/wp-content\/uploads\/sites\/5\/2025\/03\/revitalizacao-das-feiras-municipais-2.jpg\",\"datePublished\":\"2025-03-13T18:16:54+00:00\",\"dateModified\":\"2025-03-13T18:16:56+00:00\",\"author\":{\"@id\":\"https:\/\/www.manaus.am.gov.br\/semcom\/#\/schema\/person\/a5ee5376db6e21af026374b369f30882\"},\"description\":\"A Prefeitura segue com a revitaliza\u00e7\u00e3o das feiras municipais em v\u00e1rias zonas da cidade, promovendo melhorias para feirantes e consumidores.\",\"inLanguage\":\"pt-BR\",\"potentialAction\":[{\"@type\":\"ReadAction\",\"target\":[\"https:\/\/www.manaus.am.gov.br\/semcom\/revitalizacao-de-feiras-e-mercados-municipais\/\"]}]},{\"@type\":\"ImageObject\",\"inLanguage\":\"pt-BR\",\"@id\":\"https:\/\/www.manaus.am.gov.br\/semcom\/revitalizacao-de-feiras-e-mercados-municipais\/#primaryimage\",\"url\":\"https:\/\/www.manaus.am.gov.br\/semcom\/wp-content\/uploads\/sites\/5\/2025\/03\/revitalizacao-das-feiras-municipais-2.jpg\",\"contentUrl\":\"https:\/\/www.manaus.am.gov.br\/semcom\/wp-content\/uploads\/sites\/5\/2025\/03\/revitalizacao-das-feiras-municipais-2.jpg\",\"width\":800,\"height\":600,\"caption\":\"revitaliza\u00e7\u00e3o das feiras municipais\"},{\"@type\":\"WebSite\",\"@id\":\"https:\/\/www.manaus.am.gov.br\/semcom\/#website\",\"url\":\"https:\/\/www.manaus.am.gov.br\/semcom\/\",\"name\":\"SEMCOM\",\"description\":\"Secretaria Municipal de Comunica\u00e7\u00e3o\",\"potentialAction\":[{\"@type\":\"SearchAction\",\"target\":{\"@type\":\"EntryPoint\",\"urlTemplate\":\"https:\/\/www.manaus.am.gov.br\/semcom\/?s={search_term_string}\"},\"query-input\":\"required name=search_term_string\"}],\"inLanguage\":\"pt-BR\"},{\"@type\":\"Person\",\"@id\":\"https:\/\/www.manaus.am.gov.br\/semcom\/#\/schema\/person\/a5ee5376db6e21af026374b369f30882\",\"name\":\"Thiago Fernando\",\"image\":{\"@type\":\"ImageObject\",\"inLanguage\":\"pt-BR\",\"@id\":\"https:\/\/www.manaus.am.gov.br\/semcom\/#\/schema\/person\/image\/\",\"url\":\"https:\/\/secure.gravatar.com\/avatar\/f5aab8722444041451501c077052ac07?s=96&d=mm&r=g\",\"contentUrl\":\"https:\/\/secure.gravatar.com\/avatar\/f5aab8722444041451501c077052ac07?s=96&d=mm&r=g\",\"caption\":\"Thiago Fernando\"}}]}<\/script>\n<!-- \/ Yoast SEO plugin. -->","yoast_head_json":{"title":"Prefeitura acelera revitaliza\u00e7\u00e3o de feiras e mercados municipais","description":"A Prefeitura segue com a revitaliza\u00e7\u00e3o das feiras municipais em v\u00e1rias zonas da cidade, promovendo melhorias para feirantes e consumidores.","robots":{"index":"index","follow":"follow","max-snippet":"max-snippet:-1","max-image-preview":"max-image-preview:large","max-video-preview":"max-video-preview:-1"},"canonical":"https:\/\/www.manaus.am.gov.br\/semcom\/revitalizacao-de-feiras-e-mercados-municipais\/","og_locale":"pt_BR","og_type":"article","og_title":"Prefeitura acelera revitaliza\u00e7\u00e3o de feiras e mercados municipais","og_description":"A Prefeitura segue com a revitaliza\u00e7\u00e3o das feiras municipais em v\u00e1rias zonas da cidade, promovendo melhorias para feirantes e consumidores.","og_url":"https:\/\/www.manaus.am.gov.br\/semcom\/revitalizacao-de-feiras-e-mercados-municipais\/","og_site_name":"SEMCOM","article_published_time":"2025-03-13T18:16:54+00:00","article_modified_time":"2025-03-13T18:16:56+00:00","og_image":[{"width":800,"height":600,"url":"https:\/\/www.manaus.am.gov.br\/semcom\/wp-content\/uploads\/sites\/5\/2025\/03\/revitalizacao-das-feiras-municipais-2.jpg","type":"image\/jpeg"}],"author":"Thiago Fernando","twitter_card":"summary_large_image","twitter_misc":{"Written by":"Thiago Fernando","Est. reading time":"3 minutos"},"schema":{"@context":"https:\/\/schema.org","@graph":[{"@type":"WebPage","@id":"https:\/\/www.manaus.am.gov.br\/semcom\/revitalizacao-de-feiras-e-mercados-municipais\/","url":"https:\/\/www.manaus.am.gov.br\/semcom\/revitalizacao-de-feiras-e-mercados-municipais\/","name":"Prefeitura acelera revitaliza\u00e7\u00e3o de feiras e mercados municipais","isPartOf":{"@id":"https:\/\/www.manaus.am.gov.br\/semcom\/#website"},"primaryImageOfPage":{"@id":"https:\/\/www.manaus.am.gov.br\/semcom\/revitalizacao-de-feiras-e-mercados-municipais\/#primaryimage"},"image":{"@id":"https:\/\/www.manaus.am.gov.br\/semcom\/revitalizacao-de-feiras-e-mercados-municipais\/#primaryimage"},"thumbnailUrl":"https:\/\/www.manaus.am.gov.br\/semcom\/wp-content\/uploads\/sites\/5\/2025\/03\/revitalizacao-das-feiras-municipais-2.jpg","datePublished":"2025-03-13T18:16:54+00:00","dateModified":"2025-03-13T18:16:56+00:00","author":{"@id":"https:\/\/www.manaus.am.gov.br\/semcom\/#\/schema\/person\/a5ee5376db6e21af026374b369f30882"},"description":"A Prefeitura segue com a revitaliza\u00e7\u00e3o das feiras municipais em v\u00e1rias zonas da cidade, promovendo melhorias para feirantes e consumidores.","inLanguage":"pt-BR","potentialAction":[{"@type":"ReadAction","target":["https:\/\/www.manaus.am.gov.br\/semcom\/revitalizacao-de-feiras-e-mercados-municipais\/"]}]},{"@type":"ImageObject","inLanguage":"pt-BR","@id":"https:\/\/www.manaus.am.gov.br\/semcom\/revitalizacao-de-feiras-e-mercados-municipais\/#primaryimage","url":"https:\/\/www.manaus.am.gov.br\/semcom\/wp-content\/uploads\/sites\/5\/2025\/03\/revitalizacao-das-feiras-municipais-2.jpg","contentUrl":"https:\/\/www.manaus.am.gov.br\/semcom\/wp-content\/uploads\/sites\/5\/2025\/03\/revitalizacao-das-feiras-municipais-2.jpg","width":800,"height":600,"caption":"revitaliza\u00e7\u00e3o das feiras municipais"},{"@type":"WebSite","@id":"https:\/\/www.manaus.am.gov.br\/semcom\/#website","url":"https:\/\/www.manaus.am.gov.br\/semcom\/","name":"SEMCOM","description":"Secretaria Municipal de Comunica\u00e7\u00e3o","potentialAction":[{"@type":"SearchAction","target":{"@type":"EntryPoint","urlTemplate":"https:\/\/www.manaus.am.gov.br\/semcom\/?s={search_term_string}"},"query-input":"required name=search_term_string"}],"inLanguage":"pt-BR"},{"@type":"Person","@id":"https:\/\/www.manaus.am.gov.br\/semcom\/#\/schema\/person\/a5ee5376db6e21af026374b369f30882","name":"Thiago Fernando","image":{"@type":"ImageObject","inLanguage":"pt-BR","@id":"https:\/\/www.manaus.am.gov.br\/semcom\/#\/schema\/person\/image\/","url":"https:\/\/secure.gravatar.com\/avatar\/f5aab8722444041451501c077052ac07?s=96&d=mm&r=g","contentUrl":"https:\/\/secure.gravatar.com\/avatar\/f5aab8722444041451501c077052ac07?s=96&d=mm&r=g","caption":"Thiago Fernando"}}]}},"_links":{"self":[{"href":"https:\/\/www.manaus.am.gov.br\/semcom\/wp-json\/wp\/v2\/posts\/235974"}],"collection":[{"href":"https:\/\/www.manaus.am.gov.br\/semcom\/wp-json\/wp\/v2\/posts"}],"about":[{"href":"https:\/\/www.manaus.am.gov.br\/semcom\/wp-json\/wp\/v2\/types\/post"}],"author":[{"embeddable":true,"href":"https:\/\/www.manaus.am.gov.br\/semcom\/wp-json\/wp\/v2\/users\/57"}],"replies":[{"embeddable":true,"href":"https:\/\/www.manaus.am.gov.br\/semcom\/wp-json\/wp\/v2\/comments?post=235974"}],"version-history":[{"count":0,"href":"https:\/\/www.manaus.am.gov.br\/semcom\/wp-json\/wp\/v2\/posts\/235974\/revisions"}],"wp:featuredmedia":[{"embeddable":true,"href":"https:\/\/www.manaus.am.gov.br\/semcom\/wp-json\/wp\/v2\/media\/235975"}],"wp:attachment":[{"href":"https:\/\/www.manaus.am.gov.br\/semcom\/wp-json\/wp\/v2\/media?parent=235974"}],"wp:term":[{"taxonomy":"category","embeddable":true,"href":"https:\/\/www.manaus.am.gov.br\/semcom\/wp-json\/wp\/v2\/categories?post=235974"},{"taxonomy":"post_tag","embeddable":true,"href":"https:\/\/www.manaus.am.gov.br\/semcom\/wp-json\/wp\/v2\/tags?post=235974"}],"curies":[{"name":"wp","href":"https:\/\/api.w.org\/{rel}","templated":true}]}}