{"id":235794,"date":"2025-03-10T15:49:12","date_gmt":"2025-03-10T18:49:12","guid":{"rendered":"https:\/\/www.manaus.am.gov.br\/semcom\/maternidade-moura-tapajoz-dia-especial-mulher\/"},"modified":"2025-03-10T15:49:13","modified_gmt":"2025-03-10T18:49:13","slug":"maternidade-moura-tapajoz-dia-especial-mulher","status":"publish","type":"post","link":"https:\/\/www.manaus.am.gov.br\/semcom\/maternidade-moura-tapajoz-dia-especial-mulher\/","title":{"rendered":"Maternidade Moura Tapaj\u00f3z promove programa\u00e7\u00e3o especial para gr\u00e1vidas, pu\u00e9rperas e acompanhantes em alus\u00e3o ao Dia Internacional da Mulher"},"content":{"rendered":"\n<p>Em alus\u00e3o ao Dia Internacional da Mulher, o setor de Servi\u00e7o Social da Maternidade Dr. Moura Tapaj\u00f3z (MMT), da Prefeitura de Manaus, realizou, no \u00faltimo s\u00e1bado, 8\/3, uma programa\u00e7\u00e3o especial para as gr\u00e1vidas, pu\u00e9rperas e suas acompanhantes mulheres na unidade de sa\u00fade. A a\u00e7\u00e3o teve atividades de acolhimento, orienta\u00e7\u00e3o, leitura de poemas, al\u00e9m da distribui\u00e7\u00e3o de brindes.<\/p>\n\n\n\n<p>Segundo a diretora da MMT, enfermeira N\u00fabia Cruz, proporcionar esse tipo de evento contribui com o acolhimento e ajuda a fortalecer o \u00e2nimo de quem est\u00e1 passando por momentos sens\u00edveis.<\/p>\n\n\n\n<p>\u201cS\u00e3o mulheres gr\u00e1vidas, ou que acabaram de ter seus beb\u00eas, ou ainda que est\u00e3o em um momento de extrema fragilidade emocional com seus filhos rec\u00e9m-nascidos internados na UTI. Ent\u00e3o, iniciativas como essa contribuem significativamente para o bem-estar emocional e psicol\u00f3gico dessas mulheres, garantindo acolhimento nesse momento t\u00e3o importante\u201d, afirmou a diretora.<\/p>\n\n\n\n<p>A assistente social Thalita Macena explicou que a iniciativa teve o objetivo de proporcionar a cada mulher o sentimento de import\u00e2ncia e valoriza\u00e7\u00e3o.<\/p>\n\n\n\n<p>\u201cFizemos essa homenagem com muito carinho, para reconhecer o valor dessas mulheres gr\u00e1vidas, m\u00e3es, av\u00f3s, amigas, que s\u00e3o mulheres multitarefas, s\u00e3o suporte, e que, como diz o prov\u00e9rbio africano, s\u00e3o a aldeia que ajuda cada m\u00e3e a criar e educar suas crian\u00e7as. Durante a programa\u00e7\u00e3o, tamb\u00e9m levamos orienta\u00e7\u00e3o sobre a promo\u00e7\u00e3o da sa\u00fade e preven\u00e7\u00e3o de agravos, sempre enfatizando o valor das mulheres, suas lutas, conquistas e necessidades diante de um contexto social, infelizmente, ainda muitas vezes limitante\u201d, concluiu Thalita.<\/p>\n\n\n\n<p>&#8212; &#8212; &#8212;<\/p>\n\n\n\n<p><strong>Texto &#8211;<\/strong>\u00a0Marcella Normando\/Semsa<\/p>\n\n\n\n<p><strong>Foto &#8211;<\/strong>\u00a0Divulga\u00e7\u00e3o\/Semsa<\/p>\n","protected":false},"excerpt":{"rendered":"","protected":false},"author":39,"featured_media":235795,"comment_status":"closed","ping_status":"closed","sticky":false,"template":"","format":"standard","meta":{"footnotes":""},"categories":[1183],"tags":[1682,752,77,1906,162],"acf":[],"yoast_head":"<!-- This site is optimized with the Yoast SEO plugin v23.0 - https:\/\/yoast.com\/wordpress\/plugins\/seo\/ -->\n<title>Maternidade Moura Tapaj\u00f3z promove dia especial a mulheres<\/title>\n<meta name=\"description\" content=\"Maternidade Moura Tapaj\u00f3z promove programa\u00e7\u00e3o especial para gr\u00e1vidas, pu\u00e9rperas e acompanhantes em alus\u00e3o ao Dia Internacional da Mulher.\" \/>\n<meta name=\"robots\" content=\"index, follow, max-snippet:-1, max-image-preview:large, max-video-preview:-1\" \/>\n<link rel=\"canonical\" href=\"https:\/\/www.manaus.am.gov.br\/semcom\/maternidade-moura-tapajoz-dia-especial-mulher\/\" \/>\n<meta property=\"og:locale\" content=\"pt_BR\" \/>\n<meta property=\"og:type\" content=\"article\" \/>\n<meta property=\"og:title\" content=\"Maternidade Moura Tapaj\u00f3z promove dia especial a mulheres\" \/>\n<meta property=\"og:description\" content=\"Maternidade Moura Tapaj\u00f3z promove programa\u00e7\u00e3o especial para gr\u00e1vidas, pu\u00e9rperas e acompanhantes em alus\u00e3o ao Dia Internacional da Mulher.\" \/>\n<meta property=\"og:url\" content=\"https:\/\/www.manaus.am.gov.br\/semcom\/maternidade-moura-tapajoz-dia-especial-mulher\/\" \/>\n<meta property=\"og:site_name\" content=\"SEMCOM\" \/>\n<meta property=\"article:published_time\" content=\"2025-03-10T18:49:12+00:00\" \/>\n<meta property=\"article:modified_time\" content=\"2025-03-10T18:49:13+00:00\" \/>\n<meta property=\"og:image\" content=\"https:\/\/www.manaus.am.gov.br\/semcom\/wp-content\/uploads\/sites\/5\/2025\/03\/Marco-10_MMT-Dia-Internacional-Mulher-1.jpeg\" \/>\n\t<meta property=\"og:image:width\" content=\"1600\" \/>\n\t<meta property=\"og:image:height\" content=\"1200\" \/>\n\t<meta property=\"og:image:type\" content=\"image\/jpeg\" \/>\n<meta name=\"author\" content=\"Bruna Greco\" \/>\n<meta name=\"twitter:card\" content=\"summary_large_image\" \/>\n<meta name=\"twitter:label1\" content=\"Written by\" \/>\n\t<meta name=\"twitter:data1\" content=\"Bruna Greco\" \/>\n\t<meta name=\"twitter:label2\" content=\"Est. reading time\" \/>\n\t<meta name=\"twitter:data2\" content=\"2 minutos\" \/>\n<script type=\"application\/ld+json\" class=\"yoast-schema-graph\">{\"@context\":\"https:\/\/schema.org\",\"@graph\":[{\"@type\":\"WebPage\",\"@id\":\"https:\/\/www.manaus.am.gov.br\/semcom\/maternidade-moura-tapajoz-dia-especial-mulher\/\",\"url\":\"https:\/\/www.manaus.am.gov.br\/semcom\/maternidade-moura-tapajoz-dia-especial-mulher\/\",\"name\":\"Maternidade Moura Tapaj\u00f3z promove dia especial a mulheres\",\"isPartOf\":{\"@id\":\"https:\/\/www.manaus.am.gov.br\/semcom\/#website\"},\"primaryImageOfPage\":{\"@id\":\"https:\/\/www.manaus.am.gov.br\/semcom\/maternidade-moura-tapajoz-dia-especial-mulher\/#primaryimage\"},\"image\":{\"@id\":\"https:\/\/www.manaus.am.gov.br\/semcom\/maternidade-moura-tapajoz-dia-especial-mulher\/#primaryimage\"},\"thumbnailUrl\":\"https:\/\/www.manaus.am.gov.br\/semcom\/wp-content\/uploads\/sites\/5\/2025\/03\/Marco-10_MMT-Dia-Internacional-Mulher-1.jpeg\",\"datePublished\":\"2025-03-10T18:49:12+00:00\",\"dateModified\":\"2025-03-10T18:49:13+00:00\",\"author\":{\"@id\":\"https:\/\/www.manaus.am.gov.br\/semcom\/#\/schema\/person\/05d223aea2bf115f9883a6ff3683d81b\"},\"description\":\"Maternidade Moura Tapaj\u00f3z promove programa\u00e7\u00e3o especial para gr\u00e1vidas, pu\u00e9rperas e acompanhantes em alus\u00e3o ao Dia Internacional da Mulher.\",\"inLanguage\":\"pt-BR\",\"potentialAction\":[{\"@type\":\"ReadAction\",\"target\":[\"https:\/\/www.manaus.am.gov.br\/semcom\/maternidade-moura-tapajoz-dia-especial-mulher\/\"]}]},{\"@type\":\"ImageObject\",\"inLanguage\":\"pt-BR\",\"@id\":\"https:\/\/www.manaus.am.gov.br\/semcom\/maternidade-moura-tapajoz-dia-especial-mulher\/#primaryimage\",\"url\":\"https:\/\/www.manaus.am.gov.br\/semcom\/wp-content\/uploads\/sites\/5\/2025\/03\/Marco-10_MMT-Dia-Internacional-Mulher-1.jpeg\",\"contentUrl\":\"https:\/\/www.manaus.am.gov.br\/semcom\/wp-content\/uploads\/sites\/5\/2025\/03\/Marco-10_MMT-Dia-Internacional-Mulher-1.jpeg\",\"width\":1600,\"height\":1200,\"caption\":\"#paratodosverem - Servidora da Maternidade Moura Tapaj\u00f3z entregando lembran\u00e7a em homenagem ao Dia Internacional da Mulher\"},{\"@type\":\"WebSite\",\"@id\":\"https:\/\/www.manaus.am.gov.br\/semcom\/#website\",\"url\":\"https:\/\/www.manaus.am.gov.br\/semcom\/\",\"name\":\"SEMCOM\",\"description\":\"Secretaria Municipal de Comunica\u00e7\u00e3o\",\"potentialAction\":[{\"@type\":\"SearchAction\",\"target\":{\"@type\":\"EntryPoint\",\"urlTemplate\":\"https:\/\/www.manaus.am.gov.br\/semcom\/?s={search_term_string}\"},\"query-input\":\"required name=search_term_string\"}],\"inLanguage\":\"pt-BR\"},{\"@type\":\"Person\",\"@id\":\"https:\/\/www.manaus.am.gov.br\/semcom\/#\/schema\/person\/05d223aea2bf115f9883a6ff3683d81b\",\"name\":\"Bruna Greco\",\"image\":{\"@type\":\"ImageObject\",\"inLanguage\":\"pt-BR\",\"@id\":\"https:\/\/www.manaus.am.gov.br\/semcom\/#\/schema\/person\/image\/\",\"url\":\"https:\/\/secure.gravatar.com\/avatar\/9c877d1a6adc2a055330e5c09a8653ce?s=96&d=mm&r=g\",\"contentUrl\":\"https:\/\/secure.gravatar.com\/avatar\/9c877d1a6adc2a055330e5c09a8653ce?s=96&d=mm&r=g\",\"caption\":\"Bruna Greco\"}}]}<\/script>\n<!-- \/ Yoast SEO plugin. -->","yoast_head_json":{"title":"Maternidade Moura Tapaj\u00f3z promove dia especial a mulheres","description":"Maternidade Moura Tapaj\u00f3z promove programa\u00e7\u00e3o especial para gr\u00e1vidas, pu\u00e9rperas e acompanhantes em alus\u00e3o ao Dia Internacional da Mulher.","robots":{"index":"index","follow":"follow","max-snippet":"max-snippet:-1","max-image-preview":"max-image-preview:large","max-video-preview":"max-video-preview:-1"},"canonical":"https:\/\/www.manaus.am.gov.br\/semcom\/maternidade-moura-tapajoz-dia-especial-mulher\/","og_locale":"pt_BR","og_type":"article","og_title":"Maternidade Moura Tapaj\u00f3z promove dia especial a mulheres","og_description":"Maternidade Moura Tapaj\u00f3z promove programa\u00e7\u00e3o especial para gr\u00e1vidas, pu\u00e9rperas e acompanhantes em alus\u00e3o ao Dia Internacional da Mulher.","og_url":"https:\/\/www.manaus.am.gov.br\/semcom\/maternidade-moura-tapajoz-dia-especial-mulher\/","og_site_name":"SEMCOM","article_published_time":"2025-03-10T18:49:12+00:00","article_modified_time":"2025-03-10T18:49:13+00:00","og_image":[{"width":1600,"height":1200,"url":"https:\/\/www.manaus.am.gov.br\/semcom\/wp-content\/uploads\/sites\/5\/2025\/03\/Marco-10_MMT-Dia-Internacional-Mulher-1.jpeg","type":"image\/jpeg"}],"author":"Bruna Greco","twitter_card":"summary_large_image","twitter_misc":{"Written by":"Bruna Greco","Est. reading time":"2 minutos"},"schema":{"@context":"https:\/\/schema.org","@graph":[{"@type":"WebPage","@id":"https:\/\/www.manaus.am.gov.br\/semcom\/maternidade-moura-tapajoz-dia-especial-mulher\/","url":"https:\/\/www.manaus.am.gov.br\/semcom\/maternidade-moura-tapajoz-dia-especial-mulher\/","name":"Maternidade Moura Tapaj\u00f3z promove dia especial a mulheres","isPartOf":{"@id":"https:\/\/www.manaus.am.gov.br\/semcom\/#website"},"primaryImageOfPage":{"@id":"https:\/\/www.manaus.am.gov.br\/semcom\/maternidade-moura-tapajoz-dia-especial-mulher\/#primaryimage"},"image":{"@id":"https:\/\/www.manaus.am.gov.br\/semcom\/maternidade-moura-tapajoz-dia-especial-mulher\/#primaryimage"},"thumbnailUrl":"https:\/\/www.manaus.am.gov.br\/semcom\/wp-content\/uploads\/sites\/5\/2025\/03\/Marco-10_MMT-Dia-Internacional-Mulher-1.jpeg","datePublished":"2025-03-10T18:49:12+00:00","dateModified":"2025-03-10T18:49:13+00:00","author":{"@id":"https:\/\/www.manaus.am.gov.br\/semcom\/#\/schema\/person\/05d223aea2bf115f9883a6ff3683d81b"},"description":"Maternidade Moura Tapaj\u00f3z promove programa\u00e7\u00e3o especial para gr\u00e1vidas, pu\u00e9rperas e acompanhantes em alus\u00e3o ao Dia Internacional da Mulher.","inLanguage":"pt-BR","potentialAction":[{"@type":"ReadAction","target":["https:\/\/www.manaus.am.gov.br\/semcom\/maternidade-moura-tapajoz-dia-especial-mulher\/"]}]},{"@type":"ImageObject","inLanguage":"pt-BR","@id":"https:\/\/www.manaus.am.gov.br\/semcom\/maternidade-moura-tapajoz-dia-especial-mulher\/#primaryimage","url":"https:\/\/www.manaus.am.gov.br\/semcom\/wp-content\/uploads\/sites\/5\/2025\/03\/Marco-10_MMT-Dia-Internacional-Mulher-1.jpeg","contentUrl":"https:\/\/www.manaus.am.gov.br\/semcom\/wp-content\/uploads\/sites\/5\/2025\/03\/Marco-10_MMT-Dia-Internacional-Mulher-1.jpeg","width":1600,"height":1200,"caption":"#paratodosverem - Servidora da Maternidade Moura Tapaj\u00f3z entregando lembran\u00e7a em homenagem ao Dia Internacional da Mulher"},{"@type":"WebSite","@id":"https:\/\/www.manaus.am.gov.br\/semcom\/#website","url":"https:\/\/www.manaus.am.gov.br\/semcom\/","name":"SEMCOM","description":"Secretaria Municipal de Comunica\u00e7\u00e3o","potentialAction":[{"@type":"SearchAction","target":{"@type":"EntryPoint","urlTemplate":"https:\/\/www.manaus.am.gov.br\/semcom\/?s={search_term_string}"},"query-input":"required name=search_term_string"}],"inLanguage":"pt-BR"},{"@type":"Person","@id":"https:\/\/www.manaus.am.gov.br\/semcom\/#\/schema\/person\/05d223aea2bf115f9883a6ff3683d81b","name":"Bruna Greco","image":{"@type":"ImageObject","inLanguage":"pt-BR","@id":"https:\/\/www.manaus.am.gov.br\/semcom\/#\/schema\/person\/image\/","url":"https:\/\/secure.gravatar.com\/avatar\/9c877d1a6adc2a055330e5c09a8653ce?s=96&d=mm&r=g","contentUrl":"https:\/\/secure.gravatar.com\/avatar\/9c877d1a6adc2a055330e5c09a8653ce?s=96&d=mm&r=g","caption":"Bruna Greco"}}]}},"_links":{"self":[{"href":"https:\/\/www.manaus.am.gov.br\/semcom\/wp-json\/wp\/v2\/posts\/235794"}],"collection":[{"href":"https:\/\/www.manaus.am.gov.br\/semcom\/wp-json\/wp\/v2\/posts"}],"about":[{"href":"https:\/\/www.manaus.am.gov.br\/semcom\/wp-json\/wp\/v2\/types\/post"}],"author":[{"embeddable":true,"href":"https:\/\/www.manaus.am.gov.br\/semcom\/wp-json\/wp\/v2\/users\/39"}],"replies":[{"embeddable":true,"href":"https:\/\/www.manaus.am.gov.br\/semcom\/wp-json\/wp\/v2\/comments?post=235794"}],"version-history":[{"count":0,"href":"https:\/\/www.manaus.am.gov.br\/semcom\/wp-json\/wp\/v2\/posts\/235794\/revisions"}],"wp:featuredmedia":[{"embeddable":true,"href":"https:\/\/www.manaus.am.gov.br\/semcom\/wp-json\/wp\/v2\/media\/235795"}],"wp:attachment":[{"href":"https:\/\/www.manaus.am.gov.br\/semcom\/wp-json\/wp\/v2\/media?parent=235794"}],"wp:term":[{"taxonomy":"category","embeddable":true,"href":"https:\/\/www.manaus.am.gov.br\/semcom\/wp-json\/wp\/v2\/categories?post=235794"},{"taxonomy":"post_tag","embeddable":true,"href":"https:\/\/www.manaus.am.gov.br\/semcom\/wp-json\/wp\/v2\/tags?post=235794"}],"curies":[{"name":"wp","href":"https:\/\/api.w.org\/{rel}","templated":true}]}}