{"id":235674,"date":"2025-03-06T18:24:50","date_gmt":"2025-03-06T21:24:50","guid":{"rendered":"https:\/\/www.manaus.am.gov.br\/semcom\/meio-ambiente\/"},"modified":"2025-03-06T18:27:09","modified_gmt":"2025-03-06T21:27:09","slug":"meio-ambiente","status":"publish","type":"post","link":"https:\/\/www.manaus.am.gov.br\/semcom\/meio-ambiente\/","title":{"rendered":"Prefeitura de Manaus promove treinamento e capacita\u00e7\u00e3o para servidores do Centro de Produ\u00e7\u00e3o de Mudas"},"content":{"rendered":"\n<p>A Prefeitura de Manaus, por meio da Secretaria Municipal de Meio Ambiente, Sustentabilidade e Mudan\u00e7a do Clima (Semmasclima), realizou, nesta quinta-feira, 6\/3, um treinamento para capacitar os servidores do Centro de Produ\u00e7\u00e3o de Mudas, garantindo a conformidade legal do viveiro municipal junto ao Minist\u00e9rio da Agricultura e Pecu\u00e1ria (Mapa).&nbsp;<\/p>\n\n\n\n<p>A engenheira agr\u00f4noma e respons\u00e1vel t\u00e9cnica, Laiane Torres, destaca que, para 2025, a estimativa \u00e9 a produ\u00e7\u00e3o de 80 mil mudas, que ir\u00e3o abastecer o programa de arboriza\u00e7\u00e3o da prefeitura, o \u201cManaus Verde\u201d.<\/p>\n\n\n\n<p>\u201dO trabalho de arboriza\u00e7\u00e3o da cidade de Manaus tem in\u00edcio no centro de produ\u00e7\u00e3o de mudas, onde realizamos manejos especializados e treinamentos para garantir uma produ\u00e7\u00e3o e armazenamento dentro dos padr\u00f5es estabelecidos pelo Minist\u00e9rio da Agricultura e Pecu\u00e1ria. Al\u00e9m disso, cumprimos rigorosamente o registro anual de safra, assegurando a qualidade e a rastreabilidade das mudas produzidas e doadas na cidade\u201d, explicou. De 2021 a 2024, foram produzidas 542.615 mudas, pela gest\u00e3o municipal. Estas s\u00e3o utilizadas nas a\u00e7\u00f5es de arboriza\u00e7\u00e3o e de plantio, nas distribui\u00e7\u00f5es semanais junto \u00e0 popula\u00e7\u00e3o e em atendimentos a solicita\u00e7\u00f5es.<\/p>\n\n\n\n<p>Durante o treinamento, foram abordados temas como a manuten\u00e7\u00e3o de um jardim clonal saud\u00e1vel (\u00e1rea de cultivo de plantas que s\u00e3o geneticamente id\u00eanticas entre si), a assepsia dos materiais de propaga\u00e7\u00e3o (partes da planta que s\u00e3o usadas para produzir mudas, como ra\u00edzes, caules, folhas, galhos, entre outros), al\u00e9m do controle de produ\u00e7\u00e3o e gest\u00e3o de lotes quantidades definidas de mudas da mesma esp\u00e9cie.<\/p>\n\n\n\n<p><strong>Como adquirir<\/strong> <strong>mudas<\/strong><\/p>\n\n\n\n<p>No Centro de Produ\u00e7\u00e3o de Mudas da Prefeitura de Manaus, s\u00e3o cultivados 47 tipos de mudas, entre esp\u00e9cies frut\u00edferas, medicinais e ornamentais, as quais s\u00e3o distribu\u00eddas semanalmente de forma itinerante em uma zona distinta da cidade. O calend\u00e1rio \u00e9 divulgado na rede social da Semmasclima, @semmasclima. O ponto de doa\u00e7\u00e3o permanente \u00e9 no pr\u00f3prio Centro de Produ\u00e7\u00e3o de Mudas, localizado na avenida Cosme Ferreira, 8.045, bairro Gilberto Mestrinho, zona Leste da cidade, que funciona das 8h \u00e0s 15h, de segunda a sexta-feira. Os interessados devem apresentar um documento de identifica\u00e7\u00e3o e podem pegar at\u00e9 cinco unidades.<\/p>\n\n\n\n<p><strong>\u2014 \u2014 \u2014&nbsp;<\/strong><br><strong>Texto &#8211;<\/strong> Taianna Castro e Vit\u00f3ria Viegas\/Semmasclima<br><strong>Fotos &#8211;<\/strong> Divulga\u00e7\u00e3o\/Semmasclima<\/p>\n","protected":false},"excerpt":{"rendered":"","protected":false},"author":68,"featured_media":235675,"comment_status":"closed","ping_status":"closed","sticky":false,"template":"","format":"standard","meta":{"footnotes":""},"categories":[3878],"tags":[77,9959,13705],"acf":[],"yoast_head":"<!-- This site is optimized with the Yoast SEO plugin v23.0 - https:\/\/yoast.com\/wordpress\/plugins\/seo\/ -->\n<title>Prefeitura de Manaus promove treinamento e capacita\u00e7\u00e3o para servidores do Centro de Produ\u00e7\u00e3o de Mudas<\/title>\n<meta name=\"description\" content=\"A Prefeitura de Manaus, por meio da Secretaria Municipal de Meio Ambiente, Sustentabilidade e Mudan\u00e7a do Clima (Semmasclima), realizou, nesta quinta-feira, 6\/3, um treinamento para capacitar os servidores do Centro de Produ\u00e7\u00e3o de Mudas, garantindo a conformidade legal do viveiro municipal junto ao Minist\u00e9rio da Agricultura e Pecu\u00e1ria (Mapa).\u00a0\" \/>\n<meta name=\"robots\" content=\"index, follow, max-snippet:-1, max-image-preview:large, max-video-preview:-1\" \/>\n<link rel=\"canonical\" href=\"https:\/\/www.manaus.am.gov.br\/semcom\/meio-ambiente\/\" \/>\n<meta property=\"og:locale\" content=\"pt_BR\" \/>\n<meta property=\"og:type\" content=\"article\" \/>\n<meta property=\"og:title\" content=\"Prefeitura de Manaus promove treinamento e capacita\u00e7\u00e3o para servidores do Centro de Produ\u00e7\u00e3o de Mudas\" \/>\n<meta property=\"og:description\" content=\"A Prefeitura de Manaus, por meio da Secretaria Municipal de Meio Ambiente, Sustentabilidade e Mudan\u00e7a do Clima (Semmasclima), realizou, nesta quinta-feira, 6\/3, um treinamento para capacitar os servidores do Centro de Produ\u00e7\u00e3o de Mudas, garantindo a conformidade legal do viveiro municipal junto ao Minist\u00e9rio da Agricultura e Pecu\u00e1ria (Mapa).\u00a0\" \/>\n<meta property=\"og:url\" content=\"https:\/\/www.manaus.am.gov.br\/semcom\/meio-ambiente\/\" \/>\n<meta property=\"og:site_name\" content=\"SEMCOM\" \/>\n<meta property=\"article:published_time\" content=\"2025-03-06T21:24:50+00:00\" \/>\n<meta property=\"article:modified_time\" content=\"2025-03-06T21:27:09+00:00\" \/>\n<meta property=\"og:image\" content=\"https:\/\/www.manaus.am.gov.br\/semcom\/wp-content\/uploads\/sites\/5\/2025\/03\/Prefeitura-de-Manaus-promove-treinamento-e-capacitacao-para-servidores-do-Centro-de-Producao-de-Mudas-2.jpg\" \/>\n\t<meta property=\"og:image:width\" content=\"1280\" \/>\n\t<meta property=\"og:image:height\" content=\"720\" \/>\n\t<meta property=\"og:image:type\" content=\"image\/jpeg\" \/>\n<meta name=\"author\" content=\"bvalente\" \/>\n<meta name=\"twitter:card\" content=\"summary_large_image\" \/>\n<meta name=\"twitter:label1\" content=\"Written by\" \/>\n\t<meta name=\"twitter:data1\" content=\"bvalente\" \/>\n\t<meta name=\"twitter:label2\" content=\"Est. reading time\" \/>\n\t<meta name=\"twitter:data2\" content=\"3 minutos\" \/>\n<script type=\"application\/ld+json\" class=\"yoast-schema-graph\">{\"@context\":\"https:\/\/schema.org\",\"@graph\":[{\"@type\":\"WebPage\",\"@id\":\"https:\/\/www.manaus.am.gov.br\/semcom\/meio-ambiente\/\",\"url\":\"https:\/\/www.manaus.am.gov.br\/semcom\/meio-ambiente\/\",\"name\":\"Prefeitura de Manaus promove treinamento e capacita\u00e7\u00e3o para servidores do Centro de Produ\u00e7\u00e3o de Mudas\",\"isPartOf\":{\"@id\":\"https:\/\/www.manaus.am.gov.br\/semcom\/#website\"},\"primaryImageOfPage\":{\"@id\":\"https:\/\/www.manaus.am.gov.br\/semcom\/meio-ambiente\/#primaryimage\"},\"image\":{\"@id\":\"https:\/\/www.manaus.am.gov.br\/semcom\/meio-ambiente\/#primaryimage\"},\"thumbnailUrl\":\"https:\/\/www.manaus.am.gov.br\/semcom\/wp-content\/uploads\/sites\/5\/2025\/03\/Prefeitura-de-Manaus-promove-treinamento-e-capacitacao-para-servidores-do-Centro-de-Producao-de-Mudas-2.jpg\",\"datePublished\":\"2025-03-06T21:24:50+00:00\",\"dateModified\":\"2025-03-06T21:27:09+00:00\",\"author\":{\"@id\":\"https:\/\/www.manaus.am.gov.br\/semcom\/#\/schema\/person\/466a0e03ae4b6062809046bd560ac955\"},\"description\":\"A Prefeitura de Manaus, por meio da Secretaria Municipal de Meio Ambiente, Sustentabilidade e Mudan\u00e7a do Clima (Semmasclima), realizou, nesta quinta-feira, 6\/3, um treinamento para capacitar os servidores do Centro de Produ\u00e7\u00e3o de Mudas, garantindo a conformidade legal do viveiro municipal junto ao Minist\u00e9rio da Agricultura e Pecu\u00e1ria (Mapa).\u00a0\",\"inLanguage\":\"pt-BR\",\"potentialAction\":[{\"@type\":\"ReadAction\",\"target\":[\"https:\/\/www.manaus.am.gov.br\/semcom\/meio-ambiente\/\"]}]},{\"@type\":\"ImageObject\",\"inLanguage\":\"pt-BR\",\"@id\":\"https:\/\/www.manaus.am.gov.br\/semcom\/meio-ambiente\/#primaryimage\",\"url\":\"https:\/\/www.manaus.am.gov.br\/semcom\/wp-content\/uploads\/sites\/5\/2025\/03\/Prefeitura-de-Manaus-promove-treinamento-e-capacitacao-para-servidores-do-Centro-de-Producao-de-Mudas-2.jpg\",\"contentUrl\":\"https:\/\/www.manaus.am.gov.br\/semcom\/wp-content\/uploads\/sites\/5\/2025\/03\/Prefeitura-de-Manaus-promove-treinamento-e-capacitacao-para-servidores-do-Centro-de-Producao-de-Mudas-2.jpg\",\"width\":1280,\"height\":720},{\"@type\":\"WebSite\",\"@id\":\"https:\/\/www.manaus.am.gov.br\/semcom\/#website\",\"url\":\"https:\/\/www.manaus.am.gov.br\/semcom\/\",\"name\":\"SEMCOM\",\"description\":\"Secretaria Municipal de Comunica\u00e7\u00e3o\",\"potentialAction\":[{\"@type\":\"SearchAction\",\"target\":{\"@type\":\"EntryPoint\",\"urlTemplate\":\"https:\/\/www.manaus.am.gov.br\/semcom\/?s={search_term_string}\"},\"query-input\":\"required name=search_term_string\"}],\"inLanguage\":\"pt-BR\"},{\"@type\":\"Person\",\"@id\":\"https:\/\/www.manaus.am.gov.br\/semcom\/#\/schema\/person\/466a0e03ae4b6062809046bd560ac955\",\"name\":\"bvalente\",\"image\":{\"@type\":\"ImageObject\",\"inLanguage\":\"pt-BR\",\"@id\":\"https:\/\/www.manaus.am.gov.br\/semcom\/#\/schema\/person\/image\/\",\"url\":\"https:\/\/secure.gravatar.com\/avatar\/3e69bc2b014bdad41adfec3a39de07d2?s=96&d=mm&r=g\",\"contentUrl\":\"https:\/\/secure.gravatar.com\/avatar\/3e69bc2b014bdad41adfec3a39de07d2?s=96&d=mm&r=g\",\"caption\":\"bvalente\"}}]}<\/script>\n<!-- \/ Yoast SEO plugin. -->","yoast_head_json":{"title":"Prefeitura de Manaus promove treinamento e capacita\u00e7\u00e3o para servidores do Centro de Produ\u00e7\u00e3o de Mudas","description":"A Prefeitura de Manaus, por meio da Secretaria Municipal de Meio Ambiente, Sustentabilidade e Mudan\u00e7a do Clima (Semmasclima), realizou, nesta quinta-feira, 6\/3, um treinamento para capacitar os servidores do Centro de Produ\u00e7\u00e3o de Mudas, garantindo a conformidade legal do viveiro municipal junto ao Minist\u00e9rio da Agricultura e Pecu\u00e1ria (Mapa).\u00a0","robots":{"index":"index","follow":"follow","max-snippet":"max-snippet:-1","max-image-preview":"max-image-preview:large","max-video-preview":"max-video-preview:-1"},"canonical":"https:\/\/www.manaus.am.gov.br\/semcom\/meio-ambiente\/","og_locale":"pt_BR","og_type":"article","og_title":"Prefeitura de Manaus promove treinamento e capacita\u00e7\u00e3o para servidores do Centro de Produ\u00e7\u00e3o de Mudas","og_description":"A Prefeitura de Manaus, por meio da Secretaria Municipal de Meio Ambiente, Sustentabilidade e Mudan\u00e7a do Clima (Semmasclima), realizou, nesta quinta-feira, 6\/3, um treinamento para capacitar os servidores do Centro de Produ\u00e7\u00e3o de Mudas, garantindo a conformidade legal do viveiro municipal junto ao Minist\u00e9rio da Agricultura e Pecu\u00e1ria (Mapa).\u00a0","og_url":"https:\/\/www.manaus.am.gov.br\/semcom\/meio-ambiente\/","og_site_name":"SEMCOM","article_published_time":"2025-03-06T21:24:50+00:00","article_modified_time":"2025-03-06T21:27:09+00:00","og_image":[{"width":1280,"height":720,"url":"https:\/\/www.manaus.am.gov.br\/semcom\/wp-content\/uploads\/sites\/5\/2025\/03\/Prefeitura-de-Manaus-promove-treinamento-e-capacitacao-para-servidores-do-Centro-de-Producao-de-Mudas-2.jpg","type":"image\/jpeg"}],"author":"bvalente","twitter_card":"summary_large_image","twitter_misc":{"Written by":"bvalente","Est. reading time":"3 minutos"},"schema":{"@context":"https:\/\/schema.org","@graph":[{"@type":"WebPage","@id":"https:\/\/www.manaus.am.gov.br\/semcom\/meio-ambiente\/","url":"https:\/\/www.manaus.am.gov.br\/semcom\/meio-ambiente\/","name":"Prefeitura de Manaus promove treinamento e capacita\u00e7\u00e3o para servidores do Centro de Produ\u00e7\u00e3o de Mudas","isPartOf":{"@id":"https:\/\/www.manaus.am.gov.br\/semcom\/#website"},"primaryImageOfPage":{"@id":"https:\/\/www.manaus.am.gov.br\/semcom\/meio-ambiente\/#primaryimage"},"image":{"@id":"https:\/\/www.manaus.am.gov.br\/semcom\/meio-ambiente\/#primaryimage"},"thumbnailUrl":"https:\/\/www.manaus.am.gov.br\/semcom\/wp-content\/uploads\/sites\/5\/2025\/03\/Prefeitura-de-Manaus-promove-treinamento-e-capacitacao-para-servidores-do-Centro-de-Producao-de-Mudas-2.jpg","datePublished":"2025-03-06T21:24:50+00:00","dateModified":"2025-03-06T21:27:09+00:00","author":{"@id":"https:\/\/www.manaus.am.gov.br\/semcom\/#\/schema\/person\/466a0e03ae4b6062809046bd560ac955"},"description":"A Prefeitura de Manaus, por meio da Secretaria Municipal de Meio Ambiente, Sustentabilidade e Mudan\u00e7a do Clima (Semmasclima), realizou, nesta quinta-feira, 6\/3, um treinamento para capacitar os servidores do Centro de Produ\u00e7\u00e3o de Mudas, garantindo a conformidade legal do viveiro municipal junto ao Minist\u00e9rio da Agricultura e Pecu\u00e1ria (Mapa).\u00a0","inLanguage":"pt-BR","potentialAction":[{"@type":"ReadAction","target":["https:\/\/www.manaus.am.gov.br\/semcom\/meio-ambiente\/"]}]},{"@type":"ImageObject","inLanguage":"pt-BR","@id":"https:\/\/www.manaus.am.gov.br\/semcom\/meio-ambiente\/#primaryimage","url":"https:\/\/www.manaus.am.gov.br\/semcom\/wp-content\/uploads\/sites\/5\/2025\/03\/Prefeitura-de-Manaus-promove-treinamento-e-capacitacao-para-servidores-do-Centro-de-Producao-de-Mudas-2.jpg","contentUrl":"https:\/\/www.manaus.am.gov.br\/semcom\/wp-content\/uploads\/sites\/5\/2025\/03\/Prefeitura-de-Manaus-promove-treinamento-e-capacitacao-para-servidores-do-Centro-de-Producao-de-Mudas-2.jpg","width":1280,"height":720},{"@type":"WebSite","@id":"https:\/\/www.manaus.am.gov.br\/semcom\/#website","url":"https:\/\/www.manaus.am.gov.br\/semcom\/","name":"SEMCOM","description":"Secretaria Municipal de Comunica\u00e7\u00e3o","potentialAction":[{"@type":"SearchAction","target":{"@type":"EntryPoint","urlTemplate":"https:\/\/www.manaus.am.gov.br\/semcom\/?s={search_term_string}"},"query-input":"required name=search_term_string"}],"inLanguage":"pt-BR"},{"@type":"Person","@id":"https:\/\/www.manaus.am.gov.br\/semcom\/#\/schema\/person\/466a0e03ae4b6062809046bd560ac955","name":"bvalente","image":{"@type":"ImageObject","inLanguage":"pt-BR","@id":"https:\/\/www.manaus.am.gov.br\/semcom\/#\/schema\/person\/image\/","url":"https:\/\/secure.gravatar.com\/avatar\/3e69bc2b014bdad41adfec3a39de07d2?s=96&d=mm&r=g","contentUrl":"https:\/\/secure.gravatar.com\/avatar\/3e69bc2b014bdad41adfec3a39de07d2?s=96&d=mm&r=g","caption":"bvalente"}}]}},"_links":{"self":[{"href":"https:\/\/www.manaus.am.gov.br\/semcom\/wp-json\/wp\/v2\/posts\/235674"}],"collection":[{"href":"https:\/\/www.manaus.am.gov.br\/semcom\/wp-json\/wp\/v2\/posts"}],"about":[{"href":"https:\/\/www.manaus.am.gov.br\/semcom\/wp-json\/wp\/v2\/types\/post"}],"author":[{"embeddable":true,"href":"https:\/\/www.manaus.am.gov.br\/semcom\/wp-json\/wp\/v2\/users\/68"}],"replies":[{"embeddable":true,"href":"https:\/\/www.manaus.am.gov.br\/semcom\/wp-json\/wp\/v2\/comments?post=235674"}],"version-history":[{"count":1,"href":"https:\/\/www.manaus.am.gov.br\/semcom\/wp-json\/wp\/v2\/posts\/235674\/revisions"}],"predecessor-version":[{"id":235676,"href":"https:\/\/www.manaus.am.gov.br\/semcom\/wp-json\/wp\/v2\/posts\/235674\/revisions\/235676"}],"wp:featuredmedia":[{"embeddable":true,"href":"https:\/\/www.manaus.am.gov.br\/semcom\/wp-json\/wp\/v2\/media\/235675"}],"wp:attachment":[{"href":"https:\/\/www.manaus.am.gov.br\/semcom\/wp-json\/wp\/v2\/media?parent=235674"}],"wp:term":[{"taxonomy":"category","embeddable":true,"href":"https:\/\/www.manaus.am.gov.br\/semcom\/wp-json\/wp\/v2\/categories?post=235674"},{"taxonomy":"post_tag","embeddable":true,"href":"https:\/\/www.manaus.am.gov.br\/semcom\/wp-json\/wp\/v2\/tags?post=235674"}],"curies":[{"name":"wp","href":"https:\/\/api.w.org\/{rel}","templated":true}]}}