{"id":235615,"date":"2025-03-05T12:06:14","date_gmt":"2025-03-05T15:06:14","guid":{"rendered":"https:\/\/www.manaus.am.gov.br\/semcom\/assistencia-familias-atingidas-chuvas\/"},"modified":"2025-03-05T12:06:16","modified_gmt":"2025-03-05T15:06:16","slug":"assistencia-familias-atingidas-chuvas","status":"publish","type":"post","link":"https:\/\/www.manaus.am.gov.br\/semcom\/assistencia-familias-atingidas-chuvas\/","title":{"rendered":"Prefeitura de Manaus presta assist\u00eancia \u00e0s fam\u00edlias atingidas pelas chuvas"},"content":{"rendered":"\n<p>A Prefeitura de Manaus, por meio da Secretaria Municipal da Mulher, Assist\u00eancia Social e Cidadania (Semasc), intensificou os atendimentos socioassistenciais \u00e0s fam\u00edlias afetadas pelas fortes chuvas que atingiram a cidade na ter\u00e7a-feira, 4\/3.&nbsp;<\/p>\n\n\n\n<p>As equipes do Servi\u00e7o de Prote\u00e7\u00e3o a Situa\u00e7\u00f5es de Calamidades e Emerg\u00eancias atenderam ocorr\u00eancias nos bairros Tancredo Neves, Zumbi, Pra\u00e7a 14 de Janeiro e Jorge Teixeira, onde nove fam\u00edlias foram cadastradas para o recebimento do Aux\u00edlio-Aluguel, no valor de R$ 600, al\u00e9m de outros benef\u00edcios eventuais, como cestas b\u00e1sicas, colch\u00f5es, len\u00e7\u00f3is e kits de higiene pessoal.&nbsp;<\/p>\n\n\n\n<p>O secret\u00e1rio da Semasc, Saullo Vianna, destacou a import\u00e2ncia da resposta r\u00e1pida da prefeitura diante de situa\u00e7\u00f5es emergenciais. &#8220;Nossa prioridade \u00e9 garantir que as fam\u00edlias afetadas tenham o suporte necess\u00e1rio para atravessar esse momento dif\u00edcil. Estamos atuando de forma \u00e1gil, em parceria com outros \u00f3rg\u00e3os, para oferecer assist\u00eancia imediata e garantir dignidade a essas pessoas\u201d, afirmou.&nbsp;<\/p>\n\n\n\n<p>O suporte emergencial segue um protocolo estabelecido para situa\u00e7\u00f5es de calamidade, em parceria com outras secretarias. O contato inicial deve ser feito com a Defesa Civil, por meio do n\u00famero alternativo (92) 98802-3547, respons\u00e1vel pela avalia\u00e7\u00e3o estrutural e inclus\u00e3o das fam\u00edlias nos aux\u00edlios e benef\u00edcios dispon\u00edveis.&nbsp;<\/p>\n\n\n\n<p>A Prefeitura de Manaus segue monitorando as \u00e1reas mais atingidas e prestando atendimento \u00e0s fam\u00edlias durante esta quarta-feira, 5\/3, garantindo que todas recebam o suporte necess\u00e1rio.<\/p>\n\n\n\n<p>&#8212; &#8212; &#8212;<\/p>\n\n\n\n<p><strong>Texto &#8211;\u00a0<\/strong>Syrrames Mendon\u00e7a\/Semasc<\/p>\n\n\n\n<p><strong>Foto &#8211; <\/strong>Divulga\u00e7\u00e3o\/Semasc<\/p>\n","protected":false},"excerpt":{"rendered":"","protected":false},"author":39,"featured_media":235616,"comment_status":"closed","ping_status":"closed","sticky":false,"template":"","format":"standard","meta":{"footnotes":""},"categories":[41],"tags":[13661,10654,4184,77,153,13681],"acf":[],"yoast_head":"<!-- This site is optimized with the Yoast SEO plugin v23.0 - https:\/\/yoast.com\/wordpress\/plugins\/seo\/ -->\n<title>Prefeitura presta assist\u00eancia \u00e0s fam\u00edlias atingidas pelas chuvas<\/title>\n<meta name=\"description\" content=\"Prefeitura de Manaus, por meio da Semasc, presta assist\u00eancia \u00e0s fam\u00edlias atingidas pelas chuvas desta ter\u00e7a-feira, 4\/3.\" \/>\n<meta name=\"robots\" content=\"index, follow, max-snippet:-1, max-image-preview:large, max-video-preview:-1\" \/>\n<link rel=\"canonical\" href=\"https:\/\/www.manaus.am.gov.br\/semcom\/assistencia-familias-atingidas-chuvas\/\" \/>\n<meta property=\"og:locale\" content=\"pt_BR\" \/>\n<meta property=\"og:type\" content=\"article\" \/>\n<meta property=\"og:title\" content=\"Prefeitura presta assist\u00eancia \u00e0s fam\u00edlias atingidas pelas chuvas\" \/>\n<meta property=\"og:description\" content=\"Prefeitura de Manaus, por meio da Semasc, presta assist\u00eancia \u00e0s fam\u00edlias atingidas pelas chuvas desta ter\u00e7a-feira, 4\/3.\" \/>\n<meta property=\"og:url\" content=\"https:\/\/www.manaus.am.gov.br\/semcom\/assistencia-familias-atingidas-chuvas\/\" \/>\n<meta property=\"og:site_name\" content=\"SEMCOM\" \/>\n<meta property=\"article:published_time\" content=\"2025-03-05T15:06:14+00:00\" \/>\n<meta property=\"article:modified_time\" content=\"2025-03-05T15:06:16+00:00\" \/>\n<meta property=\"og:image\" content=\"https:\/\/www.manaus.am.gov.br\/semcom\/wp-content\/uploads\/sites\/5\/2025\/03\/WhatsApp-Image-2025-03-05-at-10.59.23-e1741187109849.jpeg\" \/>\n\t<meta property=\"og:image:width\" content=\"898\" \/>\n\t<meta property=\"og:image:height\" content=\"911\" \/>\n\t<meta property=\"og:image:type\" content=\"image\/jpeg\" \/>\n<meta name=\"author\" content=\"Bruna Greco\" \/>\n<meta name=\"twitter:card\" content=\"summary_large_image\" \/>\n<meta name=\"twitter:label1\" content=\"Written by\" \/>\n\t<meta name=\"twitter:data1\" content=\"Bruna Greco\" \/>\n\t<meta name=\"twitter:label2\" content=\"Est. reading time\" \/>\n\t<meta name=\"twitter:data2\" content=\"2 minutos\" \/>\n<script type=\"application\/ld+json\" class=\"yoast-schema-graph\">{\"@context\":\"https:\/\/schema.org\",\"@graph\":[{\"@type\":\"WebPage\",\"@id\":\"https:\/\/www.manaus.am.gov.br\/semcom\/assistencia-familias-atingidas-chuvas\/\",\"url\":\"https:\/\/www.manaus.am.gov.br\/semcom\/assistencia-familias-atingidas-chuvas\/\",\"name\":\"Prefeitura presta assist\u00eancia \u00e0s fam\u00edlias atingidas pelas chuvas\",\"isPartOf\":{\"@id\":\"https:\/\/www.manaus.am.gov.br\/semcom\/#website\"},\"primaryImageOfPage\":{\"@id\":\"https:\/\/www.manaus.am.gov.br\/semcom\/assistencia-familias-atingidas-chuvas\/#primaryimage\"},\"image\":{\"@id\":\"https:\/\/www.manaus.am.gov.br\/semcom\/assistencia-familias-atingidas-chuvas\/#primaryimage\"},\"thumbnailUrl\":\"https:\/\/www.manaus.am.gov.br\/semcom\/wp-content\/uploads\/sites\/5\/2025\/03\/WhatsApp-Image-2025-03-05-at-10.59.23-e1741187109849.jpeg\",\"datePublished\":\"2025-03-05T15:06:14+00:00\",\"dateModified\":\"2025-03-05T15:06:16+00:00\",\"author\":{\"@id\":\"https:\/\/www.manaus.am.gov.br\/semcom\/#\/schema\/person\/05d223aea2bf115f9883a6ff3683d81b\"},\"description\":\"Prefeitura de Manaus, por meio da Semasc, presta assist\u00eancia \u00e0s fam\u00edlias atingidas pelas chuvas desta ter\u00e7a-feira, 4\/3.\",\"inLanguage\":\"pt-BR\",\"potentialAction\":[{\"@type\":\"ReadAction\",\"target\":[\"https:\/\/www.manaus.am.gov.br\/semcom\/assistencia-familias-atingidas-chuvas\/\"]}]},{\"@type\":\"ImageObject\",\"inLanguage\":\"pt-BR\",\"@id\":\"https:\/\/www.manaus.am.gov.br\/semcom\/assistencia-familias-atingidas-chuvas\/#primaryimage\",\"url\":\"https:\/\/www.manaus.am.gov.br\/semcom\/wp-content\/uploads\/sites\/5\/2025\/03\/WhatsApp-Image-2025-03-05-at-10.59.23-e1741187109849.jpeg\",\"contentUrl\":\"https:\/\/www.manaus.am.gov.br\/semcom\/wp-content\/uploads\/sites\/5\/2025\/03\/WhatsApp-Image-2025-03-05-at-10.59.23-e1741187109849.jpeg\",\"width\":898,\"height\":911,\"caption\":\"#paratodosverem - Servidor da Semasc entregando itens b\u00e1sicos para fam\u00edlia afetada pela chuva na ter\u00e7a-feira, 4\/3\"},{\"@type\":\"WebSite\",\"@id\":\"https:\/\/www.manaus.am.gov.br\/semcom\/#website\",\"url\":\"https:\/\/www.manaus.am.gov.br\/semcom\/\",\"name\":\"SEMCOM\",\"description\":\"Secretaria Municipal de Comunica\u00e7\u00e3o\",\"potentialAction\":[{\"@type\":\"SearchAction\",\"target\":{\"@type\":\"EntryPoint\",\"urlTemplate\":\"https:\/\/www.manaus.am.gov.br\/semcom\/?s={search_term_string}\"},\"query-input\":\"required name=search_term_string\"}],\"inLanguage\":\"pt-BR\"},{\"@type\":\"Person\",\"@id\":\"https:\/\/www.manaus.am.gov.br\/semcom\/#\/schema\/person\/05d223aea2bf115f9883a6ff3683d81b\",\"name\":\"Bruna Greco\",\"image\":{\"@type\":\"ImageObject\",\"inLanguage\":\"pt-BR\",\"@id\":\"https:\/\/www.manaus.am.gov.br\/semcom\/#\/schema\/person\/image\/\",\"url\":\"https:\/\/secure.gravatar.com\/avatar\/9c877d1a6adc2a055330e5c09a8653ce?s=96&d=mm&r=g\",\"contentUrl\":\"https:\/\/secure.gravatar.com\/avatar\/9c877d1a6adc2a055330e5c09a8653ce?s=96&d=mm&r=g\",\"caption\":\"Bruna Greco\"}}]}<\/script>\n<!-- \/ Yoast SEO plugin. -->","yoast_head_json":{"title":"Prefeitura presta assist\u00eancia \u00e0s fam\u00edlias atingidas pelas chuvas","description":"Prefeitura de Manaus, por meio da Semasc, presta assist\u00eancia \u00e0s fam\u00edlias atingidas pelas chuvas desta ter\u00e7a-feira, 4\/3.","robots":{"index":"index","follow":"follow","max-snippet":"max-snippet:-1","max-image-preview":"max-image-preview:large","max-video-preview":"max-video-preview:-1"},"canonical":"https:\/\/www.manaus.am.gov.br\/semcom\/assistencia-familias-atingidas-chuvas\/","og_locale":"pt_BR","og_type":"article","og_title":"Prefeitura presta assist\u00eancia \u00e0s fam\u00edlias atingidas pelas chuvas","og_description":"Prefeitura de Manaus, por meio da Semasc, presta assist\u00eancia \u00e0s fam\u00edlias atingidas pelas chuvas desta ter\u00e7a-feira, 4\/3.","og_url":"https:\/\/www.manaus.am.gov.br\/semcom\/assistencia-familias-atingidas-chuvas\/","og_site_name":"SEMCOM","article_published_time":"2025-03-05T15:06:14+00:00","article_modified_time":"2025-03-05T15:06:16+00:00","og_image":[{"width":898,"height":911,"url":"https:\/\/www.manaus.am.gov.br\/semcom\/wp-content\/uploads\/sites\/5\/2025\/03\/WhatsApp-Image-2025-03-05-at-10.59.23-e1741187109849.jpeg","type":"image\/jpeg"}],"author":"Bruna Greco","twitter_card":"summary_large_image","twitter_misc":{"Written by":"Bruna Greco","Est. reading time":"2 minutos"},"schema":{"@context":"https:\/\/schema.org","@graph":[{"@type":"WebPage","@id":"https:\/\/www.manaus.am.gov.br\/semcom\/assistencia-familias-atingidas-chuvas\/","url":"https:\/\/www.manaus.am.gov.br\/semcom\/assistencia-familias-atingidas-chuvas\/","name":"Prefeitura presta assist\u00eancia \u00e0s fam\u00edlias atingidas pelas chuvas","isPartOf":{"@id":"https:\/\/www.manaus.am.gov.br\/semcom\/#website"},"primaryImageOfPage":{"@id":"https:\/\/www.manaus.am.gov.br\/semcom\/assistencia-familias-atingidas-chuvas\/#primaryimage"},"image":{"@id":"https:\/\/www.manaus.am.gov.br\/semcom\/assistencia-familias-atingidas-chuvas\/#primaryimage"},"thumbnailUrl":"https:\/\/www.manaus.am.gov.br\/semcom\/wp-content\/uploads\/sites\/5\/2025\/03\/WhatsApp-Image-2025-03-05-at-10.59.23-e1741187109849.jpeg","datePublished":"2025-03-05T15:06:14+00:00","dateModified":"2025-03-05T15:06:16+00:00","author":{"@id":"https:\/\/www.manaus.am.gov.br\/semcom\/#\/schema\/person\/05d223aea2bf115f9883a6ff3683d81b"},"description":"Prefeitura de Manaus, por meio da Semasc, presta assist\u00eancia \u00e0s fam\u00edlias atingidas pelas chuvas desta ter\u00e7a-feira, 4\/3.","inLanguage":"pt-BR","potentialAction":[{"@type":"ReadAction","target":["https:\/\/www.manaus.am.gov.br\/semcom\/assistencia-familias-atingidas-chuvas\/"]}]},{"@type":"ImageObject","inLanguage":"pt-BR","@id":"https:\/\/www.manaus.am.gov.br\/semcom\/assistencia-familias-atingidas-chuvas\/#primaryimage","url":"https:\/\/www.manaus.am.gov.br\/semcom\/wp-content\/uploads\/sites\/5\/2025\/03\/WhatsApp-Image-2025-03-05-at-10.59.23-e1741187109849.jpeg","contentUrl":"https:\/\/www.manaus.am.gov.br\/semcom\/wp-content\/uploads\/sites\/5\/2025\/03\/WhatsApp-Image-2025-03-05-at-10.59.23-e1741187109849.jpeg","width":898,"height":911,"caption":"#paratodosverem - Servidor da Semasc entregando itens b\u00e1sicos para fam\u00edlia afetada pela chuva na ter\u00e7a-feira, 4\/3"},{"@type":"WebSite","@id":"https:\/\/www.manaus.am.gov.br\/semcom\/#website","url":"https:\/\/www.manaus.am.gov.br\/semcom\/","name":"SEMCOM","description":"Secretaria Municipal de Comunica\u00e7\u00e3o","potentialAction":[{"@type":"SearchAction","target":{"@type":"EntryPoint","urlTemplate":"https:\/\/www.manaus.am.gov.br\/semcom\/?s={search_term_string}"},"query-input":"required name=search_term_string"}],"inLanguage":"pt-BR"},{"@type":"Person","@id":"https:\/\/www.manaus.am.gov.br\/semcom\/#\/schema\/person\/05d223aea2bf115f9883a6ff3683d81b","name":"Bruna Greco","image":{"@type":"ImageObject","inLanguage":"pt-BR","@id":"https:\/\/www.manaus.am.gov.br\/semcom\/#\/schema\/person\/image\/","url":"https:\/\/secure.gravatar.com\/avatar\/9c877d1a6adc2a055330e5c09a8653ce?s=96&d=mm&r=g","contentUrl":"https:\/\/secure.gravatar.com\/avatar\/9c877d1a6adc2a055330e5c09a8653ce?s=96&d=mm&r=g","caption":"Bruna Greco"}}]}},"_links":{"self":[{"href":"https:\/\/www.manaus.am.gov.br\/semcom\/wp-json\/wp\/v2\/posts\/235615"}],"collection":[{"href":"https:\/\/www.manaus.am.gov.br\/semcom\/wp-json\/wp\/v2\/posts"}],"about":[{"href":"https:\/\/www.manaus.am.gov.br\/semcom\/wp-json\/wp\/v2\/types\/post"}],"author":[{"embeddable":true,"href":"https:\/\/www.manaus.am.gov.br\/semcom\/wp-json\/wp\/v2\/users\/39"}],"replies":[{"embeddable":true,"href":"https:\/\/www.manaus.am.gov.br\/semcom\/wp-json\/wp\/v2\/comments?post=235615"}],"version-history":[{"count":0,"href":"https:\/\/www.manaus.am.gov.br\/semcom\/wp-json\/wp\/v2\/posts\/235615\/revisions"}],"wp:featuredmedia":[{"embeddable":true,"href":"https:\/\/www.manaus.am.gov.br\/semcom\/wp-json\/wp\/v2\/media\/235616"}],"wp:attachment":[{"href":"https:\/\/www.manaus.am.gov.br\/semcom\/wp-json\/wp\/v2\/media?parent=235615"}],"wp:term":[{"taxonomy":"category","embeddable":true,"href":"https:\/\/www.manaus.am.gov.br\/semcom\/wp-json\/wp\/v2\/categories?post=235615"},{"taxonomy":"post_tag","embeddable":true,"href":"https:\/\/www.manaus.am.gov.br\/semcom\/wp-json\/wp\/v2\/tags?post=235615"}],"curies":[{"name":"wp","href":"https:\/\/api.w.org\/{rel}","templated":true}]}}