{"id":235527,"date":"2025-02-28T19:00:44","date_gmt":"2025-02-28T22:00:44","guid":{"rendered":"https:\/\/www.manaus.am.gov.br\/semcom\/lancamento-do-videoclipe-tens-cuidado\/"},"modified":"2025-02-28T19:00:45","modified_gmt":"2025-02-28T22:00:45","slug":"lancamento-do-videoclipe-tens-cuidado","status":"publish","type":"post","link":"https:\/\/www.manaus.am.gov.br\/semcom\/lancamento-do-videoclipe-tens-cuidado\/","title":{"rendered":"Com apoio da prefeitura, lan\u00e7amento do videoclipe \u2018Tens Cuidado\u2019 acontece nesta sexta-feira, 28\/2"},"content":{"rendered":"\n<p>Nesta sexta-feira, 28\/2, a drag queen Aurora Boreal, lan\u00e7a seu novo videoclipe \u201cTens Cuidado\u201d, contemplado pela Lei Paulo Gustavo (LPG), da Prefeitura de Manaus, por meio do Conselho Municipal de Cultura (Concultura), com uma exibi\u00e7\u00e3o p\u00fablica gratuita e di\u00e1logos sobre o processo de produ\u00e7\u00e3o audiovisual. O lan\u00e7amento acontecer\u00e1 no Pal\u00e1cio da Justi\u00e7a, localizado na avenida Eduardo Ribeiro, 901, Centro, \u00e0s 19h.<\/p>\n\n\n\n<p>O projeto estar\u00e1 dispon\u00edvel no YouTube, e traz uma colabora\u00e7\u00e3o musical com a cantora M\u00e1rcia Siqueira. O videoclipe conta a hist\u00f3ria de uma entidade dos rios que toma forma de mulher e percorre a cidade encantando todos ao seu redor. Com diversos cen\u00e1rios e figurinos exuberantes, a produ\u00e7\u00e3o ressalta as belezas naturais e urbanas do Amazonas, criando uma narrativa envolvente que mistura elementos da natureza com o cotidiano urbano.<\/p>\n\n\n\n<p>O diretor-presidente do Concultura, Tony Medeiros, destacou a import\u00e2ncia do fomento \u00e0 cultura e \u00e0 produ\u00e7\u00e3o audiovisual local, ressaltando o compromisso da Prefeitura de Manaus em incentivar a diversidade e a criatividade no cen\u00e1rio cultural da cidade.<\/p>\n\n\n\n<p>&#8220;O lan\u00e7amento do videoclipe Tens Cuidado, contemplado pela Lei Paulo Gustavo, refor\u00e7a o compromisso da Prefeitura de Manaus, por meio do Concultura, em fomentar a diversidade e a criatividade no cen\u00e1rio cultural da cidade. Celebramos a pot\u00eancia da nossa produ\u00e7\u00e3o audiovisual e a valoriza\u00e7\u00e3o da identidade amaz\u00f4nica, refletidas nesse trabalho que une talento, tradi\u00e7\u00e3o e inova\u00e7\u00e3o. Seguimos firmes no apoio aos artistas locais, impulsionando express\u00f5es que enaltecem nossa cultura e alcan\u00e7am novos p\u00fablicos&#8221;, afirmou Medeiros.<\/p>\n\n\n\n<p>Emocionada, Paula Ba\u00e7al, artista que d\u00e1 vida a Aurora Boreal, expressou sua gratid\u00e3o pelos editais de incentivo cultural, que considera fundamentais para o fomento da cultura e da diversidade no Amazonas.<\/p>\n\n\n\n<p>\u201cEstes editais s\u00e3o um pilar para a realiza\u00e7\u00e3o de projetos como o \u2018Tens Cuidado\u2019, que celebra a nossa identidade e refor\u00e7a a visibilidade das culturas marginalizadas. Agrade\u00e7o imensamente ao apoio da Prefeitura de Manaus, ao Conselho de Cultura e \u00e0 Manauscult, assim como ao Governo Federal, por acreditarem em nossa arte e cultura\u201d, comentou a artista.<\/p>\n\n\n\n<p>O projeto tamb\u00e9m refor\u00e7a a import\u00e2ncia da acessibilidade: al\u00e9m das legendas, o videoclipe conta com um int\u00e9rprete de Libras, Hidelbrando Silva, e com a tradu\u00e7\u00e3o da m\u00fasica feita por uma pessoa surda, Jos\u00e9 Carlos, e pela int\u00e9rprete Caroline Sena. A preocupa\u00e7\u00e3o com a inclus\u00e3o torna a obra ainda mais relevante no contexto cultural atual.<\/p>\n\n\n\n<p>O projeto \u201cTens Cuidado\u201d foi um dos selecionados pelo Concurso Pr\u00eamio Manaus Identidade Cultural \u2013 Audiovisual (Edital 004\/2023), por meio da Lei Paulo Gustavo (LPG), da Prefeitura de Manaus, por interm\u00e9dio do Concultura, com o apoio do Minist\u00e9rio da Cultura e do Governo Federal.<\/p>\n\n\n\n<p>\u2014 \u2014 \u2014\u00a0<br><strong>Texto \u2013 <\/strong>Clara Gon\u00e7alves \/ Concultura<br><strong>Fotos \u2013 <\/strong>Divulga\u00e7\u00e3o \/ Concultura<\/p>\n","protected":false},"excerpt":{"rendered":"","protected":false},"author":68,"featured_media":235528,"comment_status":"closed","ping_status":"closed","sticky":false,"template":"","format":"standard","meta":{"footnotes":""},"categories":[1969],"tags":[695,13646,77],"acf":[],"yoast_head":"<!-- This site is optimized with the Yoast SEO plugin v23.0 - https:\/\/yoast.com\/wordpress\/plugins\/seo\/ -->\n<title>Com apoio da prefeitura, lan\u00e7amento do videoclipe \u2018Tens Cuidado\u2019 acontece nesta sexta-feira, 28\/2<\/title>\n<meta name=\"description\" content=\"Nesta sexta-feira, 28\/2, a drag queen Aurora Boreal, lan\u00e7a seu novo videoclipe \u201cTens Cuidado\u201d, contemplado pela Lei Paulo Gustavo (LPG), da Prefeitura de Manaus, por meio do Conselho Municipal de Cultura (Concultura), com uma exibi\u00e7\u00e3o p\u00fablica gratuita e di\u00e1logos sobre o processo de produ\u00e7\u00e3o audiovisual.\" \/>\n<meta name=\"robots\" content=\"index, follow, max-snippet:-1, max-image-preview:large, max-video-preview:-1\" \/>\n<link rel=\"canonical\" href=\"https:\/\/www.manaus.am.gov.br\/semcom\/lancamento-do-videoclipe-tens-cuidado\/\" \/>\n<meta property=\"og:locale\" content=\"pt_BR\" \/>\n<meta property=\"og:type\" content=\"article\" \/>\n<meta property=\"og:title\" content=\"Com apoio da prefeitura, lan\u00e7amento do videoclipe \u2018Tens Cuidado\u2019 acontece nesta sexta-feira, 28\/2\" \/>\n<meta property=\"og:description\" content=\"Nesta sexta-feira, 28\/2, a drag queen Aurora Boreal, lan\u00e7a seu novo videoclipe \u201cTens Cuidado\u201d, contemplado pela Lei Paulo Gustavo (LPG), da Prefeitura de Manaus, por meio do Conselho Municipal de Cultura (Concultura), com uma exibi\u00e7\u00e3o p\u00fablica gratuita e di\u00e1logos sobre o processo de produ\u00e7\u00e3o audiovisual.\" \/>\n<meta property=\"og:url\" content=\"https:\/\/www.manaus.am.gov.br\/semcom\/lancamento-do-videoclipe-tens-cuidado\/\" \/>\n<meta property=\"og:site_name\" content=\"SEMCOM\" \/>\n<meta property=\"article:published_time\" content=\"2025-02-28T22:00:44+00:00\" \/>\n<meta property=\"article:modified_time\" content=\"2025-02-28T22:00:45+00:00\" \/>\n<meta property=\"og:image\" content=\"https:\/\/www.manaus.am.gov.br\/semcom\/wp-content\/uploads\/sites\/5\/2025\/02\/Com-apoio-da-prefeitura-lancamento-do-videoclipe-\u2018Tens-Cuidado-acontece-nesta-sexta-feira.jpg\" \/>\n\t<meta property=\"og:image:width\" content=\"800\" \/>\n\t<meta property=\"og:image:height\" content=\"438\" \/>\n\t<meta property=\"og:image:type\" content=\"image\/jpeg\" \/>\n<meta name=\"author\" content=\"bvalente\" \/>\n<meta name=\"twitter:card\" content=\"summary_large_image\" \/>\n<meta name=\"twitter:label1\" content=\"Written by\" \/>\n\t<meta name=\"twitter:data1\" content=\"bvalente\" \/>\n\t<meta name=\"twitter:label2\" content=\"Est. reading time\" \/>\n\t<meta name=\"twitter:data2\" content=\"3 minutos\" \/>\n<script type=\"application\/ld+json\" class=\"yoast-schema-graph\">{\"@context\":\"https:\/\/schema.org\",\"@graph\":[{\"@type\":\"WebPage\",\"@id\":\"https:\/\/www.manaus.am.gov.br\/semcom\/lancamento-do-videoclipe-tens-cuidado\/\",\"url\":\"https:\/\/www.manaus.am.gov.br\/semcom\/lancamento-do-videoclipe-tens-cuidado\/\",\"name\":\"Com apoio da prefeitura, lan\u00e7amento do videoclipe \u2018Tens Cuidado\u2019 acontece nesta sexta-feira, 28\/2\",\"isPartOf\":{\"@id\":\"https:\/\/www.manaus.am.gov.br\/semcom\/#website\"},\"primaryImageOfPage\":{\"@id\":\"https:\/\/www.manaus.am.gov.br\/semcom\/lancamento-do-videoclipe-tens-cuidado\/#primaryimage\"},\"image\":{\"@id\":\"https:\/\/www.manaus.am.gov.br\/semcom\/lancamento-do-videoclipe-tens-cuidado\/#primaryimage\"},\"thumbnailUrl\":\"https:\/\/www.manaus.am.gov.br\/semcom\/wp-content\/uploads\/sites\/5\/2025\/02\/Com-apoio-da-prefeitura-lancamento-do-videoclipe-\u2018Tens-Cuidado-acontece-nesta-sexta-feira.jpg\",\"datePublished\":\"2025-02-28T22:00:44+00:00\",\"dateModified\":\"2025-02-28T22:00:45+00:00\",\"author\":{\"@id\":\"https:\/\/www.manaus.am.gov.br\/semcom\/#\/schema\/person\/466a0e03ae4b6062809046bd560ac955\"},\"description\":\"Nesta sexta-feira, 28\/2, a drag queen Aurora Boreal, lan\u00e7a seu novo videoclipe \u201cTens Cuidado\u201d, contemplado pela Lei Paulo Gustavo (LPG), da Prefeitura de Manaus, por meio do Conselho Municipal de Cultura (Concultura), com uma exibi\u00e7\u00e3o p\u00fablica gratuita e di\u00e1logos sobre o processo de produ\u00e7\u00e3o audiovisual.\",\"inLanguage\":\"pt-BR\",\"potentialAction\":[{\"@type\":\"ReadAction\",\"target\":[\"https:\/\/www.manaus.am.gov.br\/semcom\/lancamento-do-videoclipe-tens-cuidado\/\"]}]},{\"@type\":\"ImageObject\",\"inLanguage\":\"pt-BR\",\"@id\":\"https:\/\/www.manaus.am.gov.br\/semcom\/lancamento-do-videoclipe-tens-cuidado\/#primaryimage\",\"url\":\"https:\/\/www.manaus.am.gov.br\/semcom\/wp-content\/uploads\/sites\/5\/2025\/02\/Com-apoio-da-prefeitura-lancamento-do-videoclipe-\u2018Tens-Cuidado-acontece-nesta-sexta-feira.jpg\",\"contentUrl\":\"https:\/\/www.manaus.am.gov.br\/semcom\/wp-content\/uploads\/sites\/5\/2025\/02\/Com-apoio-da-prefeitura-lancamento-do-videoclipe-\u2018Tens-Cuidado-acontece-nesta-sexta-feira.jpg\",\"width\":800,\"height\":438},{\"@type\":\"WebSite\",\"@id\":\"https:\/\/www.manaus.am.gov.br\/semcom\/#website\",\"url\":\"https:\/\/www.manaus.am.gov.br\/semcom\/\",\"name\":\"SEMCOM\",\"description\":\"Secretaria Municipal de Comunica\u00e7\u00e3o\",\"potentialAction\":[{\"@type\":\"SearchAction\",\"target\":{\"@type\":\"EntryPoint\",\"urlTemplate\":\"https:\/\/www.manaus.am.gov.br\/semcom\/?s={search_term_string}\"},\"query-input\":\"required name=search_term_string\"}],\"inLanguage\":\"pt-BR\"},{\"@type\":\"Person\",\"@id\":\"https:\/\/www.manaus.am.gov.br\/semcom\/#\/schema\/person\/466a0e03ae4b6062809046bd560ac955\",\"name\":\"bvalente\",\"image\":{\"@type\":\"ImageObject\",\"inLanguage\":\"pt-BR\",\"@id\":\"https:\/\/www.manaus.am.gov.br\/semcom\/#\/schema\/person\/image\/\",\"url\":\"https:\/\/secure.gravatar.com\/avatar\/3e69bc2b014bdad41adfec3a39de07d2?s=96&d=mm&r=g\",\"contentUrl\":\"https:\/\/secure.gravatar.com\/avatar\/3e69bc2b014bdad41adfec3a39de07d2?s=96&d=mm&r=g\",\"caption\":\"bvalente\"}}]}<\/script>\n<!-- \/ Yoast SEO plugin. -->","yoast_head_json":{"title":"Com apoio da prefeitura, lan\u00e7amento do videoclipe \u2018Tens Cuidado\u2019 acontece nesta sexta-feira, 28\/2","description":"Nesta sexta-feira, 28\/2, a drag queen Aurora Boreal, lan\u00e7a seu novo videoclipe \u201cTens Cuidado\u201d, contemplado pela Lei Paulo Gustavo (LPG), da Prefeitura de Manaus, por meio do Conselho Municipal de Cultura (Concultura), com uma exibi\u00e7\u00e3o p\u00fablica gratuita e di\u00e1logos sobre o processo de produ\u00e7\u00e3o audiovisual.","robots":{"index":"index","follow":"follow","max-snippet":"max-snippet:-1","max-image-preview":"max-image-preview:large","max-video-preview":"max-video-preview:-1"},"canonical":"https:\/\/www.manaus.am.gov.br\/semcom\/lancamento-do-videoclipe-tens-cuidado\/","og_locale":"pt_BR","og_type":"article","og_title":"Com apoio da prefeitura, lan\u00e7amento do videoclipe \u2018Tens Cuidado\u2019 acontece nesta sexta-feira, 28\/2","og_description":"Nesta sexta-feira, 28\/2, a drag queen Aurora Boreal, lan\u00e7a seu novo videoclipe \u201cTens Cuidado\u201d, contemplado pela Lei Paulo Gustavo (LPG), da Prefeitura de Manaus, por meio do Conselho Municipal de Cultura (Concultura), com uma exibi\u00e7\u00e3o p\u00fablica gratuita e di\u00e1logos sobre o processo de produ\u00e7\u00e3o audiovisual.","og_url":"https:\/\/www.manaus.am.gov.br\/semcom\/lancamento-do-videoclipe-tens-cuidado\/","og_site_name":"SEMCOM","article_published_time":"2025-02-28T22:00:44+00:00","article_modified_time":"2025-02-28T22:00:45+00:00","og_image":[{"width":800,"height":438,"url":"https:\/\/www.manaus.am.gov.br\/semcom\/wp-content\/uploads\/sites\/5\/2025\/02\/Com-apoio-da-prefeitura-lancamento-do-videoclipe-\u2018Tens-Cuidado-acontece-nesta-sexta-feira.jpg","type":"image\/jpeg"}],"author":"bvalente","twitter_card":"summary_large_image","twitter_misc":{"Written by":"bvalente","Est. reading time":"3 minutos"},"schema":{"@context":"https:\/\/schema.org","@graph":[{"@type":"WebPage","@id":"https:\/\/www.manaus.am.gov.br\/semcom\/lancamento-do-videoclipe-tens-cuidado\/","url":"https:\/\/www.manaus.am.gov.br\/semcom\/lancamento-do-videoclipe-tens-cuidado\/","name":"Com apoio da prefeitura, lan\u00e7amento do videoclipe \u2018Tens Cuidado\u2019 acontece nesta sexta-feira, 28\/2","isPartOf":{"@id":"https:\/\/www.manaus.am.gov.br\/semcom\/#website"},"primaryImageOfPage":{"@id":"https:\/\/www.manaus.am.gov.br\/semcom\/lancamento-do-videoclipe-tens-cuidado\/#primaryimage"},"image":{"@id":"https:\/\/www.manaus.am.gov.br\/semcom\/lancamento-do-videoclipe-tens-cuidado\/#primaryimage"},"thumbnailUrl":"https:\/\/www.manaus.am.gov.br\/semcom\/wp-content\/uploads\/sites\/5\/2025\/02\/Com-apoio-da-prefeitura-lancamento-do-videoclipe-\u2018Tens-Cuidado-acontece-nesta-sexta-feira.jpg","datePublished":"2025-02-28T22:00:44+00:00","dateModified":"2025-02-28T22:00:45+00:00","author":{"@id":"https:\/\/www.manaus.am.gov.br\/semcom\/#\/schema\/person\/466a0e03ae4b6062809046bd560ac955"},"description":"Nesta sexta-feira, 28\/2, a drag queen Aurora Boreal, lan\u00e7a seu novo videoclipe \u201cTens Cuidado\u201d, contemplado pela Lei Paulo Gustavo (LPG), da Prefeitura de Manaus, por meio do Conselho Municipal de Cultura (Concultura), com uma exibi\u00e7\u00e3o p\u00fablica gratuita e di\u00e1logos sobre o processo de produ\u00e7\u00e3o audiovisual.","inLanguage":"pt-BR","potentialAction":[{"@type":"ReadAction","target":["https:\/\/www.manaus.am.gov.br\/semcom\/lancamento-do-videoclipe-tens-cuidado\/"]}]},{"@type":"ImageObject","inLanguage":"pt-BR","@id":"https:\/\/www.manaus.am.gov.br\/semcom\/lancamento-do-videoclipe-tens-cuidado\/#primaryimage","url":"https:\/\/www.manaus.am.gov.br\/semcom\/wp-content\/uploads\/sites\/5\/2025\/02\/Com-apoio-da-prefeitura-lancamento-do-videoclipe-\u2018Tens-Cuidado-acontece-nesta-sexta-feira.jpg","contentUrl":"https:\/\/www.manaus.am.gov.br\/semcom\/wp-content\/uploads\/sites\/5\/2025\/02\/Com-apoio-da-prefeitura-lancamento-do-videoclipe-\u2018Tens-Cuidado-acontece-nesta-sexta-feira.jpg","width":800,"height":438},{"@type":"WebSite","@id":"https:\/\/www.manaus.am.gov.br\/semcom\/#website","url":"https:\/\/www.manaus.am.gov.br\/semcom\/","name":"SEMCOM","description":"Secretaria Municipal de Comunica\u00e7\u00e3o","potentialAction":[{"@type":"SearchAction","target":{"@type":"EntryPoint","urlTemplate":"https:\/\/www.manaus.am.gov.br\/semcom\/?s={search_term_string}"},"query-input":"required name=search_term_string"}],"inLanguage":"pt-BR"},{"@type":"Person","@id":"https:\/\/www.manaus.am.gov.br\/semcom\/#\/schema\/person\/466a0e03ae4b6062809046bd560ac955","name":"bvalente","image":{"@type":"ImageObject","inLanguage":"pt-BR","@id":"https:\/\/www.manaus.am.gov.br\/semcom\/#\/schema\/person\/image\/","url":"https:\/\/secure.gravatar.com\/avatar\/3e69bc2b014bdad41adfec3a39de07d2?s=96&d=mm&r=g","contentUrl":"https:\/\/secure.gravatar.com\/avatar\/3e69bc2b014bdad41adfec3a39de07d2?s=96&d=mm&r=g","caption":"bvalente"}}]}},"_links":{"self":[{"href":"https:\/\/www.manaus.am.gov.br\/semcom\/wp-json\/wp\/v2\/posts\/235527"}],"collection":[{"href":"https:\/\/www.manaus.am.gov.br\/semcom\/wp-json\/wp\/v2\/posts"}],"about":[{"href":"https:\/\/www.manaus.am.gov.br\/semcom\/wp-json\/wp\/v2\/types\/post"}],"author":[{"embeddable":true,"href":"https:\/\/www.manaus.am.gov.br\/semcom\/wp-json\/wp\/v2\/users\/68"}],"replies":[{"embeddable":true,"href":"https:\/\/www.manaus.am.gov.br\/semcom\/wp-json\/wp\/v2\/comments?post=235527"}],"version-history":[{"count":0,"href":"https:\/\/www.manaus.am.gov.br\/semcom\/wp-json\/wp\/v2\/posts\/235527\/revisions"}],"wp:featuredmedia":[{"embeddable":true,"href":"https:\/\/www.manaus.am.gov.br\/semcom\/wp-json\/wp\/v2\/media\/235528"}],"wp:attachment":[{"href":"https:\/\/www.manaus.am.gov.br\/semcom\/wp-json\/wp\/v2\/media?parent=235527"}],"wp:term":[{"taxonomy":"category","embeddable":true,"href":"https:\/\/www.manaus.am.gov.br\/semcom\/wp-json\/wp\/v2\/categories?post=235527"},{"taxonomy":"post_tag","embeddable":true,"href":"https:\/\/www.manaus.am.gov.br\/semcom\/wp-json\/wp\/v2\/tags?post=235527"}],"curies":[{"name":"wp","href":"https:\/\/api.w.org\/{rel}","templated":true}]}}