{"id":235479,"date":"2025-02-28T09:54:15","date_gmt":"2025-02-28T12:54:15","guid":{"rendered":"https:\/\/www.manaus.am.gov.br\/semcom\/prefeitura-carnaidoso2025\/"},"modified":"2025-02-28T09:54:16","modified_gmt":"2025-02-28T12:54:16","slug":"prefeitura-carnaidoso2025","status":"publish","type":"post","link":"https:\/\/www.manaus.am.gov.br\/semcom\/prefeitura-carnaidoso2025\/","title":{"rendered":"Prefeitura de Manaus re\u00fane mais de 2 mil pessoas no \u2018CarnaIdoso 2025\u2019"},"content":{"rendered":"\n<p>A Prefeitura de Manaus, por meio da Funda\u00e7\u00e3o de Apoio ao Idoso Dr. Thomas (FDT), promoveu, na quinta-feira, 27\/2, mais uma edi\u00e7\u00e3o do tradicional \u201cCarnaIdoso 2025\u201d, reunindo mais de 2.000 idosos no Parque Municipal do Idoso (PMI). Com o tema \u201cRespeito n\u00e3o tem idade: diga n\u00e3o \u00e0 viol\u00eancia contra o idoso\u201d, a festa carnavalesca teve como objetivo proporcionar momentos de lazer, fortalecer a socializa\u00e7\u00e3o e conscientizar a popula\u00e7\u00e3o sobre os direitos da pessoa idosa.&nbsp;<\/p>\n\n\n\n<p>Durante a abertura do evento, o diretor-presidente da FDT, Eduardo Lucas, destacou o compromisso da gest\u00e3o municipal em promover bem-estar e inclus\u00e3o para as pessoas idosas.&nbsp;<\/p>\n\n\n\n<p>\u201cEventos como o CarnaIdoso s\u00e3o essenciais para garantir momentos de alegria, intera\u00e7\u00e3o social e valoriza\u00e7\u00e3o dos idosos da nossa cidade. A gest\u00e3o do prefeito David Almeida tem se dedicado em criar oportunidades que proporcionem mais bem-estar e dignidade para essa popula\u00e7\u00e3o. O &#8216;CarnaIdoso&#8217; \u00e9 mais do que uma festa, \u00e9 um espa\u00e7o de conviv\u00eancia, respeito e celebra\u00e7\u00e3o da vida\u201d, afirmou o presidente.<\/p>\n\n\n\n<p>O evento reuniu idosos de diversos bairros de Manaus, com caravanas organizadas por centros de conviv\u00eancia e associa\u00e7\u00f5es comunit\u00e1rias, buscando garantir que idosos de diferentes regi\u00f5es tivessem a oportunidade de participar da festividade.&nbsp;<\/p>\n\n\n\n<p>Maria Seixas, de 69 anos, compartilhou a felicidade em participar do evento. \u201cEste momento \u00e9 muito especial para n\u00f3s. Aqui encontramos amigos, nos divertimos e nos sentimos valorizados. A prefeitura est\u00e1 de parab\u00e9ns por promover uma festa t\u00e3o linda, inclusiva e cheia de alegria para todos n\u00f3s\u201d, destacou a idosa.<\/p>\n\n\n\n<p>&nbsp;O \u201cCarnaIdoso 2025\u201d foi embalado ao som de grandes atra\u00e7\u00f5es, como a banda Couro Velho, banda Uns e Outros, DJ Ery Castro e a bateria da Reino Unido da Liberdade, garantindo uma festa animada para os participantes. Al\u00e9m disso, os foli\u00f5es puderam se divertir com o tradicional concurso de \u201cRei e Rainha do Carnaval\u201d, que premiou os idosos e idosas mais animados e carism\u00e1ticos da festa.&nbsp; A programa\u00e7\u00e3o tamb\u00e9m incluiu dan\u00e7a de sal\u00e3o, atividades interativas e um espa\u00e7o gastron\u00f4mico para os participantes.<\/p>\n\n\n\n<p>&nbsp;Acessibilidade no \u201cCarnaIdoso 2025\u201d<\/p>\n\n\n\n<p>&nbsp;A Funda\u00e7\u00e3o Municipal de Cultura, Turismo e Eventos (Manauscult), em parceria com a Funda\u00e7\u00e3o Dr. Thomas, garantiu que a inclus\u00e3o e a acessibilidade fossem destaques no \u201cCarnaIdoso 2025\u201d. Com uma megaestrutura adaptada, o evento proporcionou conforto, seguran\u00e7a e autonomia, para que todos os idosos pudessem aproveitar a festa ao m\u00e1ximo.&nbsp;<\/p>\n\n\n\n<p>&nbsp;O espa\u00e7o foi cuidadosamente planejado para permitir a participa\u00e7\u00e3o ativa do p\u00fablico, seja desfilando, dan\u00e7ando ou simplesmente curtindo o evento com tranquilidade.&nbsp;<\/p>\n\n\n\n<p>&#8212; &#8212; &#8212;<\/p>\n\n\n\n<p>\u00a0<strong>Texto <\/strong>&#8211;\u00a0F\u00e1bio Sim\u00f5es \/ FDT\u00a0<\/p>\n\n\n\n<p>\u00a0<strong>Fotos <\/strong>&#8211;\u00a0Luiz Benjamin \/ FDT<\/p>\n","protected":false},"excerpt":{"rendered":"","protected":false},"author":23,"featured_media":235480,"comment_status":"closed","ping_status":"closed","sticky":false,"template":"","format":"standard","meta":{"footnotes":""},"categories":[7843],"tags":[433,898,935,1176,429,77],"acf":[],"yoast_head":"<!-- This site is optimized with the Yoast SEO plugin v23.0 - https:\/\/yoast.com\/wordpress\/plugins\/seo\/ -->\n<title>Prefeitura de Manaus re\u00fane mais de 2 mil pessoas no \u2018CarnaIdoso 2025\u2019<\/title>\n<meta name=\"description\" content=\"A Prefeitura de Manaus, por meio da Funda\u00e7\u00e3o de Apoio ao Idoso Dr. Thomas (FDT), promoveu, na quinta-feira, 27\/2, mais uma edi\u00e7\u00e3o do tradicional \u201cCarnaIdoso 2025\u201d, reunindo mais de 2.000 idosos no Parque Municipal do Idoso (PMI).\" \/>\n<meta name=\"robots\" content=\"index, follow, max-snippet:-1, max-image-preview:large, max-video-preview:-1\" \/>\n<link rel=\"canonical\" href=\"https:\/\/www.manaus.am.gov.br\/semcom\/prefeitura-carnaidoso2025\/\" \/>\n<meta property=\"og:locale\" content=\"pt_BR\" \/>\n<meta property=\"og:type\" content=\"article\" \/>\n<meta property=\"og:title\" content=\"Prefeitura de Manaus re\u00fane mais de 2 mil pessoas no \u2018CarnaIdoso 2025\u2019\" \/>\n<meta property=\"og:description\" content=\"A Prefeitura de Manaus, por meio da Funda\u00e7\u00e3o de Apoio ao Idoso Dr. Thomas (FDT), promoveu, na quinta-feira, 27\/2, mais uma edi\u00e7\u00e3o do tradicional \u201cCarnaIdoso 2025\u201d, reunindo mais de 2.000 idosos no Parque Municipal do Idoso (PMI).\" \/>\n<meta property=\"og:url\" content=\"https:\/\/www.manaus.am.gov.br\/semcom\/prefeitura-carnaidoso2025\/\" \/>\n<meta property=\"og:site_name\" content=\"SEMCOM\" \/>\n<meta property=\"article:published_time\" content=\"2025-02-28T12:54:15+00:00\" \/>\n<meta property=\"article:modified_time\" content=\"2025-02-28T12:54:16+00:00\" \/>\n<meta property=\"og:image\" content=\"https:\/\/www.manaus.am.gov.br\/semcom\/wp-content\/uploads\/sites\/5\/2025\/02\/df41454d-90a0-4612-a520-18b9f47cc329.jpeg\" \/>\n\t<meta property=\"og:image:width\" content=\"1600\" \/>\n\t<meta property=\"og:image:height\" content=\"1066\" \/>\n\t<meta property=\"og:image:type\" content=\"image\/jpeg\" \/>\n<meta name=\"author\" content=\"Adriana Costa\" \/>\n<meta name=\"twitter:card\" content=\"summary_large_image\" \/>\n<meta name=\"twitter:label1\" content=\"Written by\" \/>\n\t<meta name=\"twitter:data1\" content=\"Adriana Costa\" \/>\n\t<meta name=\"twitter:label2\" content=\"Est. reading time\" \/>\n\t<meta name=\"twitter:data2\" content=\"3 minutos\" \/>\n<script type=\"application\/ld+json\" class=\"yoast-schema-graph\">{\"@context\":\"https:\/\/schema.org\",\"@graph\":[{\"@type\":\"WebPage\",\"@id\":\"https:\/\/www.manaus.am.gov.br\/semcom\/prefeitura-carnaidoso2025\/\",\"url\":\"https:\/\/www.manaus.am.gov.br\/semcom\/prefeitura-carnaidoso2025\/\",\"name\":\"Prefeitura de Manaus re\u00fane mais de 2 mil pessoas no \u2018CarnaIdoso 2025\u2019\",\"isPartOf\":{\"@id\":\"https:\/\/www.manaus.am.gov.br\/semcom\/#website\"},\"primaryImageOfPage\":{\"@id\":\"https:\/\/www.manaus.am.gov.br\/semcom\/prefeitura-carnaidoso2025\/#primaryimage\"},\"image\":{\"@id\":\"https:\/\/www.manaus.am.gov.br\/semcom\/prefeitura-carnaidoso2025\/#primaryimage\"},\"thumbnailUrl\":\"https:\/\/www.manaus.am.gov.br\/semcom\/wp-content\/uploads\/sites\/5\/2025\/02\/df41454d-90a0-4612-a520-18b9f47cc329.jpeg\",\"datePublished\":\"2025-02-28T12:54:15+00:00\",\"dateModified\":\"2025-02-28T12:54:16+00:00\",\"author\":{\"@id\":\"https:\/\/www.manaus.am.gov.br\/semcom\/#\/schema\/person\/4e49f4e267757a06ca072ec61b2b9968\"},\"description\":\"A Prefeitura de Manaus, por meio da Funda\u00e7\u00e3o de Apoio ao Idoso Dr. Thomas (FDT), promoveu, na quinta-feira, 27\/2, mais uma edi\u00e7\u00e3o do tradicional \u201cCarnaIdoso 2025\u201d, reunindo mais de 2.000 idosos no Parque Municipal do Idoso (PMI).\",\"inLanguage\":\"pt-BR\",\"potentialAction\":[{\"@type\":\"ReadAction\",\"target\":[\"https:\/\/www.manaus.am.gov.br\/semcom\/prefeitura-carnaidoso2025\/\"]}]},{\"@type\":\"ImageObject\",\"inLanguage\":\"pt-BR\",\"@id\":\"https:\/\/www.manaus.am.gov.br\/semcom\/prefeitura-carnaidoso2025\/#primaryimage\",\"url\":\"https:\/\/www.manaus.am.gov.br\/semcom\/wp-content\/uploads\/sites\/5\/2025\/02\/df41454d-90a0-4612-a520-18b9f47cc329.jpeg\",\"contentUrl\":\"https:\/\/www.manaus.am.gov.br\/semcom\/wp-content\/uploads\/sites\/5\/2025\/02\/df41454d-90a0-4612-a520-18b9f47cc329.jpeg\",\"width\":1600,\"height\":1066},{\"@type\":\"WebSite\",\"@id\":\"https:\/\/www.manaus.am.gov.br\/semcom\/#website\",\"url\":\"https:\/\/www.manaus.am.gov.br\/semcom\/\",\"name\":\"SEMCOM\",\"description\":\"Secretaria Municipal de Comunica\u00e7\u00e3o\",\"potentialAction\":[{\"@type\":\"SearchAction\",\"target\":{\"@type\":\"EntryPoint\",\"urlTemplate\":\"https:\/\/www.manaus.am.gov.br\/semcom\/?s={search_term_string}\"},\"query-input\":\"required name=search_term_string\"}],\"inLanguage\":\"pt-BR\"},{\"@type\":\"Person\",\"@id\":\"https:\/\/www.manaus.am.gov.br\/semcom\/#\/schema\/person\/4e49f4e267757a06ca072ec61b2b9968\",\"name\":\"Adriana Costa\",\"image\":{\"@type\":\"ImageObject\",\"inLanguage\":\"pt-BR\",\"@id\":\"https:\/\/www.manaus.am.gov.br\/semcom\/#\/schema\/person\/image\/\",\"url\":\"https:\/\/secure.gravatar.com\/avatar\/576258617ef7194f718179e766d57bd4?s=96&d=mm&r=g\",\"contentUrl\":\"https:\/\/secure.gravatar.com\/avatar\/576258617ef7194f718179e766d57bd4?s=96&d=mm&r=g\",\"caption\":\"Adriana Costa\"}}]}<\/script>\n<!-- \/ Yoast SEO plugin. -->","yoast_head_json":{"title":"Prefeitura de Manaus re\u00fane mais de 2 mil pessoas no \u2018CarnaIdoso 2025\u2019","description":"A Prefeitura de Manaus, por meio da Funda\u00e7\u00e3o de Apoio ao Idoso Dr. Thomas (FDT), promoveu, na quinta-feira, 27\/2, mais uma edi\u00e7\u00e3o do tradicional \u201cCarnaIdoso 2025\u201d, reunindo mais de 2.000 idosos no Parque Municipal do Idoso (PMI).","robots":{"index":"index","follow":"follow","max-snippet":"max-snippet:-1","max-image-preview":"max-image-preview:large","max-video-preview":"max-video-preview:-1"},"canonical":"https:\/\/www.manaus.am.gov.br\/semcom\/prefeitura-carnaidoso2025\/","og_locale":"pt_BR","og_type":"article","og_title":"Prefeitura de Manaus re\u00fane mais de 2 mil pessoas no \u2018CarnaIdoso 2025\u2019","og_description":"A Prefeitura de Manaus, por meio da Funda\u00e7\u00e3o de Apoio ao Idoso Dr. Thomas (FDT), promoveu, na quinta-feira, 27\/2, mais uma edi\u00e7\u00e3o do tradicional \u201cCarnaIdoso 2025\u201d, reunindo mais de 2.000 idosos no Parque Municipal do Idoso (PMI).","og_url":"https:\/\/www.manaus.am.gov.br\/semcom\/prefeitura-carnaidoso2025\/","og_site_name":"SEMCOM","article_published_time":"2025-02-28T12:54:15+00:00","article_modified_time":"2025-02-28T12:54:16+00:00","og_image":[{"width":1600,"height":1066,"url":"https:\/\/www.manaus.am.gov.br\/semcom\/wp-content\/uploads\/sites\/5\/2025\/02\/df41454d-90a0-4612-a520-18b9f47cc329.jpeg","type":"image\/jpeg"}],"author":"Adriana Costa","twitter_card":"summary_large_image","twitter_misc":{"Written by":"Adriana Costa","Est. reading time":"3 minutos"},"schema":{"@context":"https:\/\/schema.org","@graph":[{"@type":"WebPage","@id":"https:\/\/www.manaus.am.gov.br\/semcom\/prefeitura-carnaidoso2025\/","url":"https:\/\/www.manaus.am.gov.br\/semcom\/prefeitura-carnaidoso2025\/","name":"Prefeitura de Manaus re\u00fane mais de 2 mil pessoas no \u2018CarnaIdoso 2025\u2019","isPartOf":{"@id":"https:\/\/www.manaus.am.gov.br\/semcom\/#website"},"primaryImageOfPage":{"@id":"https:\/\/www.manaus.am.gov.br\/semcom\/prefeitura-carnaidoso2025\/#primaryimage"},"image":{"@id":"https:\/\/www.manaus.am.gov.br\/semcom\/prefeitura-carnaidoso2025\/#primaryimage"},"thumbnailUrl":"https:\/\/www.manaus.am.gov.br\/semcom\/wp-content\/uploads\/sites\/5\/2025\/02\/df41454d-90a0-4612-a520-18b9f47cc329.jpeg","datePublished":"2025-02-28T12:54:15+00:00","dateModified":"2025-02-28T12:54:16+00:00","author":{"@id":"https:\/\/www.manaus.am.gov.br\/semcom\/#\/schema\/person\/4e49f4e267757a06ca072ec61b2b9968"},"description":"A Prefeitura de Manaus, por meio da Funda\u00e7\u00e3o de Apoio ao Idoso Dr. Thomas (FDT), promoveu, na quinta-feira, 27\/2, mais uma edi\u00e7\u00e3o do tradicional \u201cCarnaIdoso 2025\u201d, reunindo mais de 2.000 idosos no Parque Municipal do Idoso (PMI).","inLanguage":"pt-BR","potentialAction":[{"@type":"ReadAction","target":["https:\/\/www.manaus.am.gov.br\/semcom\/prefeitura-carnaidoso2025\/"]}]},{"@type":"ImageObject","inLanguage":"pt-BR","@id":"https:\/\/www.manaus.am.gov.br\/semcom\/prefeitura-carnaidoso2025\/#primaryimage","url":"https:\/\/www.manaus.am.gov.br\/semcom\/wp-content\/uploads\/sites\/5\/2025\/02\/df41454d-90a0-4612-a520-18b9f47cc329.jpeg","contentUrl":"https:\/\/www.manaus.am.gov.br\/semcom\/wp-content\/uploads\/sites\/5\/2025\/02\/df41454d-90a0-4612-a520-18b9f47cc329.jpeg","width":1600,"height":1066},{"@type":"WebSite","@id":"https:\/\/www.manaus.am.gov.br\/semcom\/#website","url":"https:\/\/www.manaus.am.gov.br\/semcom\/","name":"SEMCOM","description":"Secretaria Municipal de Comunica\u00e7\u00e3o","potentialAction":[{"@type":"SearchAction","target":{"@type":"EntryPoint","urlTemplate":"https:\/\/www.manaus.am.gov.br\/semcom\/?s={search_term_string}"},"query-input":"required name=search_term_string"}],"inLanguage":"pt-BR"},{"@type":"Person","@id":"https:\/\/www.manaus.am.gov.br\/semcom\/#\/schema\/person\/4e49f4e267757a06ca072ec61b2b9968","name":"Adriana Costa","image":{"@type":"ImageObject","inLanguage":"pt-BR","@id":"https:\/\/www.manaus.am.gov.br\/semcom\/#\/schema\/person\/image\/","url":"https:\/\/secure.gravatar.com\/avatar\/576258617ef7194f718179e766d57bd4?s=96&d=mm&r=g","contentUrl":"https:\/\/secure.gravatar.com\/avatar\/576258617ef7194f718179e766d57bd4?s=96&d=mm&r=g","caption":"Adriana Costa"}}]}},"_links":{"self":[{"href":"https:\/\/www.manaus.am.gov.br\/semcom\/wp-json\/wp\/v2\/posts\/235479"}],"collection":[{"href":"https:\/\/www.manaus.am.gov.br\/semcom\/wp-json\/wp\/v2\/posts"}],"about":[{"href":"https:\/\/www.manaus.am.gov.br\/semcom\/wp-json\/wp\/v2\/types\/post"}],"author":[{"embeddable":true,"href":"https:\/\/www.manaus.am.gov.br\/semcom\/wp-json\/wp\/v2\/users\/23"}],"replies":[{"embeddable":true,"href":"https:\/\/www.manaus.am.gov.br\/semcom\/wp-json\/wp\/v2\/comments?post=235479"}],"version-history":[{"count":0,"href":"https:\/\/www.manaus.am.gov.br\/semcom\/wp-json\/wp\/v2\/posts\/235479\/revisions"}],"wp:featuredmedia":[{"embeddable":true,"href":"https:\/\/www.manaus.am.gov.br\/semcom\/wp-json\/wp\/v2\/media\/235480"}],"wp:attachment":[{"href":"https:\/\/www.manaus.am.gov.br\/semcom\/wp-json\/wp\/v2\/media?parent=235479"}],"wp:term":[{"taxonomy":"category","embeddable":true,"href":"https:\/\/www.manaus.am.gov.br\/semcom\/wp-json\/wp\/v2\/categories?post=235479"},{"taxonomy":"post_tag","embeddable":true,"href":"https:\/\/www.manaus.am.gov.br\/semcom\/wp-json\/wp\/v2\/tags?post=235479"}],"curies":[{"name":"wp","href":"https:\/\/api.w.org\/{rel}","templated":true}]}}