{"id":235456,"date":"2025-02-27T20:05:58","date_gmt":"2025-02-27T23:05:58","guid":{"rendered":"https:\/\/www.manaus.am.gov.br\/semcom\/campanha-nota-premiada\/"},"modified":"2025-02-27T20:06:00","modified_gmt":"2025-02-27T23:06:00","slug":"campanha-nota-premiada","status":"publish","type":"post","link":"https:\/\/www.manaus.am.gov.br\/semcom\/campanha-nota-premiada\/","title":{"rendered":"Prefeitura de Manaus divulga ganhadores do primeiro sorteio do ano da campanha Nota Premiada\u00a0"},"content":{"rendered":"\n<p>A Prefeitura de Manaus divulgou os nomes dos ganhadores do primeiro sorteio do ano da campanha Nota Premiada Manaus. Fabia da Silva de Lima foi a grande vencedora do pr\u00eamio principal de R$ 30 mil. Ela indicou o Instituto Autismo no Amazonas (IAAM) para receber igual premia\u00e7\u00e3o.<\/p>\n\n\n\n<p>A lista completa com o nome dos 27 contemplados e suas respectivas entidades sociais indicadas foi publicada na edi\u00e7\u00e3o n\u00ba 6020 do Di\u00e1rio Oficial do Munic\u00edpio (DOM), de quarta-feira, 26\/2.<\/p>\n\n\n\n<p>Segundo o subsecret\u00e1rio da Receita da Secretaria Municipal de Finan\u00e7as e Tecnologia da Informa\u00e7\u00e3o (Semef), Arm\u00ednio Pontes, este ano, a Prefeitura de Manaus incrementou em 100% o valor dos pr\u00eamios destinados \u00e0s entidades assistenciais indicadas pelos participantes sorteados.<\/p>\n\n\n\n<p>\u201cAgora, as entidades sociais passar\u00e3o a receber o mesmo valor que o ganhador. Por exemplo, o contribuinte que receber R$ 30 mil, a entidade indicada por ele receber\u00e1 o mesmo valor\u201d, explicou.<\/p>\n\n\n\n<p><strong>Campanha<\/strong><\/p>\n\n\n\n<p>Arm\u00ednio Pontes destacou a import\u00e2ncia da Campanha Nota Premiada para o munic\u00edpio. \u201c\u00c9 um grande programa que visa tamb\u00e9m estimular o recolhimento dos impostos municipais e assim combater a sonega\u00e7\u00e3o. Ent\u00e3o, quando a pessoa exige que imprima a nota fiscal e, coloque o CPF, a empresa prestadora de servi\u00e7os vai pagar o imposto e o contribuinte vai poder concorrer aos pr\u00eamios da Nota Premiada\u201d, ressaltou Pontes ao explicar que, para participar dos sorteios, \u00e9 necess\u00e1rio se cadastrar no site da campanha (<a href=\"https:\/\/notapremiada.manaus.am.gov.br\">https:\/\/notapremiada.manaus.am.gov.br<\/a>) e indicar uma institui\u00e7\u00e3o assistencial.<\/p>\n\n\n\n<p>O subsecret\u00e1rio informou, ainda, que al\u00e9m dos pr\u00eamios em dinheiro, o cidad\u00e3o que participa da campanha tamb\u00e9m pode obter outras vantagens. \u201cCada Nota Fiscal de Servi\u00e7o que o participante pede e coloca o CPF, ele acumula cr\u00e9ditos para desconto extra no IPTU, que pode chegar at\u00e9 50% de abatimento do imposto\u201d, destacou Pontes.<\/p>\n\n\n\n<p>\u2014 \u2014 \u2014<br><strong>Texto &#8211;<\/strong> Anderson Farias\/Semef<br><strong>Fotos &#8211;<\/strong> Divulga\u00e7\u00e3o\/Semef<\/p>\n","protected":false},"excerpt":{"rendered":"","protected":false},"author":68,"featured_media":235457,"comment_status":"closed","ping_status":"closed","sticky":false,"template":"","format":"standard","meta":{"footnotes":""},"categories":[419],"tags":[13608,77,157],"acf":[],"yoast_head":"<!-- This site is optimized with the Yoast SEO plugin v23.0 - https:\/\/yoast.com\/wordpress\/plugins\/seo\/ -->\n<title>Prefeitura de Manaus divulga ganhadores do primeiro sorteio do ano da campanha Nota Premiada\u00a0<\/title>\n<meta name=\"description\" content=\"A Prefeitura de Manaus divulgou os nomes dos ganhadores do primeiro sorteio do ano da campanha Nota Premiada Manaus.\" \/>\n<meta name=\"robots\" content=\"index, follow, max-snippet:-1, max-image-preview:large, max-video-preview:-1\" \/>\n<link rel=\"canonical\" href=\"https:\/\/www.manaus.am.gov.br\/semcom\/campanha-nota-premiada\/\" \/>\n<meta property=\"og:locale\" content=\"pt_BR\" \/>\n<meta property=\"og:type\" content=\"article\" \/>\n<meta property=\"og:title\" content=\"Prefeitura de Manaus divulga ganhadores do primeiro sorteio do ano da campanha Nota Premiada\u00a0\" \/>\n<meta property=\"og:description\" content=\"A Prefeitura de Manaus divulgou os nomes dos ganhadores do primeiro sorteio do ano da campanha Nota Premiada Manaus.\" \/>\n<meta property=\"og:url\" content=\"https:\/\/www.manaus.am.gov.br\/semcom\/campanha-nota-premiada\/\" \/>\n<meta property=\"og:site_name\" content=\"SEMCOM\" \/>\n<meta property=\"article:published_time\" content=\"2025-02-27T23:05:58+00:00\" \/>\n<meta property=\"article:modified_time\" content=\"2025-02-27T23:06:00+00:00\" \/>\n<meta property=\"og:image\" content=\"https:\/\/www.manaus.am.gov.br\/semcom\/wp-content\/uploads\/sites\/5\/2025\/02\/IMG_7366-1024x683.jpg\" \/>\n\t<meta property=\"og:image:width\" content=\"1024\" \/>\n\t<meta property=\"og:image:height\" content=\"683\" \/>\n\t<meta property=\"og:image:type\" content=\"image\/jpeg\" \/>\n<meta name=\"author\" content=\"bvalente\" \/>\n<meta name=\"twitter:card\" content=\"summary_large_image\" \/>\n<meta name=\"twitter:label1\" content=\"Written by\" \/>\n\t<meta name=\"twitter:data1\" content=\"bvalente\" \/>\n\t<meta name=\"twitter:label2\" content=\"Est. reading time\" \/>\n\t<meta name=\"twitter:data2\" content=\"2 minutos\" \/>\n<script type=\"application\/ld+json\" class=\"yoast-schema-graph\">{\"@context\":\"https:\/\/schema.org\",\"@graph\":[{\"@type\":\"WebPage\",\"@id\":\"https:\/\/www.manaus.am.gov.br\/semcom\/campanha-nota-premiada\/\",\"url\":\"https:\/\/www.manaus.am.gov.br\/semcom\/campanha-nota-premiada\/\",\"name\":\"Prefeitura de Manaus divulga ganhadores do primeiro sorteio do ano da campanha Nota Premiada\u00a0\",\"isPartOf\":{\"@id\":\"https:\/\/www.manaus.am.gov.br\/semcom\/#website\"},\"primaryImageOfPage\":{\"@id\":\"https:\/\/www.manaus.am.gov.br\/semcom\/campanha-nota-premiada\/#primaryimage\"},\"image\":{\"@id\":\"https:\/\/www.manaus.am.gov.br\/semcom\/campanha-nota-premiada\/#primaryimage\"},\"thumbnailUrl\":\"https:\/\/www.manaus.am.gov.br\/semcom\/wp-content\/uploads\/sites\/5\/2025\/02\/IMG_7366.jpg\",\"datePublished\":\"2025-02-27T23:05:58+00:00\",\"dateModified\":\"2025-02-27T23:06:00+00:00\",\"author\":{\"@id\":\"https:\/\/www.manaus.am.gov.br\/semcom\/#\/schema\/person\/466a0e03ae4b6062809046bd560ac955\"},\"description\":\"A Prefeitura de Manaus divulgou os nomes dos ganhadores do primeiro sorteio do ano da campanha Nota Premiada Manaus.\",\"inLanguage\":\"pt-BR\",\"potentialAction\":[{\"@type\":\"ReadAction\",\"target\":[\"https:\/\/www.manaus.am.gov.br\/semcom\/campanha-nota-premiada\/\"]}]},{\"@type\":\"ImageObject\",\"inLanguage\":\"pt-BR\",\"@id\":\"https:\/\/www.manaus.am.gov.br\/semcom\/campanha-nota-premiada\/#primaryimage\",\"url\":\"https:\/\/www.manaus.am.gov.br\/semcom\/wp-content\/uploads\/sites\/5\/2025\/02\/IMG_7366.jpg\",\"contentUrl\":\"https:\/\/www.manaus.am.gov.br\/semcom\/wp-content\/uploads\/sites\/5\/2025\/02\/IMG_7366.jpg\",\"width\":6000,\"height\":4000},{\"@type\":\"WebSite\",\"@id\":\"https:\/\/www.manaus.am.gov.br\/semcom\/#website\",\"url\":\"https:\/\/www.manaus.am.gov.br\/semcom\/\",\"name\":\"SEMCOM\",\"description\":\"Secretaria Municipal de Comunica\u00e7\u00e3o\",\"potentialAction\":[{\"@type\":\"SearchAction\",\"target\":{\"@type\":\"EntryPoint\",\"urlTemplate\":\"https:\/\/www.manaus.am.gov.br\/semcom\/?s={search_term_string}\"},\"query-input\":\"required name=search_term_string\"}],\"inLanguage\":\"pt-BR\"},{\"@type\":\"Person\",\"@id\":\"https:\/\/www.manaus.am.gov.br\/semcom\/#\/schema\/person\/466a0e03ae4b6062809046bd560ac955\",\"name\":\"bvalente\",\"image\":{\"@type\":\"ImageObject\",\"inLanguage\":\"pt-BR\",\"@id\":\"https:\/\/www.manaus.am.gov.br\/semcom\/#\/schema\/person\/image\/\",\"url\":\"https:\/\/secure.gravatar.com\/avatar\/3e69bc2b014bdad41adfec3a39de07d2?s=96&d=mm&r=g\",\"contentUrl\":\"https:\/\/secure.gravatar.com\/avatar\/3e69bc2b014bdad41adfec3a39de07d2?s=96&d=mm&r=g\",\"caption\":\"bvalente\"}}]}<\/script>\n<!-- \/ Yoast SEO plugin. -->","yoast_head_json":{"title":"Prefeitura de Manaus divulga ganhadores do primeiro sorteio do ano da campanha Nota Premiada\u00a0","description":"A Prefeitura de Manaus divulgou os nomes dos ganhadores do primeiro sorteio do ano da campanha Nota Premiada Manaus.","robots":{"index":"index","follow":"follow","max-snippet":"max-snippet:-1","max-image-preview":"max-image-preview:large","max-video-preview":"max-video-preview:-1"},"canonical":"https:\/\/www.manaus.am.gov.br\/semcom\/campanha-nota-premiada\/","og_locale":"pt_BR","og_type":"article","og_title":"Prefeitura de Manaus divulga ganhadores do primeiro sorteio do ano da campanha Nota Premiada\u00a0","og_description":"A Prefeitura de Manaus divulgou os nomes dos ganhadores do primeiro sorteio do ano da campanha Nota Premiada Manaus.","og_url":"https:\/\/www.manaus.am.gov.br\/semcom\/campanha-nota-premiada\/","og_site_name":"SEMCOM","article_published_time":"2025-02-27T23:05:58+00:00","article_modified_time":"2025-02-27T23:06:00+00:00","og_image":[{"width":1024,"height":683,"url":"https:\/\/www.manaus.am.gov.br\/semcom\/wp-content\/uploads\/sites\/5\/2025\/02\/IMG_7366-1024x683.jpg","type":"image\/jpeg"}],"author":"bvalente","twitter_card":"summary_large_image","twitter_misc":{"Written by":"bvalente","Est. reading time":"2 minutos"},"schema":{"@context":"https:\/\/schema.org","@graph":[{"@type":"WebPage","@id":"https:\/\/www.manaus.am.gov.br\/semcom\/campanha-nota-premiada\/","url":"https:\/\/www.manaus.am.gov.br\/semcom\/campanha-nota-premiada\/","name":"Prefeitura de Manaus divulga ganhadores do primeiro sorteio do ano da campanha Nota Premiada\u00a0","isPartOf":{"@id":"https:\/\/www.manaus.am.gov.br\/semcom\/#website"},"primaryImageOfPage":{"@id":"https:\/\/www.manaus.am.gov.br\/semcom\/campanha-nota-premiada\/#primaryimage"},"image":{"@id":"https:\/\/www.manaus.am.gov.br\/semcom\/campanha-nota-premiada\/#primaryimage"},"thumbnailUrl":"https:\/\/www.manaus.am.gov.br\/semcom\/wp-content\/uploads\/sites\/5\/2025\/02\/IMG_7366.jpg","datePublished":"2025-02-27T23:05:58+00:00","dateModified":"2025-02-27T23:06:00+00:00","author":{"@id":"https:\/\/www.manaus.am.gov.br\/semcom\/#\/schema\/person\/466a0e03ae4b6062809046bd560ac955"},"description":"A Prefeitura de Manaus divulgou os nomes dos ganhadores do primeiro sorteio do ano da campanha Nota Premiada Manaus.","inLanguage":"pt-BR","potentialAction":[{"@type":"ReadAction","target":["https:\/\/www.manaus.am.gov.br\/semcom\/campanha-nota-premiada\/"]}]},{"@type":"ImageObject","inLanguage":"pt-BR","@id":"https:\/\/www.manaus.am.gov.br\/semcom\/campanha-nota-premiada\/#primaryimage","url":"https:\/\/www.manaus.am.gov.br\/semcom\/wp-content\/uploads\/sites\/5\/2025\/02\/IMG_7366.jpg","contentUrl":"https:\/\/www.manaus.am.gov.br\/semcom\/wp-content\/uploads\/sites\/5\/2025\/02\/IMG_7366.jpg","width":6000,"height":4000},{"@type":"WebSite","@id":"https:\/\/www.manaus.am.gov.br\/semcom\/#website","url":"https:\/\/www.manaus.am.gov.br\/semcom\/","name":"SEMCOM","description":"Secretaria Municipal de Comunica\u00e7\u00e3o","potentialAction":[{"@type":"SearchAction","target":{"@type":"EntryPoint","urlTemplate":"https:\/\/www.manaus.am.gov.br\/semcom\/?s={search_term_string}"},"query-input":"required name=search_term_string"}],"inLanguage":"pt-BR"},{"@type":"Person","@id":"https:\/\/www.manaus.am.gov.br\/semcom\/#\/schema\/person\/466a0e03ae4b6062809046bd560ac955","name":"bvalente","image":{"@type":"ImageObject","inLanguage":"pt-BR","@id":"https:\/\/www.manaus.am.gov.br\/semcom\/#\/schema\/person\/image\/","url":"https:\/\/secure.gravatar.com\/avatar\/3e69bc2b014bdad41adfec3a39de07d2?s=96&d=mm&r=g","contentUrl":"https:\/\/secure.gravatar.com\/avatar\/3e69bc2b014bdad41adfec3a39de07d2?s=96&d=mm&r=g","caption":"bvalente"}}]}},"_links":{"self":[{"href":"https:\/\/www.manaus.am.gov.br\/semcom\/wp-json\/wp\/v2\/posts\/235456"}],"collection":[{"href":"https:\/\/www.manaus.am.gov.br\/semcom\/wp-json\/wp\/v2\/posts"}],"about":[{"href":"https:\/\/www.manaus.am.gov.br\/semcom\/wp-json\/wp\/v2\/types\/post"}],"author":[{"embeddable":true,"href":"https:\/\/www.manaus.am.gov.br\/semcom\/wp-json\/wp\/v2\/users\/68"}],"replies":[{"embeddable":true,"href":"https:\/\/www.manaus.am.gov.br\/semcom\/wp-json\/wp\/v2\/comments?post=235456"}],"version-history":[{"count":0,"href":"https:\/\/www.manaus.am.gov.br\/semcom\/wp-json\/wp\/v2\/posts\/235456\/revisions"}],"wp:featuredmedia":[{"embeddable":true,"href":"https:\/\/www.manaus.am.gov.br\/semcom\/wp-json\/wp\/v2\/media\/235457"}],"wp:attachment":[{"href":"https:\/\/www.manaus.am.gov.br\/semcom\/wp-json\/wp\/v2\/media?parent=235456"}],"wp:term":[{"taxonomy":"category","embeddable":true,"href":"https:\/\/www.manaus.am.gov.br\/semcom\/wp-json\/wp\/v2\/categories?post=235456"},{"taxonomy":"post_tag","embeddable":true,"href":"https:\/\/www.manaus.am.gov.br\/semcom\/wp-json\/wp\/v2\/tags?post=235456"}],"curies":[{"name":"wp","href":"https:\/\/api.w.org\/{rel}","templated":true}]}}