{"id":235286,"date":"2025-02-25T17:11:48","date_gmt":"2025-02-25T20:11:48","guid":{"rendered":"https:\/\/www.manaus.am.gov.br\/semcom\/apoio-as-bandas-e-blocos-carnaval\/"},"modified":"2025-02-25T17:11:50","modified_gmt":"2025-02-25T20:11:50","slug":"apoio-as-bandas-e-blocos-carnaval","status":"publish","type":"post","link":"https:\/\/www.manaus.am.gov.br\/semcom\/apoio-as-bandas-e-blocos-carnaval\/","title":{"rendered":"Prefeitura refor\u00e7a apoio \u00e0s bandas e blocos carnavalescos de Manaus em reuni\u00e3o com representantes\u00a0"},"content":{"rendered":"\n<p>Na tarde desta ter\u00e7a-feira, 25\/2, a equipe de Eventos da Funda\u00e7\u00e3o Municipal de Cultura, Turismo e Eventos (Manauscult) esteve reunida com representantes de bandas e blocos carnavalescos de Manaus. O encontro teve como objetivo alinhar detalhes operacionais e refor\u00e7ar o compromisso da Prefeitura de Manaus com a realiza\u00e7\u00e3o do Carnaval de rua na cidade.<br><br>Durante a reuni\u00e3o, a Manauscult reafirmou o apoio log\u00edstico e estrutural, destacando a import\u00e2ncia do fomento cultural para garantir uma festa segura e organizada para a popula\u00e7\u00e3o. Al\u00e9m disso, foi anunciado o acompanhamento presencial dos eventos aos finais de semana, assegurando que as bandas e blocos que recebem o suporte da prefeitura possam realizar suas programa\u00e7\u00f5es com \u00eaxito.<br><br>O diretor-presidente da Manauscult, Jender Lobato, destacou a relev\u00e2ncia do Carnaval para a economia e a cultura local. \u201cO Carnaval \u00e9 uma das maiores manifesta\u00e7\u00f5es culturais do nosso pa\u00eds e, em Manaus, movimenta tanto a economia quanto o turismo. O compromisso da prefeitura \u00e9 garantir que essa festa aconte\u00e7a de maneira estruturada e acess\u00edvel para todos\u201d, afirmou.<br><br>Para a presidente do bloco \u201cSiri Quer Pau\u201d, do bairro S\u00e3o Raimundo, Madalena Soares, o apoio da prefeitura \u00e9 fundamental para a realiza\u00e7\u00e3o da festa. \u201cOrganizar um bloco exige muito esfor\u00e7o e recursos. Esse suporte da Manauscult faz toda a diferen\u00e7a para que possamos levar alegria para a nossa comunidade de forma segura e bem estruturada. O Carnaval de rua \u00e9 uma tradi\u00e7\u00e3o importante, e contar com esse incentivo fortalece ainda mais a nossa cultura\u201d, destacou.<br><br>O apoio \u00e0s bandas e blocos faz parte da pol\u00edtica de incentivo da Prefeitura de Manaus para fortalecer o setor cultural, assegurando que os eventos ocorram dentro das normas de seguran\u00e7a e com a infraestrutura necess\u00e1ria. A presen\u00e7a ativa da Manauscult no acompanhamento dos eventos refor\u00e7a o compromisso da gest\u00e3o municipal com a valoriza\u00e7\u00e3o da cultura popular e a promo\u00e7\u00e3o de um Carnaval organizado e acess\u00edvel a todos os foli\u00f5es.<\/p>\n\n\n\n<p>\u2014 \u2014 \u2014<br><strong>Texto &#8211;<\/strong> J\u00e9ssica Trajano \/ Manauscult<br><strong>Fotos &#8211; <\/strong>Thelson Souza \/ Manauscult<\/p>\n","protected":false},"excerpt":{"rendered":"","protected":false},"author":68,"featured_media":235287,"comment_status":"closed","ping_status":"closed","sticky":false,"template":"","format":"standard","meta":{"footnotes":""},"categories":[1969],"tags":[13557,6846,77],"acf":[],"yoast_head":"<!-- This site is optimized with the Yoast SEO plugin v23.0 - https:\/\/yoast.com\/wordpress\/plugins\/seo\/ -->\n<title>Prefeitura refor\u00e7a apoio \u00e0s bandas e blocos carnavalescos<\/title>\n<meta name=\"description\" content=\"A equipe de Eventos da Manauscult esteve reunida com representantes de bandas e blocos carnavalescos de Manaus.\" \/>\n<meta name=\"robots\" content=\"index, follow, max-snippet:-1, max-image-preview:large, max-video-preview:-1\" \/>\n<link rel=\"canonical\" href=\"https:\/\/www.manaus.am.gov.br\/semcom\/apoio-as-bandas-e-blocos-carnaval\/\" \/>\n<meta property=\"og:locale\" content=\"pt_BR\" \/>\n<meta property=\"og:type\" content=\"article\" \/>\n<meta property=\"og:title\" content=\"Prefeitura refor\u00e7a apoio \u00e0s bandas e blocos carnavalescos\" \/>\n<meta property=\"og:description\" content=\"A equipe de Eventos da Manauscult esteve reunida com representantes de bandas e blocos carnavalescos de Manaus.\" \/>\n<meta property=\"og:url\" content=\"https:\/\/www.manaus.am.gov.br\/semcom\/apoio-as-bandas-e-blocos-carnaval\/\" \/>\n<meta property=\"og:site_name\" content=\"SEMCOM\" \/>\n<meta property=\"article:published_time\" content=\"2025-02-25T20:11:48+00:00\" \/>\n<meta property=\"article:modified_time\" content=\"2025-02-25T20:11:50+00:00\" \/>\n<meta property=\"og:image\" content=\"https:\/\/www.manaus.am.gov.br\/semcom\/wp-content\/uploads\/sites\/5\/2025\/02\/Prefeitura-reforca-apoio-as-bandas-e-blocos-carnavalescos-de-Manaus-em-reuniao-com-representantes-.jpg\" \/>\n\t<meta property=\"og:image:width\" content=\"800\" \/>\n\t<meta property=\"og:image:height\" content=\"533\" \/>\n\t<meta property=\"og:image:type\" content=\"image\/jpeg\" \/>\n<meta name=\"author\" content=\"bvalente\" \/>\n<meta name=\"twitter:card\" content=\"summary_large_image\" \/>\n<meta name=\"twitter:label1\" content=\"Written by\" \/>\n\t<meta name=\"twitter:data1\" content=\"bvalente\" \/>\n\t<meta name=\"twitter:label2\" content=\"Est. reading time\" \/>\n\t<meta name=\"twitter:data2\" content=\"2 minutos\" \/>\n<script type=\"application\/ld+json\" class=\"yoast-schema-graph\">{\"@context\":\"https:\/\/schema.org\",\"@graph\":[{\"@type\":\"WebPage\",\"@id\":\"https:\/\/www.manaus.am.gov.br\/semcom\/apoio-as-bandas-e-blocos-carnaval\/\",\"url\":\"https:\/\/www.manaus.am.gov.br\/semcom\/apoio-as-bandas-e-blocos-carnaval\/\",\"name\":\"Prefeitura refor\u00e7a apoio \u00e0s bandas e blocos carnavalescos\",\"isPartOf\":{\"@id\":\"https:\/\/www.manaus.am.gov.br\/semcom\/#website\"},\"primaryImageOfPage\":{\"@id\":\"https:\/\/www.manaus.am.gov.br\/semcom\/apoio-as-bandas-e-blocos-carnaval\/#primaryimage\"},\"image\":{\"@id\":\"https:\/\/www.manaus.am.gov.br\/semcom\/apoio-as-bandas-e-blocos-carnaval\/#primaryimage\"},\"thumbnailUrl\":\"https:\/\/www.manaus.am.gov.br\/semcom\/wp-content\/uploads\/sites\/5\/2025\/02\/Prefeitura-reforca-apoio-as-bandas-e-blocos-carnavalescos-de-Manaus-em-reuniao-com-representantes-.jpg\",\"datePublished\":\"2025-02-25T20:11:48+00:00\",\"dateModified\":\"2025-02-25T20:11:50+00:00\",\"author\":{\"@id\":\"https:\/\/www.manaus.am.gov.br\/semcom\/#\/schema\/person\/466a0e03ae4b6062809046bd560ac955\"},\"description\":\"A equipe de Eventos da Manauscult esteve reunida com representantes de bandas e blocos carnavalescos de Manaus.\",\"inLanguage\":\"pt-BR\",\"potentialAction\":[{\"@type\":\"ReadAction\",\"target\":[\"https:\/\/www.manaus.am.gov.br\/semcom\/apoio-as-bandas-e-blocos-carnaval\/\"]}]},{\"@type\":\"ImageObject\",\"inLanguage\":\"pt-BR\",\"@id\":\"https:\/\/www.manaus.am.gov.br\/semcom\/apoio-as-bandas-e-blocos-carnaval\/#primaryimage\",\"url\":\"https:\/\/www.manaus.am.gov.br\/semcom\/wp-content\/uploads\/sites\/5\/2025\/02\/Prefeitura-reforca-apoio-as-bandas-e-blocos-carnavalescos-de-Manaus-em-reuniao-com-representantes-.jpg\",\"contentUrl\":\"https:\/\/www.manaus.am.gov.br\/semcom\/wp-content\/uploads\/sites\/5\/2025\/02\/Prefeitura-reforca-apoio-as-bandas-e-blocos-carnavalescos-de-Manaus-em-reuniao-com-representantes-.jpg\",\"width\":800,\"height\":533},{\"@type\":\"WebSite\",\"@id\":\"https:\/\/www.manaus.am.gov.br\/semcom\/#website\",\"url\":\"https:\/\/www.manaus.am.gov.br\/semcom\/\",\"name\":\"SEMCOM\",\"description\":\"Secretaria Municipal de Comunica\u00e7\u00e3o\",\"potentialAction\":[{\"@type\":\"SearchAction\",\"target\":{\"@type\":\"EntryPoint\",\"urlTemplate\":\"https:\/\/www.manaus.am.gov.br\/semcom\/?s={search_term_string}\"},\"query-input\":\"required name=search_term_string\"}],\"inLanguage\":\"pt-BR\"},{\"@type\":\"Person\",\"@id\":\"https:\/\/www.manaus.am.gov.br\/semcom\/#\/schema\/person\/466a0e03ae4b6062809046bd560ac955\",\"name\":\"bvalente\",\"image\":{\"@type\":\"ImageObject\",\"inLanguage\":\"pt-BR\",\"@id\":\"https:\/\/www.manaus.am.gov.br\/semcom\/#\/schema\/person\/image\/\",\"url\":\"https:\/\/secure.gravatar.com\/avatar\/3e69bc2b014bdad41adfec3a39de07d2?s=96&d=mm&r=g\",\"contentUrl\":\"https:\/\/secure.gravatar.com\/avatar\/3e69bc2b014bdad41adfec3a39de07d2?s=96&d=mm&r=g\",\"caption\":\"bvalente\"}}]}<\/script>\n<!-- \/ Yoast SEO plugin. -->","yoast_head_json":{"title":"Prefeitura refor\u00e7a apoio \u00e0s bandas e blocos carnavalescos","description":"A equipe de Eventos da Manauscult esteve reunida com representantes de bandas e blocos carnavalescos de Manaus.","robots":{"index":"index","follow":"follow","max-snippet":"max-snippet:-1","max-image-preview":"max-image-preview:large","max-video-preview":"max-video-preview:-1"},"canonical":"https:\/\/www.manaus.am.gov.br\/semcom\/apoio-as-bandas-e-blocos-carnaval\/","og_locale":"pt_BR","og_type":"article","og_title":"Prefeitura refor\u00e7a apoio \u00e0s bandas e blocos carnavalescos","og_description":"A equipe de Eventos da Manauscult esteve reunida com representantes de bandas e blocos carnavalescos de Manaus.","og_url":"https:\/\/www.manaus.am.gov.br\/semcom\/apoio-as-bandas-e-blocos-carnaval\/","og_site_name":"SEMCOM","article_published_time":"2025-02-25T20:11:48+00:00","article_modified_time":"2025-02-25T20:11:50+00:00","og_image":[{"width":800,"height":533,"url":"https:\/\/www.manaus.am.gov.br\/semcom\/wp-content\/uploads\/sites\/5\/2025\/02\/Prefeitura-reforca-apoio-as-bandas-e-blocos-carnavalescos-de-Manaus-em-reuniao-com-representantes-.jpg","type":"image\/jpeg"}],"author":"bvalente","twitter_card":"summary_large_image","twitter_misc":{"Written by":"bvalente","Est. reading time":"2 minutos"},"schema":{"@context":"https:\/\/schema.org","@graph":[{"@type":"WebPage","@id":"https:\/\/www.manaus.am.gov.br\/semcom\/apoio-as-bandas-e-blocos-carnaval\/","url":"https:\/\/www.manaus.am.gov.br\/semcom\/apoio-as-bandas-e-blocos-carnaval\/","name":"Prefeitura refor\u00e7a apoio \u00e0s bandas e blocos carnavalescos","isPartOf":{"@id":"https:\/\/www.manaus.am.gov.br\/semcom\/#website"},"primaryImageOfPage":{"@id":"https:\/\/www.manaus.am.gov.br\/semcom\/apoio-as-bandas-e-blocos-carnaval\/#primaryimage"},"image":{"@id":"https:\/\/www.manaus.am.gov.br\/semcom\/apoio-as-bandas-e-blocos-carnaval\/#primaryimage"},"thumbnailUrl":"https:\/\/www.manaus.am.gov.br\/semcom\/wp-content\/uploads\/sites\/5\/2025\/02\/Prefeitura-reforca-apoio-as-bandas-e-blocos-carnavalescos-de-Manaus-em-reuniao-com-representantes-.jpg","datePublished":"2025-02-25T20:11:48+00:00","dateModified":"2025-02-25T20:11:50+00:00","author":{"@id":"https:\/\/www.manaus.am.gov.br\/semcom\/#\/schema\/person\/466a0e03ae4b6062809046bd560ac955"},"description":"A equipe de Eventos da Manauscult esteve reunida com representantes de bandas e blocos carnavalescos de Manaus.","inLanguage":"pt-BR","potentialAction":[{"@type":"ReadAction","target":["https:\/\/www.manaus.am.gov.br\/semcom\/apoio-as-bandas-e-blocos-carnaval\/"]}]},{"@type":"ImageObject","inLanguage":"pt-BR","@id":"https:\/\/www.manaus.am.gov.br\/semcom\/apoio-as-bandas-e-blocos-carnaval\/#primaryimage","url":"https:\/\/www.manaus.am.gov.br\/semcom\/wp-content\/uploads\/sites\/5\/2025\/02\/Prefeitura-reforca-apoio-as-bandas-e-blocos-carnavalescos-de-Manaus-em-reuniao-com-representantes-.jpg","contentUrl":"https:\/\/www.manaus.am.gov.br\/semcom\/wp-content\/uploads\/sites\/5\/2025\/02\/Prefeitura-reforca-apoio-as-bandas-e-blocos-carnavalescos-de-Manaus-em-reuniao-com-representantes-.jpg","width":800,"height":533},{"@type":"WebSite","@id":"https:\/\/www.manaus.am.gov.br\/semcom\/#website","url":"https:\/\/www.manaus.am.gov.br\/semcom\/","name":"SEMCOM","description":"Secretaria Municipal de Comunica\u00e7\u00e3o","potentialAction":[{"@type":"SearchAction","target":{"@type":"EntryPoint","urlTemplate":"https:\/\/www.manaus.am.gov.br\/semcom\/?s={search_term_string}"},"query-input":"required name=search_term_string"}],"inLanguage":"pt-BR"},{"@type":"Person","@id":"https:\/\/www.manaus.am.gov.br\/semcom\/#\/schema\/person\/466a0e03ae4b6062809046bd560ac955","name":"bvalente","image":{"@type":"ImageObject","inLanguage":"pt-BR","@id":"https:\/\/www.manaus.am.gov.br\/semcom\/#\/schema\/person\/image\/","url":"https:\/\/secure.gravatar.com\/avatar\/3e69bc2b014bdad41adfec3a39de07d2?s=96&d=mm&r=g","contentUrl":"https:\/\/secure.gravatar.com\/avatar\/3e69bc2b014bdad41adfec3a39de07d2?s=96&d=mm&r=g","caption":"bvalente"}}]}},"_links":{"self":[{"href":"https:\/\/www.manaus.am.gov.br\/semcom\/wp-json\/wp\/v2\/posts\/235286"}],"collection":[{"href":"https:\/\/www.manaus.am.gov.br\/semcom\/wp-json\/wp\/v2\/posts"}],"about":[{"href":"https:\/\/www.manaus.am.gov.br\/semcom\/wp-json\/wp\/v2\/types\/post"}],"author":[{"embeddable":true,"href":"https:\/\/www.manaus.am.gov.br\/semcom\/wp-json\/wp\/v2\/users\/68"}],"replies":[{"embeddable":true,"href":"https:\/\/www.manaus.am.gov.br\/semcom\/wp-json\/wp\/v2\/comments?post=235286"}],"version-history":[{"count":0,"href":"https:\/\/www.manaus.am.gov.br\/semcom\/wp-json\/wp\/v2\/posts\/235286\/revisions"}],"wp:featuredmedia":[{"embeddable":true,"href":"https:\/\/www.manaus.am.gov.br\/semcom\/wp-json\/wp\/v2\/media\/235287"}],"wp:attachment":[{"href":"https:\/\/www.manaus.am.gov.br\/semcom\/wp-json\/wp\/v2\/media?parent=235286"}],"wp:term":[{"taxonomy":"category","embeddable":true,"href":"https:\/\/www.manaus.am.gov.br\/semcom\/wp-json\/wp\/v2\/categories?post=235286"},{"taxonomy":"post_tag","embeddable":true,"href":"https:\/\/www.manaus.am.gov.br\/semcom\/wp-json\/wp\/v2\/tags?post=235286"}],"curies":[{"name":"wp","href":"https:\/\/api.w.org\/{rel}","templated":true}]}}