{"id":235243,"date":"2025-02-24T17:57:39","date_gmt":"2025-02-24T20:57:39","guid":{"rendered":"https:\/\/www.manaus.am.gov.br\/semcom\/bloco-da-cobra-grande-2025-1o-3\/"},"modified":"2025-02-24T17:57:40","modified_gmt":"2025-02-24T20:57:40","slug":"bloco-da-cobra-grande-2025-1o-3","status":"publish","type":"post","link":"https:\/\/www.manaus.am.gov.br\/semcom\/bloco-da-cobra-grande-2025-1o-3\/","title":{"rendered":"Prefeitura de Manaus apoia \u2018Bloco da Cobra Grande 2025\u2019 neste s\u00e1bado, 1\u00ba\/3"},"content":{"rendered":"\n<p>A&nbsp;folia vai tomar conta do centro&nbsp;hist\u00f3rico de Manaus neste s\u00e1bado de carnaval. O \u201cBloco da Cobra Grande 2025\u201d,&nbsp;contemplado pelo edital Pol\u00edtica Nacional Aldir Blanc (Pnab), da Prefeitura de Manaus, por meio do Conselho Municipal de Cultura (Concultura), acontece neste dia 1\u00ba\/3, a partir das 17h, na&nbsp;pra\u00e7a Dom Pedro 2\u00ba, localizada na avenida 7 de Setembro, no Centro, com entrada gratuita para o p\u00fablico.<\/p>\n\n\n\n<p>A edi\u00e7\u00e3o deste ano do \u201cBloco da Cobra Grande\u201d traz como tema \u201cUm Carnaval TransAmaz\u00f4nico\u201d, promovendo um encontro entre a m\u00fasica do Amazonas e da Para\u00edba. A programa\u00e7\u00e3o conta com shows da banda Casa de Caba, Ant\u00f4nio Bahia e Ravi Music On, artistas da cena musical manauara. Da Para\u00edba, Escurinho e Elon se apresentam pela primeira vez em Manaus. A festa ter\u00e1 como apresentadoras, a ativista Maria do Rio Negro Kaxinaw\u00e1 e a multiartista \u00cdsis de Manaus.<\/p>\n\n\n\n<p>O diretor-presidente do Concultura, Tony Medeiros, destacou o papel fundamental da prefeitura no fortalecimento do carnaval da cidade.<\/p>\n\n\n\n<p>\u201cO carnaval de Manaus \u00e9 uma express\u00e3o marcante da nossa cultura, e a prefeitura tem trabalhado para garantir que essa festa continue crescendo. Este ano, mais de 200 bandas e blocos recebem o suporte da gest\u00e3o municipal, por meio de fomento, emendas e, neste caso, pela Pnab Manaus. O &#8216;Bloco da Cobra Grande&#8217; j\u00e1 mostrou seu sucesso no esquenta e, sem d\u00favida, no s\u00e1bado ser\u00e1 mais um grande evento, levando muita alegria para o nosso centro hist\u00f3rico&#8221;, disse o presidente.<\/p>\n\n\n\n<p>Para a produtora Patr\u00edcia Borges, o evento traz a proposta de associar o termo transamaz\u00f4nico \u00e0 energia do carnaval e a um interc\u00e2mbio entre a cena da m\u00fasica independente de Manaus e de Jo\u00e3o Pessoa.<\/p>\n\n\n\n<p>\u201cPara n\u00f3s, o carnaval \u00e9 um interc\u00e2mbio cultural. A Para\u00edba \u00e9 um estado que me acolhe para estudar e me inspirou a pensar numa edi\u00e7\u00e3o que fomenta a m\u00fasica preta do Norte e do Nordeste. Escurinho \u00e9 uma entidade, um mestre da musicalidade brasileira. Elon \u00e9 um dos maiores nomes da m\u00fasica contempor\u00e2nea paraibana, est\u00e1 com o show \u2018Extraviado\u2019 em circula\u00e7\u00e3o por diversas capitais do pa\u00eds. \u00c9 uma alegria muito grande ter esse projeto contemplado com recursos p\u00fablicos e poder receber aqui em Manaus esses artistas com os quais tive conex\u00f5es ancestrais\u201d, explica a produtora.&nbsp;<\/p>\n\n\n\n<p>Al\u00e9m dos shows, o evento contar\u00e1 com espa\u00e7o gastron\u00f4mico, incentivando empreendedores da economia criativa e mobilizando uma equipe de m\u00fasicos e produtores independentes. Os shows ter\u00e3o tradu\u00e7\u00e3o simult\u00e2nea em libras e uma a\u00e7\u00e3o experimental de audiodescri\u00e7\u00e3o.<\/p>\n\n\n\n<p><strong>Bloco da Cobra Grande<\/strong><\/p>\n\n\n\n<p>O \u201cBloco da Cobra Grande\u201d foi a novidade do Carnaval de 2020 em Manaus, com a proposta de fomentar as produ\u00e7\u00f5es de m\u00fasica independente e autoral da cidade no per\u00edodo do carnaval. O formato inicial era de um evento privado, em clube fechado, para garantir seguran\u00e7a e conforto aos brincantes. Com a renda adquirida pela venda dos ingressos e apoio de empresas parceiras, os organizadores buscaram remunerar uma rede de trabalhadores da cultura e empreendedores da economia criativa.<\/p>\n\n\n\n<p>O projeto \u201cBloco da Cobra Grande 2025 \u2013 Um Carnaval TransAmaz\u00f4nico\u201d foi um dos selecionados pelo Edital Macro de Chamamento P\u00fablico n\u00b0 002\/2024 \u2013 Festivais, com recursos da Pol\u00edtica Nacional Aldir Blanc (Pnab) de fomento \u00e0 cultura, da Prefeitura de Manaus, realizado pelo Concultura, com o apoio do Minist\u00e9rio da Cultura e do governo federal.<\/p>\n\n\n\n<p><strong>Programa\u00e7\u00e3o<\/strong><\/p>\n\n\n\n<p><strong>17h &#8211;&nbsp;<\/strong>Ravi Music On<\/p>\n\n\n\n<p><strong>17h30 &#8211;&nbsp;<\/strong>Casa de Caba<\/p>\n\n\n\n<p><strong>19h &#8211;&nbsp;<\/strong>Elon<\/p>\n\n\n\n<p><strong>20h30 &#8211;&nbsp;<\/strong>Escurinho<\/p>\n\n\n\n<p><strong>22h30 &#8211;&nbsp;<\/strong>Ant\u00f4nio Bahia<\/p>\n\n\n\n<p><strong>&#8212; &#8212; &#8212;<\/strong><\/p>\n\n\n\n<p><strong>Texto &#8211;<\/strong>\u00a0Clara Gon\u00e7alves\/Concultura<\/p>\n\n\n\n<p><strong>Foto &#8211;\u00a0<\/strong>Arquivo\/Concultura<\/p>\n","protected":false},"excerpt":{"rendered":"","protected":false},"author":39,"featured_media":235245,"comment_status":"closed","ping_status":"closed","sticky":false,"template":"","format":"standard","meta":{"footnotes":""},"categories":[930],"tags":[13549,1270,13550,98,77],"acf":[],"yoast_head":"<!-- This site is optimized with the Yoast SEO plugin v23.0 - https:\/\/yoast.com\/wordpress\/plugins\/seo\/ -->\n<title>Prefeitura apoia \u2018Bloco da Cobra Grande 2025\u2019 neste s\u00e1bado, 1\u00ba\/3<\/title>\n<meta name=\"description\" content=\"Prefeitura de Manaus, por meio do Concultura, apoia \u2018Bloco da Cobra Grande 2025\u2019 neste s\u00e1bado, 1\u00ba\/3, no centro hist\u00f3rico.\" \/>\n<meta name=\"robots\" content=\"index, follow, max-snippet:-1, max-image-preview:large, max-video-preview:-1\" \/>\n<link rel=\"canonical\" href=\"https:\/\/www.manaus.am.gov.br\/semcom\/bloco-da-cobra-grande-2025-1o-3\/\" \/>\n<meta property=\"og:locale\" content=\"pt_BR\" \/>\n<meta property=\"og:type\" content=\"article\" \/>\n<meta property=\"og:title\" content=\"Prefeitura apoia \u2018Bloco da Cobra Grande 2025\u2019 neste s\u00e1bado, 1\u00ba\/3\" \/>\n<meta property=\"og:description\" content=\"Prefeitura de Manaus, por meio do Concultura, apoia \u2018Bloco da Cobra Grande 2025\u2019 neste s\u00e1bado, 1\u00ba\/3, no centro hist\u00f3rico.\" \/>\n<meta property=\"og:url\" content=\"https:\/\/www.manaus.am.gov.br\/semcom\/bloco-da-cobra-grande-2025-1o-3\/\" \/>\n<meta property=\"og:site_name\" content=\"SEMCOM\" \/>\n<meta property=\"article:published_time\" content=\"2025-02-24T20:57:39+00:00\" \/>\n<meta property=\"article:modified_time\" content=\"2025-02-24T20:57:40+00:00\" \/>\n<meta property=\"og:image\" content=\"https:\/\/www.manaus.am.gov.br\/semcom\/wp-content\/uploads\/sites\/5\/2025\/02\/Bloco-da-Cobra-Grande-2.jpeg\" \/>\n\t<meta property=\"og:image:width\" content=\"1000\" \/>\n\t<meta property=\"og:image:height\" content=\"667\" \/>\n\t<meta property=\"og:image:type\" content=\"image\/jpeg\" \/>\n<meta name=\"author\" content=\"Bruna Greco\" \/>\n<meta name=\"twitter:card\" content=\"summary_large_image\" \/>\n<meta name=\"twitter:label1\" content=\"Written by\" \/>\n\t<meta name=\"twitter:data1\" content=\"Bruna Greco\" \/>\n\t<meta name=\"twitter:label2\" content=\"Est. reading time\" \/>\n\t<meta name=\"twitter:data2\" content=\"4 minutos\" \/>\n<script type=\"application\/ld+json\" class=\"yoast-schema-graph\">{\"@context\":\"https:\/\/schema.org\",\"@graph\":[{\"@type\":\"WebPage\",\"@id\":\"https:\/\/www.manaus.am.gov.br\/semcom\/bloco-da-cobra-grande-2025-1o-3\/\",\"url\":\"https:\/\/www.manaus.am.gov.br\/semcom\/bloco-da-cobra-grande-2025-1o-3\/\",\"name\":\"Prefeitura apoia \u2018Bloco da Cobra Grande 2025\u2019 neste s\u00e1bado, 1\u00ba\/3\",\"isPartOf\":{\"@id\":\"https:\/\/www.manaus.am.gov.br\/semcom\/#website\"},\"primaryImageOfPage\":{\"@id\":\"https:\/\/www.manaus.am.gov.br\/semcom\/bloco-da-cobra-grande-2025-1o-3\/#primaryimage\"},\"image\":{\"@id\":\"https:\/\/www.manaus.am.gov.br\/semcom\/bloco-da-cobra-grande-2025-1o-3\/#primaryimage\"},\"thumbnailUrl\":\"https:\/\/www.manaus.am.gov.br\/semcom\/wp-content\/uploads\/sites\/5\/2025\/02\/Bloco-da-Cobra-Grande-2.jpeg\",\"datePublished\":\"2025-02-24T20:57:39+00:00\",\"dateModified\":\"2025-02-24T20:57:40+00:00\",\"author\":{\"@id\":\"https:\/\/www.manaus.am.gov.br\/semcom\/#\/schema\/person\/05d223aea2bf115f9883a6ff3683d81b\"},\"description\":\"Prefeitura de Manaus, por meio do Concultura, apoia \u2018Bloco da Cobra Grande 2025\u2019 neste s\u00e1bado, 1\u00ba\/3, no centro hist\u00f3rico.\",\"inLanguage\":\"pt-BR\",\"potentialAction\":[{\"@type\":\"ReadAction\",\"target\":[\"https:\/\/www.manaus.am.gov.br\/semcom\/bloco-da-cobra-grande-2025-1o-3\/\"]}]},{\"@type\":\"ImageObject\",\"inLanguage\":\"pt-BR\",\"@id\":\"https:\/\/www.manaus.am.gov.br\/semcom\/bloco-da-cobra-grande-2025-1o-3\/#primaryimage\",\"url\":\"https:\/\/www.manaus.am.gov.br\/semcom\/wp-content\/uploads\/sites\/5\/2025\/02\/Bloco-da-Cobra-Grande-2.jpeg\",\"contentUrl\":\"https:\/\/www.manaus.am.gov.br\/semcom\/wp-content\/uploads\/sites\/5\/2025\/02\/Bloco-da-Cobra-Grande-2.jpeg\",\"width\":1000,\"height\":667,\"caption\":\"#paratodosverem - P\u00fablico prestigiando o \\\"Bloco da Cobra Grande\\\" durante os festejos do Carnaval de Manaus em 2020\"},{\"@type\":\"WebSite\",\"@id\":\"https:\/\/www.manaus.am.gov.br\/semcom\/#website\",\"url\":\"https:\/\/www.manaus.am.gov.br\/semcom\/\",\"name\":\"SEMCOM\",\"description\":\"Secretaria Municipal de Comunica\u00e7\u00e3o\",\"potentialAction\":[{\"@type\":\"SearchAction\",\"target\":{\"@type\":\"EntryPoint\",\"urlTemplate\":\"https:\/\/www.manaus.am.gov.br\/semcom\/?s={search_term_string}\"},\"query-input\":\"required name=search_term_string\"}],\"inLanguage\":\"pt-BR\"},{\"@type\":\"Person\",\"@id\":\"https:\/\/www.manaus.am.gov.br\/semcom\/#\/schema\/person\/05d223aea2bf115f9883a6ff3683d81b\",\"name\":\"Bruna Greco\",\"image\":{\"@type\":\"ImageObject\",\"inLanguage\":\"pt-BR\",\"@id\":\"https:\/\/www.manaus.am.gov.br\/semcom\/#\/schema\/person\/image\/\",\"url\":\"https:\/\/secure.gravatar.com\/avatar\/9c877d1a6adc2a055330e5c09a8653ce?s=96&d=mm&r=g\",\"contentUrl\":\"https:\/\/secure.gravatar.com\/avatar\/9c877d1a6adc2a055330e5c09a8653ce?s=96&d=mm&r=g\",\"caption\":\"Bruna Greco\"}}]}<\/script>\n<!-- \/ Yoast SEO plugin. -->","yoast_head_json":{"title":"Prefeitura apoia \u2018Bloco da Cobra Grande 2025\u2019 neste s\u00e1bado, 1\u00ba\/3","description":"Prefeitura de Manaus, por meio do Concultura, apoia \u2018Bloco da Cobra Grande 2025\u2019 neste s\u00e1bado, 1\u00ba\/3, no centro hist\u00f3rico.","robots":{"index":"index","follow":"follow","max-snippet":"max-snippet:-1","max-image-preview":"max-image-preview:large","max-video-preview":"max-video-preview:-1"},"canonical":"https:\/\/www.manaus.am.gov.br\/semcom\/bloco-da-cobra-grande-2025-1o-3\/","og_locale":"pt_BR","og_type":"article","og_title":"Prefeitura apoia \u2018Bloco da Cobra Grande 2025\u2019 neste s\u00e1bado, 1\u00ba\/3","og_description":"Prefeitura de Manaus, por meio do Concultura, apoia \u2018Bloco da Cobra Grande 2025\u2019 neste s\u00e1bado, 1\u00ba\/3, no centro hist\u00f3rico.","og_url":"https:\/\/www.manaus.am.gov.br\/semcom\/bloco-da-cobra-grande-2025-1o-3\/","og_site_name":"SEMCOM","article_published_time":"2025-02-24T20:57:39+00:00","article_modified_time":"2025-02-24T20:57:40+00:00","og_image":[{"width":1000,"height":667,"url":"https:\/\/www.manaus.am.gov.br\/semcom\/wp-content\/uploads\/sites\/5\/2025\/02\/Bloco-da-Cobra-Grande-2.jpeg","type":"image\/jpeg"}],"author":"Bruna Greco","twitter_card":"summary_large_image","twitter_misc":{"Written by":"Bruna Greco","Est. reading time":"4 minutos"},"schema":{"@context":"https:\/\/schema.org","@graph":[{"@type":"WebPage","@id":"https:\/\/www.manaus.am.gov.br\/semcom\/bloco-da-cobra-grande-2025-1o-3\/","url":"https:\/\/www.manaus.am.gov.br\/semcom\/bloco-da-cobra-grande-2025-1o-3\/","name":"Prefeitura apoia \u2018Bloco da Cobra Grande 2025\u2019 neste s\u00e1bado, 1\u00ba\/3","isPartOf":{"@id":"https:\/\/www.manaus.am.gov.br\/semcom\/#website"},"primaryImageOfPage":{"@id":"https:\/\/www.manaus.am.gov.br\/semcom\/bloco-da-cobra-grande-2025-1o-3\/#primaryimage"},"image":{"@id":"https:\/\/www.manaus.am.gov.br\/semcom\/bloco-da-cobra-grande-2025-1o-3\/#primaryimage"},"thumbnailUrl":"https:\/\/www.manaus.am.gov.br\/semcom\/wp-content\/uploads\/sites\/5\/2025\/02\/Bloco-da-Cobra-Grande-2.jpeg","datePublished":"2025-02-24T20:57:39+00:00","dateModified":"2025-02-24T20:57:40+00:00","author":{"@id":"https:\/\/www.manaus.am.gov.br\/semcom\/#\/schema\/person\/05d223aea2bf115f9883a6ff3683d81b"},"description":"Prefeitura de Manaus, por meio do Concultura, apoia \u2018Bloco da Cobra Grande 2025\u2019 neste s\u00e1bado, 1\u00ba\/3, no centro hist\u00f3rico.","inLanguage":"pt-BR","potentialAction":[{"@type":"ReadAction","target":["https:\/\/www.manaus.am.gov.br\/semcom\/bloco-da-cobra-grande-2025-1o-3\/"]}]},{"@type":"ImageObject","inLanguage":"pt-BR","@id":"https:\/\/www.manaus.am.gov.br\/semcom\/bloco-da-cobra-grande-2025-1o-3\/#primaryimage","url":"https:\/\/www.manaus.am.gov.br\/semcom\/wp-content\/uploads\/sites\/5\/2025\/02\/Bloco-da-Cobra-Grande-2.jpeg","contentUrl":"https:\/\/www.manaus.am.gov.br\/semcom\/wp-content\/uploads\/sites\/5\/2025\/02\/Bloco-da-Cobra-Grande-2.jpeg","width":1000,"height":667,"caption":"#paratodosverem - P\u00fablico prestigiando o \"Bloco da Cobra Grande\" durante os festejos do Carnaval de Manaus em 2020"},{"@type":"WebSite","@id":"https:\/\/www.manaus.am.gov.br\/semcom\/#website","url":"https:\/\/www.manaus.am.gov.br\/semcom\/","name":"SEMCOM","description":"Secretaria Municipal de Comunica\u00e7\u00e3o","potentialAction":[{"@type":"SearchAction","target":{"@type":"EntryPoint","urlTemplate":"https:\/\/www.manaus.am.gov.br\/semcom\/?s={search_term_string}"},"query-input":"required name=search_term_string"}],"inLanguage":"pt-BR"},{"@type":"Person","@id":"https:\/\/www.manaus.am.gov.br\/semcom\/#\/schema\/person\/05d223aea2bf115f9883a6ff3683d81b","name":"Bruna Greco","image":{"@type":"ImageObject","inLanguage":"pt-BR","@id":"https:\/\/www.manaus.am.gov.br\/semcom\/#\/schema\/person\/image\/","url":"https:\/\/secure.gravatar.com\/avatar\/9c877d1a6adc2a055330e5c09a8653ce?s=96&d=mm&r=g","contentUrl":"https:\/\/secure.gravatar.com\/avatar\/9c877d1a6adc2a055330e5c09a8653ce?s=96&d=mm&r=g","caption":"Bruna Greco"}}]}},"_links":{"self":[{"href":"https:\/\/www.manaus.am.gov.br\/semcom\/wp-json\/wp\/v2\/posts\/235243"}],"collection":[{"href":"https:\/\/www.manaus.am.gov.br\/semcom\/wp-json\/wp\/v2\/posts"}],"about":[{"href":"https:\/\/www.manaus.am.gov.br\/semcom\/wp-json\/wp\/v2\/types\/post"}],"author":[{"embeddable":true,"href":"https:\/\/www.manaus.am.gov.br\/semcom\/wp-json\/wp\/v2\/users\/39"}],"replies":[{"embeddable":true,"href":"https:\/\/www.manaus.am.gov.br\/semcom\/wp-json\/wp\/v2\/comments?post=235243"}],"version-history":[{"count":0,"href":"https:\/\/www.manaus.am.gov.br\/semcom\/wp-json\/wp\/v2\/posts\/235243\/revisions"}],"wp:featuredmedia":[{"embeddable":true,"href":"https:\/\/www.manaus.am.gov.br\/semcom\/wp-json\/wp\/v2\/media\/235245"}],"wp:attachment":[{"href":"https:\/\/www.manaus.am.gov.br\/semcom\/wp-json\/wp\/v2\/media?parent=235243"}],"wp:term":[{"taxonomy":"category","embeddable":true,"href":"https:\/\/www.manaus.am.gov.br\/semcom\/wp-json\/wp\/v2\/categories?post=235243"},{"taxonomy":"post_tag","embeddable":true,"href":"https:\/\/www.manaus.am.gov.br\/semcom\/wp-json\/wp\/v2\/tags?post=235243"}],"curies":[{"name":"wp","href":"https:\/\/api.w.org\/{rel}","templated":true}]}}