{"id":235224,"date":"2025-02-24T15:38:13","date_gmt":"2025-02-24T19:38:13","guid":{"rendered":"https:\/\/www.manaus.am.gov.br\/semcom\/apoio-prefeitura-projeto-aulas-de-danca\/"},"modified":"2025-02-24T15:38:13","modified_gmt":"2025-02-24T19:38:13","slug":"apoio-prefeitura-projeto-aulas-de-danca","status":"publish","type":"post","link":"https:\/\/www.manaus.am.gov.br\/semcom\/apoio-prefeitura-projeto-aulas-de-danca\/","title":{"rendered":"Com apoio da Prefeitura de Manaus, projeto oferece aulas de dan\u00e7a contempor\u00e2nea"},"content":{"rendered":"\n<p>O projeto \u201cQuem Sabe Dan\u00e7a\u201d, contemplado pelo edital Pol\u00edtica Nacional Aldir Blanc (Pnab), da Prefeitura de Manaus, por meio do Conselho Municipal de Cultura (Concultura), oferta 20 vagas gratuitas para aulas de dan\u00e7a contempor\u00e2nea, direcionadas para adolescentes de 13 a 17 anos. As aulas acontecer\u00e3o toda ter\u00e7a e quinta-feira, das 17h30 \u00e0s 19h30, na casa de artes Plano Perfeito, localizada na&nbsp;rua Maring\u00e1, n\u00ba 307, bairro Grande Vit\u00f3ria, na zona Leste. As inscri\u00e7\u00f5es iniciam nesta segunda-feira, 24\/2, e seguem at\u00e9 sexta, 28\/2.<\/p>\n\n\n\n<p>Os interessados devem fazer a inscri\u00e7\u00e3o presencial, das 9h \u00e0s 17h, na casa de artes e apresentar os seguintes documentos: RG, CPF e comprovante de resid\u00eancia do respons\u00e1vel e do aluno; declara\u00e7\u00e3o escolar e uma foto 3X4 do participante.<\/p>\n\n\n\n<p>O diretor-presidente do Concultura, Tony Medeiros, ressalta a relev\u00e2ncia de investir em projetos que impactam a juventude e fortalecem a cultura local.&nbsp; \u201cIniciativas como o projeto \u2018Quem Sabe Dan\u00e7a\u2019 oferecem aos jovens um espa\u00e7o de aprendizado, express\u00e3o e desenvolvimento. O apoio da gest\u00e3o municipal refor\u00e7a a valoriza\u00e7\u00e3o da arte e do crescimento pessoal da nossa juventude, proporcionando oportunidades e incentivando a transforma\u00e7\u00e3o dos participantes por meio da dan\u00e7a\u201d, afirmou.<\/p>\n\n\n\n<p>A coordenadora do projeto, Ewellyn Gabrielle, destacou a import\u00e2ncia do projeto \u201cQuem Sabe Dan\u00e7a\u201d na promo\u00e7\u00e3o do bem-estar e no fortalecimento da identidade dos participantes. \u201cO projeto se torna um instrumento de valoriza\u00e7\u00e3o da vida, promo\u00e7\u00e3o \u00e0 sa\u00fade e tamb\u00e9m fortalecimento da identidade de cada participante. Atrav\u00e9s das oficinas gratuitas de dan\u00e7a contempor\u00e2nea, n\u00f3s buscamos proporcionar aos jovens um ambiente seguro e inspirador, onde eles possam descobrir seu potencial\u201d, comentou.<\/p>\n\n\n\n<p>Para mais informa\u00e7\u00f5es sobre as aulas, os interessados podem entrar em contato pelo telefone (92) 98152-3347 ou pelo Instagram da casa de artes @projetoplanoperfeito.<\/p>\n\n\n\n<p>O projeto \u201cQuem Sabe Dan\u00e7a\u201d foi um dos selecionados pelo Edital Macro de Chamamento P\u00fablico n\u00b0 002\/2024 \u2013 Dan\u00e7a, com recursos da Pol\u00edtica Nacional Aldir Blanc (Pnab) de fomento \u00e0 cultura, da Prefeitura de Manaus, realizado pelo Concultura, com o apoio do Minist\u00e9rio da Cultura (Minc) e do governo federal.<\/p>\n\n\n\n<figure class=\"wp-block-image size-large\"><img loading=\"lazy\" decoding=\"async\" width=\"1024\" height=\"768\" src=\"https:\/\/www.manaus.am.gov.br\/semcom\/wp-content\/uploads\/sites\/5\/2025\/02\/plano-perfeito-divulgacao-1024x768.jpeg\" alt=\"\" class=\"wp-image-235225\" srcset=\"https:\/\/www.manaus.am.gov.br\/semcom\/wp-content\/uploads\/sites\/5\/2025\/02\/plano-perfeito-divulgacao-1024x768.jpeg 1024w, https:\/\/www.manaus.am.gov.br\/semcom\/wp-content\/uploads\/sites\/5\/2025\/02\/plano-perfeito-divulgacao-300x225.jpeg 300w, https:\/\/www.manaus.am.gov.br\/semcom\/wp-content\/uploads\/sites\/5\/2025\/02\/plano-perfeito-divulgacao-768x576.jpeg 768w, https:\/\/www.manaus.am.gov.br\/semcom\/wp-content\/uploads\/sites\/5\/2025\/02\/plano-perfeito-divulgacao-1536x1152.jpeg 1536w, https:\/\/www.manaus.am.gov.br\/semcom\/wp-content\/uploads\/sites\/5\/2025\/02\/plano-perfeito-divulgacao.jpeg 1600w\" sizes=\"(max-width: 1024px) 100vw, 1024px\" \/><\/figure>\n\n\n\n<p><strong>&#8212; &#8212; &#8212;<\/strong><\/p>\n\n\n\n<p><strong>Texto &#8211;<\/strong>\u00a0Clara Gon\u00e7alves\/Concultura<\/p>\n\n\n\n<p><strong>Fotos \u2013\u00a0<\/strong>Divulga\u00e7\u00e3o\/Concultura<\/p>\n","protected":false},"excerpt":{"rendered":"","protected":false},"author":39,"featured_media":235226,"comment_status":"closed","ping_status":"closed","sticky":false,"template":"","format":"standard","meta":{"footnotes":""},"categories":[1591],"tags":[13541,1189,13542,695,13543,77,13544],"acf":[],"yoast_head":"<!-- This site is optimized with the Yoast SEO plugin v23.0 - https:\/\/yoast.com\/wordpress\/plugins\/seo\/ -->\n<title>Com apoio da prefeitura, projeto oferece aulas de dan\u00e7a<\/title>\n<meta name=\"description\" content=\"Com apoio da Prefeitura de Manaus, por meio do Concultura, projeto oferece aulas de dan\u00e7a contempor\u00e2nea na zona Leste.\" \/>\n<meta name=\"robots\" content=\"index, follow, max-snippet:-1, max-image-preview:large, max-video-preview:-1\" \/>\n<link rel=\"canonical\" href=\"https:\/\/www.manaus.am.gov.br\/semcom\/apoio-prefeitura-projeto-aulas-de-danca\/\" \/>\n<meta property=\"og:locale\" content=\"pt_BR\" \/>\n<meta property=\"og:type\" content=\"article\" \/>\n<meta property=\"og:title\" content=\"Com apoio da prefeitura, projeto oferece aulas de dan\u00e7a\" \/>\n<meta property=\"og:description\" content=\"Com apoio da Prefeitura de Manaus, por meio do Concultura, projeto oferece aulas de dan\u00e7a contempor\u00e2nea na zona Leste.\" \/>\n<meta property=\"og:url\" content=\"https:\/\/www.manaus.am.gov.br\/semcom\/apoio-prefeitura-projeto-aulas-de-danca\/\" \/>\n<meta property=\"og:site_name\" content=\"SEMCOM\" \/>\n<meta property=\"article:published_time\" content=\"2025-02-24T19:38:13+00:00\" \/>\n<meta property=\"og:image\" content=\"https:\/\/www.manaus.am.gov.br\/semcom\/wp-content\/uploads\/sites\/5\/2025\/02\/aula-danca-divulgacao2.jpeg\" \/>\n\t<meta property=\"og:image:width\" content=\"1600\" \/>\n\t<meta property=\"og:image:height\" content=\"1200\" \/>\n\t<meta property=\"og:image:type\" content=\"image\/jpeg\" \/>\n<meta name=\"author\" content=\"Bruna Greco\" \/>\n<meta name=\"twitter:card\" content=\"summary_large_image\" \/>\n<meta name=\"twitter:label1\" content=\"Written by\" \/>\n\t<meta name=\"twitter:data1\" content=\"Bruna Greco\" \/>\n\t<meta name=\"twitter:label2\" content=\"Est. reading time\" \/>\n\t<meta name=\"twitter:data2\" content=\"3 minutos\" \/>\n<script type=\"application\/ld+json\" class=\"yoast-schema-graph\">{\"@context\":\"https:\/\/schema.org\",\"@graph\":[{\"@type\":\"WebPage\",\"@id\":\"https:\/\/www.manaus.am.gov.br\/semcom\/apoio-prefeitura-projeto-aulas-de-danca\/\",\"url\":\"https:\/\/www.manaus.am.gov.br\/semcom\/apoio-prefeitura-projeto-aulas-de-danca\/\",\"name\":\"Com apoio da prefeitura, projeto oferece aulas de dan\u00e7a\",\"isPartOf\":{\"@id\":\"https:\/\/www.manaus.am.gov.br\/semcom\/#website\"},\"primaryImageOfPage\":{\"@id\":\"https:\/\/www.manaus.am.gov.br\/semcom\/apoio-prefeitura-projeto-aulas-de-danca\/#primaryimage\"},\"image\":{\"@id\":\"https:\/\/www.manaus.am.gov.br\/semcom\/apoio-prefeitura-projeto-aulas-de-danca\/#primaryimage\"},\"thumbnailUrl\":\"https:\/\/www.manaus.am.gov.br\/semcom\/wp-content\/uploads\/sites\/5\/2025\/02\/aula-danca-divulgacao2.jpeg\",\"datePublished\":\"2025-02-24T19:38:13+00:00\",\"dateModified\":\"2025-02-24T19:38:13+00:00\",\"author\":{\"@id\":\"https:\/\/www.manaus.am.gov.br\/semcom\/#\/schema\/person\/05d223aea2bf115f9883a6ff3683d81b\"},\"description\":\"Com apoio da Prefeitura de Manaus, por meio do Concultura, projeto oferece aulas de dan\u00e7a contempor\u00e2nea na zona Leste.\",\"inLanguage\":\"pt-BR\",\"potentialAction\":[{\"@type\":\"ReadAction\",\"target\":[\"https:\/\/www.manaus.am.gov.br\/semcom\/apoio-prefeitura-projeto-aulas-de-danca\/\"]}]},{\"@type\":\"ImageObject\",\"inLanguage\":\"pt-BR\",\"@id\":\"https:\/\/www.manaus.am.gov.br\/semcom\/apoio-prefeitura-projeto-aulas-de-danca\/#primaryimage\",\"url\":\"https:\/\/www.manaus.am.gov.br\/semcom\/wp-content\/uploads\/sites\/5\/2025\/02\/aula-danca-divulgacao2.jpeg\",\"contentUrl\":\"https:\/\/www.manaus.am.gov.br\/semcom\/wp-content\/uploads\/sites\/5\/2025\/02\/aula-danca-divulgacao2.jpeg\",\"width\":1600,\"height\":1200,\"caption\":\"#paratodosverem - Adolescentes participando de aula de dan\u00e7a contempor\u00e2nea do projeto \\\"Quem Sabe Dan\u00e7a\\\"\"},{\"@type\":\"WebSite\",\"@id\":\"https:\/\/www.manaus.am.gov.br\/semcom\/#website\",\"url\":\"https:\/\/www.manaus.am.gov.br\/semcom\/\",\"name\":\"SEMCOM\",\"description\":\"Secretaria Municipal de Comunica\u00e7\u00e3o\",\"potentialAction\":[{\"@type\":\"SearchAction\",\"target\":{\"@type\":\"EntryPoint\",\"urlTemplate\":\"https:\/\/www.manaus.am.gov.br\/semcom\/?s={search_term_string}\"},\"query-input\":\"required name=search_term_string\"}],\"inLanguage\":\"pt-BR\"},{\"@type\":\"Person\",\"@id\":\"https:\/\/www.manaus.am.gov.br\/semcom\/#\/schema\/person\/05d223aea2bf115f9883a6ff3683d81b\",\"name\":\"Bruna Greco\",\"image\":{\"@type\":\"ImageObject\",\"inLanguage\":\"pt-BR\",\"@id\":\"https:\/\/www.manaus.am.gov.br\/semcom\/#\/schema\/person\/image\/\",\"url\":\"https:\/\/secure.gravatar.com\/avatar\/9c877d1a6adc2a055330e5c09a8653ce?s=96&d=mm&r=g\",\"contentUrl\":\"https:\/\/secure.gravatar.com\/avatar\/9c877d1a6adc2a055330e5c09a8653ce?s=96&d=mm&r=g\",\"caption\":\"Bruna Greco\"}}]}<\/script>\n<!-- \/ Yoast SEO plugin. -->","yoast_head_json":{"title":"Com apoio da prefeitura, projeto oferece aulas de dan\u00e7a","description":"Com apoio da Prefeitura de Manaus, por meio do Concultura, projeto oferece aulas de dan\u00e7a contempor\u00e2nea na zona Leste.","robots":{"index":"index","follow":"follow","max-snippet":"max-snippet:-1","max-image-preview":"max-image-preview:large","max-video-preview":"max-video-preview:-1"},"canonical":"https:\/\/www.manaus.am.gov.br\/semcom\/apoio-prefeitura-projeto-aulas-de-danca\/","og_locale":"pt_BR","og_type":"article","og_title":"Com apoio da prefeitura, projeto oferece aulas de dan\u00e7a","og_description":"Com apoio da Prefeitura de Manaus, por meio do Concultura, projeto oferece aulas de dan\u00e7a contempor\u00e2nea na zona Leste.","og_url":"https:\/\/www.manaus.am.gov.br\/semcom\/apoio-prefeitura-projeto-aulas-de-danca\/","og_site_name":"SEMCOM","article_published_time":"2025-02-24T19:38:13+00:00","og_image":[{"width":1600,"height":1200,"url":"https:\/\/www.manaus.am.gov.br\/semcom\/wp-content\/uploads\/sites\/5\/2025\/02\/aula-danca-divulgacao2.jpeg","type":"image\/jpeg"}],"author":"Bruna Greco","twitter_card":"summary_large_image","twitter_misc":{"Written by":"Bruna Greco","Est. reading time":"3 minutos"},"schema":{"@context":"https:\/\/schema.org","@graph":[{"@type":"WebPage","@id":"https:\/\/www.manaus.am.gov.br\/semcom\/apoio-prefeitura-projeto-aulas-de-danca\/","url":"https:\/\/www.manaus.am.gov.br\/semcom\/apoio-prefeitura-projeto-aulas-de-danca\/","name":"Com apoio da prefeitura, projeto oferece aulas de dan\u00e7a","isPartOf":{"@id":"https:\/\/www.manaus.am.gov.br\/semcom\/#website"},"primaryImageOfPage":{"@id":"https:\/\/www.manaus.am.gov.br\/semcom\/apoio-prefeitura-projeto-aulas-de-danca\/#primaryimage"},"image":{"@id":"https:\/\/www.manaus.am.gov.br\/semcom\/apoio-prefeitura-projeto-aulas-de-danca\/#primaryimage"},"thumbnailUrl":"https:\/\/www.manaus.am.gov.br\/semcom\/wp-content\/uploads\/sites\/5\/2025\/02\/aula-danca-divulgacao2.jpeg","datePublished":"2025-02-24T19:38:13+00:00","dateModified":"2025-02-24T19:38:13+00:00","author":{"@id":"https:\/\/www.manaus.am.gov.br\/semcom\/#\/schema\/person\/05d223aea2bf115f9883a6ff3683d81b"},"description":"Com apoio da Prefeitura de Manaus, por meio do Concultura, projeto oferece aulas de dan\u00e7a contempor\u00e2nea na zona Leste.","inLanguage":"pt-BR","potentialAction":[{"@type":"ReadAction","target":["https:\/\/www.manaus.am.gov.br\/semcom\/apoio-prefeitura-projeto-aulas-de-danca\/"]}]},{"@type":"ImageObject","inLanguage":"pt-BR","@id":"https:\/\/www.manaus.am.gov.br\/semcom\/apoio-prefeitura-projeto-aulas-de-danca\/#primaryimage","url":"https:\/\/www.manaus.am.gov.br\/semcom\/wp-content\/uploads\/sites\/5\/2025\/02\/aula-danca-divulgacao2.jpeg","contentUrl":"https:\/\/www.manaus.am.gov.br\/semcom\/wp-content\/uploads\/sites\/5\/2025\/02\/aula-danca-divulgacao2.jpeg","width":1600,"height":1200,"caption":"#paratodosverem - Adolescentes participando de aula de dan\u00e7a contempor\u00e2nea do projeto \"Quem Sabe Dan\u00e7a\""},{"@type":"WebSite","@id":"https:\/\/www.manaus.am.gov.br\/semcom\/#website","url":"https:\/\/www.manaus.am.gov.br\/semcom\/","name":"SEMCOM","description":"Secretaria Municipal de Comunica\u00e7\u00e3o","potentialAction":[{"@type":"SearchAction","target":{"@type":"EntryPoint","urlTemplate":"https:\/\/www.manaus.am.gov.br\/semcom\/?s={search_term_string}"},"query-input":"required name=search_term_string"}],"inLanguage":"pt-BR"},{"@type":"Person","@id":"https:\/\/www.manaus.am.gov.br\/semcom\/#\/schema\/person\/05d223aea2bf115f9883a6ff3683d81b","name":"Bruna Greco","image":{"@type":"ImageObject","inLanguage":"pt-BR","@id":"https:\/\/www.manaus.am.gov.br\/semcom\/#\/schema\/person\/image\/","url":"https:\/\/secure.gravatar.com\/avatar\/9c877d1a6adc2a055330e5c09a8653ce?s=96&d=mm&r=g","contentUrl":"https:\/\/secure.gravatar.com\/avatar\/9c877d1a6adc2a055330e5c09a8653ce?s=96&d=mm&r=g","caption":"Bruna Greco"}}]}},"_links":{"self":[{"href":"https:\/\/www.manaus.am.gov.br\/semcom\/wp-json\/wp\/v2\/posts\/235224"}],"collection":[{"href":"https:\/\/www.manaus.am.gov.br\/semcom\/wp-json\/wp\/v2\/posts"}],"about":[{"href":"https:\/\/www.manaus.am.gov.br\/semcom\/wp-json\/wp\/v2\/types\/post"}],"author":[{"embeddable":true,"href":"https:\/\/www.manaus.am.gov.br\/semcom\/wp-json\/wp\/v2\/users\/39"}],"replies":[{"embeddable":true,"href":"https:\/\/www.manaus.am.gov.br\/semcom\/wp-json\/wp\/v2\/comments?post=235224"}],"version-history":[{"count":1,"href":"https:\/\/www.manaus.am.gov.br\/semcom\/wp-json\/wp\/v2\/posts\/235224\/revisions"}],"predecessor-version":[{"id":235227,"href":"https:\/\/www.manaus.am.gov.br\/semcom\/wp-json\/wp\/v2\/posts\/235224\/revisions\/235227"}],"wp:featuredmedia":[{"embeddable":true,"href":"https:\/\/www.manaus.am.gov.br\/semcom\/wp-json\/wp\/v2\/media\/235226"}],"wp:attachment":[{"href":"https:\/\/www.manaus.am.gov.br\/semcom\/wp-json\/wp\/v2\/media?parent=235224"}],"wp:term":[{"taxonomy":"category","embeddable":true,"href":"https:\/\/www.manaus.am.gov.br\/semcom\/wp-json\/wp\/v2\/categories?post=235224"},{"taxonomy":"post_tag","embeddable":true,"href":"https:\/\/www.manaus.am.gov.br\/semcom\/wp-json\/wp\/v2\/tags?post=235224"}],"curies":[{"name":"wp","href":"https:\/\/api.w.org\/{rel}","templated":true}]}}