{"id":235094,"date":"2025-02-20T20:57:21","date_gmt":"2025-02-20T23:57:21","guid":{"rendered":"https:\/\/www.manaus.am.gov.br\/semcom\/plantio-500-novas-mudas\/"},"modified":"2025-02-20T20:57:22","modified_gmt":"2025-02-20T23:57:22","slug":"plantio-500-novas-mudas","status":"publish","type":"post","link":"https:\/\/www.manaus.am.gov.br\/semcom\/plantio-500-novas-mudas\/","title":{"rendered":"Prefeitura de Manaus planta 500 novas mudas no Trevo do Rapid\u00e3o"},"content":{"rendered":"\n<p>A Prefeitura de Manaus, por meio da Secretaria Municipal de Meio Ambiente, Sustentabilidade e Mudan\u00e7as do Clima (Semmasclima), realizou, nesta quinta-feira, 20\/2, o plantio de 500 novas mudas no Rodoanel Metropolitano de Manaus, conhecido como Trevo do Rapid\u00e3o, localizado no bairro Tarum\u00e3, zona Oeste, em um trecho que contempla 12 canteiros, no entorno das quatro al\u00e7as do complexo vi\u00e1rio.&nbsp;<\/p>\n\n\n\n<p>O objetivo do plantio em \u00e1reas como essa \u00e9 a cria\u00e7\u00e3o de bosques urbanos com esp\u00e9cies nativas da Amaz\u00f4nia, entre frut\u00edferas, florestais e palmeiras. Esp\u00e9cies nobres tamb\u00e9m foram plantadas, como mogno, cumaru, andiroba, suma\u00fama. O diretor de Arboriza\u00e7\u00e3o e Sustentabilidade da Semmasclima, Deyvson Braga, explica que \u00e1reas estrat\u00e9gicas s\u00e3o mapeadas para as a\u00e7\u00f5es de arboriza\u00e7\u00e3o da Prefeitura de Manaus.&nbsp;<\/p>\n\n\n\n<p>\u201cEstamos formando ilhas verdes, em contraponto \u00e0s ilhas de calor, melhorando o microclima e aumentando a cobertura vegetal da \u00e1rea urbana da cidade como um todo\u201d, afirmou.&nbsp;<\/p>\n\n\n\n<p>A a\u00e7\u00e3o de arboriza\u00e7\u00e3o faz parte da meta estabelecida pela gest\u00e3o ambiental municipal de plantio de 15 mil novas mudas em 2025 &#8211; o triplo em compara\u00e7\u00e3o ao ano anterior. No \u00faltimo m\u00eas, as vias que receberam arboriza\u00e7\u00e3o foram: Constantino Nery, com alargamento dos ber\u00e7os (local em que se planta as mudas) e plantio de 150 novas mudas e Max Teixeira, com o plantio de 500 novas mudas.&nbsp;<\/p>\n\n\n\n<p>Em fevereiro foi a vez do Complexo Vi\u00e1rio 28 de Mar\u00e7o, com o plantio de 300 novas mudas e, agora, o Rodoanel Metropolitano de Manaus, com 500 unidades plantadas. Os pr\u00f3ximos locais a receberem a\u00e7\u00f5es de arboriza\u00e7\u00e3o s\u00e3o as avenidas Tarum\u00e3, na zona Oeste, e a avenida Arquiteto Jos\u00e9 Henrique Bento Rodrigues, na zona Norte de Manaus.<\/p>\n\n\n\n<p>\u2014 \u2014 \u2014<br><strong>Texto &#8211; <\/strong>Taianna Castro \/ Semmasclima\u00a0<br><strong>Fotos &#8211; <\/strong>Marcos Hideki \/ Semmasclima<\/p>\n","protected":false},"excerpt":{"rendered":"","protected":false},"author":68,"featured_media":235095,"comment_status":"closed","ping_status":"closed","sticky":false,"template":"","format":"standard","meta":{"footnotes":""},"categories":[3878],"tags":[7007,13490,77,12312],"acf":[],"yoast_head":"<!-- This site is optimized with the Yoast SEO plugin v23.0 - https:\/\/yoast.com\/wordpress\/plugins\/seo\/ -->\n<title>Prefeitura de Manaus planta 500 novas mudas no Trevo do Rapid\u00e3o<\/title>\n<meta name=\"description\" content=\"A Prefeitura de Manaus, realizou, nesta quinta-feira, 20\/2, o plantio de 500 novas mudas no Rodoanel Metropolitano de Manaus.\" \/>\n<meta name=\"robots\" content=\"index, follow, max-snippet:-1, max-image-preview:large, max-video-preview:-1\" \/>\n<link rel=\"canonical\" href=\"https:\/\/www.manaus.am.gov.br\/semcom\/plantio-500-novas-mudas\/\" \/>\n<meta property=\"og:locale\" content=\"pt_BR\" \/>\n<meta property=\"og:type\" content=\"article\" \/>\n<meta property=\"og:title\" content=\"Prefeitura de Manaus planta 500 novas mudas no Trevo do Rapid\u00e3o\" \/>\n<meta property=\"og:description\" content=\"A Prefeitura de Manaus, realizou, nesta quinta-feira, 20\/2, o plantio de 500 novas mudas no Rodoanel Metropolitano de Manaus.\" \/>\n<meta property=\"og:url\" content=\"https:\/\/www.manaus.am.gov.br\/semcom\/plantio-500-novas-mudas\/\" \/>\n<meta property=\"og:site_name\" content=\"SEMCOM\" \/>\n<meta property=\"article:published_time\" content=\"2025-02-20T23:57:21+00:00\" \/>\n<meta property=\"article:modified_time\" content=\"2025-02-20T23:57:22+00:00\" \/>\n<meta property=\"og:image\" content=\"https:\/\/www.manaus.am.gov.br\/semcom\/wp-content\/uploads\/sites\/5\/2025\/02\/Prefeitura-de-Manaus-planta-500-novas-mudas-no-Trevo-do-Rapidao.jpg\" \/>\n\t<meta property=\"og:image:width\" content=\"1920\" \/>\n\t<meta property=\"og:image:height\" content=\"1080\" \/>\n\t<meta property=\"og:image:type\" content=\"image\/jpeg\" \/>\n<meta name=\"author\" content=\"bvalente\" \/>\n<meta name=\"twitter:card\" content=\"summary_large_image\" \/>\n<meta name=\"twitter:label1\" content=\"Written by\" \/>\n\t<meta name=\"twitter:data1\" content=\"bvalente\" \/>\n\t<meta name=\"twitter:label2\" content=\"Est. reading time\" \/>\n\t<meta name=\"twitter:data2\" content=\"2 minutos\" \/>\n<script type=\"application\/ld+json\" class=\"yoast-schema-graph\">{\"@context\":\"https:\/\/schema.org\",\"@graph\":[{\"@type\":\"WebPage\",\"@id\":\"https:\/\/www.manaus.am.gov.br\/semcom\/plantio-500-novas-mudas\/\",\"url\":\"https:\/\/www.manaus.am.gov.br\/semcom\/plantio-500-novas-mudas\/\",\"name\":\"Prefeitura de Manaus planta 500 novas mudas no Trevo do Rapid\u00e3o\",\"isPartOf\":{\"@id\":\"https:\/\/www.manaus.am.gov.br\/semcom\/#website\"},\"primaryImageOfPage\":{\"@id\":\"https:\/\/www.manaus.am.gov.br\/semcom\/plantio-500-novas-mudas\/#primaryimage\"},\"image\":{\"@id\":\"https:\/\/www.manaus.am.gov.br\/semcom\/plantio-500-novas-mudas\/#primaryimage\"},\"thumbnailUrl\":\"https:\/\/www.manaus.am.gov.br\/semcom\/wp-content\/uploads\/sites\/5\/2025\/02\/Prefeitura-de-Manaus-planta-500-novas-mudas-no-Trevo-do-Rapidao.jpg\",\"datePublished\":\"2025-02-20T23:57:21+00:00\",\"dateModified\":\"2025-02-20T23:57:22+00:00\",\"author\":{\"@id\":\"https:\/\/www.manaus.am.gov.br\/semcom\/#\/schema\/person\/466a0e03ae4b6062809046bd560ac955\"},\"description\":\"A Prefeitura de Manaus, realizou, nesta quinta-feira, 20\/2, o plantio de 500 novas mudas no Rodoanel Metropolitano de Manaus.\",\"inLanguage\":\"pt-BR\",\"potentialAction\":[{\"@type\":\"ReadAction\",\"target\":[\"https:\/\/www.manaus.am.gov.br\/semcom\/plantio-500-novas-mudas\/\"]}]},{\"@type\":\"ImageObject\",\"inLanguage\":\"pt-BR\",\"@id\":\"https:\/\/www.manaus.am.gov.br\/semcom\/plantio-500-novas-mudas\/#primaryimage\",\"url\":\"https:\/\/www.manaus.am.gov.br\/semcom\/wp-content\/uploads\/sites\/5\/2025\/02\/Prefeitura-de-Manaus-planta-500-novas-mudas-no-Trevo-do-Rapidao.jpg\",\"contentUrl\":\"https:\/\/www.manaus.am.gov.br\/semcom\/wp-content\/uploads\/sites\/5\/2025\/02\/Prefeitura-de-Manaus-planta-500-novas-mudas-no-Trevo-do-Rapidao.jpg\",\"width\":1920,\"height\":1080},{\"@type\":\"WebSite\",\"@id\":\"https:\/\/www.manaus.am.gov.br\/semcom\/#website\",\"url\":\"https:\/\/www.manaus.am.gov.br\/semcom\/\",\"name\":\"SEMCOM\",\"description\":\"Secretaria Municipal de Comunica\u00e7\u00e3o\",\"potentialAction\":[{\"@type\":\"SearchAction\",\"target\":{\"@type\":\"EntryPoint\",\"urlTemplate\":\"https:\/\/www.manaus.am.gov.br\/semcom\/?s={search_term_string}\"},\"query-input\":\"required name=search_term_string\"}],\"inLanguage\":\"pt-BR\"},{\"@type\":\"Person\",\"@id\":\"https:\/\/www.manaus.am.gov.br\/semcom\/#\/schema\/person\/466a0e03ae4b6062809046bd560ac955\",\"name\":\"bvalente\",\"image\":{\"@type\":\"ImageObject\",\"inLanguage\":\"pt-BR\",\"@id\":\"https:\/\/www.manaus.am.gov.br\/semcom\/#\/schema\/person\/image\/\",\"url\":\"https:\/\/secure.gravatar.com\/avatar\/3e69bc2b014bdad41adfec3a39de07d2?s=96&d=mm&r=g\",\"contentUrl\":\"https:\/\/secure.gravatar.com\/avatar\/3e69bc2b014bdad41adfec3a39de07d2?s=96&d=mm&r=g\",\"caption\":\"bvalente\"}}]}<\/script>\n<!-- \/ Yoast SEO plugin. -->","yoast_head_json":{"title":"Prefeitura de Manaus planta 500 novas mudas no Trevo do Rapid\u00e3o","description":"A Prefeitura de Manaus, realizou, nesta quinta-feira, 20\/2, o plantio de 500 novas mudas no Rodoanel Metropolitano de Manaus.","robots":{"index":"index","follow":"follow","max-snippet":"max-snippet:-1","max-image-preview":"max-image-preview:large","max-video-preview":"max-video-preview:-1"},"canonical":"https:\/\/www.manaus.am.gov.br\/semcom\/plantio-500-novas-mudas\/","og_locale":"pt_BR","og_type":"article","og_title":"Prefeitura de Manaus planta 500 novas mudas no Trevo do Rapid\u00e3o","og_description":"A Prefeitura de Manaus, realizou, nesta quinta-feira, 20\/2, o plantio de 500 novas mudas no Rodoanel Metropolitano de Manaus.","og_url":"https:\/\/www.manaus.am.gov.br\/semcom\/plantio-500-novas-mudas\/","og_site_name":"SEMCOM","article_published_time":"2025-02-20T23:57:21+00:00","article_modified_time":"2025-02-20T23:57:22+00:00","og_image":[{"width":1920,"height":1080,"url":"https:\/\/www.manaus.am.gov.br\/semcom\/wp-content\/uploads\/sites\/5\/2025\/02\/Prefeitura-de-Manaus-planta-500-novas-mudas-no-Trevo-do-Rapidao.jpg","type":"image\/jpeg"}],"author":"bvalente","twitter_card":"summary_large_image","twitter_misc":{"Written by":"bvalente","Est. reading time":"2 minutos"},"schema":{"@context":"https:\/\/schema.org","@graph":[{"@type":"WebPage","@id":"https:\/\/www.manaus.am.gov.br\/semcom\/plantio-500-novas-mudas\/","url":"https:\/\/www.manaus.am.gov.br\/semcom\/plantio-500-novas-mudas\/","name":"Prefeitura de Manaus planta 500 novas mudas no Trevo do Rapid\u00e3o","isPartOf":{"@id":"https:\/\/www.manaus.am.gov.br\/semcom\/#website"},"primaryImageOfPage":{"@id":"https:\/\/www.manaus.am.gov.br\/semcom\/plantio-500-novas-mudas\/#primaryimage"},"image":{"@id":"https:\/\/www.manaus.am.gov.br\/semcom\/plantio-500-novas-mudas\/#primaryimage"},"thumbnailUrl":"https:\/\/www.manaus.am.gov.br\/semcom\/wp-content\/uploads\/sites\/5\/2025\/02\/Prefeitura-de-Manaus-planta-500-novas-mudas-no-Trevo-do-Rapidao.jpg","datePublished":"2025-02-20T23:57:21+00:00","dateModified":"2025-02-20T23:57:22+00:00","author":{"@id":"https:\/\/www.manaus.am.gov.br\/semcom\/#\/schema\/person\/466a0e03ae4b6062809046bd560ac955"},"description":"A Prefeitura de Manaus, realizou, nesta quinta-feira, 20\/2, o plantio de 500 novas mudas no Rodoanel Metropolitano de Manaus.","inLanguage":"pt-BR","potentialAction":[{"@type":"ReadAction","target":["https:\/\/www.manaus.am.gov.br\/semcom\/plantio-500-novas-mudas\/"]}]},{"@type":"ImageObject","inLanguage":"pt-BR","@id":"https:\/\/www.manaus.am.gov.br\/semcom\/plantio-500-novas-mudas\/#primaryimage","url":"https:\/\/www.manaus.am.gov.br\/semcom\/wp-content\/uploads\/sites\/5\/2025\/02\/Prefeitura-de-Manaus-planta-500-novas-mudas-no-Trevo-do-Rapidao.jpg","contentUrl":"https:\/\/www.manaus.am.gov.br\/semcom\/wp-content\/uploads\/sites\/5\/2025\/02\/Prefeitura-de-Manaus-planta-500-novas-mudas-no-Trevo-do-Rapidao.jpg","width":1920,"height":1080},{"@type":"WebSite","@id":"https:\/\/www.manaus.am.gov.br\/semcom\/#website","url":"https:\/\/www.manaus.am.gov.br\/semcom\/","name":"SEMCOM","description":"Secretaria Municipal de Comunica\u00e7\u00e3o","potentialAction":[{"@type":"SearchAction","target":{"@type":"EntryPoint","urlTemplate":"https:\/\/www.manaus.am.gov.br\/semcom\/?s={search_term_string}"},"query-input":"required name=search_term_string"}],"inLanguage":"pt-BR"},{"@type":"Person","@id":"https:\/\/www.manaus.am.gov.br\/semcom\/#\/schema\/person\/466a0e03ae4b6062809046bd560ac955","name":"bvalente","image":{"@type":"ImageObject","inLanguage":"pt-BR","@id":"https:\/\/www.manaus.am.gov.br\/semcom\/#\/schema\/person\/image\/","url":"https:\/\/secure.gravatar.com\/avatar\/3e69bc2b014bdad41adfec3a39de07d2?s=96&d=mm&r=g","contentUrl":"https:\/\/secure.gravatar.com\/avatar\/3e69bc2b014bdad41adfec3a39de07d2?s=96&d=mm&r=g","caption":"bvalente"}}]}},"_links":{"self":[{"href":"https:\/\/www.manaus.am.gov.br\/semcom\/wp-json\/wp\/v2\/posts\/235094"}],"collection":[{"href":"https:\/\/www.manaus.am.gov.br\/semcom\/wp-json\/wp\/v2\/posts"}],"about":[{"href":"https:\/\/www.manaus.am.gov.br\/semcom\/wp-json\/wp\/v2\/types\/post"}],"author":[{"embeddable":true,"href":"https:\/\/www.manaus.am.gov.br\/semcom\/wp-json\/wp\/v2\/users\/68"}],"replies":[{"embeddable":true,"href":"https:\/\/www.manaus.am.gov.br\/semcom\/wp-json\/wp\/v2\/comments?post=235094"}],"version-history":[{"count":0,"href":"https:\/\/www.manaus.am.gov.br\/semcom\/wp-json\/wp\/v2\/posts\/235094\/revisions"}],"wp:featuredmedia":[{"embeddable":true,"href":"https:\/\/www.manaus.am.gov.br\/semcom\/wp-json\/wp\/v2\/media\/235095"}],"wp:attachment":[{"href":"https:\/\/www.manaus.am.gov.br\/semcom\/wp-json\/wp\/v2\/media?parent=235094"}],"wp:term":[{"taxonomy":"category","embeddable":true,"href":"https:\/\/www.manaus.am.gov.br\/semcom\/wp-json\/wp\/v2\/categories?post=235094"},{"taxonomy":"post_tag","embeddable":true,"href":"https:\/\/www.manaus.am.gov.br\/semcom\/wp-json\/wp\/v2\/tags?post=235094"}],"curies":[{"name":"wp","href":"https:\/\/api.w.org\/{rel}","templated":true}]}}