{"id":234952,"date":"2025-02-18T22:52:11","date_gmt":"2025-02-19T01:52:11","guid":{"rendered":"https:\/\/www.manaus.am.gov.br\/semcom\/planejamento-novas-medidas\/"},"modified":"2025-02-18T22:52:13","modified_gmt":"2025-02-19T01:52:13","slug":"planejamento-novas-medidas","status":"publish","type":"post","link":"https:\/\/www.manaus.am.gov.br\/semcom\/planejamento-novas-medidas\/","title":{"rendered":"Prefeitura de Manaus debate a\u00e7\u00f5es voltadas \u00e0s \u00e1reas de risco na capital"},"content":{"rendered":"\n<p>A Prefeitura de Manaus, por meio do Centro de Coopera\u00e7\u00e3o da Cidade (CCC) e da Procuradoria-Geral do Munic\u00edpio (PGM), realizou, na tarde desta ter\u00e7a-feira, 18\/2, uma reuni\u00e3o para discutir a\u00e7\u00f5es relacionadas \u00e0s \u00e1reas de risco na capital, na sala de situa\u00e7\u00e3o do CCC.<\/p>\n\n\n\n<p>Durante a reuni\u00e3o, os representantes dos \u00f3rg\u00e3os municipais discutiram estrat\u00e9gias para integrar esfor\u00e7os em a\u00e7\u00f5es coordenadas e eficazes, com o objetivo de identificar solu\u00e7\u00f5es vi\u00e1veis que minimizem os impactos \u00e0 popula\u00e7\u00e3o e garantam uma gest\u00e3o eficiente e segura dessas \u00e1reas.<\/p>\n\n\n\n<p>O superintendente do CCC, Sandro Diz, enfatizou a import\u00e2ncia da colabora\u00e7\u00e3o entre as secretarias municipais para enfrentar os desafios das regi\u00f5es.&nbsp;<\/p>\n\n\n\n<p>\u201cNosso objetivo \u00e9 agir de forma coordenada para assegurar a qualidade de vida dos cidad\u00e3os que residem nessas \u00e1reas, sempre com um olhar atento \u00e0s necessidades de infraestrutura e apoio social. A integra\u00e7\u00e3o entre as secretarias \u00e9 essencial para um trabalho eficiente e transparente\u201d, afirmou.<\/p>\n\n\n\n<p>O encontro contou com a participa\u00e7\u00e3o de diversas secretarias municipais, incluindo a Secretaria Municipal de Meio Ambiente, Sustentabilidade e Mudan\u00e7as do Clima (Semmasclima), da Mulher, Assist\u00eancia Social e Cidadania (Semasc), Secretaria Executiva de Prote\u00e7\u00e3o e Defesa Civil de Manaus (Sepdec), Guarda Municipal, de Limpeza Urbana (Semulsp), de Habita\u00e7\u00e3o e Assuntos Fundi\u00e1rios (Semhaf), Infraestrutura (Seminf), Instituto Municipal de Planejamento Urbano (Implurb), Secretaria Municipal de Finan\u00e7as e Tecnologia da Informa\u00e7\u00e3o (Semef) e Servi\u00e7o de Atendimento M\u00f3vel de Urg\u00eancia (Samu).<\/p>\n\n\n\n<p>A reuni\u00e3o reflete o compromisso da Prefeitura de Manaus em integrar esfor\u00e7os entre os \u00f3rg\u00e3os municipais para a gest\u00e3o eficiente das \u00e1reas de risco, buscando a seguran\u00e7a e o bem-estar da popula\u00e7\u00e3o, com foco na redu\u00e7\u00e3o vi\u00e1vel dos impactos.<\/p>\n\n\n\n<p><br><br>\u2014 \u2014 \u2014<br><strong>Texto<\/strong> \u2013 Ana Clara Sena\/ CCC<br><strong>Fotos<\/strong> \u2013 Divulga\u00e7\u00e3o\/ CCC<\/p>\n","protected":false},"excerpt":{"rendered":"","protected":false},"author":68,"featured_media":234953,"comment_status":"closed","ping_status":"closed","sticky":false,"template":"","format":"standard","meta":{"footnotes":""},"categories":[2858],"tags":[13441,7888,13442,77],"acf":[],"yoast_head":"<!-- This site is optimized with the Yoast SEO plugin v23.0 - https:\/\/yoast.com\/wordpress\/plugins\/seo\/ -->\n<title>Prefeitura de Manaus debate a\u00e7\u00f5es voltadas \u00e0s \u00e1reas de risco na capital<\/title>\n<meta name=\"description\" content=\"A Prefeitura de Manaus, por meio do Centro de Coopera\u00e7\u00e3o da Cidade (CCC) e da Procuradoria-Geral do Munic\u00edpio (PGM), realizou, na tarde desta ter\u00e7a-feira, 18\/2, uma reuni\u00e3o para discutir a\u00e7\u00f5es relacionadas \u00e0s \u00e1reas de risco na capital, na sala de situa\u00e7\u00e3o do CCC.\" \/>\n<meta name=\"robots\" content=\"index, follow, max-snippet:-1, max-image-preview:large, max-video-preview:-1\" \/>\n<link rel=\"canonical\" href=\"https:\/\/www.manaus.am.gov.br\/semcom\/planejamento-novas-medidas\/\" \/>\n<meta property=\"og:locale\" content=\"pt_BR\" \/>\n<meta property=\"og:type\" content=\"article\" \/>\n<meta property=\"og:title\" content=\"Prefeitura de Manaus debate a\u00e7\u00f5es voltadas \u00e0s \u00e1reas de risco na capital\" \/>\n<meta property=\"og:description\" content=\"A Prefeitura de Manaus, por meio do Centro de Coopera\u00e7\u00e3o da Cidade (CCC) e da Procuradoria-Geral do Munic\u00edpio (PGM), realizou, na tarde desta ter\u00e7a-feira, 18\/2, uma reuni\u00e3o para discutir a\u00e7\u00f5es relacionadas \u00e0s \u00e1reas de risco na capital, na sala de situa\u00e7\u00e3o do CCC.\" \/>\n<meta property=\"og:url\" content=\"https:\/\/www.manaus.am.gov.br\/semcom\/planejamento-novas-medidas\/\" \/>\n<meta property=\"og:site_name\" content=\"SEMCOM\" \/>\n<meta property=\"article:published_time\" content=\"2025-02-19T01:52:11+00:00\" \/>\n<meta property=\"article:modified_time\" content=\"2025-02-19T01:52:13+00:00\" \/>\n<meta property=\"og:image\" content=\"https:\/\/www.manaus.am.gov.br\/semcom\/wp-content\/uploads\/sites\/5\/2025\/02\/acoes-voltadas-as-areas-de-risco-na-capital.jpg\" \/>\n\t<meta property=\"og:image:width\" content=\"800\" \/>\n\t<meta property=\"og:image:height\" content=\"838\" \/>\n\t<meta property=\"og:image:type\" content=\"image\/jpeg\" \/>\n<meta name=\"author\" content=\"bvalente\" \/>\n<meta name=\"twitter:card\" content=\"summary_large_image\" \/>\n<meta name=\"twitter:label1\" content=\"Written by\" \/>\n\t<meta name=\"twitter:data1\" content=\"bvalente\" \/>\n\t<meta name=\"twitter:label2\" content=\"Est. reading time\" \/>\n\t<meta name=\"twitter:data2\" content=\"2 minutos\" \/>\n<script type=\"application\/ld+json\" class=\"yoast-schema-graph\">{\"@context\":\"https:\/\/schema.org\",\"@graph\":[{\"@type\":\"WebPage\",\"@id\":\"https:\/\/www.manaus.am.gov.br\/semcom\/planejamento-novas-medidas\/\",\"url\":\"https:\/\/www.manaus.am.gov.br\/semcom\/planejamento-novas-medidas\/\",\"name\":\"Prefeitura de Manaus debate a\u00e7\u00f5es voltadas \u00e0s \u00e1reas de risco na capital\",\"isPartOf\":{\"@id\":\"https:\/\/www.manaus.am.gov.br\/semcom\/#website\"},\"primaryImageOfPage\":{\"@id\":\"https:\/\/www.manaus.am.gov.br\/semcom\/planejamento-novas-medidas\/#primaryimage\"},\"image\":{\"@id\":\"https:\/\/www.manaus.am.gov.br\/semcom\/planejamento-novas-medidas\/#primaryimage\"},\"thumbnailUrl\":\"https:\/\/www.manaus.am.gov.br\/semcom\/wp-content\/uploads\/sites\/5\/2025\/02\/acoes-voltadas-as-areas-de-risco-na-capital.jpg\",\"datePublished\":\"2025-02-19T01:52:11+00:00\",\"dateModified\":\"2025-02-19T01:52:13+00:00\",\"author\":{\"@id\":\"https:\/\/www.manaus.am.gov.br\/semcom\/#\/schema\/person\/466a0e03ae4b6062809046bd560ac955\"},\"description\":\"A Prefeitura de Manaus, por meio do Centro de Coopera\u00e7\u00e3o da Cidade (CCC) e da Procuradoria-Geral do Munic\u00edpio (PGM), realizou, na tarde desta ter\u00e7a-feira, 18\/2, uma reuni\u00e3o para discutir a\u00e7\u00f5es relacionadas \u00e0s \u00e1reas de risco na capital, na sala de situa\u00e7\u00e3o do CCC.\",\"inLanguage\":\"pt-BR\",\"potentialAction\":[{\"@type\":\"ReadAction\",\"target\":[\"https:\/\/www.manaus.am.gov.br\/semcom\/planejamento-novas-medidas\/\"]}]},{\"@type\":\"ImageObject\",\"inLanguage\":\"pt-BR\",\"@id\":\"https:\/\/www.manaus.am.gov.br\/semcom\/planejamento-novas-medidas\/#primaryimage\",\"url\":\"https:\/\/www.manaus.am.gov.br\/semcom\/wp-content\/uploads\/sites\/5\/2025\/02\/acoes-voltadas-as-areas-de-risco-na-capital.jpg\",\"contentUrl\":\"https:\/\/www.manaus.am.gov.br\/semcom\/wp-content\/uploads\/sites\/5\/2025\/02\/acoes-voltadas-as-areas-de-risco-na-capital.jpg\",\"width\":800,\"height\":838},{\"@type\":\"WebSite\",\"@id\":\"https:\/\/www.manaus.am.gov.br\/semcom\/#website\",\"url\":\"https:\/\/www.manaus.am.gov.br\/semcom\/\",\"name\":\"SEMCOM\",\"description\":\"Secretaria Municipal de Comunica\u00e7\u00e3o\",\"potentialAction\":[{\"@type\":\"SearchAction\",\"target\":{\"@type\":\"EntryPoint\",\"urlTemplate\":\"https:\/\/www.manaus.am.gov.br\/semcom\/?s={search_term_string}\"},\"query-input\":\"required name=search_term_string\"}],\"inLanguage\":\"pt-BR\"},{\"@type\":\"Person\",\"@id\":\"https:\/\/www.manaus.am.gov.br\/semcom\/#\/schema\/person\/466a0e03ae4b6062809046bd560ac955\",\"name\":\"bvalente\",\"image\":{\"@type\":\"ImageObject\",\"inLanguage\":\"pt-BR\",\"@id\":\"https:\/\/www.manaus.am.gov.br\/semcom\/#\/schema\/person\/image\/\",\"url\":\"https:\/\/secure.gravatar.com\/avatar\/3e69bc2b014bdad41adfec3a39de07d2?s=96&d=mm&r=g\",\"contentUrl\":\"https:\/\/secure.gravatar.com\/avatar\/3e69bc2b014bdad41adfec3a39de07d2?s=96&d=mm&r=g\",\"caption\":\"bvalente\"}}]}<\/script>\n<!-- \/ Yoast SEO plugin. -->","yoast_head_json":{"title":"Prefeitura de Manaus debate a\u00e7\u00f5es voltadas \u00e0s \u00e1reas de risco na capital","description":"A Prefeitura de Manaus, por meio do Centro de Coopera\u00e7\u00e3o da Cidade (CCC) e da Procuradoria-Geral do Munic\u00edpio (PGM), realizou, na tarde desta ter\u00e7a-feira, 18\/2, uma reuni\u00e3o para discutir a\u00e7\u00f5es relacionadas \u00e0s \u00e1reas de risco na capital, na sala de situa\u00e7\u00e3o do CCC.","robots":{"index":"index","follow":"follow","max-snippet":"max-snippet:-1","max-image-preview":"max-image-preview:large","max-video-preview":"max-video-preview:-1"},"canonical":"https:\/\/www.manaus.am.gov.br\/semcom\/planejamento-novas-medidas\/","og_locale":"pt_BR","og_type":"article","og_title":"Prefeitura de Manaus debate a\u00e7\u00f5es voltadas \u00e0s \u00e1reas de risco na capital","og_description":"A Prefeitura de Manaus, por meio do Centro de Coopera\u00e7\u00e3o da Cidade (CCC) e da Procuradoria-Geral do Munic\u00edpio (PGM), realizou, na tarde desta ter\u00e7a-feira, 18\/2, uma reuni\u00e3o para discutir a\u00e7\u00f5es relacionadas \u00e0s \u00e1reas de risco na capital, na sala de situa\u00e7\u00e3o do CCC.","og_url":"https:\/\/www.manaus.am.gov.br\/semcom\/planejamento-novas-medidas\/","og_site_name":"SEMCOM","article_published_time":"2025-02-19T01:52:11+00:00","article_modified_time":"2025-02-19T01:52:13+00:00","og_image":[{"width":800,"height":838,"url":"https:\/\/www.manaus.am.gov.br\/semcom\/wp-content\/uploads\/sites\/5\/2025\/02\/acoes-voltadas-as-areas-de-risco-na-capital.jpg","type":"image\/jpeg"}],"author":"bvalente","twitter_card":"summary_large_image","twitter_misc":{"Written by":"bvalente","Est. reading time":"2 minutos"},"schema":{"@context":"https:\/\/schema.org","@graph":[{"@type":"WebPage","@id":"https:\/\/www.manaus.am.gov.br\/semcom\/planejamento-novas-medidas\/","url":"https:\/\/www.manaus.am.gov.br\/semcom\/planejamento-novas-medidas\/","name":"Prefeitura de Manaus debate a\u00e7\u00f5es voltadas \u00e0s \u00e1reas de risco na capital","isPartOf":{"@id":"https:\/\/www.manaus.am.gov.br\/semcom\/#website"},"primaryImageOfPage":{"@id":"https:\/\/www.manaus.am.gov.br\/semcom\/planejamento-novas-medidas\/#primaryimage"},"image":{"@id":"https:\/\/www.manaus.am.gov.br\/semcom\/planejamento-novas-medidas\/#primaryimage"},"thumbnailUrl":"https:\/\/www.manaus.am.gov.br\/semcom\/wp-content\/uploads\/sites\/5\/2025\/02\/acoes-voltadas-as-areas-de-risco-na-capital.jpg","datePublished":"2025-02-19T01:52:11+00:00","dateModified":"2025-02-19T01:52:13+00:00","author":{"@id":"https:\/\/www.manaus.am.gov.br\/semcom\/#\/schema\/person\/466a0e03ae4b6062809046bd560ac955"},"description":"A Prefeitura de Manaus, por meio do Centro de Coopera\u00e7\u00e3o da Cidade (CCC) e da Procuradoria-Geral do Munic\u00edpio (PGM), realizou, na tarde desta ter\u00e7a-feira, 18\/2, uma reuni\u00e3o para discutir a\u00e7\u00f5es relacionadas \u00e0s \u00e1reas de risco na capital, na sala de situa\u00e7\u00e3o do CCC.","inLanguage":"pt-BR","potentialAction":[{"@type":"ReadAction","target":["https:\/\/www.manaus.am.gov.br\/semcom\/planejamento-novas-medidas\/"]}]},{"@type":"ImageObject","inLanguage":"pt-BR","@id":"https:\/\/www.manaus.am.gov.br\/semcom\/planejamento-novas-medidas\/#primaryimage","url":"https:\/\/www.manaus.am.gov.br\/semcom\/wp-content\/uploads\/sites\/5\/2025\/02\/acoes-voltadas-as-areas-de-risco-na-capital.jpg","contentUrl":"https:\/\/www.manaus.am.gov.br\/semcom\/wp-content\/uploads\/sites\/5\/2025\/02\/acoes-voltadas-as-areas-de-risco-na-capital.jpg","width":800,"height":838},{"@type":"WebSite","@id":"https:\/\/www.manaus.am.gov.br\/semcom\/#website","url":"https:\/\/www.manaus.am.gov.br\/semcom\/","name":"SEMCOM","description":"Secretaria Municipal de Comunica\u00e7\u00e3o","potentialAction":[{"@type":"SearchAction","target":{"@type":"EntryPoint","urlTemplate":"https:\/\/www.manaus.am.gov.br\/semcom\/?s={search_term_string}"},"query-input":"required name=search_term_string"}],"inLanguage":"pt-BR"},{"@type":"Person","@id":"https:\/\/www.manaus.am.gov.br\/semcom\/#\/schema\/person\/466a0e03ae4b6062809046bd560ac955","name":"bvalente","image":{"@type":"ImageObject","inLanguage":"pt-BR","@id":"https:\/\/www.manaus.am.gov.br\/semcom\/#\/schema\/person\/image\/","url":"https:\/\/secure.gravatar.com\/avatar\/3e69bc2b014bdad41adfec3a39de07d2?s=96&d=mm&r=g","contentUrl":"https:\/\/secure.gravatar.com\/avatar\/3e69bc2b014bdad41adfec3a39de07d2?s=96&d=mm&r=g","caption":"bvalente"}}]}},"_links":{"self":[{"href":"https:\/\/www.manaus.am.gov.br\/semcom\/wp-json\/wp\/v2\/posts\/234952"}],"collection":[{"href":"https:\/\/www.manaus.am.gov.br\/semcom\/wp-json\/wp\/v2\/posts"}],"about":[{"href":"https:\/\/www.manaus.am.gov.br\/semcom\/wp-json\/wp\/v2\/types\/post"}],"author":[{"embeddable":true,"href":"https:\/\/www.manaus.am.gov.br\/semcom\/wp-json\/wp\/v2\/users\/68"}],"replies":[{"embeddable":true,"href":"https:\/\/www.manaus.am.gov.br\/semcom\/wp-json\/wp\/v2\/comments?post=234952"}],"version-history":[{"count":0,"href":"https:\/\/www.manaus.am.gov.br\/semcom\/wp-json\/wp\/v2\/posts\/234952\/revisions"}],"wp:featuredmedia":[{"embeddable":true,"href":"https:\/\/www.manaus.am.gov.br\/semcom\/wp-json\/wp\/v2\/media\/234953"}],"wp:attachment":[{"href":"https:\/\/www.manaus.am.gov.br\/semcom\/wp-json\/wp\/v2\/media?parent=234952"}],"wp:term":[{"taxonomy":"category","embeddable":true,"href":"https:\/\/www.manaus.am.gov.br\/semcom\/wp-json\/wp\/v2\/categories?post=234952"},{"taxonomy":"post_tag","embeddable":true,"href":"https:\/\/www.manaus.am.gov.br\/semcom\/wp-json\/wp\/v2\/tags?post=234952"}],"curies":[{"name":"wp","href":"https:\/\/api.w.org\/{rel}","templated":true}]}}