{"id":234884,"date":"2025-02-17T12:58:02","date_gmt":"2025-02-17T15:58:02","guid":{"rendered":"https:\/\/www.manaus.am.gov.br\/semcom\/leiloes-de-sucatas-final-fevereiro\/"},"modified":"2025-02-17T12:58:03","modified_gmt":"2025-02-17T15:58:03","slug":"leiloes-de-sucatas-final-fevereiro","status":"publish","type":"post","link":"https:\/\/www.manaus.am.gov.br\/semcom\/leiloes-de-sucatas-final-fevereiro\/","title":{"rendered":"Prefeitura de Manaus far\u00e1 leil\u00f5es de sucatas de ambul\u00e2ncias e de ve\u00edculos no final de fevereiro"},"content":{"rendered":"\n<p>A <a href=\"https:\/\/www.instagram.com\/prefeiturademanaus\/\">Prefeitura de Manaus<\/a>, por meio da <a href=\"https:\/\/www.manaus.am.gov.br\/semad\/\">Secretaria Municipal de Administra\u00e7\u00e3o, Planejamento e Gest\u00e3o (Semad)<\/a>, vai realizar, no dia 27\/2, \u00e0s 10h e 10h30, dois leil\u00f5es de sucatas \u2013 um, de 26 ambul\u00e2ncias, e outro, de 11 autom\u00f3veis e um trator. Os editais n\u00ba 001\/205 e 002\/2025, com todas as informa\u00e7\u00f5es, crit\u00e9rios de participa\u00e7\u00e3o e condi\u00e7\u00f5es de pagamento, est\u00e3o dispon\u00edveis para consulta na edi\u00e7\u00e3o n\u00ba 6.005, de 5\/2, do\u00a0<a href=\"http:\/\/dom.manaus.am.gov.br\/\" target=\"_blank\" rel=\"noreferrer noopener\">Di\u00e1rio Oficial do Munic\u00edpio<\/a>\u00a0(DOM).<\/p>\n\n\n\n<p>Os dois certames acontecer\u00e3o de forma simult\u00e2nea, nas modalidades eletr\u00f4nica, por meio do endere\u00e7o&nbsp;&nbsp;<a href=\"http:\/\/www.leiloesdonorte.com.br\/\" target=\"_blank\" rel=\"noreferrer noopener\">www.leiloesdonorte.com.br<\/a>, e presencial, no Hotel Mercury, localizado na avenida M\u00e1rio Ypiranga Monteiro, n\u00ba 1.000, Adrian\u00f3polis, zona Centro-Sul da cidade.<\/p>\n\n\n\n<p>\u201cA Semad \u00e9 respons\u00e1vel por gerenciar todos os bens pertencentes \u00e0 administra\u00e7\u00e3o municipal, sejam eles m\u00f3veis ou im\u00f3veis. Com o tempo, alguns desses itens acabam sofrendo danos, como avarias ou deteriora\u00e7\u00e3o. Parte deles conseguimos recuperar e realocar para outros setores. No entanto, quando se tornam inutiliz\u00e1veis, \u00e9 necess\u00e1rio descart\u00e1-los de forma adequada, evitando o ac\u00famulo desnecess\u00e1rio em nossos dep\u00f3sitos. Por meio de leil\u00f5es, conseguimos liberar esses espa\u00e7os e, ao mesmo tempo, gerar recursos a partir dos valores arrecadados com as arremata\u00e7\u00f5es. Esses recursos s\u00e3o reinvestidos na aquisi\u00e7\u00e3o de novos bens\u201d, ressalta o titular da Semad, C\u00e9lio Guedes.<\/p>\n\n\n\n<p>A previs\u00e3o de arrecada\u00e7\u00e3o, com base nos valores estipulados para os lances iniciais \u00e9 de R$ 178.790,68.<\/p>\n\n\n\n<p>As sucatas de ambul\u00e2ncias, que ser\u00e3o leiloadas em lote \u00fanico, com lance m\u00ednimo de R$ 31.950 e incremento de R$ 100, classificadas como irrecuper\u00e1veis, j\u00e1 est\u00e3o regularizadas junto ao Departamento Estadual de Tr\u00e2nsito (Detran-AM).<\/p>\n\n\n\n<p>Os ve\u00edculos est\u00e3o divididos em 12 lotes individuais, sendo 11 autom\u00f3veis classificados como recuper\u00e1veis \u2013 seis, do modelo Fiesta, da Ford; cinco caminhonetes modelo L200 Triton, da Mitsubishi; e um trator New Rolland W130. Os lances iniciais variam entre R$ 5.067,68, com incremento de R$ 200, para os do modelo Fiesta; R$ 13.797,12; e o trator tem lance m\u00ednimo de R$ 47.484, tamb\u00e9m com incremento de R$ 200.&nbsp; &nbsp;&nbsp;&nbsp;<\/p>\n\n\n\n<p>Os interessados podem fazer a verifica\u00e7\u00e3o visual dos lotes das sucatas de ambul\u00e2ncias, entre os dias 17 e 21 de fevereiro, das 8h \u00e0s 14h, na Central de Bens Inserv\u00edveis, da prefeitura, localizada na avenida Cosme Ferreira, n\u00ba 5.329, no Aleixo; e de 17 a 25 de fevereiro, das 9h \u00e0s 16h, dos ve\u00edculos e trator, no Dep\u00f3sito Leiloeiro Oficial, na avenida Constantino Nery, n\u00ba 1607, S\u00e3o Geraldo, antes da Igreja Universal.<\/p>\n\n\n\n<p>&#8212; &#8212; &#8212;<\/p>\n\n\n\n<p><strong>Texto<\/strong>&nbsp;\u2013 Sandra Monteiro \/ Semad<\/p>\n\n\n\n<p><strong>Foto<\/strong>&nbsp;\u2013 Divulga\u00e7\u00e3o \/ Semad<\/p>\n","protected":false},"excerpt":{"rendered":"","protected":false},"author":57,"featured_media":234885,"comment_status":"closed","ping_status":"closed","sticky":false,"template":"","format":"standard","meta":{"footnotes":""},"categories":[3177],"tags":[5521,13419,77,13420,3576],"acf":[],"yoast_head":"<!-- This site is optimized with the Yoast SEO plugin v23.0 - https:\/\/yoast.com\/wordpress\/plugins\/seo\/ -->\n<title>PMM far\u00e1 leil\u00f5es de sucatas no final de fevereiro<\/title>\n<meta name=\"description\" content=\"A Prefeitura de Manaus vai realizar, no dia 27\/2, dois leil\u00f5es de sucatas \u2013 um, de 26 ambul\u00e2ncias, e outro, de 11 autom\u00f3veis e um trator.\" \/>\n<meta name=\"robots\" content=\"index, follow, max-snippet:-1, max-image-preview:large, max-video-preview:-1\" \/>\n<link rel=\"canonical\" href=\"https:\/\/www.manaus.am.gov.br\/semcom\/leiloes-de-sucatas-final-fevereiro\/\" \/>\n<meta property=\"og:locale\" content=\"pt_BR\" \/>\n<meta property=\"og:type\" content=\"article\" \/>\n<meta property=\"og:title\" content=\"PMM far\u00e1 leil\u00f5es de sucatas no final de fevereiro\" \/>\n<meta property=\"og:description\" content=\"A Prefeitura de Manaus vai realizar, no dia 27\/2, dois leil\u00f5es de sucatas \u2013 um, de 26 ambul\u00e2ncias, e outro, de 11 autom\u00f3veis e um trator.\" \/>\n<meta property=\"og:url\" content=\"https:\/\/www.manaus.am.gov.br\/semcom\/leiloes-de-sucatas-final-fevereiro\/\" \/>\n<meta property=\"og:site_name\" content=\"SEMCOM\" \/>\n<meta property=\"article:published_time\" content=\"2025-02-17T15:58:02+00:00\" \/>\n<meta property=\"article:modified_time\" content=\"2025-02-17T15:58:03+00:00\" \/>\n<meta property=\"og:image\" content=\"https:\/\/www.manaus.am.gov.br\/semcom\/wp-content\/uploads\/sites\/5\/2025\/02\/leiloes-de-sucatas.jpeg\" \/>\n\t<meta property=\"og:image:width\" content=\"1280\" \/>\n\t<meta property=\"og:image:height\" content=\"960\" \/>\n\t<meta property=\"og:image:type\" content=\"image\/jpeg\" \/>\n<meta name=\"author\" content=\"Thiago Fernando\" \/>\n<meta name=\"twitter:card\" content=\"summary_large_image\" \/>\n<meta name=\"twitter:label1\" content=\"Written by\" \/>\n\t<meta name=\"twitter:data1\" content=\"Thiago Fernando\" \/>\n\t<meta name=\"twitter:label2\" content=\"Est. reading time\" \/>\n\t<meta name=\"twitter:data2\" content=\"3 minutos\" \/>\n<script type=\"application\/ld+json\" class=\"yoast-schema-graph\">{\"@context\":\"https:\/\/schema.org\",\"@graph\":[{\"@type\":\"WebPage\",\"@id\":\"https:\/\/www.manaus.am.gov.br\/semcom\/leiloes-de-sucatas-final-fevereiro\/\",\"url\":\"https:\/\/www.manaus.am.gov.br\/semcom\/leiloes-de-sucatas-final-fevereiro\/\",\"name\":\"PMM far\u00e1 leil\u00f5es de sucatas no final de fevereiro\",\"isPartOf\":{\"@id\":\"https:\/\/www.manaus.am.gov.br\/semcom\/#website\"},\"primaryImageOfPage\":{\"@id\":\"https:\/\/www.manaus.am.gov.br\/semcom\/leiloes-de-sucatas-final-fevereiro\/#primaryimage\"},\"image\":{\"@id\":\"https:\/\/www.manaus.am.gov.br\/semcom\/leiloes-de-sucatas-final-fevereiro\/#primaryimage\"},\"thumbnailUrl\":\"https:\/\/www.manaus.am.gov.br\/semcom\/wp-content\/uploads\/sites\/5\/2025\/02\/leiloes-de-sucatas.jpeg\",\"datePublished\":\"2025-02-17T15:58:02+00:00\",\"dateModified\":\"2025-02-17T15:58:03+00:00\",\"author\":{\"@id\":\"https:\/\/www.manaus.am.gov.br\/semcom\/#\/schema\/person\/a5ee5376db6e21af026374b369f30882\"},\"description\":\"A Prefeitura de Manaus vai realizar, no dia 27\/2, dois leil\u00f5es de sucatas \u2013 um, de 26 ambul\u00e2ncias, e outro, de 11 autom\u00f3veis e um trator.\",\"inLanguage\":\"pt-BR\",\"potentialAction\":[{\"@type\":\"ReadAction\",\"target\":[\"https:\/\/www.manaus.am.gov.br\/semcom\/leiloes-de-sucatas-final-fevereiro\/\"]}]},{\"@type\":\"ImageObject\",\"inLanguage\":\"pt-BR\",\"@id\":\"https:\/\/www.manaus.am.gov.br\/semcom\/leiloes-de-sucatas-final-fevereiro\/#primaryimage\",\"url\":\"https:\/\/www.manaus.am.gov.br\/semcom\/wp-content\/uploads\/sites\/5\/2025\/02\/leiloes-de-sucatas.jpeg\",\"contentUrl\":\"https:\/\/www.manaus.am.gov.br\/semcom\/wp-content\/uploads\/sites\/5\/2025\/02\/leiloes-de-sucatas.jpeg\",\"width\":1280,\"height\":960,\"caption\":\"#paratodosverem - Sucatas de ambul\u00e2ncias\"},{\"@type\":\"WebSite\",\"@id\":\"https:\/\/www.manaus.am.gov.br\/semcom\/#website\",\"url\":\"https:\/\/www.manaus.am.gov.br\/semcom\/\",\"name\":\"SEMCOM\",\"description\":\"Secretaria Municipal de Comunica\u00e7\u00e3o\",\"potentialAction\":[{\"@type\":\"SearchAction\",\"target\":{\"@type\":\"EntryPoint\",\"urlTemplate\":\"https:\/\/www.manaus.am.gov.br\/semcom\/?s={search_term_string}\"},\"query-input\":\"required name=search_term_string\"}],\"inLanguage\":\"pt-BR\"},{\"@type\":\"Person\",\"@id\":\"https:\/\/www.manaus.am.gov.br\/semcom\/#\/schema\/person\/a5ee5376db6e21af026374b369f30882\",\"name\":\"Thiago Fernando\",\"image\":{\"@type\":\"ImageObject\",\"inLanguage\":\"pt-BR\",\"@id\":\"https:\/\/www.manaus.am.gov.br\/semcom\/#\/schema\/person\/image\/\",\"url\":\"https:\/\/secure.gravatar.com\/avatar\/f5aab8722444041451501c077052ac07?s=96&d=mm&r=g\",\"contentUrl\":\"https:\/\/secure.gravatar.com\/avatar\/f5aab8722444041451501c077052ac07?s=96&d=mm&r=g\",\"caption\":\"Thiago Fernando\"}}]}<\/script>\n<!-- \/ Yoast SEO plugin. -->","yoast_head_json":{"title":"PMM far\u00e1 leil\u00f5es de sucatas no final de fevereiro","description":"A Prefeitura de Manaus vai realizar, no dia 27\/2, dois leil\u00f5es de sucatas \u2013 um, de 26 ambul\u00e2ncias, e outro, de 11 autom\u00f3veis e um trator.","robots":{"index":"index","follow":"follow","max-snippet":"max-snippet:-1","max-image-preview":"max-image-preview:large","max-video-preview":"max-video-preview:-1"},"canonical":"https:\/\/www.manaus.am.gov.br\/semcom\/leiloes-de-sucatas-final-fevereiro\/","og_locale":"pt_BR","og_type":"article","og_title":"PMM far\u00e1 leil\u00f5es de sucatas no final de fevereiro","og_description":"A Prefeitura de Manaus vai realizar, no dia 27\/2, dois leil\u00f5es de sucatas \u2013 um, de 26 ambul\u00e2ncias, e outro, de 11 autom\u00f3veis e um trator.","og_url":"https:\/\/www.manaus.am.gov.br\/semcom\/leiloes-de-sucatas-final-fevereiro\/","og_site_name":"SEMCOM","article_published_time":"2025-02-17T15:58:02+00:00","article_modified_time":"2025-02-17T15:58:03+00:00","og_image":[{"width":1280,"height":960,"url":"https:\/\/www.manaus.am.gov.br\/semcom\/wp-content\/uploads\/sites\/5\/2025\/02\/leiloes-de-sucatas.jpeg","type":"image\/jpeg"}],"author":"Thiago Fernando","twitter_card":"summary_large_image","twitter_misc":{"Written by":"Thiago Fernando","Est. reading time":"3 minutos"},"schema":{"@context":"https:\/\/schema.org","@graph":[{"@type":"WebPage","@id":"https:\/\/www.manaus.am.gov.br\/semcom\/leiloes-de-sucatas-final-fevereiro\/","url":"https:\/\/www.manaus.am.gov.br\/semcom\/leiloes-de-sucatas-final-fevereiro\/","name":"PMM far\u00e1 leil\u00f5es de sucatas no final de fevereiro","isPartOf":{"@id":"https:\/\/www.manaus.am.gov.br\/semcom\/#website"},"primaryImageOfPage":{"@id":"https:\/\/www.manaus.am.gov.br\/semcom\/leiloes-de-sucatas-final-fevereiro\/#primaryimage"},"image":{"@id":"https:\/\/www.manaus.am.gov.br\/semcom\/leiloes-de-sucatas-final-fevereiro\/#primaryimage"},"thumbnailUrl":"https:\/\/www.manaus.am.gov.br\/semcom\/wp-content\/uploads\/sites\/5\/2025\/02\/leiloes-de-sucatas.jpeg","datePublished":"2025-02-17T15:58:02+00:00","dateModified":"2025-02-17T15:58:03+00:00","author":{"@id":"https:\/\/www.manaus.am.gov.br\/semcom\/#\/schema\/person\/a5ee5376db6e21af026374b369f30882"},"description":"A Prefeitura de Manaus vai realizar, no dia 27\/2, dois leil\u00f5es de sucatas \u2013 um, de 26 ambul\u00e2ncias, e outro, de 11 autom\u00f3veis e um trator.","inLanguage":"pt-BR","potentialAction":[{"@type":"ReadAction","target":["https:\/\/www.manaus.am.gov.br\/semcom\/leiloes-de-sucatas-final-fevereiro\/"]}]},{"@type":"ImageObject","inLanguage":"pt-BR","@id":"https:\/\/www.manaus.am.gov.br\/semcom\/leiloes-de-sucatas-final-fevereiro\/#primaryimage","url":"https:\/\/www.manaus.am.gov.br\/semcom\/wp-content\/uploads\/sites\/5\/2025\/02\/leiloes-de-sucatas.jpeg","contentUrl":"https:\/\/www.manaus.am.gov.br\/semcom\/wp-content\/uploads\/sites\/5\/2025\/02\/leiloes-de-sucatas.jpeg","width":1280,"height":960,"caption":"#paratodosverem - Sucatas de ambul\u00e2ncias"},{"@type":"WebSite","@id":"https:\/\/www.manaus.am.gov.br\/semcom\/#website","url":"https:\/\/www.manaus.am.gov.br\/semcom\/","name":"SEMCOM","description":"Secretaria Municipal de Comunica\u00e7\u00e3o","potentialAction":[{"@type":"SearchAction","target":{"@type":"EntryPoint","urlTemplate":"https:\/\/www.manaus.am.gov.br\/semcom\/?s={search_term_string}"},"query-input":"required name=search_term_string"}],"inLanguage":"pt-BR"},{"@type":"Person","@id":"https:\/\/www.manaus.am.gov.br\/semcom\/#\/schema\/person\/a5ee5376db6e21af026374b369f30882","name":"Thiago Fernando","image":{"@type":"ImageObject","inLanguage":"pt-BR","@id":"https:\/\/www.manaus.am.gov.br\/semcom\/#\/schema\/person\/image\/","url":"https:\/\/secure.gravatar.com\/avatar\/f5aab8722444041451501c077052ac07?s=96&d=mm&r=g","contentUrl":"https:\/\/secure.gravatar.com\/avatar\/f5aab8722444041451501c077052ac07?s=96&d=mm&r=g","caption":"Thiago Fernando"}}]}},"_links":{"self":[{"href":"https:\/\/www.manaus.am.gov.br\/semcom\/wp-json\/wp\/v2\/posts\/234884"}],"collection":[{"href":"https:\/\/www.manaus.am.gov.br\/semcom\/wp-json\/wp\/v2\/posts"}],"about":[{"href":"https:\/\/www.manaus.am.gov.br\/semcom\/wp-json\/wp\/v2\/types\/post"}],"author":[{"embeddable":true,"href":"https:\/\/www.manaus.am.gov.br\/semcom\/wp-json\/wp\/v2\/users\/57"}],"replies":[{"embeddable":true,"href":"https:\/\/www.manaus.am.gov.br\/semcom\/wp-json\/wp\/v2\/comments?post=234884"}],"version-history":[{"count":0,"href":"https:\/\/www.manaus.am.gov.br\/semcom\/wp-json\/wp\/v2\/posts\/234884\/revisions"}],"wp:featuredmedia":[{"embeddable":true,"href":"https:\/\/www.manaus.am.gov.br\/semcom\/wp-json\/wp\/v2\/media\/234885"}],"wp:attachment":[{"href":"https:\/\/www.manaus.am.gov.br\/semcom\/wp-json\/wp\/v2\/media?parent=234884"}],"wp:term":[{"taxonomy":"category","embeddable":true,"href":"https:\/\/www.manaus.am.gov.br\/semcom\/wp-json\/wp\/v2\/categories?post=234884"},{"taxonomy":"post_tag","embeddable":true,"href":"https:\/\/www.manaus.am.gov.br\/semcom\/wp-json\/wp\/v2\/tags?post=234884"}],"curies":[{"name":"wp","href":"https:\/\/api.w.org\/{rel}","templated":true}]}}