{"id":234695,"date":"2025-02-11T10:53:17","date_gmt":"2025-02-11T13:53:17","guid":{"rendered":"https:\/\/www.manaus.am.gov.br\/semcom\/prefeitura-oficinas-teatro\/"},"modified":"2025-02-11T10:53:18","modified_gmt":"2025-02-11T13:53:18","slug":"prefeitura-oficinas-teatro","status":"publish","type":"post","link":"https:\/\/www.manaus.am.gov.br\/semcom\/prefeitura-oficinas-teatro\/","title":{"rendered":"Prefeitura de Manaus oferece oficinas gratuitas de inicia\u00e7\u00e3o teatral para jovens da zona Leste"},"content":{"rendered":"\n<p>O projeto \u201cUm Palco em Minha Quebrada\u201d, contemplado pela Prefeitura de Manaus, por meio do Conselho Municipal de Cultura (Concultura), com recursos do edital macro da Pol\u00edtica Nacional Aldir Blanc (Pnab-Manaus), oferta 20 vagas totalmente gratuitas para oficinas de inicia\u00e7\u00e3o teatral, destinadas a adolescentes e jovens da zona Leste da cidade. As aulas acontecer\u00e3o aos s\u00e1bados, das 9h \u00e0s 11h, na Casa de Artes Plano Perfeito, localizada na rua Maring\u00e1, n\u00ba 307, no bairro Grande Vit\u00f3ria, zona Leste de Manaus.&nbsp;<\/p>\n\n\n\n<p>De acordo com o presidente do Concultura, Tony Medeiros, a iniciativa busca fomentar o acesso \u00e0 cultura e incentivar a participa\u00e7\u00e3o dos jovens nas atividades art\u00edsticas.&nbsp;<\/p>\n\n\n\n<p>\u201cEsse projeto refor\u00e7a o papel da cultura como agente de mudan\u00e7a social. Levar oficinas de teatro para adolescentes e jovens de zonas perif\u00e9ricas significa abrir portas para novas possibilidades, ampliar horizontes e fortalecer a identidade cultural das nossas comunidades. Na gest\u00e3o do prefeito David Almeida, acreditamos que investir na juventude, por meio da arte, \u00e9 construir um futuro mais inclusivo, criativo e cheio de oportunidades\u201d, afirmou o presidente.&nbsp;<\/p>\n\n\n\n<p>A produtora cultural M\u00e1rcia Vargas, coordenadora do projeto, refor\u00e7a que a proposta surgiu para tornar a cultura mais acess\u00edvel e despertar o interesse dos jovens pelo teatro.<\/p>\n\n\n\n<p>\u201cO coletivo percebeu que existe uma grande necessidade de adolescentes estarem inseridos no cen\u00e1rio art\u00edstico a partir da forma\u00e7\u00e3o art\u00edstica, dando oportunidades de se tornarem protagonistas em sua comunidade, fazendo de cada um verdadeiro palco do fazer art\u00edstico\u201d, explicou a produtora.<\/p>\n\n\n\n<p><strong>Inscri\u00e7\u00f5es<\/strong><\/p>\n\n\n\n<p>As&nbsp;inscri\u00e7\u00f5es para as oficinas acontecem de 11 a 14\/2, das 9h \u00e0s 11h, de forma presencial, na Casa de Artes Plano Perfeito,&nbsp;localizada na rua Maring\u00e1, n\u00ba 307, no bairro Grande Vit\u00f3ria.&nbsp;Podem participar adolescentes e jovens com idades entre 12 e 17 anos.<\/p>\n\n\n\n<p>Para se inscrever, \u00e9 necess\u00e1rio apresentar original e c\u00f3pia dos seguintes documentos: RG e CPF do aluno e do respons\u00e1vel, comprovante de resid\u00eancia, declara\u00e7\u00e3o escolar e uma foto 3&#215;4.<\/p>\n\n\n\n<p><strong>Coletivo Plano Perfeito<\/strong><\/p>\n\n\n\n<p>Desde 2018, o Coletivo Plano Perfeito vem utilizando a arte e a cultura como ferramentas de valoriza\u00e7\u00e3o da vida. Suas a\u00e7\u00f5es alcan\u00e7am escolas, abrigos e comunidades ribeirinhas, promovendo experi\u00eancias transformadoras por meio da express\u00e3o art\u00edstica. Ao longo de sua trajet\u00f3ria, o coletivo j\u00e1 impactou mais de 40 mil pessoas.<\/p>\n\n\n\n<p>O projeto \u201cUm Palco em Minha Quebrada\u201d foi um dos selecionados pelo Edital Macro de Chamamento P\u00fablico n\u00b0 002\/2024, com recursos da Pnab, de fomento \u00e0 cultura, da Prefeitura de Manaus, realizado pelo Concultura, com o apoio do Minist\u00e9rio da Cultura (MinC) e do governo federal.<\/p>\n\n\n\n<p>&#8212; &#8212; &#8212;<\/p>\n\n\n\n<p><strong>Texto<\/strong>&nbsp;\u2013 Keize Pedrosa\/Concultura<\/p>\n\n\n\n<p><strong>Foto<\/strong>&nbsp;\u2013 Divulga\u00e7\u00e3o\/Concultura<\/p>\n","protected":false},"excerpt":{"rendered":"","protected":false},"author":23,"featured_media":234696,"comment_status":"closed","ping_status":"closed","sticky":false,"template":"","format":"standard","meta":{"footnotes":""},"categories":[1591],"tags":[695,757,13358,12293,77],"acf":[],"yoast_head":"<!-- This site is optimized with the Yoast SEO plugin v23.0 - https:\/\/yoast.com\/wordpress\/plugins\/seo\/ -->\n<title>Prefeitura de Manaus oferece oficinas gratuitas de inicia\u00e7\u00e3o teatral para jovens da zona Leste<\/title>\n<meta name=\"description\" content=\"O projeto \u201cUm Palco em Minha Quebrada\u201d, contemplado pela Prefeitura de Manaus, por meio do Conselho Municipal de Cultura (Concultura), com recursos do edital macro da Pol\u00edtica Nacional Aldir Blanc (Pnab-Manaus), oferta 20 vagas totalmente gratuitas para oficinas de inicia\u00e7\u00e3o teatral, destinadas a adolescentes e jovens da zona Leste da cidade.\" \/>\n<meta name=\"robots\" content=\"index, follow, max-snippet:-1, max-image-preview:large, max-video-preview:-1\" \/>\n<link rel=\"canonical\" href=\"https:\/\/www.manaus.am.gov.br\/semcom\/prefeitura-oficinas-teatro\/\" \/>\n<meta property=\"og:locale\" content=\"pt_BR\" \/>\n<meta property=\"og:type\" content=\"article\" \/>\n<meta property=\"og:title\" content=\"Prefeitura de Manaus oferece oficinas gratuitas de inicia\u00e7\u00e3o teatral para jovens da zona Leste\" \/>\n<meta property=\"og:description\" content=\"O projeto \u201cUm Palco em Minha Quebrada\u201d, contemplado pela Prefeitura de Manaus, por meio do Conselho Municipal de Cultura (Concultura), com recursos do edital macro da Pol\u00edtica Nacional Aldir Blanc (Pnab-Manaus), oferta 20 vagas totalmente gratuitas para oficinas de inicia\u00e7\u00e3o teatral, destinadas a adolescentes e jovens da zona Leste da cidade.\" \/>\n<meta property=\"og:url\" content=\"https:\/\/www.manaus.am.gov.br\/semcom\/prefeitura-oficinas-teatro\/\" \/>\n<meta property=\"og:site_name\" content=\"SEMCOM\" \/>\n<meta property=\"article:published_time\" content=\"2025-02-11T13:53:17+00:00\" \/>\n<meta property=\"article:modified_time\" content=\"2025-02-11T13:53:18+00:00\" \/>\n<meta property=\"og:image\" content=\"https:\/\/www.manaus.am.gov.br\/semcom\/wp-content\/uploads\/sites\/5\/2025\/02\/IMG_6991.jpeg\" \/>\n\t<meta property=\"og:image:width\" content=\"4030\" \/>\n\t<meta property=\"og:image:height\" content=\"2601\" \/>\n\t<meta property=\"og:image:type\" content=\"image\/jpeg\" \/>\n<meta name=\"author\" content=\"Adriana Costa\" \/>\n<meta name=\"twitter:card\" content=\"summary_large_image\" \/>\n<meta name=\"twitter:label1\" content=\"Written by\" \/>\n\t<meta name=\"twitter:data1\" content=\"Adriana Costa\" \/>\n\t<meta name=\"twitter:label2\" content=\"Est. reading time\" \/>\n\t<meta name=\"twitter:data2\" content=\"3 minutos\" \/>\n<script type=\"application\/ld+json\" class=\"yoast-schema-graph\">{\"@context\":\"https:\/\/schema.org\",\"@graph\":[{\"@type\":\"WebPage\",\"@id\":\"https:\/\/www.manaus.am.gov.br\/semcom\/prefeitura-oficinas-teatro\/\",\"url\":\"https:\/\/www.manaus.am.gov.br\/semcom\/prefeitura-oficinas-teatro\/\",\"name\":\"Prefeitura de Manaus oferece oficinas gratuitas de inicia\u00e7\u00e3o teatral para jovens da zona Leste\",\"isPartOf\":{\"@id\":\"https:\/\/www.manaus.am.gov.br\/semcom\/#website\"},\"primaryImageOfPage\":{\"@id\":\"https:\/\/www.manaus.am.gov.br\/semcom\/prefeitura-oficinas-teatro\/#primaryimage\"},\"image\":{\"@id\":\"https:\/\/www.manaus.am.gov.br\/semcom\/prefeitura-oficinas-teatro\/#primaryimage\"},\"thumbnailUrl\":\"https:\/\/www.manaus.am.gov.br\/semcom\/wp-content\/uploads\/sites\/5\/2025\/02\/IMG_6991.jpeg\",\"datePublished\":\"2025-02-11T13:53:17+00:00\",\"dateModified\":\"2025-02-11T13:53:18+00:00\",\"author\":{\"@id\":\"https:\/\/www.manaus.am.gov.br\/semcom\/#\/schema\/person\/4e49f4e267757a06ca072ec61b2b9968\"},\"description\":\"O projeto \u201cUm Palco em Minha Quebrada\u201d, contemplado pela Prefeitura de Manaus, por meio do Conselho Municipal de Cultura (Concultura), com recursos do edital macro da Pol\u00edtica Nacional Aldir Blanc (Pnab-Manaus), oferta 20 vagas totalmente gratuitas para oficinas de inicia\u00e7\u00e3o teatral, destinadas a adolescentes e jovens da zona Leste da cidade.\",\"inLanguage\":\"pt-BR\",\"potentialAction\":[{\"@type\":\"ReadAction\",\"target\":[\"https:\/\/www.manaus.am.gov.br\/semcom\/prefeitura-oficinas-teatro\/\"]}]},{\"@type\":\"ImageObject\",\"inLanguage\":\"pt-BR\",\"@id\":\"https:\/\/www.manaus.am.gov.br\/semcom\/prefeitura-oficinas-teatro\/#primaryimage\",\"url\":\"https:\/\/www.manaus.am.gov.br\/semcom\/wp-content\/uploads\/sites\/5\/2025\/02\/IMG_6991.jpeg\",\"contentUrl\":\"https:\/\/www.manaus.am.gov.br\/semcom\/wp-content\/uploads\/sites\/5\/2025\/02\/IMG_6991.jpeg\",\"width\":4030,\"height\":2601},{\"@type\":\"WebSite\",\"@id\":\"https:\/\/www.manaus.am.gov.br\/semcom\/#website\",\"url\":\"https:\/\/www.manaus.am.gov.br\/semcom\/\",\"name\":\"SEMCOM\",\"description\":\"Secretaria Municipal de Comunica\u00e7\u00e3o\",\"potentialAction\":[{\"@type\":\"SearchAction\",\"target\":{\"@type\":\"EntryPoint\",\"urlTemplate\":\"https:\/\/www.manaus.am.gov.br\/semcom\/?s={search_term_string}\"},\"query-input\":\"required name=search_term_string\"}],\"inLanguage\":\"pt-BR\"},{\"@type\":\"Person\",\"@id\":\"https:\/\/www.manaus.am.gov.br\/semcom\/#\/schema\/person\/4e49f4e267757a06ca072ec61b2b9968\",\"name\":\"Adriana Costa\",\"image\":{\"@type\":\"ImageObject\",\"inLanguage\":\"pt-BR\",\"@id\":\"https:\/\/www.manaus.am.gov.br\/semcom\/#\/schema\/person\/image\/\",\"url\":\"https:\/\/secure.gravatar.com\/avatar\/576258617ef7194f718179e766d57bd4?s=96&d=mm&r=g\",\"contentUrl\":\"https:\/\/secure.gravatar.com\/avatar\/576258617ef7194f718179e766d57bd4?s=96&d=mm&r=g\",\"caption\":\"Adriana Costa\"}}]}<\/script>\n<!-- \/ Yoast SEO plugin. -->","yoast_head_json":{"title":"Prefeitura de Manaus oferece oficinas gratuitas de inicia\u00e7\u00e3o teatral para jovens da zona Leste","description":"O projeto \u201cUm Palco em Minha Quebrada\u201d, contemplado pela Prefeitura de Manaus, por meio do Conselho Municipal de Cultura (Concultura), com recursos do edital macro da Pol\u00edtica Nacional Aldir Blanc (Pnab-Manaus), oferta 20 vagas totalmente gratuitas para oficinas de inicia\u00e7\u00e3o teatral, destinadas a adolescentes e jovens da zona Leste da cidade.","robots":{"index":"index","follow":"follow","max-snippet":"max-snippet:-1","max-image-preview":"max-image-preview:large","max-video-preview":"max-video-preview:-1"},"canonical":"https:\/\/www.manaus.am.gov.br\/semcom\/prefeitura-oficinas-teatro\/","og_locale":"pt_BR","og_type":"article","og_title":"Prefeitura de Manaus oferece oficinas gratuitas de inicia\u00e7\u00e3o teatral para jovens da zona Leste","og_description":"O projeto \u201cUm Palco em Minha Quebrada\u201d, contemplado pela Prefeitura de Manaus, por meio do Conselho Municipal de Cultura (Concultura), com recursos do edital macro da Pol\u00edtica Nacional Aldir Blanc (Pnab-Manaus), oferta 20 vagas totalmente gratuitas para oficinas de inicia\u00e7\u00e3o teatral, destinadas a adolescentes e jovens da zona Leste da cidade.","og_url":"https:\/\/www.manaus.am.gov.br\/semcom\/prefeitura-oficinas-teatro\/","og_site_name":"SEMCOM","article_published_time":"2025-02-11T13:53:17+00:00","article_modified_time":"2025-02-11T13:53:18+00:00","og_image":[{"width":4030,"height":2601,"url":"https:\/\/www.manaus.am.gov.br\/semcom\/wp-content\/uploads\/sites\/5\/2025\/02\/IMG_6991.jpeg","type":"image\/jpeg"}],"author":"Adriana Costa","twitter_card":"summary_large_image","twitter_misc":{"Written by":"Adriana Costa","Est. reading time":"3 minutos"},"schema":{"@context":"https:\/\/schema.org","@graph":[{"@type":"WebPage","@id":"https:\/\/www.manaus.am.gov.br\/semcom\/prefeitura-oficinas-teatro\/","url":"https:\/\/www.manaus.am.gov.br\/semcom\/prefeitura-oficinas-teatro\/","name":"Prefeitura de Manaus oferece oficinas gratuitas de inicia\u00e7\u00e3o teatral para jovens da zona Leste","isPartOf":{"@id":"https:\/\/www.manaus.am.gov.br\/semcom\/#website"},"primaryImageOfPage":{"@id":"https:\/\/www.manaus.am.gov.br\/semcom\/prefeitura-oficinas-teatro\/#primaryimage"},"image":{"@id":"https:\/\/www.manaus.am.gov.br\/semcom\/prefeitura-oficinas-teatro\/#primaryimage"},"thumbnailUrl":"https:\/\/www.manaus.am.gov.br\/semcom\/wp-content\/uploads\/sites\/5\/2025\/02\/IMG_6991.jpeg","datePublished":"2025-02-11T13:53:17+00:00","dateModified":"2025-02-11T13:53:18+00:00","author":{"@id":"https:\/\/www.manaus.am.gov.br\/semcom\/#\/schema\/person\/4e49f4e267757a06ca072ec61b2b9968"},"description":"O projeto \u201cUm Palco em Minha Quebrada\u201d, contemplado pela Prefeitura de Manaus, por meio do Conselho Municipal de Cultura (Concultura), com recursos do edital macro da Pol\u00edtica Nacional Aldir Blanc (Pnab-Manaus), oferta 20 vagas totalmente gratuitas para oficinas de inicia\u00e7\u00e3o teatral, destinadas a adolescentes e jovens da zona Leste da cidade.","inLanguage":"pt-BR","potentialAction":[{"@type":"ReadAction","target":["https:\/\/www.manaus.am.gov.br\/semcom\/prefeitura-oficinas-teatro\/"]}]},{"@type":"ImageObject","inLanguage":"pt-BR","@id":"https:\/\/www.manaus.am.gov.br\/semcom\/prefeitura-oficinas-teatro\/#primaryimage","url":"https:\/\/www.manaus.am.gov.br\/semcom\/wp-content\/uploads\/sites\/5\/2025\/02\/IMG_6991.jpeg","contentUrl":"https:\/\/www.manaus.am.gov.br\/semcom\/wp-content\/uploads\/sites\/5\/2025\/02\/IMG_6991.jpeg","width":4030,"height":2601},{"@type":"WebSite","@id":"https:\/\/www.manaus.am.gov.br\/semcom\/#website","url":"https:\/\/www.manaus.am.gov.br\/semcom\/","name":"SEMCOM","description":"Secretaria Municipal de Comunica\u00e7\u00e3o","potentialAction":[{"@type":"SearchAction","target":{"@type":"EntryPoint","urlTemplate":"https:\/\/www.manaus.am.gov.br\/semcom\/?s={search_term_string}"},"query-input":"required name=search_term_string"}],"inLanguage":"pt-BR"},{"@type":"Person","@id":"https:\/\/www.manaus.am.gov.br\/semcom\/#\/schema\/person\/4e49f4e267757a06ca072ec61b2b9968","name":"Adriana Costa","image":{"@type":"ImageObject","inLanguage":"pt-BR","@id":"https:\/\/www.manaus.am.gov.br\/semcom\/#\/schema\/person\/image\/","url":"https:\/\/secure.gravatar.com\/avatar\/576258617ef7194f718179e766d57bd4?s=96&d=mm&r=g","contentUrl":"https:\/\/secure.gravatar.com\/avatar\/576258617ef7194f718179e766d57bd4?s=96&d=mm&r=g","caption":"Adriana Costa"}}]}},"_links":{"self":[{"href":"https:\/\/www.manaus.am.gov.br\/semcom\/wp-json\/wp\/v2\/posts\/234695"}],"collection":[{"href":"https:\/\/www.manaus.am.gov.br\/semcom\/wp-json\/wp\/v2\/posts"}],"about":[{"href":"https:\/\/www.manaus.am.gov.br\/semcom\/wp-json\/wp\/v2\/types\/post"}],"author":[{"embeddable":true,"href":"https:\/\/www.manaus.am.gov.br\/semcom\/wp-json\/wp\/v2\/users\/23"}],"replies":[{"embeddable":true,"href":"https:\/\/www.manaus.am.gov.br\/semcom\/wp-json\/wp\/v2\/comments?post=234695"}],"version-history":[{"count":0,"href":"https:\/\/www.manaus.am.gov.br\/semcom\/wp-json\/wp\/v2\/posts\/234695\/revisions"}],"wp:featuredmedia":[{"embeddable":true,"href":"https:\/\/www.manaus.am.gov.br\/semcom\/wp-json\/wp\/v2\/media\/234696"}],"wp:attachment":[{"href":"https:\/\/www.manaus.am.gov.br\/semcom\/wp-json\/wp\/v2\/media?parent=234695"}],"wp:term":[{"taxonomy":"category","embeddable":true,"href":"https:\/\/www.manaus.am.gov.br\/semcom\/wp-json\/wp\/v2\/categories?post=234695"},{"taxonomy":"post_tag","embeddable":true,"href":"https:\/\/www.manaus.am.gov.br\/semcom\/wp-json\/wp\/v2\/tags?post=234695"}],"curies":[{"name":"wp","href":"https:\/\/api.w.org\/{rel}","templated":true}]}}