{"id":234557,"date":"2025-02-05T19:50:50","date_gmt":"2025-02-05T22:50:50","guid":{"rendered":"https:\/\/www.manaus.am.gov.br\/semcom\/terapia-assistida-por-animais\/"},"modified":"2025-02-05T19:51:36","modified_gmt":"2025-02-05T22:51:36","slug":"terapia-assistida-por-animais","status":"publish","type":"post","link":"https:\/\/www.manaus.am.gov.br\/semcom\/terapia-assistida-por-animais\/","title":{"rendered":"Prefeitura de Manaus retoma projeto de \u2018Terapia Assistida por Animais\u2019 para idosos da Funda\u00e7\u00e3o\u00a0Dr. Thomas"},"content":{"rendered":"\n<p>Com o objetivo de oferecer est\u00edmulo cognitivo aos idosos institucionalizados, com aux\u00edlio de pets, a Prefeitura de Manaus, por meio da Funda\u00e7\u00e3o de Apoio ao Idoso Dr. Thomas (FDT), realizou, nesta quarta-feira, 5\/2, o retorno do projeto \u201cTerapia Assistida por Animais\u201d, na sede da institui\u00e7\u00e3o, localizada na rua Doutor Thomas, n\u00ba 798, bairro Nossa Senhora das Gra\u00e7as, zona Centro-Sul.<\/p>\n\n\n\n<p>Conhecida como cinoterapia ou Terapia Assistida por Animais (TAA), a pr\u00e1tica leva c\u00e3es para interagir com os idosos por meio de car\u00edcias, brincadeiras e conversas, estimulando a comunica\u00e7\u00e3o e o bem-estar emocional.<\/p>\n\n\n\n<p>O diretor-presidente da FDT, Eduardo Lucas, ressaltou a import\u00e2ncia da terapia na rotina dos idosos que vivem na Institui\u00e7\u00e3o de Longa Perman\u00eancia para Idosos (ILPI).<\/p>\n\n\n\n<p>\u201cMuitos idosos t\u00eam um carinho especial por animais, gostando de toc\u00e1-los, abra\u00e7\u00e1-los e interagir com eles. Entre todas as esp\u00e9cies, poucos s\u00e3o t\u00e3o companheiros e afetuosos quanto os c\u00e3es. Como diz o ditado, o cachorro \u00e9 o melhor amigo do homem, e, nesse contexto, ele vai al\u00e9m de um simples amigo, torna-se um verdadeiro aliado terap\u00eautico para os idosos\u201d, explicou o presidente.<\/p>\n\n\n\n<p>O projeto, conhecido popularmente como \u201cPet Terapia\u201d, \u00e9 desenvolvido em parceria com a neuropsic\u00f3loga Cl\u00e1udia Ara\u00fajo e oferece sess\u00f5es interativas para os idosos da Funda\u00e7\u00e3o Doutor Thomas. Com dura\u00e7\u00e3o de aproximadamente 40 minutos, as atividades estimulam circuitos cognitivos e fun\u00e7\u00f5es motoras por meio de comandos e intera\u00e7\u00f5es com os animais.<\/p>\n\n\n\n<p>As sess\u00f5es acontecem as segundas e quartas-feiras, das 9h30 \u00e0s 10h30, na sede da FDT, e contam com a participa\u00e7\u00e3o de duas cadelas da ra\u00e7a Golden Retriever: Mercedes Marley, de 8 anos, e sua filha Melanie Klein, de 3 anos.<\/p>\n\n\n\n<p>A neuropsic\u00f3loga Cl\u00e1udia Ara\u00fajo, especialista em reabilita\u00e7\u00e3o cognitiva, explica como a Terapia Assistida por Animais, contribui para a sa\u00fade mental da pessoa idosa.<\/p>\n\n\n\n<p>\u201cA presen\u00e7a dos animais transforma o ambiente e o estado emocional dos idosos. Essa terapia vai al\u00e9m do simples contato: elas promovem bem-estar emocional, reduzem a ansiedade, estimulam a mem\u00f3ria e fortalecem os la\u00e7os afetivos. Essas intera\u00e7\u00f5es n\u00e3o s\u00f3 trazem alegria, mas tamb\u00e9m desempenham um papel essencial na sa\u00fade mental e na qualidade de vida da pessoa idosa\u201d, explicou a especialista.<\/p>\n\n\n\n<p>Institucionalizado na Funda\u00e7\u00e3o Doutor Thomas h\u00e1 um ano, Randolfo Costa, de 70 anos, falou com entusiasmo sobre a visita das cadelas Mercedes e Melanie.<\/p>\n\n\n\n<p>\u201c\u00c9 uma alegria ver essas duas chegando aqui. Quando entram, parece que iluminam o ambiente. A Mercedes, mais velha, tem um olhar t\u00e3o carinhoso, parece que sente a nossa energia. J\u00e1 a Melanie \u00e9 mais sapeca, corre, brinca. Eu observo os outros idosos e \u00e9 incr\u00edvel como todo mundo muda. Eu mesmo j\u00e1 perdi a conta de quantas vezes ri hoje s\u00f3 de ver a Melanie aprontando. N\u00e3o tem como n\u00e3o se sentir bem. \u00c9 um al\u00edvio para a alma\u201d, disse Randolfo.<\/p>\n\n\n\n<p><strong>Tratamento e cuidado com os animais<\/strong><\/p>\n\n\n\n<p>Antes de interagir com os idosos, Mercedes e Melanie recebem cuidados especiais, como banhos, corte e lixamento das unhas, verifica\u00e7\u00e3o da pelagem, entre outros.<\/p>\n\n\n\n<p>\u201c\u00c9 essencial que tomemos todo o cuidado necess\u00e1rio com ambas, garantindo que estejam sempre saud\u00e1veis e confort\u00e1veis para proporcionar o melhor atendimento aos idosos\u201d, afirmou a neuropsic\u00f3loga, Cl\u00e1udia Ara\u00fajo.<\/p>\n\n\n\n<p>\u2014 \u2014 \u2014<br><strong>Texto e fotos &#8211;<\/strong> Luiz Benjamin \/ FDT<\/p>\n","protected":false},"excerpt":{"rendered":"","protected":false},"author":68,"featured_media":234558,"comment_status":"closed","ping_status":"closed","sticky":false,"template":"","format":"standard","meta":{"footnotes":""},"categories":[7843],"tags":[13298,13299,77,13300],"acf":[],"yoast_head":"<!-- This site is optimized with the Yoast SEO plugin v23.0 - https:\/\/yoast.com\/wordpress\/plugins\/seo\/ -->\n<title>Prefeitura de Manaus retoma projeto de \u2018Terapia Assistida por Animais\u2019 para idosos da Funda\u00e7\u00e3o Dr. Thomas<\/title>\n<meta name=\"description\" content=\"Com o objetivo de oferecer est\u00edmulo cognitivo aos idosos institucionalizados, com aux\u00edlio de pets, a Prefeitura de Manaus, por meio da Funda\u00e7\u00e3o de Apoio ao Idoso Dr. Thomas (FDT), realizou, nesta quarta-feira, 5\/2, o retorno do projeto \u201cTerapia Assistida por Animais\u201d, na sede da institui\u00e7\u00e3o, localizada na rua Doutor Thomas, n\u00ba 798, bairro Nossa Senhora das Gra\u00e7as, zona Centro-Sul.\" \/>\n<meta name=\"robots\" content=\"index, follow, max-snippet:-1, max-image-preview:large, max-video-preview:-1\" \/>\n<link rel=\"canonical\" href=\"https:\/\/www.manaus.am.gov.br\/semcom\/terapia-assistida-por-animais\/\" \/>\n<meta property=\"og:locale\" content=\"pt_BR\" \/>\n<meta property=\"og:type\" content=\"article\" \/>\n<meta property=\"og:title\" content=\"Prefeitura de Manaus retoma projeto de \u2018Terapia Assistida por Animais\u2019 para idosos da Funda\u00e7\u00e3o Dr. Thomas\" \/>\n<meta property=\"og:description\" content=\"Com o objetivo de oferecer est\u00edmulo cognitivo aos idosos institucionalizados, com aux\u00edlio de pets, a Prefeitura de Manaus, por meio da Funda\u00e7\u00e3o de Apoio ao Idoso Dr. Thomas (FDT), realizou, nesta quarta-feira, 5\/2, o retorno do projeto \u201cTerapia Assistida por Animais\u201d, na sede da institui\u00e7\u00e3o, localizada na rua Doutor Thomas, n\u00ba 798, bairro Nossa Senhora das Gra\u00e7as, zona Centro-Sul.\" \/>\n<meta property=\"og:url\" content=\"https:\/\/www.manaus.am.gov.br\/semcom\/terapia-assistida-por-animais\/\" \/>\n<meta property=\"og:site_name\" content=\"SEMCOM\" \/>\n<meta property=\"article:published_time\" content=\"2025-02-05T22:50:50+00:00\" \/>\n<meta property=\"article:modified_time\" content=\"2025-02-05T22:51:36+00:00\" \/>\n<meta property=\"og:image\" content=\"https:\/\/www.manaus.am.gov.br\/semcom\/wp-content\/uploads\/sites\/5\/2025\/02\/WhatsApp-Image-2025-02-05-at-16.31.36-1.jpeg\" \/>\n\t<meta property=\"og:image:width\" content=\"1600\" \/>\n\t<meta property=\"og:image:height\" content=\"1200\" \/>\n\t<meta property=\"og:image:type\" content=\"image\/jpeg\" \/>\n<meta name=\"author\" content=\"bvalente\" \/>\n<meta name=\"twitter:card\" content=\"summary_large_image\" \/>\n<meta name=\"twitter:label1\" content=\"Written by\" \/>\n\t<meta name=\"twitter:data1\" content=\"bvalente\" \/>\n\t<meta name=\"twitter:label2\" content=\"Est. reading time\" \/>\n\t<meta name=\"twitter:data2\" content=\"4 minutos\" \/>\n<script type=\"application\/ld+json\" class=\"yoast-schema-graph\">{\"@context\":\"https:\/\/schema.org\",\"@graph\":[{\"@type\":\"WebPage\",\"@id\":\"https:\/\/www.manaus.am.gov.br\/semcom\/terapia-assistida-por-animais\/\",\"url\":\"https:\/\/www.manaus.am.gov.br\/semcom\/terapia-assistida-por-animais\/\",\"name\":\"Prefeitura de Manaus retoma projeto de \u2018Terapia Assistida por Animais\u2019 para idosos da Funda\u00e7\u00e3o Dr. Thomas\",\"isPartOf\":{\"@id\":\"https:\/\/www.manaus.am.gov.br\/semcom\/#website\"},\"primaryImageOfPage\":{\"@id\":\"https:\/\/www.manaus.am.gov.br\/semcom\/terapia-assistida-por-animais\/#primaryimage\"},\"image\":{\"@id\":\"https:\/\/www.manaus.am.gov.br\/semcom\/terapia-assistida-por-animais\/#primaryimage\"},\"thumbnailUrl\":\"https:\/\/www.manaus.am.gov.br\/semcom\/wp-content\/uploads\/sites\/5\/2025\/02\/WhatsApp-Image-2025-02-05-at-16.31.36-1.jpeg\",\"datePublished\":\"2025-02-05T22:50:50+00:00\",\"dateModified\":\"2025-02-05T22:51:36+00:00\",\"author\":{\"@id\":\"https:\/\/www.manaus.am.gov.br\/semcom\/#\/schema\/person\/466a0e03ae4b6062809046bd560ac955\"},\"description\":\"Com o objetivo de oferecer est\u00edmulo cognitivo aos idosos institucionalizados, com aux\u00edlio de pets, a Prefeitura de Manaus, por meio da Funda\u00e7\u00e3o de Apoio ao Idoso Dr. Thomas (FDT), realizou, nesta quarta-feira, 5\/2, o retorno do projeto \u201cTerapia Assistida por Animais\u201d, na sede da institui\u00e7\u00e3o, localizada na rua Doutor Thomas, n\u00ba 798, bairro Nossa Senhora das Gra\u00e7as, zona Centro-Sul.\",\"inLanguage\":\"pt-BR\",\"potentialAction\":[{\"@type\":\"ReadAction\",\"target\":[\"https:\/\/www.manaus.am.gov.br\/semcom\/terapia-assistida-por-animais\/\"]}]},{\"@type\":\"ImageObject\",\"inLanguage\":\"pt-BR\",\"@id\":\"https:\/\/www.manaus.am.gov.br\/semcom\/terapia-assistida-por-animais\/#primaryimage\",\"url\":\"https:\/\/www.manaus.am.gov.br\/semcom\/wp-content\/uploads\/sites\/5\/2025\/02\/WhatsApp-Image-2025-02-05-at-16.31.36-1.jpeg\",\"contentUrl\":\"https:\/\/www.manaus.am.gov.br\/semcom\/wp-content\/uploads\/sites\/5\/2025\/02\/WhatsApp-Image-2025-02-05-at-16.31.36-1.jpeg\",\"width\":1600,\"height\":1200},{\"@type\":\"WebSite\",\"@id\":\"https:\/\/www.manaus.am.gov.br\/semcom\/#website\",\"url\":\"https:\/\/www.manaus.am.gov.br\/semcom\/\",\"name\":\"SEMCOM\",\"description\":\"Secretaria Municipal de Comunica\u00e7\u00e3o\",\"potentialAction\":[{\"@type\":\"SearchAction\",\"target\":{\"@type\":\"EntryPoint\",\"urlTemplate\":\"https:\/\/www.manaus.am.gov.br\/semcom\/?s={search_term_string}\"},\"query-input\":\"required name=search_term_string\"}],\"inLanguage\":\"pt-BR\"},{\"@type\":\"Person\",\"@id\":\"https:\/\/www.manaus.am.gov.br\/semcom\/#\/schema\/person\/466a0e03ae4b6062809046bd560ac955\",\"name\":\"bvalente\",\"image\":{\"@type\":\"ImageObject\",\"inLanguage\":\"pt-BR\",\"@id\":\"https:\/\/www.manaus.am.gov.br\/semcom\/#\/schema\/person\/image\/\",\"url\":\"https:\/\/secure.gravatar.com\/avatar\/3e69bc2b014bdad41adfec3a39de07d2?s=96&d=mm&r=g\",\"contentUrl\":\"https:\/\/secure.gravatar.com\/avatar\/3e69bc2b014bdad41adfec3a39de07d2?s=96&d=mm&r=g\",\"caption\":\"bvalente\"}}]}<\/script>\n<!-- \/ Yoast SEO plugin. -->","yoast_head_json":{"title":"Prefeitura de Manaus retoma projeto de \u2018Terapia Assistida por Animais\u2019 para idosos da Funda\u00e7\u00e3o Dr. Thomas","description":"Com o objetivo de oferecer est\u00edmulo cognitivo aos idosos institucionalizados, com aux\u00edlio de pets, a Prefeitura de Manaus, por meio da Funda\u00e7\u00e3o de Apoio ao Idoso Dr. Thomas (FDT), realizou, nesta quarta-feira, 5\/2, o retorno do projeto \u201cTerapia Assistida por Animais\u201d, na sede da institui\u00e7\u00e3o, localizada na rua Doutor Thomas, n\u00ba 798, bairro Nossa Senhora das Gra\u00e7as, zona Centro-Sul.","robots":{"index":"index","follow":"follow","max-snippet":"max-snippet:-1","max-image-preview":"max-image-preview:large","max-video-preview":"max-video-preview:-1"},"canonical":"https:\/\/www.manaus.am.gov.br\/semcom\/terapia-assistida-por-animais\/","og_locale":"pt_BR","og_type":"article","og_title":"Prefeitura de Manaus retoma projeto de \u2018Terapia Assistida por Animais\u2019 para idosos da Funda\u00e7\u00e3o Dr. Thomas","og_description":"Com o objetivo de oferecer est\u00edmulo cognitivo aos idosos institucionalizados, com aux\u00edlio de pets, a Prefeitura de Manaus, por meio da Funda\u00e7\u00e3o de Apoio ao Idoso Dr. Thomas (FDT), realizou, nesta quarta-feira, 5\/2, o retorno do projeto \u201cTerapia Assistida por Animais\u201d, na sede da institui\u00e7\u00e3o, localizada na rua Doutor Thomas, n\u00ba 798, bairro Nossa Senhora das Gra\u00e7as, zona Centro-Sul.","og_url":"https:\/\/www.manaus.am.gov.br\/semcom\/terapia-assistida-por-animais\/","og_site_name":"SEMCOM","article_published_time":"2025-02-05T22:50:50+00:00","article_modified_time":"2025-02-05T22:51:36+00:00","og_image":[{"width":1600,"height":1200,"url":"https:\/\/www.manaus.am.gov.br\/semcom\/wp-content\/uploads\/sites\/5\/2025\/02\/WhatsApp-Image-2025-02-05-at-16.31.36-1.jpeg","type":"image\/jpeg"}],"author":"bvalente","twitter_card":"summary_large_image","twitter_misc":{"Written by":"bvalente","Est. reading time":"4 minutos"},"schema":{"@context":"https:\/\/schema.org","@graph":[{"@type":"WebPage","@id":"https:\/\/www.manaus.am.gov.br\/semcom\/terapia-assistida-por-animais\/","url":"https:\/\/www.manaus.am.gov.br\/semcom\/terapia-assistida-por-animais\/","name":"Prefeitura de Manaus retoma projeto de \u2018Terapia Assistida por Animais\u2019 para idosos da Funda\u00e7\u00e3o Dr. Thomas","isPartOf":{"@id":"https:\/\/www.manaus.am.gov.br\/semcom\/#website"},"primaryImageOfPage":{"@id":"https:\/\/www.manaus.am.gov.br\/semcom\/terapia-assistida-por-animais\/#primaryimage"},"image":{"@id":"https:\/\/www.manaus.am.gov.br\/semcom\/terapia-assistida-por-animais\/#primaryimage"},"thumbnailUrl":"https:\/\/www.manaus.am.gov.br\/semcom\/wp-content\/uploads\/sites\/5\/2025\/02\/WhatsApp-Image-2025-02-05-at-16.31.36-1.jpeg","datePublished":"2025-02-05T22:50:50+00:00","dateModified":"2025-02-05T22:51:36+00:00","author":{"@id":"https:\/\/www.manaus.am.gov.br\/semcom\/#\/schema\/person\/466a0e03ae4b6062809046bd560ac955"},"description":"Com o objetivo de oferecer est\u00edmulo cognitivo aos idosos institucionalizados, com aux\u00edlio de pets, a Prefeitura de Manaus, por meio da Funda\u00e7\u00e3o de Apoio ao Idoso Dr. Thomas (FDT), realizou, nesta quarta-feira, 5\/2, o retorno do projeto \u201cTerapia Assistida por Animais\u201d, na sede da institui\u00e7\u00e3o, localizada na rua Doutor Thomas, n\u00ba 798, bairro Nossa Senhora das Gra\u00e7as, zona Centro-Sul.","inLanguage":"pt-BR","potentialAction":[{"@type":"ReadAction","target":["https:\/\/www.manaus.am.gov.br\/semcom\/terapia-assistida-por-animais\/"]}]},{"@type":"ImageObject","inLanguage":"pt-BR","@id":"https:\/\/www.manaus.am.gov.br\/semcom\/terapia-assistida-por-animais\/#primaryimage","url":"https:\/\/www.manaus.am.gov.br\/semcom\/wp-content\/uploads\/sites\/5\/2025\/02\/WhatsApp-Image-2025-02-05-at-16.31.36-1.jpeg","contentUrl":"https:\/\/www.manaus.am.gov.br\/semcom\/wp-content\/uploads\/sites\/5\/2025\/02\/WhatsApp-Image-2025-02-05-at-16.31.36-1.jpeg","width":1600,"height":1200},{"@type":"WebSite","@id":"https:\/\/www.manaus.am.gov.br\/semcom\/#website","url":"https:\/\/www.manaus.am.gov.br\/semcom\/","name":"SEMCOM","description":"Secretaria Municipal de Comunica\u00e7\u00e3o","potentialAction":[{"@type":"SearchAction","target":{"@type":"EntryPoint","urlTemplate":"https:\/\/www.manaus.am.gov.br\/semcom\/?s={search_term_string}"},"query-input":"required name=search_term_string"}],"inLanguage":"pt-BR"},{"@type":"Person","@id":"https:\/\/www.manaus.am.gov.br\/semcom\/#\/schema\/person\/466a0e03ae4b6062809046bd560ac955","name":"bvalente","image":{"@type":"ImageObject","inLanguage":"pt-BR","@id":"https:\/\/www.manaus.am.gov.br\/semcom\/#\/schema\/person\/image\/","url":"https:\/\/secure.gravatar.com\/avatar\/3e69bc2b014bdad41adfec3a39de07d2?s=96&d=mm&r=g","contentUrl":"https:\/\/secure.gravatar.com\/avatar\/3e69bc2b014bdad41adfec3a39de07d2?s=96&d=mm&r=g","caption":"bvalente"}}]}},"_links":{"self":[{"href":"https:\/\/www.manaus.am.gov.br\/semcom\/wp-json\/wp\/v2\/posts\/234557"}],"collection":[{"href":"https:\/\/www.manaus.am.gov.br\/semcom\/wp-json\/wp\/v2\/posts"}],"about":[{"href":"https:\/\/www.manaus.am.gov.br\/semcom\/wp-json\/wp\/v2\/types\/post"}],"author":[{"embeddable":true,"href":"https:\/\/www.manaus.am.gov.br\/semcom\/wp-json\/wp\/v2\/users\/68"}],"replies":[{"embeddable":true,"href":"https:\/\/www.manaus.am.gov.br\/semcom\/wp-json\/wp\/v2\/comments?post=234557"}],"version-history":[{"count":1,"href":"https:\/\/www.manaus.am.gov.br\/semcom\/wp-json\/wp\/v2\/posts\/234557\/revisions"}],"predecessor-version":[{"id":234559,"href":"https:\/\/www.manaus.am.gov.br\/semcom\/wp-json\/wp\/v2\/posts\/234557\/revisions\/234559"}],"wp:featuredmedia":[{"embeddable":true,"href":"https:\/\/www.manaus.am.gov.br\/semcom\/wp-json\/wp\/v2\/media\/234558"}],"wp:attachment":[{"href":"https:\/\/www.manaus.am.gov.br\/semcom\/wp-json\/wp\/v2\/media?parent=234557"}],"wp:term":[{"taxonomy":"category","embeddable":true,"href":"https:\/\/www.manaus.am.gov.br\/semcom\/wp-json\/wp\/v2\/categories?post=234557"},{"taxonomy":"post_tag","embeddable":true,"href":"https:\/\/www.manaus.am.gov.br\/semcom\/wp-json\/wp\/v2\/tags?post=234557"}],"curies":[{"name":"wp","href":"https:\/\/api.w.org\/{rel}","templated":true}]}}