{"id":234192,"date":"2025-01-27T14:14:51","date_gmt":"2025-01-27T17:14:51","guid":{"rendered":"https:\/\/www.manaus.am.gov.br\/semcom\/prefeito-visita-tjam\/"},"modified":"2025-01-27T14:14:53","modified_gmt":"2025-01-27T17:14:53","slug":"prefeito-visita-tjam","status":"publish","type":"post","link":"https:\/\/www.manaus.am.gov.br\/semcom\/prefeito-visita-tjam\/","title":{"rendered":"Prefeito David Almeida realiza visita de cortesia ao presidente do TJ-AM, desembargador Jomar Fernandes"},"content":{"rendered":"\n<p>O prefeito de Manaus, David Almeida, realizou, nesta segunda-feira, 27\/1, uma visita de cortesia ao novo presidente do Tribunal de Justi\u00e7a do Estado do Amazonas (TJ-AM), desembargador Jomar Fernandes. O encontro refor\u00e7ou a parceria entre a prefeitura e o Poder Judici\u00e1rio, com foco no fortalecimento das institui\u00e7\u00f5es e no aperfei\u00e7oamento dos servi\u00e7os prestados \u00e0 popula\u00e7\u00e3o manauara.<\/p>\n\n\n\n<p>A reuni\u00e3o contou com a presen\u00e7a da procuradora Joana Meireles, do procurador-geral do munic\u00edpio Rafael Bertazzo e do vice-procurador Marco Aur\u00e9lio Choy, que tamb\u00e9m destacaram a import\u00e2ncia do di\u00e1logo interinstitucional para a implementa\u00e7\u00e3o de pol\u00edticas p\u00fablicas efetivas.<\/p>\n\n\n\n<p>Durante o encontro, o prefeito David Almeida presenteou o desembargador Jomar Fernandes com a medalha de Honra ao M\u00e9rito do Munic\u00edpio, um reconhecimento pelo papel da lideran\u00e7a do magistrado na promo\u00e7\u00e3o da justi\u00e7a no Amazonas. \u201cEsta medalha \u00e9 uma forma de homenagear o trabalho exemplar realizado pelo presidente do TJ-AM e de refor\u00e7ar nosso compromisso de trabalhar em coopera\u00e7\u00e3o para o desenvolvimento de Manaus\u201d, declarou o chefe do Executivo municipal.<\/p>\n\n\n\n<p>Entre os temas abordados, a regula\u00e7\u00e3o fundi\u00e1ria foi um dos principais pontos de discuss\u00e3o. O prefeito destacou que a pauta \u00e9 essencial para oferecer seguran\u00e7a jur\u00eddica aos cidad\u00e3os, promovendo inclus\u00e3o social e desenvolvimento urbano de forma sustent\u00e1vel. \u201cPrecisamos somar esfor\u00e7os para que a popula\u00e7\u00e3o tenha acesso \u00e0 regulariza\u00e7\u00e3o de seus im\u00f3veis, garantindo dignidade e acesso aos seus direitos\u201d, frisou David Almeida.<\/p>\n\n\n\n<p>O desembargador Jomar Fernandes agradeceu a visita e enfatizou a import\u00e2ncia da colabora\u00e7\u00e3o entre os poderes. \u201cEste encontro representa a base para uma gest\u00e3o integrada, que priorize a efici\u00eancia administrativa e a justi\u00e7a social em nossa sociedade\u201d, afirmou.<\/p>\n\n\n\n<p>O encontro marcou um novo cap\u00edtulo na coopera\u00e7\u00e3o institucional entre a Prefeitura de Manaus e o Tribunal de Justi\u00e7a, refor\u00e7ando o compromisso m\u00fatuo com a constru\u00e7\u00e3o de uma cidade mais justa e inclusiva.<\/p>\n\n\n\n<p>&#8212; &#8212; &#8212;<\/p>\n\n\n\n<p><strong>Texto<\/strong>\u00a0&#8211; D\u00e1rio Avelino\/Semcom<\/p>\n\n\n\n<p><strong>Foto\u00a0<\/strong>&#8211; Dhyeizo Lemos\/Semcom<\/p>\n","protected":false},"excerpt":{"rendered":"","protected":false},"author":23,"featured_media":234193,"comment_status":"closed","ping_status":"closed","sticky":false,"template":"","format":"standard","meta":{"footnotes":""},"categories":[1156],"tags":[6256,13232,484,77,3302],"acf":[],"yoast_head":"<!-- This site is optimized with the Yoast SEO plugin v23.0 - https:\/\/yoast.com\/wordpress\/plugins\/seo\/ -->\n<title>Prefeito David Almeida realiza visita de cortesia ao presidente do TJ-AM, desembargador Jomar Fernandes<\/title>\n<meta name=\"description\" content=\"O prefeito de Manaus, David Almeida, realizou, nesta segunda-feira, 27\/1, uma visita de cortesia ao novo presidente do Tribunal de Justi\u00e7a do Estado do Amazonas (TJ-AM), desembargador Jomar Fernandes. O encontro refor\u00e7ou a parceria entre a prefeitura e o Poder Judici\u00e1rio, com foco no fortalecimento das institui\u00e7\u00f5es e no aperfei\u00e7oamento dos servi\u00e7os prestados \u00e0 popula\u00e7\u00e3o manauara.\" \/>\n<meta name=\"robots\" content=\"index, follow, max-snippet:-1, max-image-preview:large, max-video-preview:-1\" \/>\n<link rel=\"canonical\" href=\"https:\/\/www.manaus.am.gov.br\/semcom\/prefeito-visita-tjam\/\" \/>\n<meta property=\"og:locale\" content=\"pt_BR\" \/>\n<meta property=\"og:type\" content=\"article\" \/>\n<meta property=\"og:title\" content=\"Prefeito David Almeida realiza visita de cortesia ao presidente do TJ-AM, desembargador Jomar Fernandes\" \/>\n<meta property=\"og:description\" content=\"O prefeito de Manaus, David Almeida, realizou, nesta segunda-feira, 27\/1, uma visita de cortesia ao novo presidente do Tribunal de Justi\u00e7a do Estado do Amazonas (TJ-AM), desembargador Jomar Fernandes. O encontro refor\u00e7ou a parceria entre a prefeitura e o Poder Judici\u00e1rio, com foco no fortalecimento das institui\u00e7\u00f5es e no aperfei\u00e7oamento dos servi\u00e7os prestados \u00e0 popula\u00e7\u00e3o manauara.\" \/>\n<meta property=\"og:url\" content=\"https:\/\/www.manaus.am.gov.br\/semcom\/prefeito-visita-tjam\/\" \/>\n<meta property=\"og:site_name\" content=\"SEMCOM\" \/>\n<meta property=\"article:published_time\" content=\"2025-01-27T17:14:51+00:00\" \/>\n<meta property=\"article:modified_time\" content=\"2025-01-27T17:14:53+00:00\" \/>\n<meta property=\"og:image\" content=\"https:\/\/www.manaus.am.gov.br\/semcom\/wp-content\/uploads\/sites\/5\/2025\/01\/WhatsApp-Image-2025-01-27-at-11.24.32.jpeg\" \/>\n\t<meta property=\"og:image:width\" content=\"4160\" \/>\n\t<meta property=\"og:image:height\" content=\"2773\" \/>\n\t<meta property=\"og:image:type\" content=\"image\/jpeg\" \/>\n<meta name=\"author\" content=\"Adriana Costa\" \/>\n<meta name=\"twitter:card\" content=\"summary_large_image\" \/>\n<meta name=\"twitter:label1\" content=\"Written by\" \/>\n\t<meta name=\"twitter:data1\" content=\"Adriana Costa\" \/>\n\t<meta name=\"twitter:label2\" content=\"Est. reading time\" \/>\n\t<meta name=\"twitter:data2\" content=\"2 minutos\" \/>\n<script type=\"application\/ld+json\" class=\"yoast-schema-graph\">{\"@context\":\"https:\/\/schema.org\",\"@graph\":[{\"@type\":\"WebPage\",\"@id\":\"https:\/\/www.manaus.am.gov.br\/semcom\/prefeito-visita-tjam\/\",\"url\":\"https:\/\/www.manaus.am.gov.br\/semcom\/prefeito-visita-tjam\/\",\"name\":\"Prefeito David Almeida realiza visita de cortesia ao presidente do TJ-AM, desembargador Jomar Fernandes\",\"isPartOf\":{\"@id\":\"https:\/\/www.manaus.am.gov.br\/semcom\/#website\"},\"primaryImageOfPage\":{\"@id\":\"https:\/\/www.manaus.am.gov.br\/semcom\/prefeito-visita-tjam\/#primaryimage\"},\"image\":{\"@id\":\"https:\/\/www.manaus.am.gov.br\/semcom\/prefeito-visita-tjam\/#primaryimage\"},\"thumbnailUrl\":\"https:\/\/www.manaus.am.gov.br\/semcom\/wp-content\/uploads\/sites\/5\/2025\/01\/WhatsApp-Image-2025-01-27-at-11.24.32.jpeg\",\"datePublished\":\"2025-01-27T17:14:51+00:00\",\"dateModified\":\"2025-01-27T17:14:53+00:00\",\"author\":{\"@id\":\"https:\/\/www.manaus.am.gov.br\/semcom\/#\/schema\/person\/4e49f4e267757a06ca072ec61b2b9968\"},\"description\":\"O prefeito de Manaus, David Almeida, realizou, nesta segunda-feira, 27\/1, uma visita de cortesia ao novo presidente do Tribunal de Justi\u00e7a do Estado do Amazonas (TJ-AM), desembargador Jomar Fernandes. O encontro refor\u00e7ou a parceria entre a prefeitura e o Poder Judici\u00e1rio, com foco no fortalecimento das institui\u00e7\u00f5es e no aperfei\u00e7oamento dos servi\u00e7os prestados \u00e0 popula\u00e7\u00e3o manauara.\",\"inLanguage\":\"pt-BR\",\"potentialAction\":[{\"@type\":\"ReadAction\",\"target\":[\"https:\/\/www.manaus.am.gov.br\/semcom\/prefeito-visita-tjam\/\"]}]},{\"@type\":\"ImageObject\",\"inLanguage\":\"pt-BR\",\"@id\":\"https:\/\/www.manaus.am.gov.br\/semcom\/prefeito-visita-tjam\/#primaryimage\",\"url\":\"https:\/\/www.manaus.am.gov.br\/semcom\/wp-content\/uploads\/sites\/5\/2025\/01\/WhatsApp-Image-2025-01-27-at-11.24.32.jpeg\",\"contentUrl\":\"https:\/\/www.manaus.am.gov.br\/semcom\/wp-content\/uploads\/sites\/5\/2025\/01\/WhatsApp-Image-2025-01-27-at-11.24.32.jpeg\",\"width\":4160,\"height\":2773},{\"@type\":\"WebSite\",\"@id\":\"https:\/\/www.manaus.am.gov.br\/semcom\/#website\",\"url\":\"https:\/\/www.manaus.am.gov.br\/semcom\/\",\"name\":\"SEMCOM\",\"description\":\"Secretaria Municipal de Comunica\u00e7\u00e3o\",\"potentialAction\":[{\"@type\":\"SearchAction\",\"target\":{\"@type\":\"EntryPoint\",\"urlTemplate\":\"https:\/\/www.manaus.am.gov.br\/semcom\/?s={search_term_string}\"},\"query-input\":\"required name=search_term_string\"}],\"inLanguage\":\"pt-BR\"},{\"@type\":\"Person\",\"@id\":\"https:\/\/www.manaus.am.gov.br\/semcom\/#\/schema\/person\/4e49f4e267757a06ca072ec61b2b9968\",\"name\":\"Adriana Costa\",\"image\":{\"@type\":\"ImageObject\",\"inLanguage\":\"pt-BR\",\"@id\":\"https:\/\/www.manaus.am.gov.br\/semcom\/#\/schema\/person\/image\/\",\"url\":\"https:\/\/secure.gravatar.com\/avatar\/576258617ef7194f718179e766d57bd4?s=96&d=mm&r=g\",\"contentUrl\":\"https:\/\/secure.gravatar.com\/avatar\/576258617ef7194f718179e766d57bd4?s=96&d=mm&r=g\",\"caption\":\"Adriana Costa\"}}]}<\/script>\n<!-- \/ Yoast SEO plugin. -->","yoast_head_json":{"title":"Prefeito David Almeida realiza visita de cortesia ao presidente do TJ-AM, desembargador Jomar Fernandes","description":"O prefeito de Manaus, David Almeida, realizou, nesta segunda-feira, 27\/1, uma visita de cortesia ao novo presidente do Tribunal de Justi\u00e7a do Estado do Amazonas (TJ-AM), desembargador Jomar Fernandes. O encontro refor\u00e7ou a parceria entre a prefeitura e o Poder Judici\u00e1rio, com foco no fortalecimento das institui\u00e7\u00f5es e no aperfei\u00e7oamento dos servi\u00e7os prestados \u00e0 popula\u00e7\u00e3o manauara.","robots":{"index":"index","follow":"follow","max-snippet":"max-snippet:-1","max-image-preview":"max-image-preview:large","max-video-preview":"max-video-preview:-1"},"canonical":"https:\/\/www.manaus.am.gov.br\/semcom\/prefeito-visita-tjam\/","og_locale":"pt_BR","og_type":"article","og_title":"Prefeito David Almeida realiza visita de cortesia ao presidente do TJ-AM, desembargador Jomar Fernandes","og_description":"O prefeito de Manaus, David Almeida, realizou, nesta segunda-feira, 27\/1, uma visita de cortesia ao novo presidente do Tribunal de Justi\u00e7a do Estado do Amazonas (TJ-AM), desembargador Jomar Fernandes. O encontro refor\u00e7ou a parceria entre a prefeitura e o Poder Judici\u00e1rio, com foco no fortalecimento das institui\u00e7\u00f5es e no aperfei\u00e7oamento dos servi\u00e7os prestados \u00e0 popula\u00e7\u00e3o manauara.","og_url":"https:\/\/www.manaus.am.gov.br\/semcom\/prefeito-visita-tjam\/","og_site_name":"SEMCOM","article_published_time":"2025-01-27T17:14:51+00:00","article_modified_time":"2025-01-27T17:14:53+00:00","og_image":[{"width":4160,"height":2773,"url":"https:\/\/www.manaus.am.gov.br\/semcom\/wp-content\/uploads\/sites\/5\/2025\/01\/WhatsApp-Image-2025-01-27-at-11.24.32.jpeg","type":"image\/jpeg"}],"author":"Adriana Costa","twitter_card":"summary_large_image","twitter_misc":{"Written by":"Adriana Costa","Est. reading time":"2 minutos"},"schema":{"@context":"https:\/\/schema.org","@graph":[{"@type":"WebPage","@id":"https:\/\/www.manaus.am.gov.br\/semcom\/prefeito-visita-tjam\/","url":"https:\/\/www.manaus.am.gov.br\/semcom\/prefeito-visita-tjam\/","name":"Prefeito David Almeida realiza visita de cortesia ao presidente do TJ-AM, desembargador Jomar Fernandes","isPartOf":{"@id":"https:\/\/www.manaus.am.gov.br\/semcom\/#website"},"primaryImageOfPage":{"@id":"https:\/\/www.manaus.am.gov.br\/semcom\/prefeito-visita-tjam\/#primaryimage"},"image":{"@id":"https:\/\/www.manaus.am.gov.br\/semcom\/prefeito-visita-tjam\/#primaryimage"},"thumbnailUrl":"https:\/\/www.manaus.am.gov.br\/semcom\/wp-content\/uploads\/sites\/5\/2025\/01\/WhatsApp-Image-2025-01-27-at-11.24.32.jpeg","datePublished":"2025-01-27T17:14:51+00:00","dateModified":"2025-01-27T17:14:53+00:00","author":{"@id":"https:\/\/www.manaus.am.gov.br\/semcom\/#\/schema\/person\/4e49f4e267757a06ca072ec61b2b9968"},"description":"O prefeito de Manaus, David Almeida, realizou, nesta segunda-feira, 27\/1, uma visita de cortesia ao novo presidente do Tribunal de Justi\u00e7a do Estado do Amazonas (TJ-AM), desembargador Jomar Fernandes. O encontro refor\u00e7ou a parceria entre a prefeitura e o Poder Judici\u00e1rio, com foco no fortalecimento das institui\u00e7\u00f5es e no aperfei\u00e7oamento dos servi\u00e7os prestados \u00e0 popula\u00e7\u00e3o manauara.","inLanguage":"pt-BR","potentialAction":[{"@type":"ReadAction","target":["https:\/\/www.manaus.am.gov.br\/semcom\/prefeito-visita-tjam\/"]}]},{"@type":"ImageObject","inLanguage":"pt-BR","@id":"https:\/\/www.manaus.am.gov.br\/semcom\/prefeito-visita-tjam\/#primaryimage","url":"https:\/\/www.manaus.am.gov.br\/semcom\/wp-content\/uploads\/sites\/5\/2025\/01\/WhatsApp-Image-2025-01-27-at-11.24.32.jpeg","contentUrl":"https:\/\/www.manaus.am.gov.br\/semcom\/wp-content\/uploads\/sites\/5\/2025\/01\/WhatsApp-Image-2025-01-27-at-11.24.32.jpeg","width":4160,"height":2773},{"@type":"WebSite","@id":"https:\/\/www.manaus.am.gov.br\/semcom\/#website","url":"https:\/\/www.manaus.am.gov.br\/semcom\/","name":"SEMCOM","description":"Secretaria Municipal de Comunica\u00e7\u00e3o","potentialAction":[{"@type":"SearchAction","target":{"@type":"EntryPoint","urlTemplate":"https:\/\/www.manaus.am.gov.br\/semcom\/?s={search_term_string}"},"query-input":"required name=search_term_string"}],"inLanguage":"pt-BR"},{"@type":"Person","@id":"https:\/\/www.manaus.am.gov.br\/semcom\/#\/schema\/person\/4e49f4e267757a06ca072ec61b2b9968","name":"Adriana Costa","image":{"@type":"ImageObject","inLanguage":"pt-BR","@id":"https:\/\/www.manaus.am.gov.br\/semcom\/#\/schema\/person\/image\/","url":"https:\/\/secure.gravatar.com\/avatar\/576258617ef7194f718179e766d57bd4?s=96&d=mm&r=g","contentUrl":"https:\/\/secure.gravatar.com\/avatar\/576258617ef7194f718179e766d57bd4?s=96&d=mm&r=g","caption":"Adriana Costa"}}]}},"_links":{"self":[{"href":"https:\/\/www.manaus.am.gov.br\/semcom\/wp-json\/wp\/v2\/posts\/234192"}],"collection":[{"href":"https:\/\/www.manaus.am.gov.br\/semcom\/wp-json\/wp\/v2\/posts"}],"about":[{"href":"https:\/\/www.manaus.am.gov.br\/semcom\/wp-json\/wp\/v2\/types\/post"}],"author":[{"embeddable":true,"href":"https:\/\/www.manaus.am.gov.br\/semcom\/wp-json\/wp\/v2\/users\/23"}],"replies":[{"embeddable":true,"href":"https:\/\/www.manaus.am.gov.br\/semcom\/wp-json\/wp\/v2\/comments?post=234192"}],"version-history":[{"count":0,"href":"https:\/\/www.manaus.am.gov.br\/semcom\/wp-json\/wp\/v2\/posts\/234192\/revisions"}],"wp:featuredmedia":[{"embeddable":true,"href":"https:\/\/www.manaus.am.gov.br\/semcom\/wp-json\/wp\/v2\/media\/234193"}],"wp:attachment":[{"href":"https:\/\/www.manaus.am.gov.br\/semcom\/wp-json\/wp\/v2\/media?parent=234192"}],"wp:term":[{"taxonomy":"category","embeddable":true,"href":"https:\/\/www.manaus.am.gov.br\/semcom\/wp-json\/wp\/v2\/categories?post=234192"},{"taxonomy":"post_tag","embeddable":true,"href":"https:\/\/www.manaus.am.gov.br\/semcom\/wp-json\/wp\/v2\/tags?post=234192"}],"curies":[{"name":"wp","href":"https:\/\/api.w.org\/{rel}","templated":true}]}}