{"id":234186,"date":"2025-01-26T09:11:55","date_gmt":"2025-01-26T12:11:55","guid":{"rendered":"https:\/\/www.manaus.am.gov.br\/semcom\/sinemanaus-vagas-2701\/"},"modified":"2025-01-26T09:11:56","modified_gmt":"2025-01-26T12:11:56","slug":"sinemanaus-vagas-2701","status":"publish","type":"post","link":"https:\/\/www.manaus.am.gov.br\/semcom\/sinemanaus-vagas-2701\/","title":{"rendered":"Sine Manaus oferta 173 vagas de emprego nesta segunda-feira, 27\/1"},"content":{"rendered":"\n<p><a>A Prefeitura de Manaus, por meio do Sine Manaus, oferta 173 vagas de emprego em v\u00e1rias \u00e1reas de atua\u00e7\u00e3o, nesta segunda-feira, 27\/1,&nbsp;das <\/a>8h \u00e0s 14h. O candidato precisa validar a Carteira Digital e Previd\u00eancia Social (CTPS) no aplicativo \u201cCarteira de Trabalho Digital\u201d ou acessar o site&nbsp;<a href=\"http:\/\/gov.br\/trabalho\" target=\"_blank\" rel=\"noreferrer noopener\">http:\/\/gov.br\/trabalho<\/a>&nbsp;e, para concorrer \u00e0s vagas, deve acessar o site&nbsp;<a href=\"http:\/\/empregabrasil.mte.gov.br\/\" target=\"_blank\" rel=\"noreferrer noopener\">http:\/\/empregabrasil.mte.gov.br<\/a>&nbsp;para fazer a solicita\u00e7\u00e3o de cadastro.<\/p>\n\n\n\n<p>Para participar da pr\u00e9-sele\u00e7\u00e3o e concorrer a uma das vagas dispon\u00edveis, ou receber orienta\u00e7\u00e3o de cadastro, Carteira de Trabalho Digital e seguro-desemprego, os candidatos devem comparecer a um dos postos do Sine Manaus: na avenida Constantino Nery, n\u00ba 1.272, bairro S\u00e3o Geraldo, zona Centro-Sul; ou no shopping Phelippe Daou, na avenida Camapu\u00e3, n\u00ba 2.939, bairro Cidade de Deus, zona Norte.<\/p>\n\n\n\n<p>Os interessados devem estar munidos do comprovante de vacina\u00e7\u00e3o (Covid-19), curr\u00edculo, certificados de cursos e documentos pessoais (RG, CPF, PIS, CTPS, comprovante de escolaridade e resid\u00eancia). N\u00e3o \u00e9 necess\u00e1rio apresentar c\u00f3pias, somente os documentos originais.<\/p>\n\n\n\n<p>\u00c9 importante que os candidatos mantenham seus cadastros atualizados, especialmente ao finalizarem novas qualifica\u00e7\u00f5es. Para vagas espec\u00edficas, podem ser solicitados documentos adicionais, como cursos ou certifica\u00e7\u00f5es, por isso, \u00e9 essencial estar atento aos &#8220;Requisitos Obrigat\u00f3rios&#8221; de cada vaga.<\/p>\n\n\n\n<p>A Semtepi ressalta que, obedecendo ao disposto no artigo 5\u00ba, da Constitui\u00e7\u00e3o Federal, e ao artigo 373-A, da Consolida\u00e7\u00e3o das Leis Trabalhistas (CLT), crit\u00e9rios referentes a sexo, idade, cor ou situa\u00e7\u00e3o familiar, n\u00e3o podem ser informados na divulga\u00e7\u00e3o das vagas disponibilizadas.<\/p>\n\n\n\n<p>Os candidatos devem estar cientes das diretrizes de vestimenta estabelecidas pelo \u00f3rg\u00e3o, as quais incluem a proibi\u00e7\u00e3o de vestimentas como bermudas, shorts, minissaias, camisetas regatas e chinelos durante a entrada.<\/p>\n\n\n\n<p><strong>Vagas Novas \u2013 13<\/strong><\/p>\n\n\n\n<p><strong>1 vaga \u2013 Jardineiro<\/strong><\/p>\n\n\n\n<p>Escolaridade \u2013 ensino m\u00e9dio completo;<\/p>\n\n\n\n<p>Experi\u00eancia \u2013 seis meses na Carteira de Trabalho;<\/p>\n\n\n\n<p>Requisitos Obrigat\u00f3rios \u2013 ter viv\u00eancia e conhecimento t\u00e9cnico em jardinagem e documenta\u00e7\u00e3o completa (com dispensa militar);<\/p>\n\n\n\n<p>Atividades \u2013 realizar plantios diversos, introduzir sementes e mudas em solo, forrar e adub\u00e1-las com cobertura vegetal; efetuar preparo de mudas e sementes, al\u00e9m de preparar o solo para o plantio; manter limpa e organizada as \u00e1reas externas do trabalho;<\/p>\n\n\n\n<p>Dispon\u00edvel at\u00e9 27\/1\/2025 ou encerramento da vaga.<\/p>\n\n\n\n<p><strong>1 vaga \u2013 Auxiliar Administrativo<\/strong><\/p>\n\n\n\n<p>Escolaridade \u2013 ensino m\u00e9dio completo;<\/p>\n\n\n\n<p>Experi\u00eancia \u2013 primeiro emprego;<\/p>\n\n\n\n<p>Requisitos Obrigat\u00f3rios \u2013 ter curso de Inform\u00e1tica avan\u00e7ada e documenta\u00e7\u00e3o completa;<\/p>\n\n\n\n<p>Atividades \u2013 executar servi\u00e7os de apoio nas \u00e1reas de administra\u00e7\u00e3o, finan\u00e7as e log\u00edstica; atender fornecedores e clientes, fornecer e receber informa\u00e7\u00f5es sobre produtos e servi\u00e7os; tratar de documentos variados, cumprir todo o procedimento necess\u00e1rio;<\/p>\n\n\n\n<p>Dispon\u00edvel at\u00e9 27\/1\/2025 ou encerramento da vaga.<\/p>\n\n\n\n<p><strong>6 vagas \u2013 Motorista de Caminh\u00e3o<\/strong><\/p>\n\n\n\n<p>Escolaridade \u2013 ensino t\u00e9cnico em Seguran\u00e7a do Trabalho;<\/p>\n\n\n\n<p>Experi\u00eancia \u2013 tr\u00eas meses na Carteira de Trabalho;<\/p>\n\n\n\n<p>Requisitos Obrigat\u00f3rios \u2013 ter Carteira Nacional de Habilita\u00e7\u00e3o categoria \u201cD\u201d ou \u201cE\u201d dentro do prazo de validade e documenta\u00e7\u00e3o completa;<\/p>\n\n\n\n<p>Atividades \u2013 transportar, coletar e entregar cargas em geral; guinchar, destombar e remover ve\u00edculos avariados e prestar socorro mec\u00e2nico. Movimentar cargas volumosas e pesadas, pode, tamb\u00e9m, operar equipamentos, realizar inspe\u00e7\u00f5es e reparar ve\u00edculos, vistoriar cargas, al\u00e9m de verificar documenta\u00e7\u00e3o de ve\u00edculos e de cargas; definir rotas e assegurar a regularidade do transporte.<\/p>\n\n\n\n<p>Dispon\u00edvel at\u00e9 27\/1\/2025 ou encerramento da vaga<\/p>\n\n\n\n<p><strong>2 vagas \u2013 T\u00e9cnico em Seguran\u00e7a do Trabalho<\/strong><\/p>\n\n\n\n<p>Escolaridade \u2013 ensino t\u00e9cnico em seguran\u00e7a do trabalho;<\/p>\n\n\n\n<p>Experi\u00eancia \u2013 registrada na Carteira de Trabalho;<\/p>\n\n\n\n<p>Requisitos Obrigat\u00f3rios \u2013 ter documenta\u00e7\u00e3o completa;<\/p>\n\n\n\n<p>Atividades \u2013 participar da elabora\u00e7\u00e3o e implementar pol\u00edtica de sa\u00fade e seguran\u00e7a do trabalho; realizar diagn\u00f3stico da situa\u00e7\u00e3o de SST da institui\u00e7\u00e3o; identificar vari\u00e1veis de controle de doen\u00e7as, acidentes, qualidade de vida e meio ambiente. desenvolver a\u00e7\u00f5es educativas na \u00e1rea de sa\u00fade e seguran\u00e7a do trabalho; integrar processos; investigar, analisar acidentes de trabalho e recomendar medidas de preven\u00e7\u00e3o e controle;<\/p>\n\n\n\n<p>Dispon\u00edvel at\u00e9 27\/1\/2025 ou encerramento da vaga.<\/p>\n\n\n\n<p><strong>1 vaga \u2013 Carpinteiro<\/strong><\/p>\n\n\n\n<p>Escolaridade \u2013 ensino m\u00e9dio completo;<\/p>\n\n\n\n<p>Experi\u00eancia \u2013 primeiro emprego;<\/p>\n\n\n\n<p>Requisitos Obrigat\u00f3rios \u2013 ter documenta\u00e7\u00e3o completa (com dispensa militar);<\/p>\n\n\n\n<p>Atividades \u2013 executar tarefas operacionais na \u00e1rea de carpintaria, realizar a limpeza e organiza\u00e7\u00e3o do local de trabalho e dep\u00f3sito fechado; organizar toda a \u00e1rea de carpintaria mantendo e guardando os equipamentos e as ferramentas nos locais adequados; ajudar no recebimento e expedi\u00e7\u00e3o de cargas de paletes e outros materiais; realizar a confec\u00e7\u00e3o e\/ou modifica\u00e7\u00e3o de artefatos de madeira com orienta\u00e7\u00e3o do encarregado de paleteria; fabricar paletes novos; desmontar e remontar paletes e outros tipos de madeiras recicl\u00e1veis. realizar corte de canudos de papel\u00e3o e ou PVC; fazer servi\u00e7os internos levando e buscando documentos e outros materiais, fazer paletes\/gaiolas para transportes de materiais diversos; identificar os paletes e canudos confeccionados quanto a sua finalidade e quantidade. organizar as mat\u00e9rias-primas e embalagens da carpintaria no dep\u00f3sito, fazer arquivo de documenta\u00e7\u00f5es do setor; executar outras tarefas correlatas \u00e0s suas responsabilidades; operar paleteira el\u00e9trica para movimenta\u00e7\u00e3o interna de paletes no geral; realizar contagem de sua produ\u00e7\u00e3o e passar para seu superior imediato; realizar o corte de madeira em geral.<\/p>\n\n\n\n<p>Dispon\u00edvel at\u00e9 27\/1\/2025 ou encerramento da vaga.<\/p>\n\n\n\n<p><strong>2 vagas \u2013 Barman<\/strong><\/p>\n\n\n\n<p>Escolaridade \u2013 ensino m\u00e9dio completo;<\/p>\n\n\n\n<p>Experi\u00eancia \u2013 seis meses na Carteira de Trabalho;<\/p>\n\n\n\n<p>Requisitos Obrigat\u00f3rios \u2013 ter documenta\u00e7\u00e3o completa;<\/p>\n\n\n\n<p>Atividades \u2013 ter conhecimento das caracter\u00edsticas das bebidas;<\/p>\n\n\n\n<p>Dispon\u00edvel at\u00e9 27\/1\/2025 ou encerramento da vaga.<\/p>\n\n\n\n<p><strong>Vagas no Com\u00e9rcio \u2013 33<\/strong><\/p>\n\n\n\n<p><strong>1 vaga \u2013 Executivo de Vendas<\/strong><\/p>\n\n\n\n<p>Escolaridade \u2013 ensino superior completo em administra\u00e7\u00e3o;<\/p>\n\n\n\n<p>Experi\u00eancia \u2013 seis meses na Carteira de Trabalho;<\/p>\n\n\n\n<p>Requisitos Obrigat\u00f3rios \u2013 ter ve\u00edculo pr\u00f3prio (carro), conhecimento MS Office e documenta\u00e7\u00e3o completa (com dispensa militar);<\/p>\n\n\n\n<p>Atividades \u2013 realizar pesquisas de mercado para identificar possibilidades de venda e avaliar as necessidades do cliente; buscar ativamente novas oportunidades de vendas por meio de liga\u00e7\u00f5es de telemarketing, redes de contatos e m\u00eddias sociais; preparar e realizar apresenta\u00e7\u00f5es sobre produtos e servi\u00e7os; criar an\u00e1lises e relat\u00f3rios frequentes com dados financeiros e de vendas, entre outras atividades correlatas \u00e0 fun\u00e7\u00e3o;<\/p>\n\n\n\n<p>Dispon\u00edvel at\u00e9 27\/1\/2025 ou encerramento da vaga.<\/p>\n\n\n\n<p><strong>10 vagas \u2013 Vendedor Interno<\/strong><strong><\/strong><\/p>\n\n\n\n<p>Escolaridade \u2013 ensino m\u00e9dio completo;<\/p>\n\n\n\n<p>Experi\u00eancia \u2013 seis meses na Carteira de Trabalho;<\/p>\n\n\n\n<p>Requisitos Obrigat\u00f3rios \u2013 ter disponibilidade de hor\u00e1rio e documenta\u00e7\u00e3o completa;<\/p>\n\n\n\n<p>Atividades \u2013 fazer atendimento dos clientes, negocia\u00e7\u00f5es e auxilia com poss\u00edveis d\u00favidas, organiza o setor, repondo a mercadoria.<\/p>\n\n\n\n<p>Dispon\u00edvel at\u00e9 27\/1\/2025 ou encerramento da vaga.<\/p>\n\n\n\n<p><strong>15 vagas \u2013 Ajudante de A\u00e7ougueiro<\/strong><\/p>\n\n\n\n<p>Escolaridade \u2013 ensino fundamental completo;<\/p>\n\n\n\n<p>Experi\u00eancia \u2013 n\u00e3o \u00e9 necess\u00e1rio;<\/p>\n\n\n\n<p>Requisitos Obrigat\u00f3rios \u2013 ter documenta\u00e7\u00e3o completa (com dispensa militar);<\/p>\n\n\n\n<p>Atividades \u2013 fazer atendimento ao cliente e fornecer orienta\u00e7\u00e3o sobre carnes, adquirindo habilidade no preparo; ajudar o a\u00e7ougueiro;<\/p>\n\n\n\n<p>Dispon\u00edvel at\u00e9 27\/1\/2025 ou encerramento da vaga.<\/p>\n\n\n\n<p><strong>5 vagas \u2013 Carregador<\/strong><\/p>\n\n\n\n<p>Escolaridade \u2013 ensino m\u00e9dio completo;<\/p>\n\n\n\n<p>Experi\u00eancia \u2013 n\u00e3o \u00e9 necess\u00e1rio;<\/p>\n\n\n\n<p>Requisitos Obrigat\u00f3rios \u2013 ter documenta\u00e7\u00e3o completa (com dispensa militar);<\/p>\n\n\n\n<p>Atividades \u2013 operar equipamentos de movimenta\u00e7\u00e3o e controle de materiais; embarcar e desembarcar mercadorias; limpeza e da organiza\u00e7\u00e3o do local de trabalho; separar mercadorias de acordo com as notas fiscais, ordens de compra ou listas de picking; utilizar equipamentos de rastreamento, como leitores de c\u00f3digo de barras, para garantir a precis\u00e3o na separa\u00e7\u00e3o;<\/p>\n\n\n\n<p>Dispon\u00edvel at\u00e9 27\/1\/2025 ou encerramento da vaga.<\/p>\n\n\n\n<p><strong>2 vagas \u2013 Servente de Obras<\/strong><\/p>\n\n\n\n<p>Escolaridade \u2013 ensino m\u00e9dio completo;<\/p>\n\n\n\n<p>Experi\u00eancia \u2013 quatro meses na Carteira de Trabalho;<\/p>\n\n\n\n<p>Requisitos Obrigat\u00f3rios \u2013 ter documenta\u00e7\u00e3o completa (com dispensa militar);<\/p>\n\n\n\n<p>Atividades \u2013 preparar e transportar materiais, ferramentas, aparelhos ou qualquer pe\u00e7a, limpando-as e arrumando-as de acordo com instru\u00e7\u00f5es; auxiliar o oficial ou encarregado, em conjunto ou sozinho para levar a bom termo a execu\u00e7\u00e3o de suas tarefas; zelar pela conserva\u00e7\u00e3o dos locais onde est\u00e3o sendo realizados os servi\u00e7os;<\/p>\n\n\n\n<p>Dispon\u00edvel at\u00e9 27\/1\/2025 ou encerramento da vaga.<\/p>\n\n\n\n<p><strong>Vagas na Ind\u00fastria \u2013 55<\/strong><\/p>\n\n\n\n<p><strong>50 vagas \u2013 Auxiliar de Linha de Produ\u00e7\u00e3o<\/strong><\/p>\n\n\n\n<p>Escolaridade \u2013 ensino fundamental incompleto;<\/p>\n\n\n\n<p>Experi\u00eancia \u2013 n\u00e3o \u00e9 necess\u00e1rio;<\/p>\n\n\n\n<p>Requisitos Obrigat\u00f3rios \u2013 vaga destinada para candidatos que est\u00e3o em busca de novos desafios, pois, o candidato vai precisar morar em V\u00e1rzea Grande &#8211; MT e documenta\u00e7\u00e3o completa (com dispensa militar);<\/p>\n\n\n\n<p>Atividades \u2013 executar atividades operacionais em setores de apoio ou produ\u00e7\u00e3o de frios, visando garantir a manuten\u00e7\u00e3o, organiza\u00e7\u00e3o, limpeza ou opera\u00e7\u00e3o de atividades na unidade;<\/p>\n\n\n\n<p>Dispon\u00edvel at\u00e9 27\/1\/2025 ou encerramento da vaga.<\/p>\n\n\n\n<p><strong>1 vaga \u2013 Desenvolvedor de Software (SMT)<\/strong><\/p>\n\n\n\n<p>Escolaridade \u2013 ensino superior completo em Tecnologia, Automa\u00e7\u00e3o;<\/p>\n\n\n\n<p>Experi\u00eancia \u2013 seis meses na Carteira de Trabalho;<\/p>\n\n\n\n<p>Requisitos Obrigat\u00f3rios \u2013 ter conhecimentos b\u00e1sicos de programa\u00e7\u00e3o em Visual Studio, Python ou Java, metodologias \u00c1geis Scrum\/Kanban, experi\u00eancia com processo de produ\u00e7\u00e3o SMT, conhecimentos t\u00e9cnicos de m\u00e1quinas de inser\u00e7\u00e3o de SMD, SQL, bases de dados Oracle11g, curso de Ingl\u00eas b\u00e1sico e documenta\u00e7\u00e3o completa;<\/p>\n\n\n\n<p>Atividades \u2013 trabalhar com desenvolvedores para projetar algoritmos e fluxogramas; produzir c\u00f3digos eficientes e intelig\u00edveis respeitando as especifica\u00e7\u00f5es; integrar componentes de software e programas de terceiros; verificar e implementar programas e sistemas; diagnosticar, depurar e atualizar softwares existentes; recomendar e executar melhorias; criar documenta\u00e7\u00e3o t\u00e9cnica para refer\u00eancia e elabora\u00e7\u00e3o de relat\u00f3rios;<\/p>\n\n\n\n<p>Dispon\u00edvel at\u00e9 27\/1\/2025 ou encerramento da vaga.<\/p>\n\n\n\n<p><strong>1 vaga \u2013 Analista de Planejamento e Vendas (PCP)<\/strong><\/p>\n\n\n\n<p>Escolaridade \u2013 ensino superior completo;<\/p>\n\n\n\n<p>Experi\u00eancia \u2013 seis meses na Carteira de Trabalho;<\/p>\n\n\n\n<p>Requisitos Obrigat\u00f3rios \u2013 ter curso de Ingl\u00eas avan\u00e7ado, Inform\u00e1tica avan\u00e7ada e possuir documenta\u00e7\u00e3o completa;<\/p>\n\n\n\n<p>Atividades \u2013 monitorar os resultados de vendas; identificar tend\u00eancias e propor estrat\u00e9gias para melhorar o desempenho; trabalhar em conjunto com a equipe de vendas para projetar a demanda futura, utilizando dados hist\u00f3ricos e an\u00e1lise de mercado; colaborar com o setor de produ\u00e7\u00e3o para ajustar cronogramas e volume de fabrica\u00e7\u00e3o de acordo com as necessidades de vendas; priorizar produtos e pedidos com base em urg\u00eancia, disponibilidade de mat\u00e9ria-prima e prazos de entrega; manter o equil\u00edbrio entre os n\u00edveis de estoque e a demanda, evitando excessos ou falta de produtos; trabalhar na otimiza\u00e7\u00e3o do giro de estoque para reduzir custos e aumento a efici\u00eancia;<\/p>\n\n\n\n<p>Dispon\u00edvel at\u00e9 27\/1\/2025 ou encerramento da vaga.<\/p>\n\n\n\n<p><strong>1 vaga \u2013 T\u00e9cnico de Reparo<\/strong><\/p>\n\n\n\n<p>Escolaridade \u2013 ensino t\u00e9cnico completo em Eletr\u00f4nica;<\/p>\n\n\n\n<p>Experi\u00eancia \u2013 seis meses na Carteira de Trabalho;<\/p>\n\n\n\n<p>Requisitos Obrigat\u00f3rios \u2013 ter curso de Ingl\u00eas b\u00e1sico e documenta\u00e7\u00e3o completa;<\/p>\n\n\n\n<p>Atividades \u2013 consertar aparelhos eletr\u00f4nicos; instalar equipamentos e ou aparelhos eletr\u00f4nicos; desenvolver dispositivos de circuito eletr\u00f4nicos; fazer manuten\u00e7\u00e3o corretiva dos equipamentos; fazer manuten\u00e7\u00f5es preventivas e preditiva dos equipamentos; sugerir mudan\u00e7as de processo de produ\u00e7\u00e3o; redigir documentos;<\/p>\n\n\n\n<p>Dispon\u00edvel at\u00e9 27\/1\/2025 ou encerramento da vaga.<\/p>\n\n\n\n<p><strong>1 vaga \u2013 T\u00e9cnico de Teste<\/strong><\/p>\n\n\n\n<p>Escolaridade \u2013 ensino t\u00e9cnico completo em Eletr\u00f4nica ou Eletr\u00f4nica Digital;<\/p>\n\n\n\n<p>Experi\u00eancia \u2013 seis meses na Carteira de Trabalho;<\/p>\n\n\n\n<p>Requisitos Obrigat\u00f3rios \u2013 ter curso de Ingl\u00eas intermedi\u00e1rio, experi\u00eancia com instala\u00e7\u00e3o de equipamentos, controle de manuten\u00e7\u00e3o preventiva e corretiva de m\u00e1quina de teste e documenta\u00e7\u00e3o completa;<\/p>\n\n\n\n<p>Atividades &#8211; executar melhorias continua e automa\u00e7\u00e3o de processo; executar reparo\/ substitui\u00e7\u00f5es de hardware quando necess\u00e1rio; acompanhar os Yields de toda produ\u00e7\u00e3o submetida aos testes de funcionalidade; fazer relat\u00f3rio com classifica\u00e7\u00e3o de falha dos produtos; realizar manuten\u00e7\u00f5es preventivas e corretivas em equipamentos de teste fabril; cumprir o procedimento de SGQ e QSMS;<\/p>\n\n\n\n<p>Dispon\u00edvel at\u00e9 27\/1\/2025 ou encerramento da vaga.<\/p>\n\n\n\n<p><strong>1 vaga \u2013 Analista de Vendas J\u00fanior<\/strong><\/p>\n\n\n\n<p>Escolaridade \u2013 ensino superior completo ou cursando;<\/p>\n\n\n\n<p>Experi\u00eancia \u2013 seis meses na Carteira de Trabalho;<\/p>\n\n\n\n<p>Requisitos Obrigat\u00f3rios \u2013 ter curso de Inform\u00e1tica avan\u00e7ada, Ingl\u00eas b\u00e1sico e documenta\u00e7\u00e3o completa;<\/p>\n\n\n\n<p>Atividades \u2013 receber emiss\u00e3o e faturamento de NF; declara\u00e7\u00e3o e relat\u00f3rio de vendas e retorno de material; participar de reuni\u00f5es internas e externas com o cliente juntamente com o supervisor de vendas, apresentando resultados para tomada de decis\u00f5es na ger\u00eancia do departamento; acompanhar indicadores de desempenho; acompanhar processo de vendas; manter contato com clientes, buscando atender necessidades relacionadas ao servi\u00e7o de vendas, documenta\u00e7\u00e3o e arquivo da \u00e1rea; acompanhar tr\u00e2mite de exporta\u00e7\u00e3o; cumprir o procedimento de SGI;<\/p>\n\n\n\n<p>Dispon\u00edvel at\u00e9 27\/1\/2025 ou encerramento da vaga.<\/p>\n\n\n\n<p><strong>Vagas em Servi\u00e7os \u2013 <a><\/a>54<\/strong><\/p>\n\n\n\n<p><strong>1 vaga \u2013 Consultor T\u00e9cnico<\/strong><\/p>\n\n\n\n<p>Escolaridade &#8211; ensino m\u00e9dio completo;<\/p>\n\n\n\n<p>Experi\u00eancia \u2013 seis meses na Carteira de Trabalho;<\/p>\n\n\n\n<p>Requisitos Obrigat\u00f3rios \u2013 ter documenta\u00e7\u00e3o completa (com dispensa militar);<\/p>\n\n\n\n<p>Atividades \u2013 demonstrar os produtos, avaliar o perfil dos clientes e fechar contratos de vendas, orientar, informar, entender o produto ou servi\u00e7o, analisar os dados do p\u00fablico-alvo, para elaborar assim uma estrat\u00e9gia de venda, organizar uma agenda de principais clientes;<\/p>\n\n\n\n<p>Dispon\u00edvel at\u00e9 27\/1\/2025 ou encerramento da vaga.<\/p>\n\n\n\n<p><strong>1 vaga \u2013 Dedetizador<\/strong><\/p>\n\n\n\n<p>Escolaridade \u2013 ensino m\u00e9dio completo;<\/p>\n\n\n\n<p>Experi\u00eancia \u2013 n\u00e3o \u00e9 necess\u00e1rio;<\/p>\n\n\n\n<p>Requisitos Obrigat\u00f3rios \u2013 ter Carteira Nacional de Habilita\u00e7\u00e3o categoria \u201cAB\u201d dentro do prazo de validade, disponibilidade de hor\u00e1rio e para viagens, possuir carta de recomenda\u00e7\u00e3o e documenta\u00e7\u00e3o completa (com dispensa militar);<\/p>\n\n\n\n<p>Atividades \u2013 inspecionar o local para identificar focos de infesta\u00e7\u00e3o, avaliar a propaga\u00e7\u00e3o da praga, utilizar produtos, equipamentos e t\u00e9cnicas para combater e controlar as pragas, reparar danos causados \u00e0s instala\u00e7\u00f5es durante o processo de combate \u00e0 praga;<\/p>\n\n\n\n<p>Dispon\u00edvel at\u00e9 27\/1\/2025 ou encerramento da vaga.<\/p>\n\n\n\n<p><strong>1 vagas \u2013 Analista de Recursos Humanos<\/strong><\/p>\n\n\n\n<p>Escolaridade \u2013 ensino superior completo ou cursando recursos humanos, psicologia ou gest\u00e3o de pessoas;<\/p>\n\n\n\n<p>Experi\u00eancia \u2013 seis meses na Carteira de Trabalho;<\/p>\n\n\n\n<p>Requisitos Obrigat\u00f3rios \u2013 ter documenta\u00e7\u00e3o completa;<\/p>\n\n\n\n<p>Atividades \u2013 atuar na ag\u00eancia de empregos, conectar com empresas, divulga\u00e7\u00e3o de vagas e habilidades para falar em p\u00fablico;<\/p>\n\n\n\n<p>Dispon\u00edvel at\u00e9 27\/1\/2025 ou encerramento da vaga.<\/p>\n\n\n\n<p><strong>1 vaga \u2013 Cozinheiro<\/strong><\/p>\n\n\n\n<p>Escolaridade \u2013 ensino m\u00e9dio ou superior completo<\/p>\n\n\n\n<p>Experi\u00eancia \u2013 seis meses na Carteira de Trabalho;<\/p>\n\n\n\n<p>Requisitos Obrigat\u00f3rios \u2013 ter cursos de gastronomia, nutri\u00e7\u00e3o e documenta\u00e7\u00e3o completa;<\/p>\n\n\n\n<p>Atividades \u2013 prepara\u00e7\u00e3o de alimentos em cozinha de alta gastronomia;<\/p>\n\n\n\n<p>Dispon\u00edvel at\u00e9 27\/1\/2025 ou encerramento da vaga.<\/p>\n\n\n\n<p><strong>2 vagas \u2013 T\u00e9cnico de Planejamento<\/strong><\/p>\n\n\n\n<p>Escolaridade \u2013 ensino t\u00e9cnico completo;<\/p>\n\n\n\n<p>Experi\u00eancia \u2013 seis meses na Carteira de Trabalho;<\/p>\n\n\n\n<p>Requisitos Obrigat\u00f3rios \u2013 vaga destinada para candidatos que est\u00e3o em busca de novos desafios, pois, o candidato vai precisar morar em Vila Pitinga\/Presidente Figueiredo, ter conhecimento da din\u00e2mica empresarial em obras, ampla viv\u00eancia em inform\u00e1tica b\u00e1sica e em ambiente MSPROJECT E AUTOCAD, e documenta\u00e7\u00e3o completa;<\/p>\n\n\n\n<p>Atividades \u2013 elaborar, quantificar e controlar escopo dos projetos; desenvolver o planejamento do projeto, atualizando e distribuindo cronogramas;<\/p>\n\n\n\n<p>Dispon\u00edvel at\u00e9 27\/1\/2025 ou encerramento da vaga.<\/p>\n\n\n\n<p><strong>2 vagas \u2013 Motorista de Caminh\u00e3o Munck<\/strong><\/p>\n\n\n\n<p>Escolaridade \u2013 ensino m\u00e9dio completo;<\/p>\n\n\n\n<p>Experi\u00eancia \u2013 seis meses na Carteira de Trabalho;<\/p>\n\n\n\n<p>Requisitos Obrigat\u00f3rios \u2013 vaga destinada para candidatos que est\u00e3o em busca de novos desafios, pois, o candidato vai precisar morar em Vila Pitinga\/Presidente Figueiredo, certificado de Opera\u00e7\u00e3o de Munck, Carteira Nacional de Habilita\u00e7\u00e3o categoria \u201cD\u201d dentro do prazo de validade e documenta\u00e7\u00e3o completa;<\/p>\n\n\n\n<p>Atividades \u2013 transportar, coletar e entregar cargas em geral; guinchar, destombar e remover ve\u00edculos avariados e prestam socorro mec\u00e2nico; movimentar cargas volumosas e pesadas, podem tamb\u00e9m operar equipamentos, realizar inspe\u00e7\u00f5es e reparos em ve\u00edculos, vistoriar cargas, al\u00e9m de verificar documenta\u00e7\u00e3o de ve\u00edculos e cargas;<\/p>\n\n\n\n<p>Dispon\u00edvel at\u00e9 27\/1\/2025 ou encerramento da vaga.<\/p>\n\n\n\n<p><strong>3 vagas \u2013 T\u00e9cnico em Seguran\u00e7a do Trabalho<\/strong><\/p>\n\n\n\n<p>Escolaridade \u2013 ensino superior completo em seguran\u00e7a do trabalho;<\/p>\n\n\n\n<p>Experi\u00eancia \u2013 seis meses na Carteira de Trabalho;<\/p>\n\n\n\n<p>Requisitos Obrigat\u00f3rios \u2013 vaga destinada para candidatos que est\u00e3o em busca de novos desafios, pois, o candidato vai precisar morar em Vila Pitinga\/Presidente Figueiredo e documenta\u00e7\u00e3o completa;<\/p>\n\n\n\n<p>Atividades \u2013 ministrar treinamentos diversos internos da empresa: PAE, PGR, PCMSO, PPR, PCA, PCMSO, ERGONOMIA e outros que forem necess\u00e1rios; revisar e manter atualizado os documentos internos da \u00e1rea de SSO da empresa; realizar an\u00e1lise de quase acidente, acidente e incidentes ocorridos nas depend\u00eancias da empresa ou com funcion\u00e1rios em servi\u00e7os externos; realizar inspe\u00e7\u00f5es para identifica\u00e7\u00e3o de n\u00e3o conformidades relacionadas \u00e0s normas regulamentadoras;<\/p>\n\n\n\n<p>Dispon\u00edvel at\u00e9 27\/1\/2025 ou encerramento da vaga.<\/p>\n\n\n\n<p><strong>4 vagas \u2013 Motorista de \u00d4nibus Urbano<\/strong><\/p>\n\n\n\n<p>Escolaridade \u2013 ensino m\u00e9dio completo;<\/p>\n\n\n\n<p>Experi\u00eancia \u2013 seis meses na Carteira de Trabalho;<\/p>\n\n\n\n<p>Requisitos Obrigat\u00f3rios \u2013 ter curso de Dire\u00e7\u00e3o Defensiva, Transporte Coletivo de Passageiro, Carteira Nacional de habilita\u00e7\u00e3o categoria \u201cD\u201d e documenta\u00e7\u00e3o completa;<\/p>\n\n\n\n<p>Atividades \u2013 atuar na condu\u00e7\u00e3o de transporte coletivo, seguindo as normas de tr\u00e2nsito e realizando as rotas estipuladas pela empresa, entre outras atividades correlatas \u00e0 fun\u00e7\u00e3o;<\/p>\n\n\n\n<p>Dispon\u00edvel at\u00e9 27\/1\/2025 ou encerramento da vaga.<\/p>\n\n\n\n<p><strong>7 vagas \u2013 Agente de Portaria<\/strong><\/p>\n\n\n\n<p>Escolaridade \u2013 ensino m\u00e9dio completo;<\/p>\n\n\n\n<p>Experi\u00eancia \u2013 primeiro emprego;<\/p>\n\n\n\n<p>Requisitos Obrigat\u00f3rios \u2013 ter curso de agente de portaria e documenta\u00e7\u00e3o completa (com dispensa militar);<\/p>\n\n\n\n<p>Atividades \u2013 zelar pela guarda do patrim\u00f4nio e exercer a vigil\u00e2ncia de f\u00e1bricas, armaz\u00e9ns, resid\u00eancias, estacionamentos, edif\u00edcios p\u00fablicos, privados e outros estabelecimentos, percorrendo-os sistematicamente e inspecionando suas depend\u00eancias, para evitar inc\u00eandios, roubos, entrada de pessoas estranhas e outras anormalidades; controlar fluxo de pessoas, identificar, orientar e encaminhar para os lugares desejados; escoltar pessoas e mercadorias; fazer manuten\u00e7\u00f5es simples nos locais de trabalho;<\/p>\n\n\n\n<p>Dispon\u00edvel at\u00e9 27\/1\/2025 ou encerramento da vaga.<\/p>\n\n\n\n<p><strong>2 vagas \u2013 Servente de Obras<\/strong><\/p>\n\n\n\n<p>Escolaridade \u2013 ensino m\u00e9dio completo;<\/p>\n\n\n\n<p>Experi\u00eancia \u2013 quatro meses na Carteira de Trabalho;<\/p>\n\n\n\n<p>Requisitos Obrigat\u00f3rios \u2013 ter documenta\u00e7\u00e3o completa (com dispensa militar);<\/p>\n\n\n\n<p>Atividades \u2013 preparar e transportar materiais, ferramentas, aparelhos ou qualquer pe\u00e7a, limpando-as e arrumando-as de acordo com instru\u00e7\u00f5es; auxiliar o oficial ou encarregado, em conjunto ou sozinho para levar a bom termo a execu\u00e7\u00e3o de suas tarefas; zelar pela conserva\u00e7\u00e3o dos locais onde est\u00e3o sendo realizados os servi\u00e7os;<\/p>\n\n\n\n<p>Dispon\u00edvel at\u00e9 27\/1\/2025 ou encerramento da vaga.<\/p>\n\n\n\n<p><strong>12 vagas \u2013 Mec\u00e2nico de Autom\u00f3vel<\/strong><\/p>\n\n\n\n<p>Escolaridade \u2013 ensino m\u00e9dio completo;<\/p>\n\n\n\n<p>Experi\u00eancia \u2013 seis meses na Carteira de Trabalho;<\/p>\n\n\n\n<p>Requisitos Obrigat\u00f3rios \u2013 ter documenta\u00e7\u00e3o completa (com dispensa militar);<\/p>\n\n\n\n<p>Atividades \u2013 diagnosticar, reparar e realizar a manuten\u00e7\u00e3o de ve\u00edculos, garantindo o funcionamento dos componentes;<\/p>\n\n\n\n<p>Dispon\u00edvel at\u00e9 27\/1\/2025 ou encerramento da vaga.<\/p>\n\n\n\n<p><strong>6 vagas \u2013 Auxiliar Administrativo<\/strong><\/p>\n\n\n\n<p>Escolaridade \u2013 ensino m\u00e9dio completo;<\/p>\n\n\n\n<p>Experi\u00eancia \u2013 seis meses na Carteira de Trabalho;<\/p>\n\n\n\n<p>Requisitos Obrigat\u00f3rios \u2013 ter documenta\u00e7\u00e3o completa;<\/p>\n\n\n\n<p>Atividades \u2013 garantir suporte administrativo e operacional \u00e0s demais \u00e1reas da empresa, com o atendimento telef\u00f4nico, organiza\u00e7\u00e3o de arquivos, envio de documentos, gest\u00e3o de planilhas etc;<\/p>\n\n\n\n<p>Dispon\u00edvel at\u00e9 27\/1\/2025 ou encerramento da vaga.<\/p>\n\n\n\n<p><strong>12 vagas \u2013 Motorista<\/strong><\/p>\n\n\n\n<p>Escolaridade \u2013 ensino m\u00e9dio completo;<\/p>\n\n\n\n<p>Experi\u00eancia \u2013 seis meses na Carteira de Trabalho;<\/p>\n\n\n\n<p>Requisitos Obrigat\u00f3rios \u2013 ter curso de Transporte Escolar, Transporte Coletivo de Passageiros, Carteira Nacional de Habilita\u00e7\u00e3o categoria \u201cD\u201d dentro do prazo de validade e documenta\u00e7\u00e3o completa;<\/p>\n\n\n\n<p>Atividades \u2013 fazer o transporte de materiais e produtos para diversos itiner\u00e1rios; elaborar rotas de viagem e fazer confer\u00eancia de materiais para assegurar a correta entrega;<\/p>\n\n\n\n<p>Dispon\u00edvel at\u00e9 27\/1\/2025 ou encerramento da vaga.<\/p>\n\n\n\n<p><strong>Vagas Exclusivas para Pessoas com Defici\u00eancia (PcD) \u2013 18<\/strong><\/p>\n\n\n\n<p><strong>3 vagas \u2013 Auxiliar de Estoque \u2013 vagas exclusivas para Pessoas com Defici\u00eancia (PcD)<\/strong><\/p>\n\n\n\n<p>Escolaridade \u2013 ensino m\u00e9dio completo;<\/p>\n\n\n\n<p>Experi\u00eancia \u2013 seis meses na Carteira de Trabalho;<\/p>\n\n\n\n<p>Requisitos Obrigat\u00f3rios \u2013 ter documenta\u00e7\u00e3o completa (com dispensa militar);<\/p>\n\n\n\n<p>Atividades \u2013 segurar a correta recep\u00e7\u00e3o de pe\u00e7as e acess\u00f3rios, o devido acondicionamento e uma eficiente expedi\u00e7\u00e3o das pe\u00e7as, garantindo a organiza\u00e7\u00e3o e limpeza da \u00e1rea de estoque;<\/p>\n\n\n\n<p>Dispon\u00edvel at\u00e9 27\/1\/2025 ou encerramento da vaga.<\/p>\n\n\n\n<p><strong>3 vagas \u2013 Operador de Caixa \u2013 vagas exclusivas para Pessoas com Defici\u00eancia (PcD)<\/strong><\/p>\n\n\n\n<p>Escolaridade \u2013 ensino m\u00e9dio completo;<\/p>\n\n\n\n<p>Experi\u00eancia \u2013 seis meses na Carteira de Trabalho;<\/p>\n\n\n\n<p>Requisitos Obrigat\u00f3rios \u2013 ter documenta\u00e7\u00e3o completa (com dispensa militar);<\/p>\n\n\n\n<p>Atividades \u2013 receber valores; realizar constantemente os dep\u00f3sitos no cofre, \u00e0 medida que forem recebendo os pagamentos efetuados pelos clientes, s\u00f3 podendo ser deixado no caixa,apenas o valor referente ao kit troco; conferir se est\u00e1 correto o produto de acordo com a Nota Fiscal; dar informa\u00e7\u00f5es sobre os produtos, tais como: garantia, troca;<\/p>\n\n\n\n<p>Dispon\u00edvel at\u00e9 27\/1\/2025 ou encerramento da vaga.<\/p>\n\n\n\n<p><strong>10 vagas \u2013 Operador de Vendas e Servi\u00e7o \u2013 vagas exclusivas para Pessoas com Defici\u00eancia (PcD)<\/strong><\/p>\n\n\n\n<p>Escolaridade \u2013 ensino m\u00e9dio completo;<\/p>\n\n\n\n<p>Experi\u00eancia \u2013 n\u00e3o \u00e9 necess\u00e1rio;<\/p>\n\n\n\n<p>Requisitos Obrigat\u00f3rios \u2013 ter documenta\u00e7\u00e3o completa;<\/p>\n\n\n\n<p>Atividades \u2013 atuar na \u00e1rea de vendas e servi\u00e7os, como: reposi\u00e7\u00e3o, arruma\u00e7\u00e3o e\/ou distribui\u00e7\u00e3o de roupas, entre outras atividades correlatas \u00e0 fun\u00e7\u00e3o;&nbsp;<\/p>\n\n\n\n<p>Dispon\u00edvel at\u00e9 27\/1\/2025 ou encerramento da vaga.<\/p>\n\n\n\n<p><strong>1 vaga \u2013 Montador \u2013 vaga exclusiva para Pessoa com Defici\u00eancia (PcD)<\/strong><\/p>\n\n\n\n<p>Escolaridade \u2013 ensino m\u00e9dio completo;<\/p>\n\n\n\n<p>Experi\u00eancia \u2013 n\u00e3o \u00e9 necess\u00e1rio;<\/p>\n\n\n\n<p>Requisitos Obrigat\u00f3rios \u2013 ter documenta\u00e7\u00e3o completa;<\/p>\n\n\n\n<p>Atividades \u2013 trabalhar no setor de processos e produ\u00e7\u00e3o, com as seguintes atribui\u00e7\u00f5es; realizar montagem, revis\u00e3o de componentes variados em placas de circuito impresso, embalagem das mesmas, revisar componentes eletr\u00f4nicos, assegurar que a montagem seja realizada de acordo com a instru\u00e7\u00e3o de trabalho;&nbsp;&nbsp;&nbsp;&nbsp;<\/p>\n\n\n\n<p>Dispon\u00edvel at\u00e9 27\/1\/2025 ou encerramento da vaga.<\/p>\n\n\n\n<p><strong>1 vaga \u2013 Auxiliar de Estoque \u2013 vaga exclusiva para Pessoa com Defici\u00eancia (PcD)<\/strong><\/p>\n\n\n\n<p>Escolaridade \u2013 ensino m\u00e9dio completo;<\/p>\n\n\n\n<p>Experi\u00eancia \u2013 seis meses na Carteira de Trabalho;<\/p>\n\n\n\n<p>Requisitos Obrigat\u00f3rios \u2013 ter documenta\u00e7\u00e3o completa (com dispensa militar);<\/p>\n\n\n\n<p>Atividades \u2013 realizar carga e descarga de mercadorias, organizar mercadoria dentro do estoque, auxiliar o motorista durante as entregas;<\/p>\n\n\n\n<p>Dispon\u00edvel at\u00e9 27\/1\/2025 ou encerramento da vaga.<\/p>\n\n\n\n<p>&#8212; &#8212; &#8212;<\/p>\n\n\n\n<p><strong>Texto \u2013&nbsp;<\/strong>Divulga\u00e7\u00e3o\/Semtepi<\/p>\n\n\n\n<p><strong>Fotos \u2013&nbsp;<\/strong>Arquivo\/Semcom<\/p>\n\n\n\n<p><strong>Dispon\u00edveis em \u2013<\/strong><strong>&nbsp;<\/strong><a href=\"https:\/\/flic.kr\/s\/aHBqjB5XtE\"><strong>https:\/\/bflic.kr\/s\/aHBqjB5XtE<\/strong><\/a><\/p>\n","protected":false},"excerpt":{"rendered":"","protected":false},"author":23,"featured_media":234187,"comment_status":"closed","ping_status":"closed","sticky":false,"template":"","format":"standard","meta":{"footnotes":""},"categories":[20],"tags":[77,22,23,667],"acf":[],"yoast_head":"<!-- This site is optimized with the Yoast SEO plugin v23.0 - https:\/\/yoast.com\/wordpress\/plugins\/seo\/ -->\n<title>Sine Manaus oferta 173 vagas de emprego nesta segunda-feira, 27\/1<\/title>\n<meta name=\"description\" content=\"A Prefeitura de Manaus, por meio do Sine Manaus, oferta 173 vagas de emprego em v\u00e1rias \u00e1reas de atua\u00e7\u00e3o, nesta segunda-feira, 27\/1, das 8h \u00e0s 14h.\" \/>\n<meta name=\"robots\" content=\"index, follow, max-snippet:-1, max-image-preview:large, max-video-preview:-1\" \/>\n<link rel=\"canonical\" href=\"https:\/\/www.manaus.am.gov.br\/semcom\/sinemanaus-vagas-2701\/\" \/>\n<meta property=\"og:locale\" content=\"pt_BR\" \/>\n<meta property=\"og:type\" content=\"article\" \/>\n<meta property=\"og:title\" content=\"Sine Manaus oferta 173 vagas de emprego nesta segunda-feira, 27\/1\" \/>\n<meta property=\"og:description\" content=\"A Prefeitura de Manaus, por meio do Sine Manaus, oferta 173 vagas de emprego em v\u00e1rias \u00e1reas de atua\u00e7\u00e3o, nesta segunda-feira, 27\/1, das 8h \u00e0s 14h.\" \/>\n<meta property=\"og:url\" content=\"https:\/\/www.manaus.am.gov.br\/semcom\/sinemanaus-vagas-2701\/\" \/>\n<meta property=\"og:site_name\" content=\"SEMCOM\" \/>\n<meta property=\"article:published_time\" content=\"2025-01-26T12:11:55+00:00\" \/>\n<meta property=\"article:modified_time\" content=\"2025-01-26T12:11:56+00:00\" \/>\n<meta property=\"og:image\" content=\"https:\/\/www.manaus.am.gov.br\/semcom\/wp-content\/uploads\/sites\/5\/2025\/01\/53380337786_9811a1a742_c.jpg\" \/>\n\t<meta property=\"og:image:width\" content=\"799\" \/>\n\t<meta property=\"og:image:height\" content=\"533\" \/>\n\t<meta property=\"og:image:type\" content=\"image\/jpeg\" \/>\n<meta name=\"author\" content=\"Adriana Costa\" \/>\n<meta name=\"twitter:card\" content=\"summary_large_image\" \/>\n<meta name=\"twitter:label1\" content=\"Written by\" \/>\n\t<meta name=\"twitter:data1\" content=\"Adriana Costa\" \/>\n\t<meta name=\"twitter:label2\" content=\"Est. reading time\" \/>\n\t<meta name=\"twitter:data2\" content=\"18 minutos\" \/>\n<script type=\"application\/ld+json\" class=\"yoast-schema-graph\">{\"@context\":\"https:\/\/schema.org\",\"@graph\":[{\"@type\":\"WebPage\",\"@id\":\"https:\/\/www.manaus.am.gov.br\/semcom\/sinemanaus-vagas-2701\/\",\"url\":\"https:\/\/www.manaus.am.gov.br\/semcom\/sinemanaus-vagas-2701\/\",\"name\":\"Sine Manaus oferta 173 vagas de emprego nesta segunda-feira, 27\/1\",\"isPartOf\":{\"@id\":\"https:\/\/www.manaus.am.gov.br\/semcom\/#website\"},\"primaryImageOfPage\":{\"@id\":\"https:\/\/www.manaus.am.gov.br\/semcom\/sinemanaus-vagas-2701\/#primaryimage\"},\"image\":{\"@id\":\"https:\/\/www.manaus.am.gov.br\/semcom\/sinemanaus-vagas-2701\/#primaryimage\"},\"thumbnailUrl\":\"https:\/\/www.manaus.am.gov.br\/semcom\/wp-content\/uploads\/sites\/5\/2025\/01\/53380337786_9811a1a742_c.jpg\",\"datePublished\":\"2025-01-26T12:11:55+00:00\",\"dateModified\":\"2025-01-26T12:11:56+00:00\",\"author\":{\"@id\":\"https:\/\/www.manaus.am.gov.br\/semcom\/#\/schema\/person\/4e49f4e267757a06ca072ec61b2b9968\"},\"description\":\"A Prefeitura de Manaus, por meio do Sine Manaus, oferta 173 vagas de emprego em v\u00e1rias \u00e1reas de atua\u00e7\u00e3o, nesta segunda-feira, 27\/1, das 8h \u00e0s 14h.\",\"inLanguage\":\"pt-BR\",\"potentialAction\":[{\"@type\":\"ReadAction\",\"target\":[\"https:\/\/www.manaus.am.gov.br\/semcom\/sinemanaus-vagas-2701\/\"]}]},{\"@type\":\"ImageObject\",\"inLanguage\":\"pt-BR\",\"@id\":\"https:\/\/www.manaus.am.gov.br\/semcom\/sinemanaus-vagas-2701\/#primaryimage\",\"url\":\"https:\/\/www.manaus.am.gov.br\/semcom\/wp-content\/uploads\/sites\/5\/2025\/01\/53380337786_9811a1a742_c.jpg\",\"contentUrl\":\"https:\/\/www.manaus.am.gov.br\/semcom\/wp-content\/uploads\/sites\/5\/2025\/01\/53380337786_9811a1a742_c.jpg\",\"width\":799,\"height\":533},{\"@type\":\"WebSite\",\"@id\":\"https:\/\/www.manaus.am.gov.br\/semcom\/#website\",\"url\":\"https:\/\/www.manaus.am.gov.br\/semcom\/\",\"name\":\"SEMCOM\",\"description\":\"Secretaria Municipal de Comunica\u00e7\u00e3o\",\"potentialAction\":[{\"@type\":\"SearchAction\",\"target\":{\"@type\":\"EntryPoint\",\"urlTemplate\":\"https:\/\/www.manaus.am.gov.br\/semcom\/?s={search_term_string}\"},\"query-input\":\"required name=search_term_string\"}],\"inLanguage\":\"pt-BR\"},{\"@type\":\"Person\",\"@id\":\"https:\/\/www.manaus.am.gov.br\/semcom\/#\/schema\/person\/4e49f4e267757a06ca072ec61b2b9968\",\"name\":\"Adriana Costa\",\"image\":{\"@type\":\"ImageObject\",\"inLanguage\":\"pt-BR\",\"@id\":\"https:\/\/www.manaus.am.gov.br\/semcom\/#\/schema\/person\/image\/\",\"url\":\"https:\/\/secure.gravatar.com\/avatar\/576258617ef7194f718179e766d57bd4?s=96&d=mm&r=g\",\"contentUrl\":\"https:\/\/secure.gravatar.com\/avatar\/576258617ef7194f718179e766d57bd4?s=96&d=mm&r=g\",\"caption\":\"Adriana Costa\"}}]}<\/script>\n<!-- \/ Yoast SEO plugin. -->","yoast_head_json":{"title":"Sine Manaus oferta 173 vagas de emprego nesta segunda-feira, 27\/1","description":"A Prefeitura de Manaus, por meio do Sine Manaus, oferta 173 vagas de emprego em v\u00e1rias \u00e1reas de atua\u00e7\u00e3o, nesta segunda-feira, 27\/1, das 8h \u00e0s 14h.","robots":{"index":"index","follow":"follow","max-snippet":"max-snippet:-1","max-image-preview":"max-image-preview:large","max-video-preview":"max-video-preview:-1"},"canonical":"https:\/\/www.manaus.am.gov.br\/semcom\/sinemanaus-vagas-2701\/","og_locale":"pt_BR","og_type":"article","og_title":"Sine Manaus oferta 173 vagas de emprego nesta segunda-feira, 27\/1","og_description":"A Prefeitura de Manaus, por meio do Sine Manaus, oferta 173 vagas de emprego em v\u00e1rias \u00e1reas de atua\u00e7\u00e3o, nesta segunda-feira, 27\/1, das 8h \u00e0s 14h.","og_url":"https:\/\/www.manaus.am.gov.br\/semcom\/sinemanaus-vagas-2701\/","og_site_name":"SEMCOM","article_published_time":"2025-01-26T12:11:55+00:00","article_modified_time":"2025-01-26T12:11:56+00:00","og_image":[{"width":799,"height":533,"url":"https:\/\/www.manaus.am.gov.br\/semcom\/wp-content\/uploads\/sites\/5\/2025\/01\/53380337786_9811a1a742_c.jpg","type":"image\/jpeg"}],"author":"Adriana Costa","twitter_card":"summary_large_image","twitter_misc":{"Written by":"Adriana Costa","Est. reading time":"18 minutos"},"schema":{"@context":"https:\/\/schema.org","@graph":[{"@type":"WebPage","@id":"https:\/\/www.manaus.am.gov.br\/semcom\/sinemanaus-vagas-2701\/","url":"https:\/\/www.manaus.am.gov.br\/semcom\/sinemanaus-vagas-2701\/","name":"Sine Manaus oferta 173 vagas de emprego nesta segunda-feira, 27\/1","isPartOf":{"@id":"https:\/\/www.manaus.am.gov.br\/semcom\/#website"},"primaryImageOfPage":{"@id":"https:\/\/www.manaus.am.gov.br\/semcom\/sinemanaus-vagas-2701\/#primaryimage"},"image":{"@id":"https:\/\/www.manaus.am.gov.br\/semcom\/sinemanaus-vagas-2701\/#primaryimage"},"thumbnailUrl":"https:\/\/www.manaus.am.gov.br\/semcom\/wp-content\/uploads\/sites\/5\/2025\/01\/53380337786_9811a1a742_c.jpg","datePublished":"2025-01-26T12:11:55+00:00","dateModified":"2025-01-26T12:11:56+00:00","author":{"@id":"https:\/\/www.manaus.am.gov.br\/semcom\/#\/schema\/person\/4e49f4e267757a06ca072ec61b2b9968"},"description":"A Prefeitura de Manaus, por meio do Sine Manaus, oferta 173 vagas de emprego em v\u00e1rias \u00e1reas de atua\u00e7\u00e3o, nesta segunda-feira, 27\/1, das 8h \u00e0s 14h.","inLanguage":"pt-BR","potentialAction":[{"@type":"ReadAction","target":["https:\/\/www.manaus.am.gov.br\/semcom\/sinemanaus-vagas-2701\/"]}]},{"@type":"ImageObject","inLanguage":"pt-BR","@id":"https:\/\/www.manaus.am.gov.br\/semcom\/sinemanaus-vagas-2701\/#primaryimage","url":"https:\/\/www.manaus.am.gov.br\/semcom\/wp-content\/uploads\/sites\/5\/2025\/01\/53380337786_9811a1a742_c.jpg","contentUrl":"https:\/\/www.manaus.am.gov.br\/semcom\/wp-content\/uploads\/sites\/5\/2025\/01\/53380337786_9811a1a742_c.jpg","width":799,"height":533},{"@type":"WebSite","@id":"https:\/\/www.manaus.am.gov.br\/semcom\/#website","url":"https:\/\/www.manaus.am.gov.br\/semcom\/","name":"SEMCOM","description":"Secretaria Municipal de Comunica\u00e7\u00e3o","potentialAction":[{"@type":"SearchAction","target":{"@type":"EntryPoint","urlTemplate":"https:\/\/www.manaus.am.gov.br\/semcom\/?s={search_term_string}"},"query-input":"required name=search_term_string"}],"inLanguage":"pt-BR"},{"@type":"Person","@id":"https:\/\/www.manaus.am.gov.br\/semcom\/#\/schema\/person\/4e49f4e267757a06ca072ec61b2b9968","name":"Adriana Costa","image":{"@type":"ImageObject","inLanguage":"pt-BR","@id":"https:\/\/www.manaus.am.gov.br\/semcom\/#\/schema\/person\/image\/","url":"https:\/\/secure.gravatar.com\/avatar\/576258617ef7194f718179e766d57bd4?s=96&d=mm&r=g","contentUrl":"https:\/\/secure.gravatar.com\/avatar\/576258617ef7194f718179e766d57bd4?s=96&d=mm&r=g","caption":"Adriana Costa"}}]}},"_links":{"self":[{"href":"https:\/\/www.manaus.am.gov.br\/semcom\/wp-json\/wp\/v2\/posts\/234186"}],"collection":[{"href":"https:\/\/www.manaus.am.gov.br\/semcom\/wp-json\/wp\/v2\/posts"}],"about":[{"href":"https:\/\/www.manaus.am.gov.br\/semcom\/wp-json\/wp\/v2\/types\/post"}],"author":[{"embeddable":true,"href":"https:\/\/www.manaus.am.gov.br\/semcom\/wp-json\/wp\/v2\/users\/23"}],"replies":[{"embeddable":true,"href":"https:\/\/www.manaus.am.gov.br\/semcom\/wp-json\/wp\/v2\/comments?post=234186"}],"version-history":[{"count":0,"href":"https:\/\/www.manaus.am.gov.br\/semcom\/wp-json\/wp\/v2\/posts\/234186\/revisions"}],"wp:featuredmedia":[{"embeddable":true,"href":"https:\/\/www.manaus.am.gov.br\/semcom\/wp-json\/wp\/v2\/media\/234187"}],"wp:attachment":[{"href":"https:\/\/www.manaus.am.gov.br\/semcom\/wp-json\/wp\/v2\/media?parent=234186"}],"wp:term":[{"taxonomy":"category","embeddable":true,"href":"https:\/\/www.manaus.am.gov.br\/semcom\/wp-json\/wp\/v2\/categories?post=234186"},{"taxonomy":"post_tag","embeddable":true,"href":"https:\/\/www.manaus.am.gov.br\/semcom\/wp-json\/wp\/v2\/tags?post=234186"}],"curies":[{"name":"wp","href":"https:\/\/api.w.org\/{rel}","templated":true}]}}