{"id":234149,"date":"2025-01-24T16:56:43","date_gmt":"2025-01-24T19:56:43","guid":{"rendered":"https:\/\/www.manaus.am.gov.br\/semcom\/janeiro-branco-campanha\/"},"modified":"2025-01-24T16:56:44","modified_gmt":"2025-01-24T19:56:44","slug":"janeiro-branco-campanha","status":"publish","type":"post","link":"https:\/\/www.manaus.am.gov.br\/semcom\/janeiro-branco-campanha\/","title":{"rendered":"\u2018Janeiro Branco\u2019 mobiliza servidores da prefeitura, que escrevem mensagens positivas e de cuidado"},"content":{"rendered":"\n<p>No primeiro m\u00eas do ano, a campanha \u201cJaneiro Branco\u201d voltou a mobilizar os servidores da Prefeitura de Manaus, especialmente do Instituto Municipal de Planejamento Urbano (Implurb), que participaram de uma mem\u00f3ria fotogr\u00e1fica produzida nesta sexta-feira, 24\/1, na frente da autarquia.<\/p>\n\n\n\n<p>Com roupas brancas, bal\u00f5es nas m\u00e3os e mensagens escritas e positivas, de sonhos e de desejos para 2025, os colaboradores se reuniram para soltar um bal\u00e3o simb\u00f3lico, com sementes naturais. Nos pedidos enviados ao c\u00e9u, o refor\u00e7o para bons pensamentos, bons gestos, buscando sa\u00fade, amor, resili\u00eancia, paz e autocuidado.<\/p>\n\n\n\n<p>Durante toda a semana, os servidores foram chamados a participar da mobiliza\u00e7\u00e3o, com apoio da Assessoria de Comunica\u00e7\u00e3o e M\u00eddias Sociais, para compartilhar desejos e sonhos em mensagens escritas em tiras de papel recicl\u00e1vel, que foram colocadas dentro do bal\u00e3o principal. Acostumados a uma rotina de atendimento, uma das atividades mais essenciais no servi\u00e7o p\u00fablico, s\u00e3o os servidores que funcionam de elo entre a popula\u00e7\u00e3o e \u00f3rg\u00e3os e secretarias.<\/p>\n\n\n\n<p>No instituto municipal, a miss\u00e3o de servir \u00e0 sociedade envolve n\u00e3o apenas efici\u00eancia, celeridade e qualidade nas respostas, mas tamb\u00e9m o respeito e a empatia com cada cidad\u00e3o que procura a autarquia.<\/p>\n\n\n\n<p>Para os servidores p\u00fablicos, essa responsabilidade precisa equacionar ainda equil\u00edbrio emocional e sa\u00fade mental.<\/p>\n\n\n\n<p><strong>Mobiliza\u00e7\u00e3o<\/strong><\/p>\n\n\n\n<p>Conforme o vice-presidente do Implurb, Ant\u00f4nio Peixoto, a campanha e mobiliza\u00e7\u00e3o s\u00e3o positivas e buscam provocar a intera\u00e7\u00e3o, integra\u00e7\u00e3o e conscientiza\u00e7\u00e3o sobre a necessidade de cuidar da sa\u00fade mental e emocional.<\/p>\n\n\n\n<p>&#8220;\u00c9 o servidor que atende a popula\u00e7\u00e3o, ent\u00e3o, ele precisa estar com a sa\u00fade mental e emocional em dia. Se voc\u00ea estiver passando por algum momento cr\u00edtico e de dificuldade, fale com algu\u00e9m, pe\u00e7a ajuda. Trago este alerta para podermos entender a import\u00e2ncia de ter paz e cuidados pessoais, do corpo \u00e0 mente&#8221;, comentou Peixoto.<\/p>\n\n\n\n<p>O &#8220;Janeiro Branco&#8221; \u00e9 uma iniciativa que visa conscientizar a sociedade sobre a import\u00e2ncia de se discutir e cuidar da sa\u00fade emocional, uma tem\u00e1tica fundamental tanto no ambiente de trabalho quanto no atendimento \u00e0s demandas da popula\u00e7\u00e3o.<\/p>\n\n\n\n<p>O Implurb tem profissionais que podem dar assist\u00eancia aos servidores, tendo uma assistente social em seus quadros. \u201cO m\u00eas \u00e9 um convite a pensar sobre sentimentos, sobre buscar ajuda e estabelecer metas para a sa\u00fade da mente, n\u00e3o apenas do corpo. E como \u00e9 in\u00edcio de ano, aproveitamos para sair com o p\u00e9 direito, priorizando o autocuidado e o equil\u00edbrio emocional. E desejar o bem e ter sonhos e metas \u00e9 um outro convite a pensar sobre a vida e sobre o coletivo. Passamos mais tempo no trabalho do que mesmo com nossas fam\u00edlias, e esse tempo precisa ser de qualidade\u201d, frisou a arquiteta e urbanista Rejane Gaston, gerente da Divis\u00e3o de Planejamento Urbano (Dipu).<\/p>\n\n\n\n<p>Para o arquiteto e urbanista Pedro Paulo Cordeiro, diretor de Planejamento (DPLA), um dos eixos do Implurb \u00e9 criar espa\u00e7os p\u00fablicos de qualidade e que incentivam a conviv\u00eancia social, como parques, pra\u00e7as e \u00e1reas p\u00fablicas de refer\u00eancia para a popula\u00e7\u00e3o. \u201cE vamos al\u00e9m, pensando sempre na acessibilidade e inclus\u00e3o em projetos urbanos, garantindo a todos os cidad\u00e3os o acesso a essas entregas e obras. O planejamento urbano \u00e9 um aliado importante na constru\u00e7\u00e3o de um tecido urbano mais rico, de comunidades mais saud\u00e1veis e da autoestima de moradores, melhorando o lugar onde vivem\u201d, comentou.<\/p>\n\n\n\n<p><strong>Contatos de ajuda<\/strong><\/p>\n\n\n\n<p><strong>Centro de Valoriza\u00e7\u00e3o da Vida (CVV) &#8211;<\/strong> 188<br><strong>Hor\u00e1rio de atendimento por telefone:<\/strong> Dispon\u00edvel 24 horas<br><strong>Hor\u00e1rio de atendimento por chat:<\/strong> Dom &#8211; 17h \u00e0 1h, Seg a Qui &#8211; 9h \u00e0 1h, Sex &#8211; 15h \u00e0s 23h, S\u00e1b &#8211; 16h \u00e0 1h<\/p>\n\n\n\n<p><strong>Centro de Aten\u00e7\u00e3o Psicossocial &#8211; Caps<\/strong><br><strong>Hor\u00e1rio de atendimento<\/strong>: 7h \u00e0s 17h<\/p>\n\n\n\n<p>Centro de Aten\u00e7\u00e3o Psicossocial III Benjamin Matias Fernandes;<\/p>\n\n\n\n<p>Centro de Aten\u00e7\u00e3o Psicossocial III \u00c1lcool e Drogas Dr. Afr\u00e2nio Soares;<\/p>\n\n\n\n<p>Centro de Aten\u00e7\u00e3o Psicossocial II \u00c1lcool e Drogas Dra. Eliana Vitorino Schramm;<\/p>\n\n\n\n<p>Centro de Aten\u00e7\u00e3o Psicossocial Infantojuvenil Leste Dr. Rogelio Casado Marinho Filho;<\/p>\n\n\n\n<p>Centro de Aten\u00e7\u00e3o Psicossocial Infantojuvenil Sul Psic\u00f3loga Nivya Kellen de Castro Valente;<\/p>\n\n\n\n<p>Centro Especializado em Reabilita\u00e7\u00e3o \u2013 CER II Professor Rolls Gracie \u2013 F\u00edsico e Intelectual;<\/p>\n\n\n\n<p><strong>Unidades de Aten\u00e7\u00e3o Psicol\u00f3gica<\/strong><\/p>\n\n\n\n<p>USF Ant\u00f4nio Reis<br>Endere\u00e7o: Rua Escandin\u00e1via, s\/n \u2013 S\u00e3o L\u00e1zaro;<\/p>\n\n\n\n<p>Policl\u00ednica Dr. Ant\u00f4nio Comte Telles<br>Endere\u00e7o: Rua Barreirinha, s\/n \u2013 S\u00e3o Jos\u00e9 Oper\u00e1rio;<\/p>\n\n\n\n<p>Policl\u00ednica Castelo Branco<br>Endere\u00e7o: Rua do Com\u00e9rcio, s\/n \u2013 Parque 10;<\/p>\n\n\n\n<p>USF Ajuricaba<br>Endere\u00e7o: Av. Leste, s\/n \u2013 Conjunto Ajuricaba, Alvorada;<\/p>\n\n\n\n<p>Policl\u00ednica Dr. Djalma Batista<br>Endere\u00e7o: Rua Teot\u00f4nio Vilela, s\/n \u2013 Compensa;<\/p>\n\n\n\n<p>USF Prefeito Manoel Henriques Ribeiro<br>Endere\u00e7o: Rua Leblon, s\/n\u00b0, Conjunto Residencial Viver Melhor 3, Bairro Cidade de Deus;<\/p>\n\n\n\n<p>USF Desembargador F\u00e1bio Couto Valle<br>Endere\u00e7o: Av. Brigadeiro Hil\u00e1rio Gurj\u00e3o, s\/n \u2013 Jorge Teixeira;<\/p>\n\n\n\n<p>USF Professor Carlson Gracie<br>Endere\u00e7o: Av. Cura\u00e7ao, s\/n \u2013 Nova Cidade<\/p>\n\n\n\n<p><strong>\u2014 \u2014 \u2014\u00a0<\/strong><br><strong>Texto &#8211; <\/strong>Cl\u00e1udia do Valle \/ Implurb<br><strong>Fotos &#8211;<\/strong> Jo\u00e3o Viana \/ Semcom<\/p>\n\n\n\n<p><strong>Dispon\u00edveis<\/strong><strong> em &#8211; <\/strong><a href=\"https:\/\/flic.kr\/s\/aHBqjBZ7mL\">https:\/\/flic.kr\/s\/aHBqjBZ7mL<\/a><\/p>\n","protected":false},"excerpt":{"rendered":"","protected":false},"author":68,"featured_media":234150,"comment_status":"closed","ping_status":"closed","sticky":false,"template":"","format":"standard","meta":{"footnotes":""},"categories":[289],"tags":[13173,65,77],"acf":[],"yoast_head":"<!-- This site is optimized with the Yoast SEO plugin v23.0 - https:\/\/yoast.com\/wordpress\/plugins\/seo\/ -->\n<title>\u2018Janeiro Branco\u2019 mobiliza servidores da prefeitura, que escrevem mensagens positivas e de cuidado<\/title>\n<meta name=\"description\" content=\"No primeiro m\u00eas do ano, a campanha \u201cJaneiro Branco\u201d voltou a mobilizar os servidores da Prefeitura de Manaus, especialmente do Instituto Municipal de Planejamento Urbano (Implurb), que participaram de uma mem\u00f3ria fotogr\u00e1fica produzida nesta sexta-feira, 24\/1, na frente da autarquia.\" \/>\n<meta name=\"robots\" content=\"index, follow, max-snippet:-1, max-image-preview:large, max-video-preview:-1\" \/>\n<link rel=\"canonical\" href=\"https:\/\/www.manaus.am.gov.br\/semcom\/janeiro-branco-campanha\/\" \/>\n<meta property=\"og:locale\" content=\"pt_BR\" \/>\n<meta property=\"og:type\" content=\"article\" \/>\n<meta property=\"og:title\" content=\"\u2018Janeiro Branco\u2019 mobiliza servidores da prefeitura, que escrevem mensagens positivas e de cuidado\" \/>\n<meta property=\"og:description\" content=\"No primeiro m\u00eas do ano, a campanha \u201cJaneiro Branco\u201d voltou a mobilizar os servidores da Prefeitura de Manaus, especialmente do Instituto Municipal de Planejamento Urbano (Implurb), que participaram de uma mem\u00f3ria fotogr\u00e1fica produzida nesta sexta-feira, 24\/1, na frente da autarquia.\" \/>\n<meta property=\"og:url\" content=\"https:\/\/www.manaus.am.gov.br\/semcom\/janeiro-branco-campanha\/\" \/>\n<meta property=\"og:site_name\" content=\"SEMCOM\" \/>\n<meta property=\"article:published_time\" content=\"2025-01-24T19:56:43+00:00\" \/>\n<meta property=\"article:modified_time\" content=\"2025-01-24T19:56:44+00:00\" \/>\n<meta property=\"og:image\" content=\"https:\/\/www.manaus.am.gov.br\/semcom\/wp-content\/uploads\/sites\/5\/2025\/01\/54285008591_4724716497_c.jpg\" \/>\n\t<meta property=\"og:image:width\" content=\"799\" \/>\n\t<meta property=\"og:image:height\" content=\"533\" \/>\n\t<meta property=\"og:image:type\" content=\"image\/jpeg\" \/>\n<meta name=\"author\" content=\"bvalente\" \/>\n<meta name=\"twitter:card\" content=\"summary_large_image\" \/>\n<meta name=\"twitter:label1\" content=\"Written by\" \/>\n\t<meta name=\"twitter:data1\" content=\"bvalente\" \/>\n\t<meta name=\"twitter:label2\" content=\"Est. reading time\" \/>\n\t<meta name=\"twitter:data2\" content=\"5 minutos\" \/>\n<script type=\"application\/ld+json\" class=\"yoast-schema-graph\">{\"@context\":\"https:\/\/schema.org\",\"@graph\":[{\"@type\":\"WebPage\",\"@id\":\"https:\/\/www.manaus.am.gov.br\/semcom\/janeiro-branco-campanha\/\",\"url\":\"https:\/\/www.manaus.am.gov.br\/semcom\/janeiro-branco-campanha\/\",\"name\":\"\u2018Janeiro Branco\u2019 mobiliza servidores da prefeitura, que escrevem mensagens positivas e de cuidado\",\"isPartOf\":{\"@id\":\"https:\/\/www.manaus.am.gov.br\/semcom\/#website\"},\"primaryImageOfPage\":{\"@id\":\"https:\/\/www.manaus.am.gov.br\/semcom\/janeiro-branco-campanha\/#primaryimage\"},\"image\":{\"@id\":\"https:\/\/www.manaus.am.gov.br\/semcom\/janeiro-branco-campanha\/#primaryimage\"},\"thumbnailUrl\":\"https:\/\/www.manaus.am.gov.br\/semcom\/wp-content\/uploads\/sites\/5\/2025\/01\/54285008591_4724716497_c.jpg\",\"datePublished\":\"2025-01-24T19:56:43+00:00\",\"dateModified\":\"2025-01-24T19:56:44+00:00\",\"author\":{\"@id\":\"https:\/\/www.manaus.am.gov.br\/semcom\/#\/schema\/person\/466a0e03ae4b6062809046bd560ac955\"},\"description\":\"No primeiro m\u00eas do ano, a campanha \u201cJaneiro Branco\u201d voltou a mobilizar os servidores da Prefeitura de Manaus, especialmente do Instituto Municipal de Planejamento Urbano (Implurb), que participaram de uma mem\u00f3ria fotogr\u00e1fica produzida nesta sexta-feira, 24\/1, na frente da autarquia.\",\"inLanguage\":\"pt-BR\",\"potentialAction\":[{\"@type\":\"ReadAction\",\"target\":[\"https:\/\/www.manaus.am.gov.br\/semcom\/janeiro-branco-campanha\/\"]}]},{\"@type\":\"ImageObject\",\"inLanguage\":\"pt-BR\",\"@id\":\"https:\/\/www.manaus.am.gov.br\/semcom\/janeiro-branco-campanha\/#primaryimage\",\"url\":\"https:\/\/www.manaus.am.gov.br\/semcom\/wp-content\/uploads\/sites\/5\/2025\/01\/54285008591_4724716497_c.jpg\",\"contentUrl\":\"https:\/\/www.manaus.am.gov.br\/semcom\/wp-content\/uploads\/sites\/5\/2025\/01\/54285008591_4724716497_c.jpg\",\"width\":799,\"height\":533},{\"@type\":\"WebSite\",\"@id\":\"https:\/\/www.manaus.am.gov.br\/semcom\/#website\",\"url\":\"https:\/\/www.manaus.am.gov.br\/semcom\/\",\"name\":\"SEMCOM\",\"description\":\"Secretaria Municipal de Comunica\u00e7\u00e3o\",\"potentialAction\":[{\"@type\":\"SearchAction\",\"target\":{\"@type\":\"EntryPoint\",\"urlTemplate\":\"https:\/\/www.manaus.am.gov.br\/semcom\/?s={search_term_string}\"},\"query-input\":\"required name=search_term_string\"}],\"inLanguage\":\"pt-BR\"},{\"@type\":\"Person\",\"@id\":\"https:\/\/www.manaus.am.gov.br\/semcom\/#\/schema\/person\/466a0e03ae4b6062809046bd560ac955\",\"name\":\"bvalente\",\"image\":{\"@type\":\"ImageObject\",\"inLanguage\":\"pt-BR\",\"@id\":\"https:\/\/www.manaus.am.gov.br\/semcom\/#\/schema\/person\/image\/\",\"url\":\"https:\/\/secure.gravatar.com\/avatar\/3e69bc2b014bdad41adfec3a39de07d2?s=96&d=mm&r=g\",\"contentUrl\":\"https:\/\/secure.gravatar.com\/avatar\/3e69bc2b014bdad41adfec3a39de07d2?s=96&d=mm&r=g\",\"caption\":\"bvalente\"}}]}<\/script>\n<!-- \/ Yoast SEO plugin. -->","yoast_head_json":{"title":"\u2018Janeiro Branco\u2019 mobiliza servidores da prefeitura, que escrevem mensagens positivas e de cuidado","description":"No primeiro m\u00eas do ano, a campanha \u201cJaneiro Branco\u201d voltou a mobilizar os servidores da Prefeitura de Manaus, especialmente do Instituto Municipal de Planejamento Urbano (Implurb), que participaram de uma mem\u00f3ria fotogr\u00e1fica produzida nesta sexta-feira, 24\/1, na frente da autarquia.","robots":{"index":"index","follow":"follow","max-snippet":"max-snippet:-1","max-image-preview":"max-image-preview:large","max-video-preview":"max-video-preview:-1"},"canonical":"https:\/\/www.manaus.am.gov.br\/semcom\/janeiro-branco-campanha\/","og_locale":"pt_BR","og_type":"article","og_title":"\u2018Janeiro Branco\u2019 mobiliza servidores da prefeitura, que escrevem mensagens positivas e de cuidado","og_description":"No primeiro m\u00eas do ano, a campanha \u201cJaneiro Branco\u201d voltou a mobilizar os servidores da Prefeitura de Manaus, especialmente do Instituto Municipal de Planejamento Urbano (Implurb), que participaram de uma mem\u00f3ria fotogr\u00e1fica produzida nesta sexta-feira, 24\/1, na frente da autarquia.","og_url":"https:\/\/www.manaus.am.gov.br\/semcom\/janeiro-branco-campanha\/","og_site_name":"SEMCOM","article_published_time":"2025-01-24T19:56:43+00:00","article_modified_time":"2025-01-24T19:56:44+00:00","og_image":[{"width":799,"height":533,"url":"https:\/\/www.manaus.am.gov.br\/semcom\/wp-content\/uploads\/sites\/5\/2025\/01\/54285008591_4724716497_c.jpg","type":"image\/jpeg"}],"author":"bvalente","twitter_card":"summary_large_image","twitter_misc":{"Written by":"bvalente","Est. reading time":"5 minutos"},"schema":{"@context":"https:\/\/schema.org","@graph":[{"@type":"WebPage","@id":"https:\/\/www.manaus.am.gov.br\/semcom\/janeiro-branco-campanha\/","url":"https:\/\/www.manaus.am.gov.br\/semcom\/janeiro-branco-campanha\/","name":"\u2018Janeiro Branco\u2019 mobiliza servidores da prefeitura, que escrevem mensagens positivas e de cuidado","isPartOf":{"@id":"https:\/\/www.manaus.am.gov.br\/semcom\/#website"},"primaryImageOfPage":{"@id":"https:\/\/www.manaus.am.gov.br\/semcom\/janeiro-branco-campanha\/#primaryimage"},"image":{"@id":"https:\/\/www.manaus.am.gov.br\/semcom\/janeiro-branco-campanha\/#primaryimage"},"thumbnailUrl":"https:\/\/www.manaus.am.gov.br\/semcom\/wp-content\/uploads\/sites\/5\/2025\/01\/54285008591_4724716497_c.jpg","datePublished":"2025-01-24T19:56:43+00:00","dateModified":"2025-01-24T19:56:44+00:00","author":{"@id":"https:\/\/www.manaus.am.gov.br\/semcom\/#\/schema\/person\/466a0e03ae4b6062809046bd560ac955"},"description":"No primeiro m\u00eas do ano, a campanha \u201cJaneiro Branco\u201d voltou a mobilizar os servidores da Prefeitura de Manaus, especialmente do Instituto Municipal de Planejamento Urbano (Implurb), que participaram de uma mem\u00f3ria fotogr\u00e1fica produzida nesta sexta-feira, 24\/1, na frente da autarquia.","inLanguage":"pt-BR","potentialAction":[{"@type":"ReadAction","target":["https:\/\/www.manaus.am.gov.br\/semcom\/janeiro-branco-campanha\/"]}]},{"@type":"ImageObject","inLanguage":"pt-BR","@id":"https:\/\/www.manaus.am.gov.br\/semcom\/janeiro-branco-campanha\/#primaryimage","url":"https:\/\/www.manaus.am.gov.br\/semcom\/wp-content\/uploads\/sites\/5\/2025\/01\/54285008591_4724716497_c.jpg","contentUrl":"https:\/\/www.manaus.am.gov.br\/semcom\/wp-content\/uploads\/sites\/5\/2025\/01\/54285008591_4724716497_c.jpg","width":799,"height":533},{"@type":"WebSite","@id":"https:\/\/www.manaus.am.gov.br\/semcom\/#website","url":"https:\/\/www.manaus.am.gov.br\/semcom\/","name":"SEMCOM","description":"Secretaria Municipal de Comunica\u00e7\u00e3o","potentialAction":[{"@type":"SearchAction","target":{"@type":"EntryPoint","urlTemplate":"https:\/\/www.manaus.am.gov.br\/semcom\/?s={search_term_string}"},"query-input":"required name=search_term_string"}],"inLanguage":"pt-BR"},{"@type":"Person","@id":"https:\/\/www.manaus.am.gov.br\/semcom\/#\/schema\/person\/466a0e03ae4b6062809046bd560ac955","name":"bvalente","image":{"@type":"ImageObject","inLanguage":"pt-BR","@id":"https:\/\/www.manaus.am.gov.br\/semcom\/#\/schema\/person\/image\/","url":"https:\/\/secure.gravatar.com\/avatar\/3e69bc2b014bdad41adfec3a39de07d2?s=96&d=mm&r=g","contentUrl":"https:\/\/secure.gravatar.com\/avatar\/3e69bc2b014bdad41adfec3a39de07d2?s=96&d=mm&r=g","caption":"bvalente"}}]}},"_links":{"self":[{"href":"https:\/\/www.manaus.am.gov.br\/semcom\/wp-json\/wp\/v2\/posts\/234149"}],"collection":[{"href":"https:\/\/www.manaus.am.gov.br\/semcom\/wp-json\/wp\/v2\/posts"}],"about":[{"href":"https:\/\/www.manaus.am.gov.br\/semcom\/wp-json\/wp\/v2\/types\/post"}],"author":[{"embeddable":true,"href":"https:\/\/www.manaus.am.gov.br\/semcom\/wp-json\/wp\/v2\/users\/68"}],"replies":[{"embeddable":true,"href":"https:\/\/www.manaus.am.gov.br\/semcom\/wp-json\/wp\/v2\/comments?post=234149"}],"version-history":[{"count":0,"href":"https:\/\/www.manaus.am.gov.br\/semcom\/wp-json\/wp\/v2\/posts\/234149\/revisions"}],"wp:featuredmedia":[{"embeddable":true,"href":"https:\/\/www.manaus.am.gov.br\/semcom\/wp-json\/wp\/v2\/media\/234150"}],"wp:attachment":[{"href":"https:\/\/www.manaus.am.gov.br\/semcom\/wp-json\/wp\/v2\/media?parent=234149"}],"wp:term":[{"taxonomy":"category","embeddable":true,"href":"https:\/\/www.manaus.am.gov.br\/semcom\/wp-json\/wp\/v2\/categories?post=234149"},{"taxonomy":"post_tag","embeddable":true,"href":"https:\/\/www.manaus.am.gov.br\/semcom\/wp-json\/wp\/v2\/tags?post=234149"}],"curies":[{"name":"wp","href":"https:\/\/api.w.org\/{rel}","templated":true}]}}