{"id":234121,"date":"2025-01-23T18:49:50","date_gmt":"2025-01-23T21:49:50","guid":{"rendered":"https:\/\/www.manaus.am.gov.br\/semcom\/programa-aposentadoria-manaus\/"},"modified":"2025-01-23T18:49:52","modified_gmt":"2025-01-23T21:49:52","slug":"programa-aposentadoria-manaus","status":"publish","type":"post","link":"https:\/\/www.manaus.am.gov.br\/semcom\/programa-aposentadoria-manaus\/","title":{"rendered":"Prefeitura de Manaus homenageia 150 rec\u00e9m-aposentados no primeiro \u2018Feliz Vida Nova\u2019 de 2025"},"content":{"rendered":"\n<p>A Prefeitura de Manaus, via Manaus Previd\u00eancia, homenageou 150 rec\u00e9m-aposentados na primeira edi\u00e7\u00e3o de 2025 do programa de acolhimento e boas-vindas \u201cFeliz Vida Nova\u201d. A a\u00e7\u00e3o aconteceu nesta quinta-feira, 23\/1, na sede da autarquia, na avenida Constantino Nery, bairro Chapada, zona Centro-Sul.<\/p>\n\n\n\n<p>Os novos aposentados presentes no evento receberam uma placa de reconhecimento, juntamente com a c\u00f3pia do Di\u00e1rio Oficial do Munic\u00edpio (DOM) que atesta a sua aposentadoria. Eles ainda participaram de uma palestra sobre pens\u00e3o por morte e organiza\u00e7\u00e3o financeira, al\u00e9m de uma sensibiliza\u00e7\u00e3o com a tem\u00e1tica do \u201cJaneiro Branco\u201d, que aborda sa\u00fade mental.&nbsp;&nbsp;<\/p>\n\n\n\n<p>\u201cA cada trimestre, realizamos uma edi\u00e7\u00e3o do Feliz Vida Nova como um ato de boas-vindas \u00e0 nova fase de vida que \u00e9 a aposentadoria e tamb\u00e9m como reconhecimento pelos anos de dedica\u00e7\u00e3o ao servi\u00e7o p\u00fablico. Aproveitamos para inform\u00e1-los sobre os seus direitos, integr\u00e1-los aos projetos psicossociais da Manausprev e tamb\u00e9m sanar d\u00favidas previdenci\u00e1rias\u201d, explica a diretora-presidente da autarquia, Daniela Benayon.<\/p>\n\n\n\n<p>A iniciativa faz parte do programa de \u201cEduca\u00e7\u00e3o Previdenci\u00e1ria\u201d da autarquia municipal e contribui com a adapta\u00e7\u00e3o dos novos aposentados \u00e0s mudan\u00e7as que acompanham essa nova etapa.<\/p>\n\n\n\n<p>Ap\u00f3s 30 anos atuando como educadora, a rec\u00e9m-aposentada Edna Carvalho explanou a sua alegria em estar vivendo esse novo momento ao ser acolhida pela Manaus Previd\u00eancia.<\/p>\n\n\n\n<p>\u201cE hoje eu estou vivendo esse momento especial, maravilhoso, ainda jovem, cheia de energia, e agrade\u00e7o \u00e0 Manausprev por ter preparado essa a\u00e7\u00e3o de acolhimento, de renova\u00e7\u00e3o, de ver tanta gente linda por aqui. Esse momento \u00e9 novo, mas de continuidade, de saberes, de reconstru\u00e7\u00f5es e de viv\u00eancias\u201d.<\/p>\n\n\n\n<p>&#8212; &#8212; &#8212;<br><strong>Texto<\/strong> \u2013 Renata Felix \/ Manaus Previd\u00eancia<br><strong>Fotos<\/strong> \u2013 Divulga\u00e7\u00e3o \/ Manaus Previd\u00eancia<\/p>\n","protected":false},"excerpt":{"rendered":"","protected":false},"author":68,"featured_media":234122,"comment_status":"closed","ping_status":"closed","sticky":false,"template":"","format":"standard","meta":{"footnotes":""},"categories":[1700],"tags":[1743,12239,9617,77],"acf":[],"yoast_head":"<!-- This site is optimized with the Yoast SEO plugin v23.0 - https:\/\/yoast.com\/wordpress\/plugins\/seo\/ -->\n<title>Prefeitura homenageia 150 rec\u00e9m-aposentados no primeiro \u2018Feliz Vida Nova\u2019 de 2025<\/title>\n<meta name=\"description\" content=\"A Prefeitura de Manaus, via Manaus Previd\u00eancia, homenageou 150 rec\u00e9m-aposentados na primeira edi\u00e7\u00e3o de 2025 do programa de acolhimento e boas-vindas \u201cFeliz Vida Nova\u201d.\" \/>\n<meta name=\"robots\" content=\"index, follow, max-snippet:-1, max-image-preview:large, max-video-preview:-1\" \/>\n<link rel=\"canonical\" href=\"https:\/\/www.manaus.am.gov.br\/semcom\/programa-aposentadoria-manaus\/\" \/>\n<meta property=\"og:locale\" content=\"pt_BR\" \/>\n<meta property=\"og:type\" content=\"article\" \/>\n<meta property=\"og:title\" content=\"Prefeitura homenageia 150 rec\u00e9m-aposentados no primeiro \u2018Feliz Vida Nova\u2019 de 2025\" \/>\n<meta property=\"og:description\" content=\"A Prefeitura de Manaus, via Manaus Previd\u00eancia, homenageou 150 rec\u00e9m-aposentados na primeira edi\u00e7\u00e3o de 2025 do programa de acolhimento e boas-vindas \u201cFeliz Vida Nova\u201d.\" \/>\n<meta property=\"og:url\" content=\"https:\/\/www.manaus.am.gov.br\/semcom\/programa-aposentadoria-manaus\/\" \/>\n<meta property=\"og:site_name\" content=\"SEMCOM\" \/>\n<meta property=\"article:published_time\" content=\"2025-01-23T21:49:50+00:00\" \/>\n<meta property=\"article:modified_time\" content=\"2025-01-23T21:49:52+00:00\" \/>\n<meta property=\"og:image\" content=\"https:\/\/www.manaus.am.gov.br\/semcom\/wp-content\/uploads\/sites\/5\/2025\/01\/Feliz-Vida-Nova-2.jpg\" \/>\n\t<meta property=\"og:image:width\" content=\"800\" \/>\n\t<meta property=\"og:image:height\" content=\"600\" \/>\n\t<meta property=\"og:image:type\" content=\"image\/jpeg\" \/>\n<meta name=\"author\" content=\"bvalente\" \/>\n<meta name=\"twitter:card\" content=\"summary_large_image\" \/>\n<meta name=\"twitter:label1\" content=\"Written by\" \/>\n\t<meta name=\"twitter:data1\" content=\"bvalente\" \/>\n\t<meta name=\"twitter:label2\" content=\"Est. reading time\" \/>\n\t<meta name=\"twitter:data2\" content=\"2 minutos\" \/>\n<script type=\"application\/ld+json\" class=\"yoast-schema-graph\">{\"@context\":\"https:\/\/schema.org\",\"@graph\":[{\"@type\":\"WebPage\",\"@id\":\"https:\/\/www.manaus.am.gov.br\/semcom\/programa-aposentadoria-manaus\/\",\"url\":\"https:\/\/www.manaus.am.gov.br\/semcom\/programa-aposentadoria-manaus\/\",\"name\":\"Prefeitura homenageia 150 rec\u00e9m-aposentados no primeiro \u2018Feliz Vida Nova\u2019 de 2025\",\"isPartOf\":{\"@id\":\"https:\/\/www.manaus.am.gov.br\/semcom\/#website\"},\"primaryImageOfPage\":{\"@id\":\"https:\/\/www.manaus.am.gov.br\/semcom\/programa-aposentadoria-manaus\/#primaryimage\"},\"image\":{\"@id\":\"https:\/\/www.manaus.am.gov.br\/semcom\/programa-aposentadoria-manaus\/#primaryimage\"},\"thumbnailUrl\":\"https:\/\/www.manaus.am.gov.br\/semcom\/wp-content\/uploads\/sites\/5\/2025\/01\/Feliz-Vida-Nova-2.jpg\",\"datePublished\":\"2025-01-23T21:49:50+00:00\",\"dateModified\":\"2025-01-23T21:49:52+00:00\",\"author\":{\"@id\":\"https:\/\/www.manaus.am.gov.br\/semcom\/#\/schema\/person\/466a0e03ae4b6062809046bd560ac955\"},\"description\":\"A Prefeitura de Manaus, via Manaus Previd\u00eancia, homenageou 150 rec\u00e9m-aposentados na primeira edi\u00e7\u00e3o de 2025 do programa de acolhimento e boas-vindas \u201cFeliz Vida Nova\u201d.\",\"inLanguage\":\"pt-BR\",\"potentialAction\":[{\"@type\":\"ReadAction\",\"target\":[\"https:\/\/www.manaus.am.gov.br\/semcom\/programa-aposentadoria-manaus\/\"]}]},{\"@type\":\"ImageObject\",\"inLanguage\":\"pt-BR\",\"@id\":\"https:\/\/www.manaus.am.gov.br\/semcom\/programa-aposentadoria-manaus\/#primaryimage\",\"url\":\"https:\/\/www.manaus.am.gov.br\/semcom\/wp-content\/uploads\/sites\/5\/2025\/01\/Feliz-Vida-Nova-2.jpg\",\"contentUrl\":\"https:\/\/www.manaus.am.gov.br\/semcom\/wp-content\/uploads\/sites\/5\/2025\/01\/Feliz-Vida-Nova-2.jpg\",\"width\":800,\"height\":600},{\"@type\":\"WebSite\",\"@id\":\"https:\/\/www.manaus.am.gov.br\/semcom\/#website\",\"url\":\"https:\/\/www.manaus.am.gov.br\/semcom\/\",\"name\":\"SEMCOM\",\"description\":\"Secretaria Municipal de Comunica\u00e7\u00e3o\",\"potentialAction\":[{\"@type\":\"SearchAction\",\"target\":{\"@type\":\"EntryPoint\",\"urlTemplate\":\"https:\/\/www.manaus.am.gov.br\/semcom\/?s={search_term_string}\"},\"query-input\":\"required name=search_term_string\"}],\"inLanguage\":\"pt-BR\"},{\"@type\":\"Person\",\"@id\":\"https:\/\/www.manaus.am.gov.br\/semcom\/#\/schema\/person\/466a0e03ae4b6062809046bd560ac955\",\"name\":\"bvalente\",\"image\":{\"@type\":\"ImageObject\",\"inLanguage\":\"pt-BR\",\"@id\":\"https:\/\/www.manaus.am.gov.br\/semcom\/#\/schema\/person\/image\/\",\"url\":\"https:\/\/secure.gravatar.com\/avatar\/3e69bc2b014bdad41adfec3a39de07d2?s=96&d=mm&r=g\",\"contentUrl\":\"https:\/\/secure.gravatar.com\/avatar\/3e69bc2b014bdad41adfec3a39de07d2?s=96&d=mm&r=g\",\"caption\":\"bvalente\"}}]}<\/script>\n<!-- \/ Yoast SEO plugin. -->","yoast_head_json":{"title":"Prefeitura homenageia 150 rec\u00e9m-aposentados no primeiro \u2018Feliz Vida Nova\u2019 de 2025","description":"A Prefeitura de Manaus, via Manaus Previd\u00eancia, homenageou 150 rec\u00e9m-aposentados na primeira edi\u00e7\u00e3o de 2025 do programa de acolhimento e boas-vindas \u201cFeliz Vida Nova\u201d.","robots":{"index":"index","follow":"follow","max-snippet":"max-snippet:-1","max-image-preview":"max-image-preview:large","max-video-preview":"max-video-preview:-1"},"canonical":"https:\/\/www.manaus.am.gov.br\/semcom\/programa-aposentadoria-manaus\/","og_locale":"pt_BR","og_type":"article","og_title":"Prefeitura homenageia 150 rec\u00e9m-aposentados no primeiro \u2018Feliz Vida Nova\u2019 de 2025","og_description":"A Prefeitura de Manaus, via Manaus Previd\u00eancia, homenageou 150 rec\u00e9m-aposentados na primeira edi\u00e7\u00e3o de 2025 do programa de acolhimento e boas-vindas \u201cFeliz Vida Nova\u201d.","og_url":"https:\/\/www.manaus.am.gov.br\/semcom\/programa-aposentadoria-manaus\/","og_site_name":"SEMCOM","article_published_time":"2025-01-23T21:49:50+00:00","article_modified_time":"2025-01-23T21:49:52+00:00","og_image":[{"width":800,"height":600,"url":"https:\/\/www.manaus.am.gov.br\/semcom\/wp-content\/uploads\/sites\/5\/2025\/01\/Feliz-Vida-Nova-2.jpg","type":"image\/jpeg"}],"author":"bvalente","twitter_card":"summary_large_image","twitter_misc":{"Written by":"bvalente","Est. reading time":"2 minutos"},"schema":{"@context":"https:\/\/schema.org","@graph":[{"@type":"WebPage","@id":"https:\/\/www.manaus.am.gov.br\/semcom\/programa-aposentadoria-manaus\/","url":"https:\/\/www.manaus.am.gov.br\/semcom\/programa-aposentadoria-manaus\/","name":"Prefeitura homenageia 150 rec\u00e9m-aposentados no primeiro \u2018Feliz Vida Nova\u2019 de 2025","isPartOf":{"@id":"https:\/\/www.manaus.am.gov.br\/semcom\/#website"},"primaryImageOfPage":{"@id":"https:\/\/www.manaus.am.gov.br\/semcom\/programa-aposentadoria-manaus\/#primaryimage"},"image":{"@id":"https:\/\/www.manaus.am.gov.br\/semcom\/programa-aposentadoria-manaus\/#primaryimage"},"thumbnailUrl":"https:\/\/www.manaus.am.gov.br\/semcom\/wp-content\/uploads\/sites\/5\/2025\/01\/Feliz-Vida-Nova-2.jpg","datePublished":"2025-01-23T21:49:50+00:00","dateModified":"2025-01-23T21:49:52+00:00","author":{"@id":"https:\/\/www.manaus.am.gov.br\/semcom\/#\/schema\/person\/466a0e03ae4b6062809046bd560ac955"},"description":"A Prefeitura de Manaus, via Manaus Previd\u00eancia, homenageou 150 rec\u00e9m-aposentados na primeira edi\u00e7\u00e3o de 2025 do programa de acolhimento e boas-vindas \u201cFeliz Vida Nova\u201d.","inLanguage":"pt-BR","potentialAction":[{"@type":"ReadAction","target":["https:\/\/www.manaus.am.gov.br\/semcom\/programa-aposentadoria-manaus\/"]}]},{"@type":"ImageObject","inLanguage":"pt-BR","@id":"https:\/\/www.manaus.am.gov.br\/semcom\/programa-aposentadoria-manaus\/#primaryimage","url":"https:\/\/www.manaus.am.gov.br\/semcom\/wp-content\/uploads\/sites\/5\/2025\/01\/Feliz-Vida-Nova-2.jpg","contentUrl":"https:\/\/www.manaus.am.gov.br\/semcom\/wp-content\/uploads\/sites\/5\/2025\/01\/Feliz-Vida-Nova-2.jpg","width":800,"height":600},{"@type":"WebSite","@id":"https:\/\/www.manaus.am.gov.br\/semcom\/#website","url":"https:\/\/www.manaus.am.gov.br\/semcom\/","name":"SEMCOM","description":"Secretaria Municipal de Comunica\u00e7\u00e3o","potentialAction":[{"@type":"SearchAction","target":{"@type":"EntryPoint","urlTemplate":"https:\/\/www.manaus.am.gov.br\/semcom\/?s={search_term_string}"},"query-input":"required name=search_term_string"}],"inLanguage":"pt-BR"},{"@type":"Person","@id":"https:\/\/www.manaus.am.gov.br\/semcom\/#\/schema\/person\/466a0e03ae4b6062809046bd560ac955","name":"bvalente","image":{"@type":"ImageObject","inLanguage":"pt-BR","@id":"https:\/\/www.manaus.am.gov.br\/semcom\/#\/schema\/person\/image\/","url":"https:\/\/secure.gravatar.com\/avatar\/3e69bc2b014bdad41adfec3a39de07d2?s=96&d=mm&r=g","contentUrl":"https:\/\/secure.gravatar.com\/avatar\/3e69bc2b014bdad41adfec3a39de07d2?s=96&d=mm&r=g","caption":"bvalente"}}]}},"_links":{"self":[{"href":"https:\/\/www.manaus.am.gov.br\/semcom\/wp-json\/wp\/v2\/posts\/234121"}],"collection":[{"href":"https:\/\/www.manaus.am.gov.br\/semcom\/wp-json\/wp\/v2\/posts"}],"about":[{"href":"https:\/\/www.manaus.am.gov.br\/semcom\/wp-json\/wp\/v2\/types\/post"}],"author":[{"embeddable":true,"href":"https:\/\/www.manaus.am.gov.br\/semcom\/wp-json\/wp\/v2\/users\/68"}],"replies":[{"embeddable":true,"href":"https:\/\/www.manaus.am.gov.br\/semcom\/wp-json\/wp\/v2\/comments?post=234121"}],"version-history":[{"count":0,"href":"https:\/\/www.manaus.am.gov.br\/semcom\/wp-json\/wp\/v2\/posts\/234121\/revisions"}],"wp:featuredmedia":[{"embeddable":true,"href":"https:\/\/www.manaus.am.gov.br\/semcom\/wp-json\/wp\/v2\/media\/234122"}],"wp:attachment":[{"href":"https:\/\/www.manaus.am.gov.br\/semcom\/wp-json\/wp\/v2\/media?parent=234121"}],"wp:term":[{"taxonomy":"category","embeddable":true,"href":"https:\/\/www.manaus.am.gov.br\/semcom\/wp-json\/wp\/v2\/categories?post=234121"},{"taxonomy":"post_tag","embeddable":true,"href":"https:\/\/www.manaus.am.gov.br\/semcom\/wp-json\/wp\/v2\/tags?post=234121"}],"curies":[{"name":"wp","href":"https:\/\/api.w.org\/{rel}","templated":true}]}}