{"id":234041,"date":"2025-01-21T12:58:05","date_gmt":"2025-01-21T16:58:05","guid":{"rendered":"https:\/\/www.manaus.am.gov.br\/semcom\/lancamento-intranet-implurb\/"},"modified":"2025-01-21T12:58:05","modified_gmt":"2025-01-21T16:58:05","slug":"lancamento-intranet-implurb","status":"publish","type":"post","link":"https:\/\/www.manaus.am.gov.br\/semcom\/lancamento-intranet-implurb\/","title":{"rendered":"Prefeitura de Manaus lan\u00e7a intranet do Implurb para criar um ambiente colaborativo com servidores e agilizar comunica\u00e7\u00e3o interna"},"content":{"rendered":"\n<p>A Prefeitura de Manaus, por meio do Instituto Municipal de Planejamento Urbano (Implurb), passa a contar com uma rede privada de informa\u00e7\u00f5es, com a entrada no ar da sua intranet, para ampliar e melhorar a comunica\u00e7\u00e3o interna e compartilhamento de dados com seus colaboradores e servidores. A ferramenta, que come\u00e7ou a funcionar nesta segunda-feira, 20\/1, visa otimizar os processos na rotina da autarquia.<\/p>\n\n\n\n<p>Constru\u00edda para ser um portal para conectar e integrar os funcion\u00e1rios, a intranet tamb\u00e9m ser\u00e1 usada para envio de comunicados de forma r\u00e1pida e direta, al\u00e9m de ampliar a colabora\u00e7\u00e3o entre os contatos. A intranet do Implurb tem se\u00e7\u00f5es como mensagens din\u00e2micas e de autoestima, compartilhamento de m\u00fasicas e fotos dos servidores.<\/p>\n\n\n\n<p>&#8220;O projeto da intranet j\u00e1 vem sendo formatado h\u00e1 algum tempo, junto com a Ger\u00eancia de Inform\u00e1tica (Ginf) e, com sua conclus\u00e3o, fizemos a apresenta\u00e7\u00e3o para os diretores e gerentes do Implurb. Consideramos este projeto de grande relev\u00e2ncia, porque far\u00e1 com que todos os servidores do Implurb passem a ter acesso de forma mais r\u00e1pida, nos seus terminais, do que o instituto est\u00e1 fazendo. \u00c9 uma ferramenta de endomarketing, fortalecendo institucionalmente o relacionamento entre as \u00e1reas e colaboradores&#8221;, comentou o diretor de Administra\u00e7\u00e3o e Finan\u00e7as&nbsp;(Diraf), Geraldo Rocha.<\/p>\n\n\n\n<p>Para o gerente de TI do Implurb, Ronaldo Silva, a ferramenta foi criada para promover a ampla comunica\u00e7\u00e3o institucional dentro do \u00f3rg\u00e3o e entrar na rotina dos colaboradores. &#8220;Na intranet vamos divulgar, de forma r\u00e1pida e simult\u00e2nea, muitas vezes, os projetos em andamento, os processos entre setores e todas as informa\u00e7\u00f5es internas pertinentes. \u00c9 uma evolu\u00e7\u00e3o da comunica\u00e7\u00e3o interna&#8221;, disse.<\/p>\n\n\n\n<p>A intranet j\u00e1 est\u00e1 em funcionamento para os servidores, sendo acessada exclusivamente dentro da autarquia, al\u00e9m de ter link com o site oficial do Implurb:&nbsp;<a href=\"https:\/\/www.manaus.am.gov.br\/implurb\/\" target=\"_blank\" rel=\"noreferrer noopener\">acesse aqui<\/a>.<\/p>\n\n\n\n<p>A coordenadora de comunica\u00e7\u00e3o do Implurb, Cl\u00e1udia do Valle, acrescentou que a intranet vai permitir um trabalho mais conjunto e colaborativo, usando a ferramenta para divulgar not\u00edcias, avisos e outros comunicados internos. &#8220;E ser\u00e1 um espa\u00e7o para acesso de documentos de interesse geral (cronogramas, planilhas, pesquisas, treinamentos) e de m\u00eddias corporativas, criando uma comunidade on-line e interativa&#8221;, concluiu.<\/p>\n\n\n\n<figure class=\"wp-block-image size-large\"><img loading=\"lazy\" decoding=\"async\" width=\"1024\" height=\"768\" src=\"https:\/\/www.manaus.am.gov.br\/semcom\/wp-content\/uploads\/sites\/5\/2025\/01\/intranet13-1024x768.jpg\" alt=\"\" class=\"wp-image-234042\" srcset=\"https:\/\/www.manaus.am.gov.br\/semcom\/wp-content\/uploads\/sites\/5\/2025\/01\/intranet13-1024x768.jpg 1024w, https:\/\/www.manaus.am.gov.br\/semcom\/wp-content\/uploads\/sites\/5\/2025\/01\/intranet13-300x225.jpg 300w, https:\/\/www.manaus.am.gov.br\/semcom\/wp-content\/uploads\/sites\/5\/2025\/01\/intranet13-768x576.jpg 768w, https:\/\/www.manaus.am.gov.br\/semcom\/wp-content\/uploads\/sites\/5\/2025\/01\/intranet13-1536x1152.jpg 1536w, https:\/\/www.manaus.am.gov.br\/semcom\/wp-content\/uploads\/sites\/5\/2025\/01\/intranet13-2048x1536.jpg 2048w\" sizes=\"(max-width: 1024px) 100vw, 1024px\" \/><\/figure>\n\n\n\n<p>&#8212; &#8212; &#8212;<\/p>\n\n\n\n<p><strong>Texto<\/strong>\u00a0\u2013 Divulga\u00e7\u00e3o\/Implurb<\/p>\n\n\n\n<p><strong>Fotos<\/strong>\u00a0&#8211; Maxwell Oliveira\/Implurb<\/p>\n","protected":false},"excerpt":{"rendered":"","protected":false},"author":39,"featured_media":234043,"comment_status":"closed","ping_status":"closed","sticky":false,"template":"","format":"standard","meta":{"footnotes":""},"categories":[67],"tags":[13200,13201,65,13202,13203,77],"acf":[],"yoast_head":"<!-- This site is optimized with the Yoast SEO plugin v23.0 - https:\/\/yoast.com\/wordpress\/plugins\/seo\/ -->\n<title>Prefeitura de Manaus lan\u00e7a intranet do Implurb<\/title>\n<meta name=\"description\" content=\"Prefeitura de Manaus lan\u00e7a intranet do Implurb para criar um ambiente colaborativo com servidores e agilizar comunica\u00e7\u00e3o interna.\" \/>\n<meta name=\"robots\" content=\"index, follow, max-snippet:-1, max-image-preview:large, max-video-preview:-1\" \/>\n<link rel=\"canonical\" href=\"https:\/\/www.manaus.am.gov.br\/semcom\/lancamento-intranet-implurb\/\" \/>\n<meta property=\"og:locale\" content=\"pt_BR\" \/>\n<meta property=\"og:type\" content=\"article\" \/>\n<meta property=\"og:title\" content=\"Prefeitura de Manaus lan\u00e7a intranet do Implurb\" \/>\n<meta property=\"og:description\" content=\"Prefeitura de Manaus lan\u00e7a intranet do Implurb para criar um ambiente colaborativo com servidores e agilizar comunica\u00e7\u00e3o interna.\" \/>\n<meta property=\"og:url\" content=\"https:\/\/www.manaus.am.gov.br\/semcom\/lancamento-intranet-implurb\/\" \/>\n<meta property=\"og:site_name\" content=\"SEMCOM\" \/>\n<meta property=\"article:published_time\" content=\"2025-01-21T16:58:05+00:00\" \/>\n<meta property=\"og:image\" content=\"https:\/\/www.manaus.am.gov.br\/semcom\/wp-content\/uploads\/sites\/5\/2025\/01\/intranet9.jpg\" \/>\n\t<meta property=\"og:image:width\" content=\"4160\" \/>\n\t<meta property=\"og:image:height\" content=\"3120\" \/>\n\t<meta property=\"og:image:type\" content=\"image\/jpeg\" \/>\n<meta name=\"author\" content=\"Bruna Greco\" \/>\n<meta name=\"twitter:card\" content=\"summary_large_image\" \/>\n<meta name=\"twitter:label1\" content=\"Written by\" \/>\n\t<meta name=\"twitter:data1\" content=\"Bruna Greco\" \/>\n\t<meta name=\"twitter:label2\" content=\"Est. reading time\" \/>\n\t<meta name=\"twitter:data2\" content=\"3 minutos\" \/>\n<script type=\"application\/ld+json\" class=\"yoast-schema-graph\">{\"@context\":\"https:\/\/schema.org\",\"@graph\":[{\"@type\":\"WebPage\",\"@id\":\"https:\/\/www.manaus.am.gov.br\/semcom\/lancamento-intranet-implurb\/\",\"url\":\"https:\/\/www.manaus.am.gov.br\/semcom\/lancamento-intranet-implurb\/\",\"name\":\"Prefeitura de Manaus lan\u00e7a intranet do Implurb\",\"isPartOf\":{\"@id\":\"https:\/\/www.manaus.am.gov.br\/semcom\/#website\"},\"primaryImageOfPage\":{\"@id\":\"https:\/\/www.manaus.am.gov.br\/semcom\/lancamento-intranet-implurb\/#primaryimage\"},\"image\":{\"@id\":\"https:\/\/www.manaus.am.gov.br\/semcom\/lancamento-intranet-implurb\/#primaryimage\"},\"thumbnailUrl\":\"https:\/\/www.manaus.am.gov.br\/semcom\/wp-content\/uploads\/sites\/5\/2025\/01\/intranet9.jpg\",\"datePublished\":\"2025-01-21T16:58:05+00:00\",\"dateModified\":\"2025-01-21T16:58:05+00:00\",\"author\":{\"@id\":\"https:\/\/www.manaus.am.gov.br\/semcom\/#\/schema\/person\/05d223aea2bf115f9883a6ff3683d81b\"},\"description\":\"Prefeitura de Manaus lan\u00e7a intranet do Implurb para criar um ambiente colaborativo com servidores e agilizar comunica\u00e7\u00e3o interna.\",\"inLanguage\":\"pt-BR\",\"potentialAction\":[{\"@type\":\"ReadAction\",\"target\":[\"https:\/\/www.manaus.am.gov.br\/semcom\/lancamento-intranet-implurb\/\"]}]},{\"@type\":\"ImageObject\",\"inLanguage\":\"pt-BR\",\"@id\":\"https:\/\/www.manaus.am.gov.br\/semcom\/lancamento-intranet-implurb\/#primaryimage\",\"url\":\"https:\/\/www.manaus.am.gov.br\/semcom\/wp-content\/uploads\/sites\/5\/2025\/01\/intranet9.jpg\",\"contentUrl\":\"https:\/\/www.manaus.am.gov.br\/semcom\/wp-content\/uploads\/sites\/5\/2025\/01\/intranet9.jpg\",\"width\":4160,\"height\":3120,\"caption\":\"#paratodosverem - Encontro com representantes e servidores do Implurb sobre o lan\u00e7amento da Intranet da autarquia\"},{\"@type\":\"WebSite\",\"@id\":\"https:\/\/www.manaus.am.gov.br\/semcom\/#website\",\"url\":\"https:\/\/www.manaus.am.gov.br\/semcom\/\",\"name\":\"SEMCOM\",\"description\":\"Secretaria Municipal de Comunica\u00e7\u00e3o\",\"potentialAction\":[{\"@type\":\"SearchAction\",\"target\":{\"@type\":\"EntryPoint\",\"urlTemplate\":\"https:\/\/www.manaus.am.gov.br\/semcom\/?s={search_term_string}\"},\"query-input\":\"required name=search_term_string\"}],\"inLanguage\":\"pt-BR\"},{\"@type\":\"Person\",\"@id\":\"https:\/\/www.manaus.am.gov.br\/semcom\/#\/schema\/person\/05d223aea2bf115f9883a6ff3683d81b\",\"name\":\"Bruna Greco\",\"image\":{\"@type\":\"ImageObject\",\"inLanguage\":\"pt-BR\",\"@id\":\"https:\/\/www.manaus.am.gov.br\/semcom\/#\/schema\/person\/image\/\",\"url\":\"https:\/\/secure.gravatar.com\/avatar\/9c877d1a6adc2a055330e5c09a8653ce?s=96&d=mm&r=g\",\"contentUrl\":\"https:\/\/secure.gravatar.com\/avatar\/9c877d1a6adc2a055330e5c09a8653ce?s=96&d=mm&r=g\",\"caption\":\"Bruna Greco\"}}]}<\/script>\n<!-- \/ Yoast SEO plugin. -->","yoast_head_json":{"title":"Prefeitura de Manaus lan\u00e7a intranet do Implurb","description":"Prefeitura de Manaus lan\u00e7a intranet do Implurb para criar um ambiente colaborativo com servidores e agilizar comunica\u00e7\u00e3o interna.","robots":{"index":"index","follow":"follow","max-snippet":"max-snippet:-1","max-image-preview":"max-image-preview:large","max-video-preview":"max-video-preview:-1"},"canonical":"https:\/\/www.manaus.am.gov.br\/semcom\/lancamento-intranet-implurb\/","og_locale":"pt_BR","og_type":"article","og_title":"Prefeitura de Manaus lan\u00e7a intranet do Implurb","og_description":"Prefeitura de Manaus lan\u00e7a intranet do Implurb para criar um ambiente colaborativo com servidores e agilizar comunica\u00e7\u00e3o interna.","og_url":"https:\/\/www.manaus.am.gov.br\/semcom\/lancamento-intranet-implurb\/","og_site_name":"SEMCOM","article_published_time":"2025-01-21T16:58:05+00:00","og_image":[{"width":4160,"height":3120,"url":"https:\/\/www.manaus.am.gov.br\/semcom\/wp-content\/uploads\/sites\/5\/2025\/01\/intranet9.jpg","type":"image\/jpeg"}],"author":"Bruna Greco","twitter_card":"summary_large_image","twitter_misc":{"Written by":"Bruna Greco","Est. reading time":"3 minutos"},"schema":{"@context":"https:\/\/schema.org","@graph":[{"@type":"WebPage","@id":"https:\/\/www.manaus.am.gov.br\/semcom\/lancamento-intranet-implurb\/","url":"https:\/\/www.manaus.am.gov.br\/semcom\/lancamento-intranet-implurb\/","name":"Prefeitura de Manaus lan\u00e7a intranet do Implurb","isPartOf":{"@id":"https:\/\/www.manaus.am.gov.br\/semcom\/#website"},"primaryImageOfPage":{"@id":"https:\/\/www.manaus.am.gov.br\/semcom\/lancamento-intranet-implurb\/#primaryimage"},"image":{"@id":"https:\/\/www.manaus.am.gov.br\/semcom\/lancamento-intranet-implurb\/#primaryimage"},"thumbnailUrl":"https:\/\/www.manaus.am.gov.br\/semcom\/wp-content\/uploads\/sites\/5\/2025\/01\/intranet9.jpg","datePublished":"2025-01-21T16:58:05+00:00","dateModified":"2025-01-21T16:58:05+00:00","author":{"@id":"https:\/\/www.manaus.am.gov.br\/semcom\/#\/schema\/person\/05d223aea2bf115f9883a6ff3683d81b"},"description":"Prefeitura de Manaus lan\u00e7a intranet do Implurb para criar um ambiente colaborativo com servidores e agilizar comunica\u00e7\u00e3o interna.","inLanguage":"pt-BR","potentialAction":[{"@type":"ReadAction","target":["https:\/\/www.manaus.am.gov.br\/semcom\/lancamento-intranet-implurb\/"]}]},{"@type":"ImageObject","inLanguage":"pt-BR","@id":"https:\/\/www.manaus.am.gov.br\/semcom\/lancamento-intranet-implurb\/#primaryimage","url":"https:\/\/www.manaus.am.gov.br\/semcom\/wp-content\/uploads\/sites\/5\/2025\/01\/intranet9.jpg","contentUrl":"https:\/\/www.manaus.am.gov.br\/semcom\/wp-content\/uploads\/sites\/5\/2025\/01\/intranet9.jpg","width":4160,"height":3120,"caption":"#paratodosverem - Encontro com representantes e servidores do Implurb sobre o lan\u00e7amento da Intranet da autarquia"},{"@type":"WebSite","@id":"https:\/\/www.manaus.am.gov.br\/semcom\/#website","url":"https:\/\/www.manaus.am.gov.br\/semcom\/","name":"SEMCOM","description":"Secretaria Municipal de Comunica\u00e7\u00e3o","potentialAction":[{"@type":"SearchAction","target":{"@type":"EntryPoint","urlTemplate":"https:\/\/www.manaus.am.gov.br\/semcom\/?s={search_term_string}"},"query-input":"required name=search_term_string"}],"inLanguage":"pt-BR"},{"@type":"Person","@id":"https:\/\/www.manaus.am.gov.br\/semcom\/#\/schema\/person\/05d223aea2bf115f9883a6ff3683d81b","name":"Bruna Greco","image":{"@type":"ImageObject","inLanguage":"pt-BR","@id":"https:\/\/www.manaus.am.gov.br\/semcom\/#\/schema\/person\/image\/","url":"https:\/\/secure.gravatar.com\/avatar\/9c877d1a6adc2a055330e5c09a8653ce?s=96&d=mm&r=g","contentUrl":"https:\/\/secure.gravatar.com\/avatar\/9c877d1a6adc2a055330e5c09a8653ce?s=96&d=mm&r=g","caption":"Bruna Greco"}}]}},"_links":{"self":[{"href":"https:\/\/www.manaus.am.gov.br\/semcom\/wp-json\/wp\/v2\/posts\/234041"}],"collection":[{"href":"https:\/\/www.manaus.am.gov.br\/semcom\/wp-json\/wp\/v2\/posts"}],"about":[{"href":"https:\/\/www.manaus.am.gov.br\/semcom\/wp-json\/wp\/v2\/types\/post"}],"author":[{"embeddable":true,"href":"https:\/\/www.manaus.am.gov.br\/semcom\/wp-json\/wp\/v2\/users\/39"}],"replies":[{"embeddable":true,"href":"https:\/\/www.manaus.am.gov.br\/semcom\/wp-json\/wp\/v2\/comments?post=234041"}],"version-history":[{"count":1,"href":"https:\/\/www.manaus.am.gov.br\/semcom\/wp-json\/wp\/v2\/posts\/234041\/revisions"}],"predecessor-version":[{"id":234044,"href":"https:\/\/www.manaus.am.gov.br\/semcom\/wp-json\/wp\/v2\/posts\/234041\/revisions\/234044"}],"wp:featuredmedia":[{"embeddable":true,"href":"https:\/\/www.manaus.am.gov.br\/semcom\/wp-json\/wp\/v2\/media\/234043"}],"wp:attachment":[{"href":"https:\/\/www.manaus.am.gov.br\/semcom\/wp-json\/wp\/v2\/media?parent=234041"}],"wp:term":[{"taxonomy":"category","embeddable":true,"href":"https:\/\/www.manaus.am.gov.br\/semcom\/wp-json\/wp\/v2\/categories?post=234041"},{"taxonomy":"post_tag","embeddable":true,"href":"https:\/\/www.manaus.am.gov.br\/semcom\/wp-json\/wp\/v2\/tags?post=234041"}],"curies":[{"name":"wp","href":"https:\/\/api.w.org\/{rel}","templated":true}]}}