{"id":233969,"date":"2025-01-18T15:04:58","date_gmt":"2025-01-18T18:04:58","guid":{"rendered":"https:\/\/www.manaus.am.gov.br\/semcom\/janeiro-branco-saude-mental-implurb\/"},"modified":"2025-01-18T15:05:05","modified_gmt":"2025-01-18T18:05:05","slug":"janeiro-branco-saude-mental-implurb","status":"publish","type":"post","link":"https:\/\/www.manaus.am.gov.br\/semcom\/janeiro-branco-saude-mental-implurb\/","title":{"rendered":"&#8216;Janeiro Branco&#8217; \u00e9 destaque para colaboradores do Implurb para o autocuidado e tratamento com a popula\u00e7\u00e3o no dia-a-dia"},"content":{"rendered":"\n<p>O atendimento \u00e9 uma das atividades mais essenciais no servi\u00e7o p\u00fablico, sendo uma ponte entre as necessidades da popula\u00e7\u00e3o e as solu\u00e7\u00f5es que os \u00f3rg\u00e3os governamentais oferecem. Na Prefeitura de Manaus, como no <a href=\"https:\/\/www.manaus.am.gov.br\/implurb\/\">Instituto Municipal de Planejamento Urbano<\/a> (Implurb), n\u00e3o \u00e9 diferente e a miss\u00e3o de servir \u00e0 sociedade envolve n\u00e3o apenas efici\u00eancia, celeridade e qualidade nas respostas, mas tamb\u00e9m o respeito e a empatia com cada cidad\u00e3o que procura o instituto.<\/p>\n\n\n\n<p>Para os servidores p\u00fablicos, essa responsabilidade exige n\u00e3o apenas habilidades t\u00e9cnicas, mas tamb\u00e9m equil\u00edbrio emocional e sa\u00fade mental. Marcado pela campanha &#8220;Janeiro Branco&#8221;, o primeiro m\u00eas do ano \u00e9 um momento de reflex\u00e3o sobre o cuidado com a sa\u00fade mental, especialmente para aqueles que est\u00e3o na linha de frente do atendimento p\u00fablico.<\/p>\n\n\n\n<p>Para o vice-presidente do <a href=\"https:\/\/www.instagram.com\/implurb\/\">Implurb<\/a>, Ant\u00f4nio Peixoto, o &#8220;Janeiro Branco&#8221; \u00e9 tempo de conscientiza\u00e7\u00e3o sobre a sa\u00fade mental e emocional.<\/p>\n\n\n\n<p>&#8220;Isso \u00e9 muito importante para todos n\u00f3s, que sa\u00edmos muito recente de uma pandemia, que trouxe consequ\u00eancias na nossa sociedade. \u00c9 o servidor que atende a popula\u00e7\u00e3o, ent\u00e3o, eles precisam estar com a sa\u00fade mental e emocional em dia. Se voc\u00ea estiver passando por algum momento cr\u00edtico e de dificuldade, fale com algu\u00e9m, pe\u00e7a ajuda. Trago este alerta para podermos entender a import\u00e2ncia de ter paz e cuidados pessoais, do corpo \u00e0 mente&#8221;, comentou Peixoto.<\/p>\n\n\n\n<p>O &#8220;Janeiro Branco&#8221; \u00e9 uma iniciativa que visa conscientizar a sociedade sobre a import\u00e2ncia de se discutir e cuidar da sa\u00fade emocional, uma tem\u00e1tica fundamental tanto no ambiente de trabalho quanto no atendimento \u00e0s demandas da popula\u00e7\u00e3o.<\/p>\n\n\n\n<p>A arquiteta e urbanista do Implurb, Elo\u00edsa Serr\u00e3o, disse que \u00e9 fundamental poder ter uma mente s\u00e3 e ter alegria nas pequenas coisas do dia-a-dia.<\/p>\n\n\n\n<p>&#8220;A boca fala do que o cora\u00e7\u00e3o est\u00e1 cheio. E desejo um cora\u00e7\u00e3o leve para nossos colaboradores, de poder trabalhar bem com as pessoas que est\u00e3o ao nosso redor, para sermos seres humanos melhores e felizes&#8221;, afirmou. Elo\u00edsa destacou ainda a necessidade de ter um ambiente de trabalho saud\u00e1vel, onde se passa grande parte do tempo.<\/p>\n\n\n\n<p>A assistente t\u00e9cnica Arilayne Sim\u00f5es alertou que \u00e9 importante se aprender a lidar com quest\u00f5es de sa\u00fade mental e que a campanha &#8220;Janeiro Branco&#8221; \u00e9 uma forma da Prefeitura de Manaus de se importar com os servidores.<\/p>\n\n\n\n<p>&#8220;Eu vivo isso diariamente, tanto comigo quanto com minha fam\u00edlia. Sei muito bem da import\u00e2ncia de me analisar e de me cuidar. Precisamos saber cuidar tanto da popula\u00e7\u00e3o quanto de um funcion\u00e1rio que esteja passando por uma dificuldade&#8221;.<\/p>\n\n\n\n<p>J\u00e1 Fabiana Barroso, tamb\u00e9m assistente t\u00e9cnica do instituto, afirmou que a campanha \u00e9 o tempo de discutir a sa\u00fade mental, para a mente, para que se possa estar bem para servir bem \u00e0 popula\u00e7\u00e3o, de modo geral.<\/p>\n\n\n\n<p>&#8220;Em um cen\u00e1rio de intensa intera\u00e7\u00e3o com o p\u00fablico, manter o equil\u00edbrio emocional \u00e9 vital para uma presta\u00e7\u00e3o de servi\u00e7o eficiente, que seja ao mesmo tempo humana e sens\u00edvel \u00e0s necessidades de cada pessoa&#8221;, acrescentou Fabiana.<\/p>\n\n\n\n<p>O Implurb tem profissionais que podem dar assist\u00eancia aos servidores, tendo uma assistente social em seus quadros. Nas redes sociais, a autarquia publicou os contatos principais de atendimento dispon\u00edveis, desde o Centro de Valoriza\u00e7\u00e3o da Vida (CVV), nacional, que funciona 24h, pelo n\u00famero 188, at\u00e9 as unidades de sa\u00fade que prestam atendimento psicol\u00f3gico na capital.<\/p>\n\n\n\n<p>Neste janeiro, a autarquia refor\u00e7a o compromisso com a sa\u00fade mental de todos os envolvidos no processo de planejamento urbano, incentivando o di\u00e1logo, a reflex\u00e3o e o cuidado cont\u00ednuo, construindo um ambiente de trabalho mais saud\u00e1vel e um atendimento p\u00fablico mais eficaz e emp\u00e1tico.<\/p>\n\n\n\n<p><strong>Contatos de ajuda<\/strong><\/p>\n\n\n\n<p>Centro de Valoriza\u00e7\u00e3o da Vida (CVV) &#8211; 188<\/p>\n\n\n\n<p>Hor\u00e1rio de atendimento por telefone: Dispon\u00edvel 24 horas<\/p>\n\n\n\n<p>Hor\u00e1rio de atendimento por chat: Dom &#8211; 17h \u00e0 01h, Seg a Qui &#8211; 09h \u00e0 01h, Sex &#8211; 15h \u00e0s 23h, S\u00e1b &#8211; 16h \u00e0 01h<\/p>\n\n\n\n<p><strong>Centro de Aten\u00e7\u00e3o Psicossocial &#8211; CAPS<\/strong><\/p>\n\n\n\n<p>Hor\u00e1rio de atendimento: 7h \u00e0s 17h<\/p>\n\n\n\n<p>Centro de Aten\u00e7\u00e3o Psicossocial III Benjamin Matias Fernandes;<\/p>\n\n\n\n<p>Centro de Aten\u00e7\u00e3o Psicossocial III \u00c1lcool e Drogas Dr. Afr\u00e2nio Soares;<\/p>\n\n\n\n<p>Centro de Aten\u00e7\u00e3o Psicossocial II \u00c1lcool e Drogas Dra. Eliana Vitorino Schramm;<\/p>\n\n\n\n<p>Centro de Aten\u00e7\u00e3o Psicossocial Infantojuvenil Leste Dr. Rogelio Casado Marinho Filho;<\/p>\n\n\n\n<p>Centro de Aten\u00e7\u00e3o Psicossocial Infantojuvenil Sul Psic\u00f3loga Nivya Kellen de Castro Valente;<\/p>\n\n\n\n<p>Centro Especializado em Reabilita\u00e7\u00e3o \u2013 CER II Professor Rolls Gracie \u2013 F\u00edsico e Intelectual;<\/p>\n\n\n\n<p><strong>Unidades de Aten\u00e7\u00e3o Psicol\u00f3gica<\/strong><\/p>\n\n\n\n<p>USF Ant\u00f4nio Reis<\/p>\n\n\n\n<p>Endere\u00e7o: Rua Escandin\u00e1via, s\/n \u2013 S\u00e3o L\u00e1zaro;<\/p>\n\n\n\n<p>Policl\u00ednica Dr. Ant\u00f4nio Comte Telles<\/p>\n\n\n\n<p>Endere\u00e7o: Rua Barreirinha, s\/n \u2013 S\u00e3o Jos\u00e9 Oper\u00e1rio;<\/p>\n\n\n\n<p>Policl\u00ednica Castelo Branco<\/p>\n\n\n\n<p>Endere\u00e7o: Rua do Com\u00e9rcio, s\/n \u2013 Parque 10;<\/p>\n\n\n\n<p>USF Ajuricaba<\/p>\n\n\n\n<p>Endere\u00e7o: Av. Leste, s\/n \u2013 Conjunto Ajuricaba, Alvorada;<\/p>\n\n\n\n<p>Policl\u00ednica Dr. Djalma Batista<\/p>\n\n\n\n<p>Endere\u00e7o: Rua Teot\u00f4nio Vilela, s\/n \u2013 Compensa;<\/p>\n\n\n\n<p>USF Prefeito Manoel Henriques Ribeiro<\/p>\n\n\n\n<p>Endere\u00e7o: Rua Leblon, s\/n\u00b0, Conjunto Residencial Viver Melhor 3, Bairro Cidade de Deus;<\/p>\n\n\n\n<p>USF Desembargador F\u00e1bio Couto Valle<\/p>\n\n\n\n<p>Endere\u00e7o: Av. Brigadeiro Hil\u00e1rio Gurj\u00e3o, s\/n \u2013 Jorge Teixeira;<\/p>\n\n\n\n<p>USF Professor Carlson Gracie<\/p>\n\n\n\n<p>Endere\u00e7o: Av. Cura\u00e7ao, s\/n \u2013 Nova Cidade<\/p>\n\n\n\n<p>&#8212; &#8212; &#8212;<\/p>\n\n\n\n<p><strong>Texto \u2013<\/strong> Claudia do Valle \/ Implurb<\/p>\n\n\n\n<p><strong>Fotos \u2013<\/strong> Jo\u00e3o Viana \/ Semcom e Maxwell Oliveira \/ Implurb<\/p>\n","protected":false},"excerpt":{"rendered":"","protected":false},"author":57,"featured_media":233970,"comment_status":"closed","ping_status":"closed","sticky":false,"template":"","format":"standard","meta":{"footnotes":""},"categories":[289],"tags":[65,292,77,288],"acf":[],"yoast_head":"<!-- This site is optimized with the Yoast SEO plugin v23.0 - https:\/\/yoast.com\/wordpress\/plugins\/seo\/ -->\n<title>&#039;Janeiro Branco&#039; \u00e9 destaque para colaboradores do Implurb<\/title>\n<meta name=\"description\" content=\"Servidores do Instituto Municipal de Planejamento Urbano (Implurb) destacam import\u00e2ncia dos cuidados atrav\u00e9s do &#039;Janeiro Branco&#039;.\" \/>\n<meta name=\"robots\" content=\"index, follow, max-snippet:-1, max-image-preview:large, max-video-preview:-1\" \/>\n<link rel=\"canonical\" href=\"https:\/\/www.manaus.am.gov.br\/semcom\/janeiro-branco-saude-mental-implurb\/\" \/>\n<meta property=\"og:locale\" content=\"pt_BR\" \/>\n<meta property=\"og:type\" content=\"article\" \/>\n<meta property=\"og:title\" content=\"&#039;Janeiro Branco&#039; \u00e9 destaque para colaboradores do Implurb\" \/>\n<meta property=\"og:description\" content=\"Servidores do Instituto Municipal de Planejamento Urbano (Implurb) destacam import\u00e2ncia dos cuidados atrav\u00e9s do &#039;Janeiro Branco&#039;.\" \/>\n<meta property=\"og:url\" content=\"https:\/\/www.manaus.am.gov.br\/semcom\/janeiro-branco-saude-mental-implurb\/\" \/>\n<meta property=\"og:site_name\" content=\"SEMCOM\" \/>\n<meta property=\"article:published_time\" content=\"2025-01-18T18:04:58+00:00\" \/>\n<meta property=\"article:modified_time\" content=\"2025-01-18T18:05:05+00:00\" \/>\n<meta property=\"og:image\" content=\"https:\/\/www.manaus.am.gov.br\/semcom\/wp-content\/uploads\/sites\/5\/2025\/01\/Janeiro-Branco_Implurb-3.jpg\" \/>\n\t<meta property=\"og:image:width\" content=\"4160\" \/>\n\t<meta property=\"og:image:height\" content=\"2774\" \/>\n\t<meta property=\"og:image:type\" content=\"image\/jpeg\" \/>\n<meta name=\"author\" content=\"Thiago Fernando\" \/>\n<meta name=\"twitter:card\" content=\"summary_large_image\" \/>\n<meta name=\"twitter:label1\" content=\"Written by\" \/>\n\t<meta name=\"twitter:data1\" content=\"Thiago Fernando\" \/>\n\t<meta name=\"twitter:label2\" content=\"Est. reading time\" \/>\n\t<meta name=\"twitter:data2\" content=\"5 minutos\" \/>\n<script type=\"application\/ld+json\" class=\"yoast-schema-graph\">{\"@context\":\"https:\/\/schema.org\",\"@graph\":[{\"@type\":\"WebPage\",\"@id\":\"https:\/\/www.manaus.am.gov.br\/semcom\/janeiro-branco-saude-mental-implurb\/\",\"url\":\"https:\/\/www.manaus.am.gov.br\/semcom\/janeiro-branco-saude-mental-implurb\/\",\"name\":\"'Janeiro Branco' \u00e9 destaque para colaboradores do Implurb\",\"isPartOf\":{\"@id\":\"https:\/\/www.manaus.am.gov.br\/semcom\/#website\"},\"primaryImageOfPage\":{\"@id\":\"https:\/\/www.manaus.am.gov.br\/semcom\/janeiro-branco-saude-mental-implurb\/#primaryimage\"},\"image\":{\"@id\":\"https:\/\/www.manaus.am.gov.br\/semcom\/janeiro-branco-saude-mental-implurb\/#primaryimage\"},\"thumbnailUrl\":\"https:\/\/www.manaus.am.gov.br\/semcom\/wp-content\/uploads\/sites\/5\/2025\/01\/Janeiro-Branco_Implurb-3.jpg\",\"datePublished\":\"2025-01-18T18:04:58+00:00\",\"dateModified\":\"2025-01-18T18:05:05+00:00\",\"author\":{\"@id\":\"https:\/\/www.manaus.am.gov.br\/semcom\/#\/schema\/person\/a5ee5376db6e21af026374b369f30882\"},\"description\":\"Servidores do Instituto Municipal de Planejamento Urbano (Implurb) destacam import\u00e2ncia dos cuidados atrav\u00e9s do 'Janeiro Branco'.\",\"inLanguage\":\"pt-BR\",\"potentialAction\":[{\"@type\":\"ReadAction\",\"target\":[\"https:\/\/www.manaus.am.gov.br\/semcom\/janeiro-branco-saude-mental-implurb\/\"]}]},{\"@type\":\"ImageObject\",\"inLanguage\":\"pt-BR\",\"@id\":\"https:\/\/www.manaus.am.gov.br\/semcom\/janeiro-branco-saude-mental-implurb\/#primaryimage\",\"url\":\"https:\/\/www.manaus.am.gov.br\/semcom\/wp-content\/uploads\/sites\/5\/2025\/01\/Janeiro-Branco_Implurb-3.jpg\",\"contentUrl\":\"https:\/\/www.manaus.am.gov.br\/semcom\/wp-content\/uploads\/sites\/5\/2025\/01\/Janeiro-Branco_Implurb-3.jpg\",\"width\":4160,\"height\":2774,\"caption\":\"#paratodosverem - Servidores do Implurb participam da campanha 'Janeiro Branco'\"},{\"@type\":\"WebSite\",\"@id\":\"https:\/\/www.manaus.am.gov.br\/semcom\/#website\",\"url\":\"https:\/\/www.manaus.am.gov.br\/semcom\/\",\"name\":\"SEMCOM\",\"description\":\"Secretaria Municipal de Comunica\u00e7\u00e3o\",\"potentialAction\":[{\"@type\":\"SearchAction\",\"target\":{\"@type\":\"EntryPoint\",\"urlTemplate\":\"https:\/\/www.manaus.am.gov.br\/semcom\/?s={search_term_string}\"},\"query-input\":\"required name=search_term_string\"}],\"inLanguage\":\"pt-BR\"},{\"@type\":\"Person\",\"@id\":\"https:\/\/www.manaus.am.gov.br\/semcom\/#\/schema\/person\/a5ee5376db6e21af026374b369f30882\",\"name\":\"Thiago Fernando\",\"image\":{\"@type\":\"ImageObject\",\"inLanguage\":\"pt-BR\",\"@id\":\"https:\/\/www.manaus.am.gov.br\/semcom\/#\/schema\/person\/image\/\",\"url\":\"https:\/\/secure.gravatar.com\/avatar\/f5aab8722444041451501c077052ac07?s=96&d=mm&r=g\",\"contentUrl\":\"https:\/\/secure.gravatar.com\/avatar\/f5aab8722444041451501c077052ac07?s=96&d=mm&r=g\",\"caption\":\"Thiago Fernando\"}}]}<\/script>\n<!-- \/ Yoast SEO plugin. -->","yoast_head_json":{"title":"'Janeiro Branco' \u00e9 destaque para colaboradores do Implurb","description":"Servidores do Instituto Municipal de Planejamento Urbano (Implurb) destacam import\u00e2ncia dos cuidados atrav\u00e9s do 'Janeiro Branco'.","robots":{"index":"index","follow":"follow","max-snippet":"max-snippet:-1","max-image-preview":"max-image-preview:large","max-video-preview":"max-video-preview:-1"},"canonical":"https:\/\/www.manaus.am.gov.br\/semcom\/janeiro-branco-saude-mental-implurb\/","og_locale":"pt_BR","og_type":"article","og_title":"'Janeiro Branco' \u00e9 destaque para colaboradores do Implurb","og_description":"Servidores do Instituto Municipal de Planejamento Urbano (Implurb) destacam import\u00e2ncia dos cuidados atrav\u00e9s do 'Janeiro Branco'.","og_url":"https:\/\/www.manaus.am.gov.br\/semcom\/janeiro-branco-saude-mental-implurb\/","og_site_name":"SEMCOM","article_published_time":"2025-01-18T18:04:58+00:00","article_modified_time":"2025-01-18T18:05:05+00:00","og_image":[{"width":4160,"height":2774,"url":"https:\/\/www.manaus.am.gov.br\/semcom\/wp-content\/uploads\/sites\/5\/2025\/01\/Janeiro-Branco_Implurb-3.jpg","type":"image\/jpeg"}],"author":"Thiago Fernando","twitter_card":"summary_large_image","twitter_misc":{"Written by":"Thiago Fernando","Est. reading time":"5 minutos"},"schema":{"@context":"https:\/\/schema.org","@graph":[{"@type":"WebPage","@id":"https:\/\/www.manaus.am.gov.br\/semcom\/janeiro-branco-saude-mental-implurb\/","url":"https:\/\/www.manaus.am.gov.br\/semcom\/janeiro-branco-saude-mental-implurb\/","name":"'Janeiro Branco' \u00e9 destaque para colaboradores do Implurb","isPartOf":{"@id":"https:\/\/www.manaus.am.gov.br\/semcom\/#website"},"primaryImageOfPage":{"@id":"https:\/\/www.manaus.am.gov.br\/semcom\/janeiro-branco-saude-mental-implurb\/#primaryimage"},"image":{"@id":"https:\/\/www.manaus.am.gov.br\/semcom\/janeiro-branco-saude-mental-implurb\/#primaryimage"},"thumbnailUrl":"https:\/\/www.manaus.am.gov.br\/semcom\/wp-content\/uploads\/sites\/5\/2025\/01\/Janeiro-Branco_Implurb-3.jpg","datePublished":"2025-01-18T18:04:58+00:00","dateModified":"2025-01-18T18:05:05+00:00","author":{"@id":"https:\/\/www.manaus.am.gov.br\/semcom\/#\/schema\/person\/a5ee5376db6e21af026374b369f30882"},"description":"Servidores do Instituto Municipal de Planejamento Urbano (Implurb) destacam import\u00e2ncia dos cuidados atrav\u00e9s do 'Janeiro Branco'.","inLanguage":"pt-BR","potentialAction":[{"@type":"ReadAction","target":["https:\/\/www.manaus.am.gov.br\/semcom\/janeiro-branco-saude-mental-implurb\/"]}]},{"@type":"ImageObject","inLanguage":"pt-BR","@id":"https:\/\/www.manaus.am.gov.br\/semcom\/janeiro-branco-saude-mental-implurb\/#primaryimage","url":"https:\/\/www.manaus.am.gov.br\/semcom\/wp-content\/uploads\/sites\/5\/2025\/01\/Janeiro-Branco_Implurb-3.jpg","contentUrl":"https:\/\/www.manaus.am.gov.br\/semcom\/wp-content\/uploads\/sites\/5\/2025\/01\/Janeiro-Branco_Implurb-3.jpg","width":4160,"height":2774,"caption":"#paratodosverem - Servidores do Implurb participam da campanha 'Janeiro Branco'"},{"@type":"WebSite","@id":"https:\/\/www.manaus.am.gov.br\/semcom\/#website","url":"https:\/\/www.manaus.am.gov.br\/semcom\/","name":"SEMCOM","description":"Secretaria Municipal de Comunica\u00e7\u00e3o","potentialAction":[{"@type":"SearchAction","target":{"@type":"EntryPoint","urlTemplate":"https:\/\/www.manaus.am.gov.br\/semcom\/?s={search_term_string}"},"query-input":"required name=search_term_string"}],"inLanguage":"pt-BR"},{"@type":"Person","@id":"https:\/\/www.manaus.am.gov.br\/semcom\/#\/schema\/person\/a5ee5376db6e21af026374b369f30882","name":"Thiago Fernando","image":{"@type":"ImageObject","inLanguage":"pt-BR","@id":"https:\/\/www.manaus.am.gov.br\/semcom\/#\/schema\/person\/image\/","url":"https:\/\/secure.gravatar.com\/avatar\/f5aab8722444041451501c077052ac07?s=96&d=mm&r=g","contentUrl":"https:\/\/secure.gravatar.com\/avatar\/f5aab8722444041451501c077052ac07?s=96&d=mm&r=g","caption":"Thiago Fernando"}}]}},"_links":{"self":[{"href":"https:\/\/www.manaus.am.gov.br\/semcom\/wp-json\/wp\/v2\/posts\/233969"}],"collection":[{"href":"https:\/\/www.manaus.am.gov.br\/semcom\/wp-json\/wp\/v2\/posts"}],"about":[{"href":"https:\/\/www.manaus.am.gov.br\/semcom\/wp-json\/wp\/v2\/types\/post"}],"author":[{"embeddable":true,"href":"https:\/\/www.manaus.am.gov.br\/semcom\/wp-json\/wp\/v2\/users\/57"}],"replies":[{"embeddable":true,"href":"https:\/\/www.manaus.am.gov.br\/semcom\/wp-json\/wp\/v2\/comments?post=233969"}],"version-history":[{"count":0,"href":"https:\/\/www.manaus.am.gov.br\/semcom\/wp-json\/wp\/v2\/posts\/233969\/revisions"}],"wp:featuredmedia":[{"embeddable":true,"href":"https:\/\/www.manaus.am.gov.br\/semcom\/wp-json\/wp\/v2\/media\/233970"}],"wp:attachment":[{"href":"https:\/\/www.manaus.am.gov.br\/semcom\/wp-json\/wp\/v2\/media?parent=233969"}],"wp:term":[{"taxonomy":"category","embeddable":true,"href":"https:\/\/www.manaus.am.gov.br\/semcom\/wp-json\/wp\/v2\/categories?post=233969"},{"taxonomy":"post_tag","embeddable":true,"href":"https:\/\/www.manaus.am.gov.br\/semcom\/wp-json\/wp\/v2\/tags?post=233969"}],"curies":[{"name":"wp","href":"https:\/\/api.w.org\/{rel}","templated":true}]}}