{"id":233921,"date":"2025-01-17T09:53:34","date_gmt":"2025-01-17T13:53:34","guid":{"rendered":"https:\/\/www.manaus.am.gov.br\/semcom\/150-vagas-workshop-harmonizacao-facial\/"},"modified":"2025-01-17T09:53:34","modified_gmt":"2025-01-17T13:53:34","slug":"150-vagas-workshop-harmonizacao-facial","status":"publish","type":"post","link":"https:\/\/www.manaus.am.gov.br\/semcom\/150-vagas-workshop-harmonizacao-facial\/","title":{"rendered":"Prefeitura de Manaus oferta 150 vagas para o workshop \u2018Harmoniza\u00e7\u00e3o Facial: Transforme Vidas com Beleza e Bem-Estar\u2019"},"content":{"rendered":"\n<p>Com intuito de ampliar o empreendedorismo no ramo da est\u00e9tica, a Prefeitura de Manaus, por meio da Secretaria Municipal do Trabalho, Empreendedorismo e Inova\u00e7\u00e3o (Semtepi), oferta, nesta sexta-feira, 17\/1, 150 vagas para o workshop \u201cHarmoniza\u00e7\u00e3o Facial: Transforme Vidas com Beleza e Bem-Estar\u201d. A oficina ser\u00e1 ministrada na pr\u00f3xima quinta-feira, 23\/1, das 18h \u00e0s 22h, no audit\u00f3rio Uninorte, localizado na avenida Djalma Batista, n\u00ba 122, no bairro Parque 10, zona Centro-Sul da capital.<\/p>\n\n\n\n<p>O workshop visa apresentar ao p\u00fablico conte\u00fados pr\u00e1ticos e te\u00f3ricos como: anatomia facial, t\u00e9cnicas de aplica\u00e7\u00e3o de subst\u00e2ncias (como botox e preenchedores), tratamentos n\u00e3o invasivos, protocolos de seguran\u00e7a, pr\u00e1tica supervisionada, al\u00e9m do atendimento ao cliente e gest\u00e3o empresarial.<\/p>\n\n\n\n<p>\u201cEsse workshop tem um foco intensivo na pr\u00e1tica e t\u00e9cnicas avan\u00e7adas, permitindo que os participantes adquiram as habilidades necess\u00e1rias para realizar os procedimentos de harmoniza\u00e7\u00e3o facial com seguran\u00e7a e precis\u00e3o. Por isso, convidamos todos os interessados para participarem deste momento de muito aprendizado\u201d, destacou o secret\u00e1rio da Semtepi, Alonso Oliveira.<\/p>\n\n\n\n<p>O workshop \u00e9 voltado para alunos da \u00e1rea da sa\u00fade e p\u00fablico externo, que desejam conhecer sobre est\u00e9tica facial. A ministrante ser\u00e1 a doutora Larissa D\u00e1vila Portugal, especialista em implantodontia e Harmoniza\u00e7\u00e3o Orofacial (HOF). As inscri\u00e7\u00f5es seguem at\u00e9 as 17h desta sexta-feira, 17\/1, por meio do link <a href=\"https:\/\/bit.ly\/capacitauninorte2025\" target=\"_blank\" rel=\"noreferrer noopener\">https:\/\/bit.ly\/capacitauninorte2025<\/a>.<\/p>\n\n\n\n<figure class=\"wp-block-image size-large\"><img loading=\"lazy\" decoding=\"async\" width=\"1024\" height=\"684\" src=\"https:\/\/www.manaus.am.gov.br\/semcom\/wp-content\/uploads\/sites\/5\/2025\/01\/WhatsApp-Image-2024-04-16-at-16.22.29-1-1024x684.jpeg\" alt=\"\" class=\"wp-image-233922\" srcset=\"https:\/\/www.manaus.am.gov.br\/semcom\/wp-content\/uploads\/sites\/5\/2025\/01\/WhatsApp-Image-2024-04-16-at-16.22.29-1-1024x684.jpeg 1024w, https:\/\/www.manaus.am.gov.br\/semcom\/wp-content\/uploads\/sites\/5\/2025\/01\/WhatsApp-Image-2024-04-16-at-16.22.29-1-300x201.jpeg 300w, https:\/\/www.manaus.am.gov.br\/semcom\/wp-content\/uploads\/sites\/5\/2025\/01\/WhatsApp-Image-2024-04-16-at-16.22.29-1-768x513.jpeg 768w, https:\/\/www.manaus.am.gov.br\/semcom\/wp-content\/uploads\/sites\/5\/2025\/01\/WhatsApp-Image-2024-04-16-at-16.22.29-1-1536x1027.jpeg 1536w, https:\/\/www.manaus.am.gov.br\/semcom\/wp-content\/uploads\/sites\/5\/2025\/01\/WhatsApp-Image-2024-04-16-at-16.22.29-1-2048x1369.jpeg 2048w\" sizes=\"(max-width: 1024px) 100vw, 1024px\" \/><\/figure>\n\n\n\n<p>&#8212; &#8212; &#8212;<\/p>\n\n\n\n<p><strong>Texto \u2013 <\/strong>Fabiane Monteiro\/Semtepi<\/p>\n\n\n\n<p><strong>Fotos \u2013 <\/strong>Divulga\u00e7\u00e3o\/Semtepi<\/p>\n","protected":false},"excerpt":{"rendered":"","protected":false},"author":39,"featured_media":233923,"comment_status":"closed","ping_status":"closed","sticky":false,"template":"","format":"standard","meta":{"footnotes":""},"categories":[1895],"tags":[5202,13176,77,13177,22,4035],"acf":[],"yoast_head":"<!-- This site is optimized with the Yoast SEO plugin v23.0 - https:\/\/yoast.com\/wordpress\/plugins\/seo\/ -->\n<title>150 vagas para o workshop de Harmoniza\u00e7\u00e3o Facial<\/title>\n<meta name=\"description\" content=\"Prefeitura de Manaus oferta 150 vagas para o workshop \u2018Harmoniza\u00e7\u00e3o Facial: Transforme Vidas com Beleza e Bem-Estar\u2019.\" \/>\n<meta name=\"robots\" content=\"index, follow, max-snippet:-1, max-image-preview:large, max-video-preview:-1\" \/>\n<link rel=\"canonical\" href=\"https:\/\/www.manaus.am.gov.br\/semcom\/150-vagas-workshop-harmonizacao-facial\/\" \/>\n<meta property=\"og:locale\" content=\"pt_BR\" \/>\n<meta property=\"og:type\" content=\"article\" \/>\n<meta property=\"og:title\" content=\"150 vagas para o workshop de Harmoniza\u00e7\u00e3o Facial\" \/>\n<meta property=\"og:description\" content=\"Prefeitura de Manaus oferta 150 vagas para o workshop \u2018Harmoniza\u00e7\u00e3o Facial: Transforme Vidas com Beleza e Bem-Estar\u2019.\" \/>\n<meta property=\"og:url\" content=\"https:\/\/www.manaus.am.gov.br\/semcom\/150-vagas-workshop-harmonizacao-facial\/\" \/>\n<meta property=\"og:site_name\" content=\"SEMCOM\" \/>\n<meta property=\"article:published_time\" content=\"2025-01-17T13:53:34+00:00\" \/>\n<meta property=\"og:image\" content=\"https:\/\/www.manaus.am.gov.br\/semcom\/wp-content\/uploads\/sites\/5\/2025\/01\/WhatsApp-Image-2024-04-16-at-16.22.29.jpeg\" \/>\n\t<meta property=\"og:image:width\" content=\"2992\" \/>\n\t<meta property=\"og:image:height\" content=\"2000\" \/>\n\t<meta property=\"og:image:type\" content=\"image\/jpeg\" \/>\n<meta name=\"author\" content=\"Bruna Greco\" \/>\n<meta name=\"twitter:card\" content=\"summary_large_image\" \/>\n<meta name=\"twitter:label1\" content=\"Written by\" \/>\n\t<meta name=\"twitter:data1\" content=\"Bruna Greco\" \/>\n\t<meta name=\"twitter:label2\" content=\"Est. reading time\" \/>\n\t<meta name=\"twitter:data2\" content=\"2 minutos\" \/>\n<script type=\"application\/ld+json\" class=\"yoast-schema-graph\">{\"@context\":\"https:\/\/schema.org\",\"@graph\":[{\"@type\":\"WebPage\",\"@id\":\"https:\/\/www.manaus.am.gov.br\/semcom\/150-vagas-workshop-harmonizacao-facial\/\",\"url\":\"https:\/\/www.manaus.am.gov.br\/semcom\/150-vagas-workshop-harmonizacao-facial\/\",\"name\":\"150 vagas para o workshop de Harmoniza\u00e7\u00e3o Facial\",\"isPartOf\":{\"@id\":\"https:\/\/www.manaus.am.gov.br\/semcom\/#website\"},\"primaryImageOfPage\":{\"@id\":\"https:\/\/www.manaus.am.gov.br\/semcom\/150-vagas-workshop-harmonizacao-facial\/#primaryimage\"},\"image\":{\"@id\":\"https:\/\/www.manaus.am.gov.br\/semcom\/150-vagas-workshop-harmonizacao-facial\/#primaryimage\"},\"thumbnailUrl\":\"https:\/\/www.manaus.am.gov.br\/semcom\/wp-content\/uploads\/sites\/5\/2025\/01\/WhatsApp-Image-2024-04-16-at-16.22.29.jpeg\",\"datePublished\":\"2025-01-17T13:53:34+00:00\",\"dateModified\":\"2025-01-17T13:53:34+00:00\",\"author\":{\"@id\":\"https:\/\/www.manaus.am.gov.br\/semcom\/#\/schema\/person\/05d223aea2bf115f9883a6ff3683d81b\"},\"description\":\"Prefeitura de Manaus oferta 150 vagas para o workshop \u2018Harmoniza\u00e7\u00e3o Facial: Transforme Vidas com Beleza e Bem-Estar\u2019.\",\"inLanguage\":\"pt-BR\",\"potentialAction\":[{\"@type\":\"ReadAction\",\"target\":[\"https:\/\/www.manaus.am.gov.br\/semcom\/150-vagas-workshop-harmonizacao-facial\/\"]}]},{\"@type\":\"ImageObject\",\"inLanguage\":\"pt-BR\",\"@id\":\"https:\/\/www.manaus.am.gov.br\/semcom\/150-vagas-workshop-harmonizacao-facial\/#primaryimage\",\"url\":\"https:\/\/www.manaus.am.gov.br\/semcom\/wp-content\/uploads\/sites\/5\/2025\/01\/WhatsApp-Image-2024-04-16-at-16.22.29.jpeg\",\"contentUrl\":\"https:\/\/www.manaus.am.gov.br\/semcom\/wp-content\/uploads\/sites\/5\/2025\/01\/WhatsApp-Image-2024-04-16-at-16.22.29.jpeg\",\"width\":2992,\"height\":2000,\"caption\":\"#paratodosverem - P\u00fablico feminino participando de workshop da Semtepi voltado para o ramo da est\u00e9tica\"},{\"@type\":\"WebSite\",\"@id\":\"https:\/\/www.manaus.am.gov.br\/semcom\/#website\",\"url\":\"https:\/\/www.manaus.am.gov.br\/semcom\/\",\"name\":\"SEMCOM\",\"description\":\"Secretaria Municipal de Comunica\u00e7\u00e3o\",\"potentialAction\":[{\"@type\":\"SearchAction\",\"target\":{\"@type\":\"EntryPoint\",\"urlTemplate\":\"https:\/\/www.manaus.am.gov.br\/semcom\/?s={search_term_string}\"},\"query-input\":\"required name=search_term_string\"}],\"inLanguage\":\"pt-BR\"},{\"@type\":\"Person\",\"@id\":\"https:\/\/www.manaus.am.gov.br\/semcom\/#\/schema\/person\/05d223aea2bf115f9883a6ff3683d81b\",\"name\":\"Bruna Greco\",\"image\":{\"@type\":\"ImageObject\",\"inLanguage\":\"pt-BR\",\"@id\":\"https:\/\/www.manaus.am.gov.br\/semcom\/#\/schema\/person\/image\/\",\"url\":\"https:\/\/secure.gravatar.com\/avatar\/9c877d1a6adc2a055330e5c09a8653ce?s=96&d=mm&r=g\",\"contentUrl\":\"https:\/\/secure.gravatar.com\/avatar\/9c877d1a6adc2a055330e5c09a8653ce?s=96&d=mm&r=g\",\"caption\":\"Bruna Greco\"}}]}<\/script>\n<!-- \/ Yoast SEO plugin. -->","yoast_head_json":{"title":"150 vagas para o workshop de Harmoniza\u00e7\u00e3o Facial","description":"Prefeitura de Manaus oferta 150 vagas para o workshop \u2018Harmoniza\u00e7\u00e3o Facial: Transforme Vidas com Beleza e Bem-Estar\u2019.","robots":{"index":"index","follow":"follow","max-snippet":"max-snippet:-1","max-image-preview":"max-image-preview:large","max-video-preview":"max-video-preview:-1"},"canonical":"https:\/\/www.manaus.am.gov.br\/semcom\/150-vagas-workshop-harmonizacao-facial\/","og_locale":"pt_BR","og_type":"article","og_title":"150 vagas para o workshop de Harmoniza\u00e7\u00e3o Facial","og_description":"Prefeitura de Manaus oferta 150 vagas para o workshop \u2018Harmoniza\u00e7\u00e3o Facial: Transforme Vidas com Beleza e Bem-Estar\u2019.","og_url":"https:\/\/www.manaus.am.gov.br\/semcom\/150-vagas-workshop-harmonizacao-facial\/","og_site_name":"SEMCOM","article_published_time":"2025-01-17T13:53:34+00:00","og_image":[{"width":2992,"height":2000,"url":"https:\/\/www.manaus.am.gov.br\/semcom\/wp-content\/uploads\/sites\/5\/2025\/01\/WhatsApp-Image-2024-04-16-at-16.22.29.jpeg","type":"image\/jpeg"}],"author":"Bruna Greco","twitter_card":"summary_large_image","twitter_misc":{"Written by":"Bruna Greco","Est. reading time":"2 minutos"},"schema":{"@context":"https:\/\/schema.org","@graph":[{"@type":"WebPage","@id":"https:\/\/www.manaus.am.gov.br\/semcom\/150-vagas-workshop-harmonizacao-facial\/","url":"https:\/\/www.manaus.am.gov.br\/semcom\/150-vagas-workshop-harmonizacao-facial\/","name":"150 vagas para o workshop de Harmoniza\u00e7\u00e3o Facial","isPartOf":{"@id":"https:\/\/www.manaus.am.gov.br\/semcom\/#website"},"primaryImageOfPage":{"@id":"https:\/\/www.manaus.am.gov.br\/semcom\/150-vagas-workshop-harmonizacao-facial\/#primaryimage"},"image":{"@id":"https:\/\/www.manaus.am.gov.br\/semcom\/150-vagas-workshop-harmonizacao-facial\/#primaryimage"},"thumbnailUrl":"https:\/\/www.manaus.am.gov.br\/semcom\/wp-content\/uploads\/sites\/5\/2025\/01\/WhatsApp-Image-2024-04-16-at-16.22.29.jpeg","datePublished":"2025-01-17T13:53:34+00:00","dateModified":"2025-01-17T13:53:34+00:00","author":{"@id":"https:\/\/www.manaus.am.gov.br\/semcom\/#\/schema\/person\/05d223aea2bf115f9883a6ff3683d81b"},"description":"Prefeitura de Manaus oferta 150 vagas para o workshop \u2018Harmoniza\u00e7\u00e3o Facial: Transforme Vidas com Beleza e Bem-Estar\u2019.","inLanguage":"pt-BR","potentialAction":[{"@type":"ReadAction","target":["https:\/\/www.manaus.am.gov.br\/semcom\/150-vagas-workshop-harmonizacao-facial\/"]}]},{"@type":"ImageObject","inLanguage":"pt-BR","@id":"https:\/\/www.manaus.am.gov.br\/semcom\/150-vagas-workshop-harmonizacao-facial\/#primaryimage","url":"https:\/\/www.manaus.am.gov.br\/semcom\/wp-content\/uploads\/sites\/5\/2025\/01\/WhatsApp-Image-2024-04-16-at-16.22.29.jpeg","contentUrl":"https:\/\/www.manaus.am.gov.br\/semcom\/wp-content\/uploads\/sites\/5\/2025\/01\/WhatsApp-Image-2024-04-16-at-16.22.29.jpeg","width":2992,"height":2000,"caption":"#paratodosverem - P\u00fablico feminino participando de workshop da Semtepi voltado para o ramo da est\u00e9tica"},{"@type":"WebSite","@id":"https:\/\/www.manaus.am.gov.br\/semcom\/#website","url":"https:\/\/www.manaus.am.gov.br\/semcom\/","name":"SEMCOM","description":"Secretaria Municipal de Comunica\u00e7\u00e3o","potentialAction":[{"@type":"SearchAction","target":{"@type":"EntryPoint","urlTemplate":"https:\/\/www.manaus.am.gov.br\/semcom\/?s={search_term_string}"},"query-input":"required name=search_term_string"}],"inLanguage":"pt-BR"},{"@type":"Person","@id":"https:\/\/www.manaus.am.gov.br\/semcom\/#\/schema\/person\/05d223aea2bf115f9883a6ff3683d81b","name":"Bruna Greco","image":{"@type":"ImageObject","inLanguage":"pt-BR","@id":"https:\/\/www.manaus.am.gov.br\/semcom\/#\/schema\/person\/image\/","url":"https:\/\/secure.gravatar.com\/avatar\/9c877d1a6adc2a055330e5c09a8653ce?s=96&d=mm&r=g","contentUrl":"https:\/\/secure.gravatar.com\/avatar\/9c877d1a6adc2a055330e5c09a8653ce?s=96&d=mm&r=g","caption":"Bruna Greco"}}]}},"_links":{"self":[{"href":"https:\/\/www.manaus.am.gov.br\/semcom\/wp-json\/wp\/v2\/posts\/233921"}],"collection":[{"href":"https:\/\/www.manaus.am.gov.br\/semcom\/wp-json\/wp\/v2\/posts"}],"about":[{"href":"https:\/\/www.manaus.am.gov.br\/semcom\/wp-json\/wp\/v2\/types\/post"}],"author":[{"embeddable":true,"href":"https:\/\/www.manaus.am.gov.br\/semcom\/wp-json\/wp\/v2\/users\/39"}],"replies":[{"embeddable":true,"href":"https:\/\/www.manaus.am.gov.br\/semcom\/wp-json\/wp\/v2\/comments?post=233921"}],"version-history":[{"count":1,"href":"https:\/\/www.manaus.am.gov.br\/semcom\/wp-json\/wp\/v2\/posts\/233921\/revisions"}],"predecessor-version":[{"id":233924,"href":"https:\/\/www.manaus.am.gov.br\/semcom\/wp-json\/wp\/v2\/posts\/233921\/revisions\/233924"}],"wp:featuredmedia":[{"embeddable":true,"href":"https:\/\/www.manaus.am.gov.br\/semcom\/wp-json\/wp\/v2\/media\/233923"}],"wp:attachment":[{"href":"https:\/\/www.manaus.am.gov.br\/semcom\/wp-json\/wp\/v2\/media?parent=233921"}],"wp:term":[{"taxonomy":"category","embeddable":true,"href":"https:\/\/www.manaus.am.gov.br\/semcom\/wp-json\/wp\/v2\/categories?post=233921"},{"taxonomy":"post_tag","embeddable":true,"href":"https:\/\/www.manaus.am.gov.br\/semcom\/wp-json\/wp\/v2\/tags?post=233921"}],"curies":[{"name":"wp","href":"https:\/\/api.w.org\/{rel}","templated":true}]}}