{"id":233902,"date":"2025-01-16T14:54:31","date_gmt":"2025-01-16T18:54:31","guid":{"rendered":"https:\/\/www.manaus.am.gov.br\/semcom\/evento-saude-mental-campanha-janeiro-branco\/"},"modified":"2025-01-17T12:56:21","modified_gmt":"2025-01-17T15:56:21","slug":"evento-saude-mental-campanha-janeiro-branco","status":"publish","type":"post","link":"https:\/\/www.manaus.am.gov.br\/semcom\/evento-saude-mental-campanha-janeiro-branco\/","title":{"rendered":"Prefeitura de Manaus e Febracis promovem evento sobre sa\u00fade mental em alus\u00e3o \u00e0 campanha \u2018Janeiro Branco\u2019"},"content":{"rendered":"\n<p>A Prefeitura de Manaus, por meio do Fundo Manaus Solid\u00e1ria (FMS), em parceria com a Febracis, realizou, na manh\u00e3 desta quinta-feira, 16\/1, um evento em alus\u00e3o \u00e0 campanha \u201cJaneiro Branco\u201d, voltado \u00e0 conscientiza\u00e7\u00e3o sobre sa\u00fade mental e emocional. A a\u00e7\u00e3o aconteceu no audit\u00f3rio Isabel Victoria de Mattos Pereira do Carmo Ribeiro, localizado na sede da prefeitura, no bairro Compensa, zona Oeste da cidade.<\/p>\n\n\n\n<p>O prefeito em exerc\u00edcio Renato Junior acompanhou a abertura da solenidade e destacou os esfor\u00e7os da gest\u00e3o municipal em garantir o bem-estar dos servidores. \u201c\u00c9 uma normativa dentro da gest\u00e3o do prefeito David Almeida esse cuidado com o servidor. A gente entende que, para os resultados sa\u00edrem positivos l\u00e1 na ponta, dentro das comunidades e bairros, \u00e9 primordial a sa\u00fade do trabalhador da prefeitura\u201d, afirmou.<\/p>\n\n\n\n<p>Renato Junior tamb\u00e9m enfatizou as iniciativas voltadas \u00e0 valoriza\u00e7\u00e3o do funcionalismo p\u00fablico. \u201c\u00c9 por isso que, n\u00e3o s\u00f3 hoje, mas de forma peri\u00f3dica e constante, temos programas como o \u2018Conecta+\u2019 dentro das secretarias. Esse programa busca motivar os 40 mil servidores municipais, aprimorar m\u00e9todos e inovar os sistemas de trabalho em todos os setores. Faz quatro anos que sa\u00edmos do modelo engessado de gest\u00e3o p\u00fablica e entramos numa esfera humanizada\u201d, destacou.<\/p>\n\n\n\n<p>A vice-presidente do FMS, Jana\u00edna Jamilla, acrescentou a relev\u00e2ncia da campanha. \u201cO \u2018Janeiro Branco\u2019 \u00e9 um movimento essencial para refletirmos sobre o cuidado com a mente. Este evento \u00e9 uma forma de criar um ambiente mais saud\u00e1vel, tanto no trabalho quanto na vida pessoal. \u00c9 papel do poder p\u00fablico abrir esses espa\u00e7os de di\u00e1logo e conscientiza\u00e7\u00e3o, porque sa\u00fade emocional \u00e9 um direito de todos\u201d, ressaltou.<\/p>\n\n\n\n<p>O evento contou com palestras de profissionais renomados na \u00e1rea. A psiquiatra Rayssa Palain explicou a import\u00e2ncia de gerenciar emo\u00e7\u00f5es no dia a dia. \u201cA sa\u00fade mental \u00e9 saber gerenciar nossas emo\u00e7\u00f5es perante a vida. Hoje, vamos falar sobre como viver de forma equilibrada, cuidando da mente, sem permitir que pensamentos negativos atrapalhem o trabalho e o conv\u00edvio\u201d, enfatizou.<\/p>\n\n\n\n<p>O m\u00e9dico nutrologista Thales Schincariol abordou a interconex\u00e3o entre mente e corpo. \u201cEstamos vendo uma degrada\u00e7\u00e3o gigantesca da sa\u00fade mental das pessoas, independentemente de classe social ou idade. Meu objetivo \u00e9 passar orienta\u00e7\u00f5es sobre como construir uma sa\u00fade mental mais forte, fortalecendo la\u00e7os interpessoais e associando isso a uma alimenta\u00e7\u00e3o saud\u00e1vel e ao cuidado com as rela\u00e7\u00f5es\u201d, salientou.<\/p>\n\n\n\n<p>A psic\u00f3loga Daliane Santana, representante da Febracis, encerrou a programa\u00e7\u00e3o pontuando os desafios enfrentados pelos trabalhadores em rela\u00e7\u00e3o \u00e0 ansiedade e \u00e0 sa\u00fade emocional. \u201cEm 2023, mais de 300 mil pessoas se afastaram do trabalho devido a problemas relacionados \u00e0 sa\u00fade mental. Nosso objetivo \u00e9 trazer ferramentas pr\u00e1ticas para que todos possam resgatar sua identidade e enfrentar desafios com prop\u00f3sito\u201d, concluiu.<\/p>\n\n\n\n<p>A iniciativa refor\u00e7a o compromisso da Prefeitura de Manaus em cuidar do bem-estar de seus servidores e da popula\u00e7\u00e3o, integrando a sa\u00fade mental como uma prioridade nas pol\u00edticas p\u00fablicas.<\/p>\n\n\n\n<figure class=\"wp-block-image size-large\"><img loading=\"lazy\" decoding=\"async\" width=\"1024\" height=\"683\" src=\"https:\/\/www.manaus.am.gov.br\/semcom\/wp-content\/uploads\/sites\/5\/2025\/01\/54269823326_866c32c1c1_k-1024x683.jpg\" alt=\"\" class=\"wp-image-233903\" srcset=\"https:\/\/www.manaus.am.gov.br\/semcom\/wp-content\/uploads\/sites\/5\/2025\/01\/54269823326_866c32c1c1_k-1024x683.jpg 1024w, https:\/\/www.manaus.am.gov.br\/semcom\/wp-content\/uploads\/sites\/5\/2025\/01\/54269823326_866c32c1c1_k-300x200.jpg 300w, https:\/\/www.manaus.am.gov.br\/semcom\/wp-content\/uploads\/sites\/5\/2025\/01\/54269823326_866c32c1c1_k-768x512.jpg 768w, https:\/\/www.manaus.am.gov.br\/semcom\/wp-content\/uploads\/sites\/5\/2025\/01\/54269823326_866c32c1c1_k-1536x1024.jpg 1536w, https:\/\/www.manaus.am.gov.br\/semcom\/wp-content\/uploads\/sites\/5\/2025\/01\/54269823326_866c32c1c1_k.jpg 2048w\" sizes=\"(max-width: 1024px) 100vw, 1024px\" \/><\/figure>\n\n\n\n<p>&#8212; &#8212; &#8212;<\/p>\n\n\n\n<p><strong>Texto<\/strong>\u00a0&#8211; Alessandra Taveira\/Gabinete Vice-Prefeito e D\u00e1rio Avelino\/Semcom<\/p>\n\n\n\n<p><strong>Fotos &#8211;\u00a0<\/strong>Carlos Oliveira\/Gabinete Vice-Prefeito e Antonio Pereira\/Semcom<\/p>\n\n\n\n<p><strong>Dispon\u00edveis em &#8211; <\/strong><a href=\"https:\/\/flic.kr\/s\/aHBqjBYngA\">https:\/\/flic.kr\/s\/aHBqjBYngA<\/a><\/p>\n","protected":false},"excerpt":{"rendered":"","protected":false},"author":39,"featured_media":233907,"comment_status":"closed","ping_status":"closed","sticky":false,"template":"","format":"standard","meta":{"footnotes":""},"categories":[268],"tags":[13173,13174,7695,13167,77,288],"acf":[],"yoast_head":"<!-- This site is optimized with the Yoast SEO plugin v23.0 - https:\/\/yoast.com\/wordpress\/plugins\/seo\/ -->\n<title>Evento sobre sa\u00fade mental em alus\u00e3o \u00e0 campanha Janeiro Branco<\/title>\n<meta name=\"description\" content=\"Prefeitura de Manaus e Febracis promovem evento sobre sa\u00fade mental em alus\u00e3o \u00e0 campanha \u2018Janeiro Branco\u2019 nesta quinta-feira, 16\/1.\" \/>\n<meta name=\"robots\" content=\"index, follow, max-snippet:-1, max-image-preview:large, max-video-preview:-1\" \/>\n<link rel=\"canonical\" href=\"https:\/\/www.manaus.am.gov.br\/semcom\/evento-saude-mental-campanha-janeiro-branco\/\" \/>\n<meta property=\"og:locale\" content=\"pt_BR\" \/>\n<meta property=\"og:type\" content=\"article\" \/>\n<meta property=\"og:title\" content=\"Evento sobre sa\u00fade mental em alus\u00e3o \u00e0 campanha Janeiro Branco\" \/>\n<meta property=\"og:description\" content=\"Prefeitura de Manaus e Febracis promovem evento sobre sa\u00fade mental em alus\u00e3o \u00e0 campanha \u2018Janeiro Branco\u2019 nesta quinta-feira, 16\/1.\" \/>\n<meta property=\"og:url\" content=\"https:\/\/www.manaus.am.gov.br\/semcom\/evento-saude-mental-campanha-janeiro-branco\/\" \/>\n<meta property=\"og:site_name\" content=\"SEMCOM\" \/>\n<meta property=\"article:published_time\" content=\"2025-01-16T18:54:31+00:00\" \/>\n<meta property=\"article:modified_time\" content=\"2025-01-17T15:56:21+00:00\" \/>\n<meta property=\"og:image\" content=\"https:\/\/www.manaus.am.gov.br\/semcom\/wp-content\/uploads\/sites\/5\/2025\/01\/54270064843_94c67b6adc_k.jpg\" \/>\n\t<meta property=\"og:image:width\" content=\"2048\" \/>\n\t<meta property=\"og:image:height\" content=\"1365\" \/>\n\t<meta property=\"og:image:type\" content=\"image\/jpeg\" \/>\n<meta name=\"author\" content=\"Bruna Greco\" \/>\n<meta name=\"twitter:card\" content=\"summary_large_image\" \/>\n<meta name=\"twitter:label1\" content=\"Written by\" \/>\n\t<meta name=\"twitter:data1\" content=\"Bruna Greco\" \/>\n\t<meta name=\"twitter:label2\" content=\"Est. reading time\" \/>\n\t<meta name=\"twitter:data2\" content=\"4 minutos\" \/>\n<script type=\"application\/ld+json\" class=\"yoast-schema-graph\">{\"@context\":\"https:\/\/schema.org\",\"@graph\":[{\"@type\":\"WebPage\",\"@id\":\"https:\/\/www.manaus.am.gov.br\/semcom\/evento-saude-mental-campanha-janeiro-branco\/\",\"url\":\"https:\/\/www.manaus.am.gov.br\/semcom\/evento-saude-mental-campanha-janeiro-branco\/\",\"name\":\"Evento sobre sa\u00fade mental em alus\u00e3o \u00e0 campanha Janeiro Branco\",\"isPartOf\":{\"@id\":\"https:\/\/www.manaus.am.gov.br\/semcom\/#website\"},\"primaryImageOfPage\":{\"@id\":\"https:\/\/www.manaus.am.gov.br\/semcom\/evento-saude-mental-campanha-janeiro-branco\/#primaryimage\"},\"image\":{\"@id\":\"https:\/\/www.manaus.am.gov.br\/semcom\/evento-saude-mental-campanha-janeiro-branco\/#primaryimage\"},\"thumbnailUrl\":\"https:\/\/www.manaus.am.gov.br\/semcom\/wp-content\/uploads\/sites\/5\/2025\/01\/WhatsApp-Image-2025-01-16-at-15.11.25.jpg\",\"datePublished\":\"2025-01-16T18:54:31+00:00\",\"dateModified\":\"2025-01-17T15:56:21+00:00\",\"author\":{\"@id\":\"https:\/\/www.manaus.am.gov.br\/semcom\/#\/schema\/person\/05d223aea2bf115f9883a6ff3683d81b\"},\"description\":\"Prefeitura de Manaus e Febracis promovem evento sobre sa\u00fade mental em alus\u00e3o \u00e0 campanha \u2018Janeiro Branco\u2019 nesta quinta-feira, 16\/1.\",\"inLanguage\":\"pt-BR\",\"potentialAction\":[{\"@type\":\"ReadAction\",\"target\":[\"https:\/\/www.manaus.am.gov.br\/semcom\/evento-saude-mental-campanha-janeiro-branco\/\"]}]},{\"@type\":\"ImageObject\",\"inLanguage\":\"pt-BR\",\"@id\":\"https:\/\/www.manaus.am.gov.br\/semcom\/evento-saude-mental-campanha-janeiro-branco\/#primaryimage\",\"url\":\"https:\/\/www.manaus.am.gov.br\/semcom\/wp-content\/uploads\/sites\/5\/2025\/01\/WhatsApp-Image-2025-01-16-at-15.11.25.jpg\",\"contentUrl\":\"https:\/\/www.manaus.am.gov.br\/semcom\/wp-content\/uploads\/sites\/5\/2025\/01\/WhatsApp-Image-2025-01-16-at-15.11.25.jpg\",\"width\":800,\"height\":533},{\"@type\":\"WebSite\",\"@id\":\"https:\/\/www.manaus.am.gov.br\/semcom\/#website\",\"url\":\"https:\/\/www.manaus.am.gov.br\/semcom\/\",\"name\":\"SEMCOM\",\"description\":\"Secretaria Municipal de Comunica\u00e7\u00e3o\",\"potentialAction\":[{\"@type\":\"SearchAction\",\"target\":{\"@type\":\"EntryPoint\",\"urlTemplate\":\"https:\/\/www.manaus.am.gov.br\/semcom\/?s={search_term_string}\"},\"query-input\":\"required name=search_term_string\"}],\"inLanguage\":\"pt-BR\"},{\"@type\":\"Person\",\"@id\":\"https:\/\/www.manaus.am.gov.br\/semcom\/#\/schema\/person\/05d223aea2bf115f9883a6ff3683d81b\",\"name\":\"Bruna Greco\",\"image\":{\"@type\":\"ImageObject\",\"inLanguage\":\"pt-BR\",\"@id\":\"https:\/\/www.manaus.am.gov.br\/semcom\/#\/schema\/person\/image\/\",\"url\":\"https:\/\/secure.gravatar.com\/avatar\/9c877d1a6adc2a055330e5c09a8653ce?s=96&d=mm&r=g\",\"contentUrl\":\"https:\/\/secure.gravatar.com\/avatar\/9c877d1a6adc2a055330e5c09a8653ce?s=96&d=mm&r=g\",\"caption\":\"Bruna Greco\"}}]}<\/script>\n<!-- \/ Yoast SEO plugin. -->","yoast_head_json":{"title":"Evento sobre sa\u00fade mental em alus\u00e3o \u00e0 campanha Janeiro Branco","description":"Prefeitura de Manaus e Febracis promovem evento sobre sa\u00fade mental em alus\u00e3o \u00e0 campanha \u2018Janeiro Branco\u2019 nesta quinta-feira, 16\/1.","robots":{"index":"index","follow":"follow","max-snippet":"max-snippet:-1","max-image-preview":"max-image-preview:large","max-video-preview":"max-video-preview:-1"},"canonical":"https:\/\/www.manaus.am.gov.br\/semcom\/evento-saude-mental-campanha-janeiro-branco\/","og_locale":"pt_BR","og_type":"article","og_title":"Evento sobre sa\u00fade mental em alus\u00e3o \u00e0 campanha Janeiro Branco","og_description":"Prefeitura de Manaus e Febracis promovem evento sobre sa\u00fade mental em alus\u00e3o \u00e0 campanha \u2018Janeiro Branco\u2019 nesta quinta-feira, 16\/1.","og_url":"https:\/\/www.manaus.am.gov.br\/semcom\/evento-saude-mental-campanha-janeiro-branco\/","og_site_name":"SEMCOM","article_published_time":"2025-01-16T18:54:31+00:00","article_modified_time":"2025-01-17T15:56:21+00:00","og_image":[{"width":2048,"height":1365,"url":"https:\/\/www.manaus.am.gov.br\/semcom\/wp-content\/uploads\/sites\/5\/2025\/01\/54270064843_94c67b6adc_k.jpg","type":"image\/jpeg"}],"author":"Bruna Greco","twitter_card":"summary_large_image","twitter_misc":{"Written by":"Bruna Greco","Est. reading time":"4 minutos"},"schema":{"@context":"https:\/\/schema.org","@graph":[{"@type":"WebPage","@id":"https:\/\/www.manaus.am.gov.br\/semcom\/evento-saude-mental-campanha-janeiro-branco\/","url":"https:\/\/www.manaus.am.gov.br\/semcom\/evento-saude-mental-campanha-janeiro-branco\/","name":"Evento sobre sa\u00fade mental em alus\u00e3o \u00e0 campanha Janeiro Branco","isPartOf":{"@id":"https:\/\/www.manaus.am.gov.br\/semcom\/#website"},"primaryImageOfPage":{"@id":"https:\/\/www.manaus.am.gov.br\/semcom\/evento-saude-mental-campanha-janeiro-branco\/#primaryimage"},"image":{"@id":"https:\/\/www.manaus.am.gov.br\/semcom\/evento-saude-mental-campanha-janeiro-branco\/#primaryimage"},"thumbnailUrl":"https:\/\/www.manaus.am.gov.br\/semcom\/wp-content\/uploads\/sites\/5\/2025\/01\/WhatsApp-Image-2025-01-16-at-15.11.25.jpg","datePublished":"2025-01-16T18:54:31+00:00","dateModified":"2025-01-17T15:56:21+00:00","author":{"@id":"https:\/\/www.manaus.am.gov.br\/semcom\/#\/schema\/person\/05d223aea2bf115f9883a6ff3683d81b"},"description":"Prefeitura de Manaus e Febracis promovem evento sobre sa\u00fade mental em alus\u00e3o \u00e0 campanha \u2018Janeiro Branco\u2019 nesta quinta-feira, 16\/1.","inLanguage":"pt-BR","potentialAction":[{"@type":"ReadAction","target":["https:\/\/www.manaus.am.gov.br\/semcom\/evento-saude-mental-campanha-janeiro-branco\/"]}]},{"@type":"ImageObject","inLanguage":"pt-BR","@id":"https:\/\/www.manaus.am.gov.br\/semcom\/evento-saude-mental-campanha-janeiro-branco\/#primaryimage","url":"https:\/\/www.manaus.am.gov.br\/semcom\/wp-content\/uploads\/sites\/5\/2025\/01\/WhatsApp-Image-2025-01-16-at-15.11.25.jpg","contentUrl":"https:\/\/www.manaus.am.gov.br\/semcom\/wp-content\/uploads\/sites\/5\/2025\/01\/WhatsApp-Image-2025-01-16-at-15.11.25.jpg","width":800,"height":533},{"@type":"WebSite","@id":"https:\/\/www.manaus.am.gov.br\/semcom\/#website","url":"https:\/\/www.manaus.am.gov.br\/semcom\/","name":"SEMCOM","description":"Secretaria Municipal de Comunica\u00e7\u00e3o","potentialAction":[{"@type":"SearchAction","target":{"@type":"EntryPoint","urlTemplate":"https:\/\/www.manaus.am.gov.br\/semcom\/?s={search_term_string}"},"query-input":"required name=search_term_string"}],"inLanguage":"pt-BR"},{"@type":"Person","@id":"https:\/\/www.manaus.am.gov.br\/semcom\/#\/schema\/person\/05d223aea2bf115f9883a6ff3683d81b","name":"Bruna Greco","image":{"@type":"ImageObject","inLanguage":"pt-BR","@id":"https:\/\/www.manaus.am.gov.br\/semcom\/#\/schema\/person\/image\/","url":"https:\/\/secure.gravatar.com\/avatar\/9c877d1a6adc2a055330e5c09a8653ce?s=96&d=mm&r=g","contentUrl":"https:\/\/secure.gravatar.com\/avatar\/9c877d1a6adc2a055330e5c09a8653ce?s=96&d=mm&r=g","caption":"Bruna Greco"}}]}},"_links":{"self":[{"href":"https:\/\/www.manaus.am.gov.br\/semcom\/wp-json\/wp\/v2\/posts\/233902"}],"collection":[{"href":"https:\/\/www.manaus.am.gov.br\/semcom\/wp-json\/wp\/v2\/posts"}],"about":[{"href":"https:\/\/www.manaus.am.gov.br\/semcom\/wp-json\/wp\/v2\/types\/post"}],"author":[{"embeddable":true,"href":"https:\/\/www.manaus.am.gov.br\/semcom\/wp-json\/wp\/v2\/users\/39"}],"replies":[{"embeddable":true,"href":"https:\/\/www.manaus.am.gov.br\/semcom\/wp-json\/wp\/v2\/comments?post=233902"}],"version-history":[{"count":7,"href":"https:\/\/www.manaus.am.gov.br\/semcom\/wp-json\/wp\/v2\/posts\/233902\/revisions"}],"predecessor-version":[{"id":233936,"href":"https:\/\/www.manaus.am.gov.br\/semcom\/wp-json\/wp\/v2\/posts\/233902\/revisions\/233936"}],"wp:featuredmedia":[{"embeddable":true,"href":"https:\/\/www.manaus.am.gov.br\/semcom\/wp-json\/wp\/v2\/media\/233907"}],"wp:attachment":[{"href":"https:\/\/www.manaus.am.gov.br\/semcom\/wp-json\/wp\/v2\/media?parent=233902"}],"wp:term":[{"taxonomy":"category","embeddable":true,"href":"https:\/\/www.manaus.am.gov.br\/semcom\/wp-json\/wp\/v2\/categories?post=233902"},{"taxonomy":"post_tag","embeddable":true,"href":"https:\/\/www.manaus.am.gov.br\/semcom\/wp-json\/wp\/v2\/tags?post=233902"}],"curies":[{"name":"wp","href":"https:\/\/api.w.org\/{rel}","templated":true}]}}