{"id":233816,"date":"2025-01-14T18:38:11","date_gmt":"2025-01-14T21:38:11","guid":{"rendered":"https:\/\/www.manaus.am.gov.br\/semcom\/obras-na-feira-manaus-moderna\/"},"modified":"2025-01-14T18:44:56","modified_gmt":"2025-01-14T21:44:56","slug":"obras-na-feira-manaus-moderna","status":"publish","type":"post","link":"https:\/\/www.manaus.am.gov.br\/semcom\/obras-na-feira-manaus-moderna\/","title":{"rendered":"Prefeitura de Manaus retoma obras na feira Manaus Moderna"},"content":{"rendered":"\n<p>A Prefeitura de Manaus, por meio da Secretaria Municipal de Agricultura, Abastecimento, Centro e Com\u00e9rcio Informal (<a href=\"https:\/\/www.instagram.com\/semaccmanaus\/\">Semacc<\/a>), iniciou, nesta ter\u00e7a-feira, 14\/1, a retomada das obras de revitaliza\u00e7\u00e3o da feira Manaus Moderna, localizada na rua dos Bar\u00e9s, centro da capital. A iniciativa busca modernizar a estrutura do local, proporcionando melhores condi\u00e7\u00f5es de trabalho para os mais de 500 feirantes e mais conforto aos consumidores que frequentam o espa\u00e7o diariamente.<\/p>\n\n\n\n<p>De acordo com o secret\u00e1rio da <a href=\"https:\/\/www.manaus.am.gov.br\/semacc\/\">Semacc<\/a>, Wanderson Costa, a a\u00e7\u00e3o integra o cronograma de entrega de reformas pendentes.<\/p>\n\n\n\n<p>\u201cO prefeito David Almeida entregou 22 feiras totalmente reformadas nos \u00faltimos quatro anos. Em 2025, o trabalho continua, com a meta de entregar mais de 10 feiras revitalizadas e a inclus\u00e3o de um segundo pacote de interven\u00e7\u00f5es que contemplar\u00e1 os mercados n\u00e3o inclu\u00eddos na fase inicial. O esfor\u00e7o \u00e9 cont\u00ednuo e visa um per\u00edodo de grandes realiza\u00e7\u00f5es\u201d, destacou.<\/p>\n\n\n\n<p>As obras incluem melhorias no piso, reparos nos sistemas el\u00e9tricos e hidr\u00e1ulicos, al\u00e9m de refor\u00e7os na ilumina\u00e7\u00e3o. Tamb\u00e9m ser\u00e3o realizadas a reorganiza\u00e7\u00e3o das bancas e a cria\u00e7\u00e3o de espa\u00e7os acess\u00edveis para pessoas com mobilidade reduzida. Um novo sistema de escoamento de \u00e1gua ser\u00e1 implementado para evitar alagamentos e garantir um ambiente mais limpo e seguro.<\/p>\n\n\n\n<p>A revitaliza\u00e7\u00e3o da feira Manaus Moderna \u00e9 vista como um marco no incentivo ao com\u00e9rcio local e \u00e0 valoriza\u00e7\u00e3o dos produtos regionais, como frutas, verduras, peixes e artesanatos.<\/p>\n\n\n\n<p>Para a dona de casa Raimunda Peixoto das Neves, 58 anos, a popula\u00e7\u00e3o espera um espa\u00e7o modernizado e salutar.<\/p>\n\n\n\n<p>\u201cEu venho aqui toda semana, gosto de comprar os produtos fresco, e com a reforma espero um lugar mais limpo, e principalmente com banheiros, quero poder ter a experi\u00eancia de comprar em uma feira agrad\u00e1vel e funcional\u201d, concluiu a cliente.<\/p>\n\n\n\n<p>A Prefeitura de Manaus reafirma seu compromisso com o desenvolvimento da cidade, investindo continuamente em infraestrutura e servi\u00e7os essenciais, com foco no fortalecimento da economia e no bem-estar da popula\u00e7\u00e3o.<\/p>\n\n\n\n<p>&#8212; &#8212; &#8212;<\/p>\n\n\n\n<p><strong>Texto &#8211;<\/strong> Milton Bambo \/ Semcom<\/p>\n\n\n\n<p><strong>Fotos \u2013<\/strong> Gildo Smith \/ Semacc<\/p>\n\n\n\n<p><strong>Dispon\u00edveis em<\/strong> \u2013 <a href=\"https:\/\/flic.kr\/s\/aHBqjBYdbT\">https:\/\/flic.kr\/s\/aHBqjBYdbT<\/a><\/p>\n","protected":false},"excerpt":{"rendered":"","protected":false},"author":57,"featured_media":233817,"comment_status":"closed","ping_status":"closed","sticky":false,"template":"","format":"standard","meta":{"footnotes":""},"categories":[6],"tags":[1086,77,55],"acf":[],"yoast_head":"<!-- This site is optimized with the Yoast SEO plugin v23.0 - https:\/\/yoast.com\/wordpress\/plugins\/seo\/ -->\n<title>Prefeitura de Manaus retoma obras na Feira Manaus Moderna<\/title>\n<meta name=\"description\" content=\"A Prefeitura de Manaus iniciou a retomada das obras de revitaliza\u00e7\u00e3o da feira Manaus Moderna, localizada na rua dos Bar\u00e9s, centro da capital.\" \/>\n<meta name=\"robots\" content=\"index, follow, max-snippet:-1, max-image-preview:large, max-video-preview:-1\" \/>\n<link rel=\"canonical\" href=\"https:\/\/www.manaus.am.gov.br\/semcom\/obras-na-feira-manaus-moderna\/\" \/>\n<meta property=\"og:locale\" content=\"pt_BR\" \/>\n<meta property=\"og:type\" content=\"article\" \/>\n<meta property=\"og:title\" content=\"Prefeitura de Manaus retoma obras na Feira Manaus Moderna\" \/>\n<meta property=\"og:description\" content=\"A Prefeitura de Manaus iniciou a retomada das obras de revitaliza\u00e7\u00e3o da feira Manaus Moderna, localizada na rua dos Bar\u00e9s, centro da capital.\" \/>\n<meta property=\"og:url\" content=\"https:\/\/www.manaus.am.gov.br\/semcom\/obras-na-feira-manaus-moderna\/\" \/>\n<meta property=\"og:site_name\" content=\"SEMCOM\" \/>\n<meta property=\"article:published_time\" content=\"2025-01-14T21:38:11+00:00\" \/>\n<meta property=\"article:modified_time\" content=\"2025-01-14T21:44:56+00:00\" \/>\n<meta property=\"og:image\" content=\"https:\/\/www.manaus.am.gov.br\/semcom\/wp-content\/uploads\/sites\/5\/2025\/01\/Reforma-Manaus-Moderna_2.jpg\" \/>\n\t<meta property=\"og:image:width\" content=\"800\" \/>\n\t<meta property=\"og:image:height\" content=\"600\" \/>\n\t<meta property=\"og:image:type\" content=\"image\/jpeg\" \/>\n<meta name=\"author\" content=\"Thiago Fernando\" \/>\n<meta name=\"twitter:card\" content=\"summary_large_image\" \/>\n<meta name=\"twitter:label1\" content=\"Written by\" \/>\n\t<meta name=\"twitter:data1\" content=\"Thiago Fernando\" \/>\n\t<meta name=\"twitter:label2\" content=\"Est. reading time\" \/>\n\t<meta name=\"twitter:data2\" content=\"3 minutos\" \/>\n<script type=\"application\/ld+json\" class=\"yoast-schema-graph\">{\"@context\":\"https:\/\/schema.org\",\"@graph\":[{\"@type\":\"WebPage\",\"@id\":\"https:\/\/www.manaus.am.gov.br\/semcom\/obras-na-feira-manaus-moderna\/\",\"url\":\"https:\/\/www.manaus.am.gov.br\/semcom\/obras-na-feira-manaus-moderna\/\",\"name\":\"Prefeitura de Manaus retoma obras na Feira Manaus Moderna\",\"isPartOf\":{\"@id\":\"https:\/\/www.manaus.am.gov.br\/semcom\/#website\"},\"primaryImageOfPage\":{\"@id\":\"https:\/\/www.manaus.am.gov.br\/semcom\/obras-na-feira-manaus-moderna\/#primaryimage\"},\"image\":{\"@id\":\"https:\/\/www.manaus.am.gov.br\/semcom\/obras-na-feira-manaus-moderna\/#primaryimage\"},\"thumbnailUrl\":\"https:\/\/www.manaus.am.gov.br\/semcom\/wp-content\/uploads\/sites\/5\/2025\/01\/Reforma-Manaus-Moderna_2.jpg\",\"datePublished\":\"2025-01-14T21:38:11+00:00\",\"dateModified\":\"2025-01-14T21:44:56+00:00\",\"author\":{\"@id\":\"https:\/\/www.manaus.am.gov.br\/semcom\/#\/schema\/person\/a5ee5376db6e21af026374b369f30882\"},\"description\":\"A Prefeitura de Manaus iniciou a retomada das obras de revitaliza\u00e7\u00e3o da feira Manaus Moderna, localizada na rua dos Bar\u00e9s, centro da capital.\",\"inLanguage\":\"pt-BR\",\"potentialAction\":[{\"@type\":\"ReadAction\",\"target\":[\"https:\/\/www.manaus.am.gov.br\/semcom\/obras-na-feira-manaus-moderna\/\"]}]},{\"@type\":\"ImageObject\",\"inLanguage\":\"pt-BR\",\"@id\":\"https:\/\/www.manaus.am.gov.br\/semcom\/obras-na-feira-manaus-moderna\/#primaryimage\",\"url\":\"https:\/\/www.manaus.am.gov.br\/semcom\/wp-content\/uploads\/sites\/5\/2025\/01\/Reforma-Manaus-Moderna_2.jpg\",\"contentUrl\":\"https:\/\/www.manaus.am.gov.br\/semcom\/wp-content\/uploads\/sites\/5\/2025\/01\/Reforma-Manaus-Moderna_2.jpg\",\"width\":800,\"height\":600,\"caption\":\"Obras na Feira Manaus Moderna\"},{\"@type\":\"WebSite\",\"@id\":\"https:\/\/www.manaus.am.gov.br\/semcom\/#website\",\"url\":\"https:\/\/www.manaus.am.gov.br\/semcom\/\",\"name\":\"SEMCOM\",\"description\":\"Secretaria Municipal de Comunica\u00e7\u00e3o\",\"potentialAction\":[{\"@type\":\"SearchAction\",\"target\":{\"@type\":\"EntryPoint\",\"urlTemplate\":\"https:\/\/www.manaus.am.gov.br\/semcom\/?s={search_term_string}\"},\"query-input\":\"required name=search_term_string\"}],\"inLanguage\":\"pt-BR\"},{\"@type\":\"Person\",\"@id\":\"https:\/\/www.manaus.am.gov.br\/semcom\/#\/schema\/person\/a5ee5376db6e21af026374b369f30882\",\"name\":\"Thiago Fernando\",\"image\":{\"@type\":\"ImageObject\",\"inLanguage\":\"pt-BR\",\"@id\":\"https:\/\/www.manaus.am.gov.br\/semcom\/#\/schema\/person\/image\/\",\"url\":\"https:\/\/secure.gravatar.com\/avatar\/f5aab8722444041451501c077052ac07?s=96&d=mm&r=g\",\"contentUrl\":\"https:\/\/secure.gravatar.com\/avatar\/f5aab8722444041451501c077052ac07?s=96&d=mm&r=g\",\"caption\":\"Thiago Fernando\"}}]}<\/script>\n<!-- \/ Yoast SEO plugin. -->","yoast_head_json":{"title":"Prefeitura de Manaus retoma obras na Feira Manaus Moderna","description":"A Prefeitura de Manaus iniciou a retomada das obras de revitaliza\u00e7\u00e3o da feira Manaus Moderna, localizada na rua dos Bar\u00e9s, centro da capital.","robots":{"index":"index","follow":"follow","max-snippet":"max-snippet:-1","max-image-preview":"max-image-preview:large","max-video-preview":"max-video-preview:-1"},"canonical":"https:\/\/www.manaus.am.gov.br\/semcom\/obras-na-feira-manaus-moderna\/","og_locale":"pt_BR","og_type":"article","og_title":"Prefeitura de Manaus retoma obras na Feira Manaus Moderna","og_description":"A Prefeitura de Manaus iniciou a retomada das obras de revitaliza\u00e7\u00e3o da feira Manaus Moderna, localizada na rua dos Bar\u00e9s, centro da capital.","og_url":"https:\/\/www.manaus.am.gov.br\/semcom\/obras-na-feira-manaus-moderna\/","og_site_name":"SEMCOM","article_published_time":"2025-01-14T21:38:11+00:00","article_modified_time":"2025-01-14T21:44:56+00:00","og_image":[{"width":800,"height":600,"url":"https:\/\/www.manaus.am.gov.br\/semcom\/wp-content\/uploads\/sites\/5\/2025\/01\/Reforma-Manaus-Moderna_2.jpg","type":"image\/jpeg"}],"author":"Thiago Fernando","twitter_card":"summary_large_image","twitter_misc":{"Written by":"Thiago Fernando","Est. reading time":"3 minutos"},"schema":{"@context":"https:\/\/schema.org","@graph":[{"@type":"WebPage","@id":"https:\/\/www.manaus.am.gov.br\/semcom\/obras-na-feira-manaus-moderna\/","url":"https:\/\/www.manaus.am.gov.br\/semcom\/obras-na-feira-manaus-moderna\/","name":"Prefeitura de Manaus retoma obras na Feira Manaus Moderna","isPartOf":{"@id":"https:\/\/www.manaus.am.gov.br\/semcom\/#website"},"primaryImageOfPage":{"@id":"https:\/\/www.manaus.am.gov.br\/semcom\/obras-na-feira-manaus-moderna\/#primaryimage"},"image":{"@id":"https:\/\/www.manaus.am.gov.br\/semcom\/obras-na-feira-manaus-moderna\/#primaryimage"},"thumbnailUrl":"https:\/\/www.manaus.am.gov.br\/semcom\/wp-content\/uploads\/sites\/5\/2025\/01\/Reforma-Manaus-Moderna_2.jpg","datePublished":"2025-01-14T21:38:11+00:00","dateModified":"2025-01-14T21:44:56+00:00","author":{"@id":"https:\/\/www.manaus.am.gov.br\/semcom\/#\/schema\/person\/a5ee5376db6e21af026374b369f30882"},"description":"A Prefeitura de Manaus iniciou a retomada das obras de revitaliza\u00e7\u00e3o da feira Manaus Moderna, localizada na rua dos Bar\u00e9s, centro da capital.","inLanguage":"pt-BR","potentialAction":[{"@type":"ReadAction","target":["https:\/\/www.manaus.am.gov.br\/semcom\/obras-na-feira-manaus-moderna\/"]}]},{"@type":"ImageObject","inLanguage":"pt-BR","@id":"https:\/\/www.manaus.am.gov.br\/semcom\/obras-na-feira-manaus-moderna\/#primaryimage","url":"https:\/\/www.manaus.am.gov.br\/semcom\/wp-content\/uploads\/sites\/5\/2025\/01\/Reforma-Manaus-Moderna_2.jpg","contentUrl":"https:\/\/www.manaus.am.gov.br\/semcom\/wp-content\/uploads\/sites\/5\/2025\/01\/Reforma-Manaus-Moderna_2.jpg","width":800,"height":600,"caption":"Obras na Feira Manaus Moderna"},{"@type":"WebSite","@id":"https:\/\/www.manaus.am.gov.br\/semcom\/#website","url":"https:\/\/www.manaus.am.gov.br\/semcom\/","name":"SEMCOM","description":"Secretaria Municipal de Comunica\u00e7\u00e3o","potentialAction":[{"@type":"SearchAction","target":{"@type":"EntryPoint","urlTemplate":"https:\/\/www.manaus.am.gov.br\/semcom\/?s={search_term_string}"},"query-input":"required name=search_term_string"}],"inLanguage":"pt-BR"},{"@type":"Person","@id":"https:\/\/www.manaus.am.gov.br\/semcom\/#\/schema\/person\/a5ee5376db6e21af026374b369f30882","name":"Thiago Fernando","image":{"@type":"ImageObject","inLanguage":"pt-BR","@id":"https:\/\/www.manaus.am.gov.br\/semcom\/#\/schema\/person\/image\/","url":"https:\/\/secure.gravatar.com\/avatar\/f5aab8722444041451501c077052ac07?s=96&d=mm&r=g","contentUrl":"https:\/\/secure.gravatar.com\/avatar\/f5aab8722444041451501c077052ac07?s=96&d=mm&r=g","caption":"Thiago Fernando"}}]}},"_links":{"self":[{"href":"https:\/\/www.manaus.am.gov.br\/semcom\/wp-json\/wp\/v2\/posts\/233816"}],"collection":[{"href":"https:\/\/www.manaus.am.gov.br\/semcom\/wp-json\/wp\/v2\/posts"}],"about":[{"href":"https:\/\/www.manaus.am.gov.br\/semcom\/wp-json\/wp\/v2\/types\/post"}],"author":[{"embeddable":true,"href":"https:\/\/www.manaus.am.gov.br\/semcom\/wp-json\/wp\/v2\/users\/57"}],"replies":[{"embeddable":true,"href":"https:\/\/www.manaus.am.gov.br\/semcom\/wp-json\/wp\/v2\/comments?post=233816"}],"version-history":[{"count":1,"href":"https:\/\/www.manaus.am.gov.br\/semcom\/wp-json\/wp\/v2\/posts\/233816\/revisions"}],"predecessor-version":[{"id":233819,"href":"https:\/\/www.manaus.am.gov.br\/semcom\/wp-json\/wp\/v2\/posts\/233816\/revisions\/233819"}],"wp:featuredmedia":[{"embeddable":true,"href":"https:\/\/www.manaus.am.gov.br\/semcom\/wp-json\/wp\/v2\/media\/233817"}],"wp:attachment":[{"href":"https:\/\/www.manaus.am.gov.br\/semcom\/wp-json\/wp\/v2\/media?parent=233816"}],"wp:term":[{"taxonomy":"category","embeddable":true,"href":"https:\/\/www.manaus.am.gov.br\/semcom\/wp-json\/wp\/v2\/categories?post=233816"},{"taxonomy":"post_tag","embeddable":true,"href":"https:\/\/www.manaus.am.gov.br\/semcom\/wp-json\/wp\/v2\/tags?post=233816"}],"curies":[{"name":"wp","href":"https:\/\/api.w.org\/{rel}","templated":true}]}}