{"id":233773,"date":"2025-01-13T16:54:44","date_gmt":"2025-01-13T19:54:44","guid":{"rendered":"https:\/\/www.manaus.am.gov.br\/semcom\/curso-danca-e-sessoes-de-musicoterapia\/"},"modified":"2025-01-13T16:54:46","modified_gmt":"2025-01-13T19:54:46","slug":"curso-danca-e-sessoes-de-musicoterapia","status":"publish","type":"post","link":"https:\/\/www.manaus.am.gov.br\/semcom\/curso-danca-e-sessoes-de-musicoterapia\/","title":{"rendered":"Manausprev abre inscri\u00e7\u00e3o para curso de dan\u00e7a e sess\u00f5es de musicoterapia"},"content":{"rendered":"\n<p>A Prefeitura de Manaus, por meio da <a href=\"https:\/\/maps.app.goo.gl\/Fjok5oMKqZXbSTHL6\">Manaus Previd\u00eancia<\/a>, vai abrir inscri\u00e7\u00f5es para o curso de dan\u00e7a popular e sess\u00f5es de musicoterapia, nesta ter\u00e7a-feira, 14\/1, at\u00e9 o dia 14\/2. As atividades s\u00e3o voltadas para aposentados e pensionistas municipais, que devem se inscrever via telefone (92 3186-8027) ou WhatsApp (92 98844-5056), das 8h \u00e0s 14h.<\/p>\n\n\n\n<p>O setor Psicossocial da autarquia vai coordenar as atividades, sendo que ambas ser\u00e3o realizadas na sede da <a href=\"https:\/\/www.instagram.com\/manausprevidencia\/\">Manausprev<\/a>, na avenida Constantino, bairro Chapada, zona Centro-Sul. As vagas s\u00e3o limitadas e gratuitas.<\/p>\n\n\n\n<p>O curso de dan\u00e7a, que inclui zumba, forr\u00f3, entre outros ritmos populares, ser\u00e1 realizado de 17\/2 a 25\/6, as segundas e quartas-feiras, das 8h30 \u00e0s 9h30. As sess\u00f5es de musicoterapia acontecer\u00e3o uma vez por semana, no per\u00edodo de 21\/2 a 27\/6, as sextas-feiras, das 8h30 \u00e0s 10h30, em grupo e n\u00e3o sendo necess\u00e1rio conhecimento musical para participar.<\/p>\n\n\n\n<p>\u201cA Manausprev oferta essas atividades pensando na promo\u00e7\u00e3o do bem-estar e na sa\u00fade f\u00edsica, mental e cognitiva do participante, que pode ser de qualquer idade, desde que na condi\u00e7\u00e3o de aposentado ou pensionista. Ambas s\u00e3o orientadas por profissionais habilitados e s\u00e3o gratuitas. A iniciativa tamb\u00e9m estreita a nossa rela\u00e7\u00e3o, enquanto institui\u00e7\u00e3o, com o cidad\u00e3o, que no caso s\u00e3o os benefici\u00e1rios municipais, tanto da prefeitura quanto da c\u00e2mara\u201d, explica a diretora-presidente da autarquia, Daniela Benayon.<\/p>\n","protected":false},"excerpt":{"rendered":"","protected":false},"author":57,"featured_media":233774,"comment_status":"closed","ping_status":"closed","sticky":false,"template":"","format":"standard","meta":{"footnotes":""},"categories":[189],"tags":[3231,9617,77,2014],"acf":[],"yoast_head":"<!-- This site is optimized with the Yoast SEO plugin v23.0 - https:\/\/yoast.com\/wordpress\/plugins\/seo\/ -->\n<title>Aberta inscri\u00e7\u00e3o para curso de dan\u00e7a e sess\u00f5es de musicoterapia<\/title>\n<meta name=\"description\" content=\"A Prefeitura de Manaus vai abrir inscri\u00e7\u00f5es para o curso de dan\u00e7a popular e sess\u00f5es de musicoterapia, nesta ter\u00e7a-feira at\u00e9 o dia 14\/2.\" \/>\n<meta name=\"robots\" content=\"index, follow, max-snippet:-1, max-image-preview:large, max-video-preview:-1\" \/>\n<link rel=\"canonical\" href=\"https:\/\/www.manaus.am.gov.br\/semcom\/curso-danca-e-sessoes-de-musicoterapia\/\" \/>\n<meta property=\"og:locale\" content=\"pt_BR\" \/>\n<meta property=\"og:type\" content=\"article\" \/>\n<meta property=\"og:title\" content=\"Aberta inscri\u00e7\u00e3o para curso de dan\u00e7a e sess\u00f5es de musicoterapia\" \/>\n<meta property=\"og:description\" content=\"A Prefeitura de Manaus vai abrir inscri\u00e7\u00f5es para o curso de dan\u00e7a popular e sess\u00f5es de musicoterapia, nesta ter\u00e7a-feira at\u00e9 o dia 14\/2.\" \/>\n<meta property=\"og:url\" content=\"https:\/\/www.manaus.am.gov.br\/semcom\/curso-danca-e-sessoes-de-musicoterapia\/\" \/>\n<meta property=\"og:site_name\" content=\"SEMCOM\" \/>\n<meta property=\"article:published_time\" content=\"2025-01-13T19:54:44+00:00\" \/>\n<meta property=\"article:modified_time\" content=\"2025-01-13T19:54:46+00:00\" \/>\n<meta property=\"og:image\" content=\"https:\/\/www.manaus.am.gov.br\/semcom\/wp-content\/uploads\/sites\/5\/2025\/01\/ritmos-1024x768.jpg\" \/>\n\t<meta property=\"og:image:width\" content=\"1024\" \/>\n\t<meta property=\"og:image:height\" content=\"768\" \/>\n\t<meta property=\"og:image:type\" content=\"image\/jpeg\" \/>\n<meta name=\"author\" content=\"Thiago Fernando\" \/>\n<meta name=\"twitter:card\" content=\"summary_large_image\" \/>\n<meta name=\"twitter:label1\" content=\"Written by\" \/>\n\t<meta name=\"twitter:data1\" content=\"Thiago Fernando\" \/>\n\t<meta name=\"twitter:label2\" content=\"Est. reading time\" \/>\n\t<meta name=\"twitter:data2\" content=\"2 minutos\" \/>\n<script type=\"application\/ld+json\" class=\"yoast-schema-graph\">{\"@context\":\"https:\/\/schema.org\",\"@graph\":[{\"@type\":\"WebPage\",\"@id\":\"https:\/\/www.manaus.am.gov.br\/semcom\/curso-danca-e-sessoes-de-musicoterapia\/\",\"url\":\"https:\/\/www.manaus.am.gov.br\/semcom\/curso-danca-e-sessoes-de-musicoterapia\/\",\"name\":\"Aberta inscri\u00e7\u00e3o para curso de dan\u00e7a e sess\u00f5es de musicoterapia\",\"isPartOf\":{\"@id\":\"https:\/\/www.manaus.am.gov.br\/semcom\/#website\"},\"primaryImageOfPage\":{\"@id\":\"https:\/\/www.manaus.am.gov.br\/semcom\/curso-danca-e-sessoes-de-musicoterapia\/#primaryimage\"},\"image\":{\"@id\":\"https:\/\/www.manaus.am.gov.br\/semcom\/curso-danca-e-sessoes-de-musicoterapia\/#primaryimage\"},\"thumbnailUrl\":\"https:\/\/www.manaus.am.gov.br\/semcom\/wp-content\/uploads\/sites\/5\/2025\/01\/ritmos.jpg\",\"datePublished\":\"2025-01-13T19:54:44+00:00\",\"dateModified\":\"2025-01-13T19:54:46+00:00\",\"author\":{\"@id\":\"https:\/\/www.manaus.am.gov.br\/semcom\/#\/schema\/person\/a5ee5376db6e21af026374b369f30882\"},\"description\":\"A Prefeitura de Manaus vai abrir inscri\u00e7\u00f5es para o curso de dan\u00e7a popular e sess\u00f5es de musicoterapia, nesta ter\u00e7a-feira at\u00e9 o dia 14\/2.\",\"inLanguage\":\"pt-BR\",\"potentialAction\":[{\"@type\":\"ReadAction\",\"target\":[\"https:\/\/www.manaus.am.gov.br\/semcom\/curso-danca-e-sessoes-de-musicoterapia\/\"]}]},{\"@type\":\"ImageObject\",\"inLanguage\":\"pt-BR\",\"@id\":\"https:\/\/www.manaus.am.gov.br\/semcom\/curso-danca-e-sessoes-de-musicoterapia\/#primaryimage\",\"url\":\"https:\/\/www.manaus.am.gov.br\/semcom\/wp-content\/uploads\/sites\/5\/2025\/01\/ritmos.jpg\",\"contentUrl\":\"https:\/\/www.manaus.am.gov.br\/semcom\/wp-content\/uploads\/sites\/5\/2025\/01\/ritmos.jpg\",\"width\":4000,\"height\":3000,\"caption\":\"Curso de dan\u00e7a popular\"},{\"@type\":\"WebSite\",\"@id\":\"https:\/\/www.manaus.am.gov.br\/semcom\/#website\",\"url\":\"https:\/\/www.manaus.am.gov.br\/semcom\/\",\"name\":\"SEMCOM\",\"description\":\"Secretaria Municipal de Comunica\u00e7\u00e3o\",\"potentialAction\":[{\"@type\":\"SearchAction\",\"target\":{\"@type\":\"EntryPoint\",\"urlTemplate\":\"https:\/\/www.manaus.am.gov.br\/semcom\/?s={search_term_string}\"},\"query-input\":\"required name=search_term_string\"}],\"inLanguage\":\"pt-BR\"},{\"@type\":\"Person\",\"@id\":\"https:\/\/www.manaus.am.gov.br\/semcom\/#\/schema\/person\/a5ee5376db6e21af026374b369f30882\",\"name\":\"Thiago Fernando\",\"image\":{\"@type\":\"ImageObject\",\"inLanguage\":\"pt-BR\",\"@id\":\"https:\/\/www.manaus.am.gov.br\/semcom\/#\/schema\/person\/image\/\",\"url\":\"https:\/\/secure.gravatar.com\/avatar\/f5aab8722444041451501c077052ac07?s=96&d=mm&r=g\",\"contentUrl\":\"https:\/\/secure.gravatar.com\/avatar\/f5aab8722444041451501c077052ac07?s=96&d=mm&r=g\",\"caption\":\"Thiago Fernando\"}}]}<\/script>\n<!-- \/ Yoast SEO plugin. -->","yoast_head_json":{"title":"Aberta inscri\u00e7\u00e3o para curso de dan\u00e7a e sess\u00f5es de musicoterapia","description":"A Prefeitura de Manaus vai abrir inscri\u00e7\u00f5es para o curso de dan\u00e7a popular e sess\u00f5es de musicoterapia, nesta ter\u00e7a-feira at\u00e9 o dia 14\/2.","robots":{"index":"index","follow":"follow","max-snippet":"max-snippet:-1","max-image-preview":"max-image-preview:large","max-video-preview":"max-video-preview:-1"},"canonical":"https:\/\/www.manaus.am.gov.br\/semcom\/curso-danca-e-sessoes-de-musicoterapia\/","og_locale":"pt_BR","og_type":"article","og_title":"Aberta inscri\u00e7\u00e3o para curso de dan\u00e7a e sess\u00f5es de musicoterapia","og_description":"A Prefeitura de Manaus vai abrir inscri\u00e7\u00f5es para o curso de dan\u00e7a popular e sess\u00f5es de musicoterapia, nesta ter\u00e7a-feira at\u00e9 o dia 14\/2.","og_url":"https:\/\/www.manaus.am.gov.br\/semcom\/curso-danca-e-sessoes-de-musicoterapia\/","og_site_name":"SEMCOM","article_published_time":"2025-01-13T19:54:44+00:00","article_modified_time":"2025-01-13T19:54:46+00:00","og_image":[{"width":1024,"height":768,"url":"https:\/\/www.manaus.am.gov.br\/semcom\/wp-content\/uploads\/sites\/5\/2025\/01\/ritmos-1024x768.jpg","type":"image\/jpeg"}],"author":"Thiago Fernando","twitter_card":"summary_large_image","twitter_misc":{"Written by":"Thiago Fernando","Est. reading time":"2 minutos"},"schema":{"@context":"https:\/\/schema.org","@graph":[{"@type":"WebPage","@id":"https:\/\/www.manaus.am.gov.br\/semcom\/curso-danca-e-sessoes-de-musicoterapia\/","url":"https:\/\/www.manaus.am.gov.br\/semcom\/curso-danca-e-sessoes-de-musicoterapia\/","name":"Aberta inscri\u00e7\u00e3o para curso de dan\u00e7a e sess\u00f5es de musicoterapia","isPartOf":{"@id":"https:\/\/www.manaus.am.gov.br\/semcom\/#website"},"primaryImageOfPage":{"@id":"https:\/\/www.manaus.am.gov.br\/semcom\/curso-danca-e-sessoes-de-musicoterapia\/#primaryimage"},"image":{"@id":"https:\/\/www.manaus.am.gov.br\/semcom\/curso-danca-e-sessoes-de-musicoterapia\/#primaryimage"},"thumbnailUrl":"https:\/\/www.manaus.am.gov.br\/semcom\/wp-content\/uploads\/sites\/5\/2025\/01\/ritmos.jpg","datePublished":"2025-01-13T19:54:44+00:00","dateModified":"2025-01-13T19:54:46+00:00","author":{"@id":"https:\/\/www.manaus.am.gov.br\/semcom\/#\/schema\/person\/a5ee5376db6e21af026374b369f30882"},"description":"A Prefeitura de Manaus vai abrir inscri\u00e7\u00f5es para o curso de dan\u00e7a popular e sess\u00f5es de musicoterapia, nesta ter\u00e7a-feira at\u00e9 o dia 14\/2.","inLanguage":"pt-BR","potentialAction":[{"@type":"ReadAction","target":["https:\/\/www.manaus.am.gov.br\/semcom\/curso-danca-e-sessoes-de-musicoterapia\/"]}]},{"@type":"ImageObject","inLanguage":"pt-BR","@id":"https:\/\/www.manaus.am.gov.br\/semcom\/curso-danca-e-sessoes-de-musicoterapia\/#primaryimage","url":"https:\/\/www.manaus.am.gov.br\/semcom\/wp-content\/uploads\/sites\/5\/2025\/01\/ritmos.jpg","contentUrl":"https:\/\/www.manaus.am.gov.br\/semcom\/wp-content\/uploads\/sites\/5\/2025\/01\/ritmos.jpg","width":4000,"height":3000,"caption":"Curso de dan\u00e7a popular"},{"@type":"WebSite","@id":"https:\/\/www.manaus.am.gov.br\/semcom\/#website","url":"https:\/\/www.manaus.am.gov.br\/semcom\/","name":"SEMCOM","description":"Secretaria Municipal de Comunica\u00e7\u00e3o","potentialAction":[{"@type":"SearchAction","target":{"@type":"EntryPoint","urlTemplate":"https:\/\/www.manaus.am.gov.br\/semcom\/?s={search_term_string}"},"query-input":"required name=search_term_string"}],"inLanguage":"pt-BR"},{"@type":"Person","@id":"https:\/\/www.manaus.am.gov.br\/semcom\/#\/schema\/person\/a5ee5376db6e21af026374b369f30882","name":"Thiago Fernando","image":{"@type":"ImageObject","inLanguage":"pt-BR","@id":"https:\/\/www.manaus.am.gov.br\/semcom\/#\/schema\/person\/image\/","url":"https:\/\/secure.gravatar.com\/avatar\/f5aab8722444041451501c077052ac07?s=96&d=mm&r=g","contentUrl":"https:\/\/secure.gravatar.com\/avatar\/f5aab8722444041451501c077052ac07?s=96&d=mm&r=g","caption":"Thiago Fernando"}}]}},"_links":{"self":[{"href":"https:\/\/www.manaus.am.gov.br\/semcom\/wp-json\/wp\/v2\/posts\/233773"}],"collection":[{"href":"https:\/\/www.manaus.am.gov.br\/semcom\/wp-json\/wp\/v2\/posts"}],"about":[{"href":"https:\/\/www.manaus.am.gov.br\/semcom\/wp-json\/wp\/v2\/types\/post"}],"author":[{"embeddable":true,"href":"https:\/\/www.manaus.am.gov.br\/semcom\/wp-json\/wp\/v2\/users\/57"}],"replies":[{"embeddable":true,"href":"https:\/\/www.manaus.am.gov.br\/semcom\/wp-json\/wp\/v2\/comments?post=233773"}],"version-history":[{"count":0,"href":"https:\/\/www.manaus.am.gov.br\/semcom\/wp-json\/wp\/v2\/posts\/233773\/revisions"}],"wp:featuredmedia":[{"embeddable":true,"href":"https:\/\/www.manaus.am.gov.br\/semcom\/wp-json\/wp\/v2\/media\/233774"}],"wp:attachment":[{"href":"https:\/\/www.manaus.am.gov.br\/semcom\/wp-json\/wp\/v2\/media?parent=233773"}],"wp:term":[{"taxonomy":"category","embeddable":true,"href":"https:\/\/www.manaus.am.gov.br\/semcom\/wp-json\/wp\/v2\/categories?post=233773"},{"taxonomy":"post_tag","embeddable":true,"href":"https:\/\/www.manaus.am.gov.br\/semcom\/wp-json\/wp\/v2\/tags?post=233773"}],"curies":[{"name":"wp","href":"https:\/\/api.w.org\/{rel}","templated":true}]}}