{"id":233765,"date":"2025-01-13T15:47:46","date_gmt":"2025-01-13T18:47:46","guid":{"rendered":"https:\/\/www.manaus.am.gov.br\/semcom\/ageman-e-cmr-plano-expansao-agua-esgoto-2025\/"},"modified":"2025-01-13T15:51:53","modified_gmt":"2025-01-13T18:51:53","slug":"ageman-e-cmr-plano-expansao-agua-esgoto-2025","status":"publish","type":"post","link":"https:\/\/www.manaus.am.gov.br\/semcom\/ageman-e-cmr-plano-expansao-agua-esgoto-2025\/","title":{"rendered":"Ageman e Conselho de Regula\u00e7\u00e3o avaliam o Plano de Expans\u00e3o dos Servi\u00e7os de \u00c1gua e Esgoto para 2025"},"content":{"rendered":"\n<p>Membros do Conselho Municipal de Regula\u00e7\u00e3o dos Servi\u00e7os P\u00fablicos Delegados do Munic\u00edpio de Manaus (CMR) conheceram as a\u00e7\u00f5es que ser\u00e3o implementadas pela concession\u00e1ria \u00c1guas de Manaus, constantes no Plano Anual de Explora\u00e7\u00e3o de Servi\u00e7os para o ano de 2025 (PES 2025).&nbsp;O documento foi analisado pela Ag\u00eancia Reguladora dos Servi\u00e7os P\u00fablicos Delegados do Munic\u00edpio de Manaus (Ageman), que recomendou ao poder concedente sua aprova\u00e7\u00e3o.<\/p>\n\n\n\n<p>O PES 2025 re\u00fane um conjunto de obras e servi\u00e7os de expans\u00e3o, melhoria e manuten\u00e7\u00e3o no sistema p\u00fablico de abastecimento de \u00e1gua e esgotamento sanit\u00e1rio da capital amazonense.<\/p>\n\n\n\n<p>Dentre as a\u00e7\u00f5es priorit\u00e1rias apresentadas aos conselheiros pelo diretor-executivo da concession\u00e1ria, Renee C\u00e2mara Chaveiro, destacam-se a substitui\u00e7\u00e3o das adutoras das avenidas Coronel Teixeira (trecho Centro-bairro, entre o Por\u00e3o do Alem\u00e3o e o Carrefour), na Ponta Negra, e Marciano Armond (trecho bairro-Centro, entre o posto Atem e o viaduto Josu\u00e9 Cl\u00e1udio de Souza), no bairro Cachoeirinha. Essas duas redes de \u00e1gua possuem hist\u00f3rico de rompimentos e foram alvo de penalidades, como multas aplicadas pela Ageman. As obras est\u00e3o previstas para iniciar no segundo semestre deste ano e ocorrer\u00e3o durante o ver\u00e3o.<\/p>\n\n\n\n<p>\u201cEstamos acompanhando de perto todo o planejamento para a execu\u00e7\u00e3o dessa obra, que certamente colocar\u00e1 um ponto final nos constantes rompimentos ocorridos nessas localidades. S\u00e3o \u00e1reas bastante sens\u00edveis de nossa cidade, devido ao intenso fluxo de ve\u00edculos, mas trata-se de uma interven\u00e7\u00e3o necess\u00e1ria para que a popula\u00e7\u00e3o n\u00e3o continue sendo prejudicada com o desabastecimento ocasionado pelos rompimentos. Vamos trabalhar em conjunto com o Instituto Municipal de Mobilidade Urbana (IMMU) para orientar os motoristas e tra\u00e7ar um plano de a\u00e7\u00e3o que garanta brevidade e transpar\u00eancia na comunica\u00e7\u00e3o com os usu\u00e1rios\u201d, assegurou o diretor-presidente da Ageman, Elson Andrade.<\/p>\n\n\n\n<p>O diretor-executivo da \u00c1guas de Manaus afirmou aos conselheiros que todos os insumos necess\u00e1rios para a realiza\u00e7\u00e3o das obras j\u00e1 foram adquiridos e que a empresa aguarda apenas o in\u00edcio do ver\u00e3o para iniciar os trabalhos de substitui\u00e7\u00e3o das duas adutoras. Ele destacou ainda que as interven\u00e7\u00f5es exigir\u00e3o a coopera\u00e7\u00e3o de outras concession\u00e1rias, devido \u00e0 exist\u00eancia de redes de drenagem e g\u00e1s nas proximidades.<\/p>\n\n\n\n<p>Al\u00e9m da substitui\u00e7\u00e3o das adutoras, o PES 2025 prev\u00ea a perfura\u00e7\u00e3o de po\u00e7os nas comunidades 23 de Setembro (bairro Lago Azul), Vila Nova (Mauazinho) e Jardim Orqu\u00eddea (Tarum\u00e3).<\/p>\n\n\n\n<p>Para melhorar o transporte e a distribui\u00e7\u00e3o de \u00e1gua, a concession\u00e1ria pretende concluir a implanta\u00e7\u00e3o de 650 metros de uma adutora de 500 metros c\u00fabicos no bairro Monte das Oliveiras, al\u00e9m de implantar 500 metros de uma adutora com capacidade de 150 metros c\u00fabicos para atender os usu\u00e1rios da primeira etapa do Viver Melhor e realizar a extens\u00e3o de 2 mil metros de adutora de 150 metros c\u00fabicos na comunidade Uni\u00e3o da Vit\u00f3ria.<\/p>\n\n\n\n<p>O plano contempla ainda a constru\u00e7\u00e3o de um reservat\u00f3rio com capacidade de 200 metros c\u00fabicos para a comunidade Lago Azul, a expans\u00e3o de 35 mil metros de rede de \u00e1gua para beneficiar comunidades de baixa renda e a execu\u00e7\u00e3o de 3,5 mil novas liga\u00e7\u00f5es para garantir a regularidade no abastecimento em comunidades como Nova Jerusal\u00e9m, S\u00e3o Jo\u00e3o, Uni\u00e3o da Vit\u00f3ria e 23 de Setembro, todas localizadas no bairro Lago Azul.<\/p>\n\n\n\n<p>Outras a\u00e7\u00f5es no sistema incluem a troca e implanta\u00e7\u00e3o de filtros, medidores de vaz\u00e3o, instala\u00e7\u00e3o de v\u00e1lvulas, revitaliza\u00e7\u00e3o da infraestrutura e melhorias nos sistemas el\u00e9tricos e operacionais em \u00e1reas estrat\u00e9gicas, visando aprimorar o sistema de abastecimento.<\/p>\n\n\n\n<p>No setor de esgotamento sanit\u00e1rio est\u00e3o previstas revitaliza\u00e7\u00f5es nas Esta\u00e7\u00f5es de Tratamento de Esgoto (ETE) Timbiras, Viver Melhor 1 e Educandos, al\u00e9m da instala\u00e7\u00e3o de sistemas autom\u00e1ticos nas elevat\u00f3rias de esgoto da Bet\u00e2nia, Santa Luzia, igarap\u00e9 de Manaus e Ribeiro J\u00fanior. O plano tamb\u00e9m prev\u00ea interven\u00e7\u00f5es nas bacias do Prourbis, Timbiras, Educandos, Raiz e Augusto Montenegro 2, com a implanta\u00e7\u00e3o de 34 mil novas liga\u00e7\u00f5es de esgoto, constru\u00e7\u00e3o de 19 esta\u00e7\u00f5es elevat\u00f3rias de esgoto, continuidade do sistema Ponta Negra, implanta\u00e7\u00e3o da ETE Tigre (bairro Petr\u00f3polis), continuidade das obras da ETE Raiz e otimiza\u00e7\u00e3o do sistema Prosamim, com assentamento de cinco quil\u00f4metros de rede coletora e mil novas liga\u00e7\u00f5es de esgoto em \u00e1reas vulner\u00e1veis, como becos e palafitas.<\/p>\n\n\n\n<p>Todas as a\u00e7\u00f5es visam assegurar a melhoria e a expans\u00e3o do saneamento b\u00e1sico na capital, em cumprimento \u00e0s metas do contrato de concess\u00e3o e ao novo marco regulat\u00f3rio, que estabelece que, at\u00e9 2030, Manaus deve elevar para mais de 80% a cobertura do servi\u00e7o de esgotamento sanit\u00e1rio e alcan\u00e7ar a universaliza\u00e7\u00e3o do abastecimento de \u00e1gua \u2014 meta j\u00e1 atingida h\u00e1 quatro anos.<\/p>\n\n\n\n<p>A iniciativa da empresa de apresentar o PES 2025 ainda no in\u00edcio do ano foi destacada pelos conselheiros como uma oportunidade para que as a\u00e7\u00f5es possam ser divulgadas pelas institui\u00e7\u00f5es que eles representam.<\/p>\n\n\n\n<p>\u201cAl\u00e9m de entendermos o que vai acontecer, a empresa exp\u00f4s de forma clara e objetiva algo bastante complexo. Podemos apoiar essas medidas, mesmo que causem inc\u00f4modos tempor\u00e1rios \u00e0 cidade, pois, sem elas, n\u00e3o avan\u00e7aremos, especialmente no sistema de coleta de esgoto, que enfrenta dificuldades em uma cidade j\u00e1 consolidada\u201d, pontuou o conselheiro Armando Ennes do Vale J\u00fanior.<\/p>\n\n\n\n<p>A advogada Roberta Pinto dos Santos, conselheira representante da Casa Civil da Prefeitura de Manaus, tamb\u00e9m destacou a import\u00e2ncia da apresenta\u00e7\u00e3o do PES 2025 ao Conselho Municipal de Regula\u00e7\u00e3o. \u201c\u00c9 fundamental que o conselho esteja ciente deste plano de expans\u00e3o, pois ele impacta diretamente o cotidiano e a qualidade de vida da sociedade. Ao conhecer essas a\u00e7\u00f5es, podemos repassar as informa\u00e7\u00f5es para a popula\u00e7\u00e3o, que entender\u00e1 que interven\u00e7\u00f5es, como interdi\u00e7\u00f5es em vias, s\u00e3o parte de um processo de melhoria, seja no abastecimento de \u00e1gua ou no esgotamento sanit\u00e1rio\u201d, concluiu.<\/p>\n\n\n\n<p>&#8212; &#8212; &#8212;\u00a0<\/p>\n\n\n\n<p><strong>Texto e foto &#8211;\u00a0<\/strong>Tereza Te\u00f3filo\/Ageman\u00a0<\/p>\n","protected":false},"excerpt":{"rendered":"","protected":false},"author":39,"featured_media":233766,"comment_status":"closed","ping_status":"closed","sticky":false,"template":"","format":"standard","meta":{"footnotes":""},"categories":[46],"tags":[1193,215,10971,13142,77],"acf":[],"yoast_head":"<!-- This site is optimized with the Yoast SEO plugin v23.0 - https:\/\/yoast.com\/wordpress\/plugins\/seo\/ -->\n<title>Ageman e CMR avaliam plano de expans\u00e3o da \u00c1guas de Manaus<\/title>\n<meta name=\"description\" content=\"Ageman e Conselho Municipal de Regula\u00e7\u00e3o avaliam o Plano de Expans\u00e3o dos Servi\u00e7os de \u00c1gua e Esgoto para 2025.\" \/>\n<meta name=\"robots\" content=\"index, follow, max-snippet:-1, max-image-preview:large, max-video-preview:-1\" \/>\n<link rel=\"canonical\" href=\"https:\/\/www.manaus.am.gov.br\/semcom\/ageman-e-cmr-plano-expansao-agua-esgoto-2025\/\" \/>\n<meta property=\"og:locale\" content=\"pt_BR\" \/>\n<meta property=\"og:type\" content=\"article\" \/>\n<meta property=\"og:title\" content=\"Ageman e CMR avaliam plano de expans\u00e3o da \u00c1guas de Manaus\" \/>\n<meta property=\"og:description\" content=\"Ageman e Conselho Municipal de Regula\u00e7\u00e3o avaliam o Plano de Expans\u00e3o dos Servi\u00e7os de \u00c1gua e Esgoto para 2025.\" \/>\n<meta property=\"og:url\" content=\"https:\/\/www.manaus.am.gov.br\/semcom\/ageman-e-cmr-plano-expansao-agua-esgoto-2025\/\" \/>\n<meta property=\"og:site_name\" content=\"SEMCOM\" \/>\n<meta property=\"article:published_time\" content=\"2025-01-13T18:47:46+00:00\" \/>\n<meta property=\"article:modified_time\" content=\"2025-01-13T18:51:53+00:00\" \/>\n<meta property=\"og:image\" content=\"https:\/\/www.manaus.am.gov.br\/semcom\/wp-content\/uploads\/sites\/5\/2025\/01\/WhatsApp-Image-2025-01-13-at-13.33.57.jpeg\" \/>\n\t<meta property=\"og:image:width\" content=\"1600\" \/>\n\t<meta property=\"og:image:height\" content=\"1200\" \/>\n\t<meta property=\"og:image:type\" content=\"image\/jpeg\" \/>\n<meta name=\"author\" content=\"Bruna Greco\" \/>\n<meta name=\"twitter:card\" content=\"summary_large_image\" \/>\n<meta name=\"twitter:label1\" content=\"Written by\" \/>\n\t<meta name=\"twitter:data1\" content=\"Bruna Greco\" \/>\n\t<meta name=\"twitter:label2\" content=\"Est. reading time\" \/>\n\t<meta name=\"twitter:data2\" content=\"6 minutos\" \/>\n<script type=\"application\/ld+json\" class=\"yoast-schema-graph\">{\"@context\":\"https:\/\/schema.org\",\"@graph\":[{\"@type\":\"WebPage\",\"@id\":\"https:\/\/www.manaus.am.gov.br\/semcom\/ageman-e-cmr-plano-expansao-agua-esgoto-2025\/\",\"url\":\"https:\/\/www.manaus.am.gov.br\/semcom\/ageman-e-cmr-plano-expansao-agua-esgoto-2025\/\",\"name\":\"Ageman e CMR avaliam plano de expans\u00e3o da \u00c1guas de Manaus\",\"isPartOf\":{\"@id\":\"https:\/\/www.manaus.am.gov.br\/semcom\/#website\"},\"primaryImageOfPage\":{\"@id\":\"https:\/\/www.manaus.am.gov.br\/semcom\/ageman-e-cmr-plano-expansao-agua-esgoto-2025\/#primaryimage\"},\"image\":{\"@id\":\"https:\/\/www.manaus.am.gov.br\/semcom\/ageman-e-cmr-plano-expansao-agua-esgoto-2025\/#primaryimage\"},\"thumbnailUrl\":\"https:\/\/www.manaus.am.gov.br\/semcom\/wp-content\/uploads\/sites\/5\/2025\/01\/WhatsApp-Image-2025-01-13-at-13.33.57.jpeg\",\"datePublished\":\"2025-01-13T18:47:46+00:00\",\"dateModified\":\"2025-01-13T18:51:53+00:00\",\"author\":{\"@id\":\"https:\/\/www.manaus.am.gov.br\/semcom\/#\/schema\/person\/05d223aea2bf115f9883a6ff3683d81b\"},\"description\":\"Ageman e Conselho Municipal de Regula\u00e7\u00e3o avaliam o Plano de Expans\u00e3o dos Servi\u00e7os de \u00c1gua e Esgoto para 2025.\",\"inLanguage\":\"pt-BR\",\"potentialAction\":[{\"@type\":\"ReadAction\",\"target\":[\"https:\/\/www.manaus.am.gov.br\/semcom\/ageman-e-cmr-plano-expansao-agua-esgoto-2025\/\"]}]},{\"@type\":\"ImageObject\",\"inLanguage\":\"pt-BR\",\"@id\":\"https:\/\/www.manaus.am.gov.br\/semcom\/ageman-e-cmr-plano-expansao-agua-esgoto-2025\/#primaryimage\",\"url\":\"https:\/\/www.manaus.am.gov.br\/semcom\/wp-content\/uploads\/sites\/5\/2025\/01\/WhatsApp-Image-2025-01-13-at-13.33.57.jpeg\",\"contentUrl\":\"https:\/\/www.manaus.am.gov.br\/semcom\/wp-content\/uploads\/sites\/5\/2025\/01\/WhatsApp-Image-2025-01-13-at-13.33.57.jpeg\",\"width\":1600,\"height\":1200,\"caption\":\"#paratodosverem - Representantes da Ageman, CMR e \u00c1guas de Manaus reunidos durante a apresenta\u00e7\u00e3o do PES 2025\"},{\"@type\":\"WebSite\",\"@id\":\"https:\/\/www.manaus.am.gov.br\/semcom\/#website\",\"url\":\"https:\/\/www.manaus.am.gov.br\/semcom\/\",\"name\":\"SEMCOM\",\"description\":\"Secretaria Municipal de Comunica\u00e7\u00e3o\",\"potentialAction\":[{\"@type\":\"SearchAction\",\"target\":{\"@type\":\"EntryPoint\",\"urlTemplate\":\"https:\/\/www.manaus.am.gov.br\/semcom\/?s={search_term_string}\"},\"query-input\":\"required name=search_term_string\"}],\"inLanguage\":\"pt-BR\"},{\"@type\":\"Person\",\"@id\":\"https:\/\/www.manaus.am.gov.br\/semcom\/#\/schema\/person\/05d223aea2bf115f9883a6ff3683d81b\",\"name\":\"Bruna Greco\",\"image\":{\"@type\":\"ImageObject\",\"inLanguage\":\"pt-BR\",\"@id\":\"https:\/\/www.manaus.am.gov.br\/semcom\/#\/schema\/person\/image\/\",\"url\":\"https:\/\/secure.gravatar.com\/avatar\/9c877d1a6adc2a055330e5c09a8653ce?s=96&d=mm&r=g\",\"contentUrl\":\"https:\/\/secure.gravatar.com\/avatar\/9c877d1a6adc2a055330e5c09a8653ce?s=96&d=mm&r=g\",\"caption\":\"Bruna Greco\"}}]}<\/script>\n<!-- \/ Yoast SEO plugin. -->","yoast_head_json":{"title":"Ageman e CMR avaliam plano de expans\u00e3o da \u00c1guas de Manaus","description":"Ageman e Conselho Municipal de Regula\u00e7\u00e3o avaliam o Plano de Expans\u00e3o dos Servi\u00e7os de \u00c1gua e Esgoto para 2025.","robots":{"index":"index","follow":"follow","max-snippet":"max-snippet:-1","max-image-preview":"max-image-preview:large","max-video-preview":"max-video-preview:-1"},"canonical":"https:\/\/www.manaus.am.gov.br\/semcom\/ageman-e-cmr-plano-expansao-agua-esgoto-2025\/","og_locale":"pt_BR","og_type":"article","og_title":"Ageman e CMR avaliam plano de expans\u00e3o da \u00c1guas de Manaus","og_description":"Ageman e Conselho Municipal de Regula\u00e7\u00e3o avaliam o Plano de Expans\u00e3o dos Servi\u00e7os de \u00c1gua e Esgoto para 2025.","og_url":"https:\/\/www.manaus.am.gov.br\/semcom\/ageman-e-cmr-plano-expansao-agua-esgoto-2025\/","og_site_name":"SEMCOM","article_published_time":"2025-01-13T18:47:46+00:00","article_modified_time":"2025-01-13T18:51:53+00:00","og_image":[{"width":1600,"height":1200,"url":"https:\/\/www.manaus.am.gov.br\/semcom\/wp-content\/uploads\/sites\/5\/2025\/01\/WhatsApp-Image-2025-01-13-at-13.33.57.jpeg","type":"image\/jpeg"}],"author":"Bruna Greco","twitter_card":"summary_large_image","twitter_misc":{"Written by":"Bruna Greco","Est. reading time":"6 minutos"},"schema":{"@context":"https:\/\/schema.org","@graph":[{"@type":"WebPage","@id":"https:\/\/www.manaus.am.gov.br\/semcom\/ageman-e-cmr-plano-expansao-agua-esgoto-2025\/","url":"https:\/\/www.manaus.am.gov.br\/semcom\/ageman-e-cmr-plano-expansao-agua-esgoto-2025\/","name":"Ageman e CMR avaliam plano de expans\u00e3o da \u00c1guas de Manaus","isPartOf":{"@id":"https:\/\/www.manaus.am.gov.br\/semcom\/#website"},"primaryImageOfPage":{"@id":"https:\/\/www.manaus.am.gov.br\/semcom\/ageman-e-cmr-plano-expansao-agua-esgoto-2025\/#primaryimage"},"image":{"@id":"https:\/\/www.manaus.am.gov.br\/semcom\/ageman-e-cmr-plano-expansao-agua-esgoto-2025\/#primaryimage"},"thumbnailUrl":"https:\/\/www.manaus.am.gov.br\/semcom\/wp-content\/uploads\/sites\/5\/2025\/01\/WhatsApp-Image-2025-01-13-at-13.33.57.jpeg","datePublished":"2025-01-13T18:47:46+00:00","dateModified":"2025-01-13T18:51:53+00:00","author":{"@id":"https:\/\/www.manaus.am.gov.br\/semcom\/#\/schema\/person\/05d223aea2bf115f9883a6ff3683d81b"},"description":"Ageman e Conselho Municipal de Regula\u00e7\u00e3o avaliam o Plano de Expans\u00e3o dos Servi\u00e7os de \u00c1gua e Esgoto para 2025.","inLanguage":"pt-BR","potentialAction":[{"@type":"ReadAction","target":["https:\/\/www.manaus.am.gov.br\/semcom\/ageman-e-cmr-plano-expansao-agua-esgoto-2025\/"]}]},{"@type":"ImageObject","inLanguage":"pt-BR","@id":"https:\/\/www.manaus.am.gov.br\/semcom\/ageman-e-cmr-plano-expansao-agua-esgoto-2025\/#primaryimage","url":"https:\/\/www.manaus.am.gov.br\/semcom\/wp-content\/uploads\/sites\/5\/2025\/01\/WhatsApp-Image-2025-01-13-at-13.33.57.jpeg","contentUrl":"https:\/\/www.manaus.am.gov.br\/semcom\/wp-content\/uploads\/sites\/5\/2025\/01\/WhatsApp-Image-2025-01-13-at-13.33.57.jpeg","width":1600,"height":1200,"caption":"#paratodosverem - Representantes da Ageman, CMR e \u00c1guas de Manaus reunidos durante a apresenta\u00e7\u00e3o do PES 2025"},{"@type":"WebSite","@id":"https:\/\/www.manaus.am.gov.br\/semcom\/#website","url":"https:\/\/www.manaus.am.gov.br\/semcom\/","name":"SEMCOM","description":"Secretaria Municipal de Comunica\u00e7\u00e3o","potentialAction":[{"@type":"SearchAction","target":{"@type":"EntryPoint","urlTemplate":"https:\/\/www.manaus.am.gov.br\/semcom\/?s={search_term_string}"},"query-input":"required name=search_term_string"}],"inLanguage":"pt-BR"},{"@type":"Person","@id":"https:\/\/www.manaus.am.gov.br\/semcom\/#\/schema\/person\/05d223aea2bf115f9883a6ff3683d81b","name":"Bruna Greco","image":{"@type":"ImageObject","inLanguage":"pt-BR","@id":"https:\/\/www.manaus.am.gov.br\/semcom\/#\/schema\/person\/image\/","url":"https:\/\/secure.gravatar.com\/avatar\/9c877d1a6adc2a055330e5c09a8653ce?s=96&d=mm&r=g","contentUrl":"https:\/\/secure.gravatar.com\/avatar\/9c877d1a6adc2a055330e5c09a8653ce?s=96&d=mm&r=g","caption":"Bruna Greco"}}]}},"_links":{"self":[{"href":"https:\/\/www.manaus.am.gov.br\/semcom\/wp-json\/wp\/v2\/posts\/233765"}],"collection":[{"href":"https:\/\/www.manaus.am.gov.br\/semcom\/wp-json\/wp\/v2\/posts"}],"about":[{"href":"https:\/\/www.manaus.am.gov.br\/semcom\/wp-json\/wp\/v2\/types\/post"}],"author":[{"embeddable":true,"href":"https:\/\/www.manaus.am.gov.br\/semcom\/wp-json\/wp\/v2\/users\/39"}],"replies":[{"embeddable":true,"href":"https:\/\/www.manaus.am.gov.br\/semcom\/wp-json\/wp\/v2\/comments?post=233765"}],"version-history":[{"count":1,"href":"https:\/\/www.manaus.am.gov.br\/semcom\/wp-json\/wp\/v2\/posts\/233765\/revisions"}],"predecessor-version":[{"id":233768,"href":"https:\/\/www.manaus.am.gov.br\/semcom\/wp-json\/wp\/v2\/posts\/233765\/revisions\/233768"}],"wp:featuredmedia":[{"embeddable":true,"href":"https:\/\/www.manaus.am.gov.br\/semcom\/wp-json\/wp\/v2\/media\/233766"}],"wp:attachment":[{"href":"https:\/\/www.manaus.am.gov.br\/semcom\/wp-json\/wp\/v2\/media?parent=233765"}],"wp:term":[{"taxonomy":"category","embeddable":true,"href":"https:\/\/www.manaus.am.gov.br\/semcom\/wp-json\/wp\/v2\/categories?post=233765"},{"taxonomy":"post_tag","embeddable":true,"href":"https:\/\/www.manaus.am.gov.br\/semcom\/wp-json\/wp\/v2\/tags?post=233765"}],"curies":[{"name":"wp","href":"https:\/\/api.w.org\/{rel}","templated":true}]}}