{"id":233725,"date":"2025-01-10T22:32:59","date_gmt":"2025-01-11T01:32:59","guid":{"rendered":"https:\/\/www.manaus.am.gov.br\/semcom\/posse-presidencia-tream\/"},"modified":"2025-01-10T23:34:08","modified_gmt":"2025-01-11T02:34:08","slug":"posse-presidencia-tream","status":"publish","type":"post","link":"https:\/\/www.manaus.am.gov.br\/semcom\/posse-presidencia-tream\/","title":{"rendered":"Prefeito em exerc\u00edcio Renato Junior destaca pertin\u00eancia da presen\u00e7a feminina em cargos de dire\u00e7\u00e3o no Poder Judici\u00e1rio"},"content":{"rendered":"\n<p>Em solenidade de posse da nova presid\u00eancia do Tribunal Regional Eleitoral do Amazonas (TRE-AM), nesta sexta-feira, 10\/1, no Teatro Amazonas, Centro, o prefeito em exerc\u00edcio Renato Junior destacou a participa\u00e7\u00e3o feminina em cargos de dire\u00e7\u00e3o no Poder Judici\u00e1rio.<\/p>\n\n\n\n<p>\u201cImportante porque nos honra, como povo, sociedade, e n\u00e3o somente as mulheres amaz\u00f4nidas, mas tamb\u00e9m a pol\u00edtica amazonense. O TRE \u00e9 a Justi\u00e7a e coloca a verdade no seu devido lugar. Desejo sucesso na jornada\u201d, afirmou.<\/p>\n\n\n\n<p>No evento, foram empossadas as desembargadoras Carla Reis, agora presidente da corte, e N\u00e9lia Caminha, vice-presidente.&nbsp;<\/p>\n\n\n\n<p>\u201cO TRE nunca esteve t\u00e3o feminino como hoje. Com certeza, o tribunal \u00e9 muito atuante e, n\u00f3s, sobretudo amazonenses, manauaras, que passamos pelo processo eleitoral tamb\u00e9m. Temos o Tribunal Regional Eleitoral, como a Justi\u00e7a que coloca a verdade no seu devido lugar e as fake news e as mentiras tamb\u00e9m no seu devido local\u201d, complementa.<\/p>\n\n\n\n<p>Ambas as desembargadoras j\u00e1 foram titulares de ju\u00edzos eleitorais na capital e interior do Estado e exerceram fun\u00e7\u00f5es no Tribunal Pleno do TRE-AM. A desembargadora Carla Reis atuou como vice-presidente e corregedora e a desembargadora N\u00e9lia Caminha, como ju\u00edza membro da Classe dos Magistrados.<\/p>\n\n\n\n<p>O evento acontece um dia ap\u00f3s o Tribunal de Justi\u00e7a do Amazonas empossar os desembargadores Jomar Fernandes, Airton Gentil e Hamilton Saraiva, respectivamente, como presidente, vice-presidente e corregedor-geral de Justi\u00e7a da Corte.<\/p>\n\n\n\n<p><strong>\u2014 \u2014 \u2014<\/strong><br><strong>Texto &#8211; <\/strong>Alessandra Taveira \/ Gabinete Vice-Prefeito<br><strong>Fotos &#8211; <\/strong>Jo\u00e3o Viana \/ Semcom e Carlos Oliveira \/ Gabinete Vice-Prefeito<br><strong>Dispon\u00edveis em &#8211; <\/strong><a href=\"https:\/\/flic.kr\/s\/aHBqjBXMrX\">https:\/\/flic.kr\/s\/aHBqjBXMrX<\/a>\u00a0<\/p>\n","protected":false},"excerpt":{"rendered":"","protected":false},"author":68,"featured_media":233726,"comment_status":"closed","ping_status":"closed","sticky":false,"template":"","format":"standard","meta":{"footnotes":""},"categories":[15],"tags":[480,77,491,13124],"acf":[],"yoast_head":"<!-- This site is optimized with the Yoast SEO plugin v23.0 - https:\/\/yoast.com\/wordpress\/plugins\/seo\/ -->\n<title>Prefeito em exerc\u00edcio Renato Junior destaca pertin\u00eancia da presen\u00e7a feminina em cargos de dire\u00e7\u00e3o no Poder Judici\u00e1rio<\/title>\n<meta name=\"description\" content=\"Em solenidade de posse da nova presid\u00eancia do Tribunal Regional Eleitoral do Amazonas (TRE-AM), nesta sexta-feira, 10\/1, no Teatro Amazonas, Centro, o prefeito em exerc\u00edcio Renato Junior destacou a participa\u00e7\u00e3o feminina em cargos de dire\u00e7\u00e3o no Poder Judici\u00e1rio.\" \/>\n<meta name=\"robots\" content=\"index, follow, max-snippet:-1, max-image-preview:large, max-video-preview:-1\" \/>\n<link rel=\"canonical\" href=\"https:\/\/www.manaus.am.gov.br\/semcom\/posse-presidencia-tream\/\" \/>\n<meta property=\"og:locale\" content=\"pt_BR\" \/>\n<meta property=\"og:type\" content=\"article\" \/>\n<meta property=\"og:title\" content=\"Prefeito em exerc\u00edcio Renato Junior destaca pertin\u00eancia da presen\u00e7a feminina em cargos de dire\u00e7\u00e3o no Poder Judici\u00e1rio\" \/>\n<meta property=\"og:description\" content=\"Em solenidade de posse da nova presid\u00eancia do Tribunal Regional Eleitoral do Amazonas (TRE-AM), nesta sexta-feira, 10\/1, no Teatro Amazonas, Centro, o prefeito em exerc\u00edcio Renato Junior destacou a participa\u00e7\u00e3o feminina em cargos de dire\u00e7\u00e3o no Poder Judici\u00e1rio.\" \/>\n<meta property=\"og:url\" content=\"https:\/\/www.manaus.am.gov.br\/semcom\/posse-presidencia-tream\/\" \/>\n<meta property=\"og:site_name\" content=\"SEMCOM\" \/>\n<meta property=\"article:published_time\" content=\"2025-01-11T01:32:59+00:00\" \/>\n<meta property=\"article:modified_time\" content=\"2025-01-11T02:34:08+00:00\" \/>\n<meta property=\"og:image\" content=\"https:\/\/www.manaus.am.gov.br\/semcom\/wp-content\/uploads\/sites\/5\/2025\/01\/Prefeito-de-Manaus-em-exercicio-Renato-Junior-prestigia-posse-da-nova-gestao-do-Tribunal-Regional-Eleitoral-do-Amazonas.jpg\" \/>\n\t<meta property=\"og:image:width\" content=\"799\" \/>\n\t<meta property=\"og:image:height\" content=\"533\" \/>\n\t<meta property=\"og:image:type\" content=\"image\/jpeg\" \/>\n<meta name=\"author\" content=\"bvalente\" \/>\n<meta name=\"twitter:card\" content=\"summary_large_image\" \/>\n<meta name=\"twitter:label1\" content=\"Written by\" \/>\n\t<meta name=\"twitter:data1\" content=\"bvalente\" \/>\n\t<meta name=\"twitter:label2\" content=\"Est. reading time\" \/>\n\t<meta name=\"twitter:data2\" content=\"2 minutos\" \/>\n<script type=\"application\/ld+json\" class=\"yoast-schema-graph\">{\"@context\":\"https:\/\/schema.org\",\"@graph\":[{\"@type\":\"WebPage\",\"@id\":\"https:\/\/www.manaus.am.gov.br\/semcom\/posse-presidencia-tream\/\",\"url\":\"https:\/\/www.manaus.am.gov.br\/semcom\/posse-presidencia-tream\/\",\"name\":\"Prefeito em exerc\u00edcio Renato Junior destaca pertin\u00eancia da presen\u00e7a feminina em cargos de dire\u00e7\u00e3o no Poder Judici\u00e1rio\",\"isPartOf\":{\"@id\":\"https:\/\/www.manaus.am.gov.br\/semcom\/#website\"},\"primaryImageOfPage\":{\"@id\":\"https:\/\/www.manaus.am.gov.br\/semcom\/posse-presidencia-tream\/#primaryimage\"},\"image\":{\"@id\":\"https:\/\/www.manaus.am.gov.br\/semcom\/posse-presidencia-tream\/#primaryimage\"},\"thumbnailUrl\":\"https:\/\/www.manaus.am.gov.br\/semcom\/wp-content\/uploads\/sites\/5\/2025\/01\/Prefeito-de-Manaus-em-exercicio-Renato-Junior-prestigia-posse-da-nova-gestao-do-Tribunal-Regional-Eleitoral-do-Amazonas.jpg\",\"datePublished\":\"2025-01-11T01:32:59+00:00\",\"dateModified\":\"2025-01-11T02:34:08+00:00\",\"author\":{\"@id\":\"https:\/\/www.manaus.am.gov.br\/semcom\/#\/schema\/person\/466a0e03ae4b6062809046bd560ac955\"},\"description\":\"Em solenidade de posse da nova presid\u00eancia do Tribunal Regional Eleitoral do Amazonas (TRE-AM), nesta sexta-feira, 10\/1, no Teatro Amazonas, Centro, o prefeito em exerc\u00edcio Renato Junior destacou a participa\u00e7\u00e3o feminina em cargos de dire\u00e7\u00e3o no Poder Judici\u00e1rio.\",\"inLanguage\":\"pt-BR\",\"potentialAction\":[{\"@type\":\"ReadAction\",\"target\":[\"https:\/\/www.manaus.am.gov.br\/semcom\/posse-presidencia-tream\/\"]}]},{\"@type\":\"ImageObject\",\"inLanguage\":\"pt-BR\",\"@id\":\"https:\/\/www.manaus.am.gov.br\/semcom\/posse-presidencia-tream\/#primaryimage\",\"url\":\"https:\/\/www.manaus.am.gov.br\/semcom\/wp-content\/uploads\/sites\/5\/2025\/01\/Prefeito-de-Manaus-em-exercicio-Renato-Junior-prestigia-posse-da-nova-gestao-do-Tribunal-Regional-Eleitoral-do-Amazonas.jpg\",\"contentUrl\":\"https:\/\/www.manaus.am.gov.br\/semcom\/wp-content\/uploads\/sites\/5\/2025\/01\/Prefeito-de-Manaus-em-exercicio-Renato-Junior-prestigia-posse-da-nova-gestao-do-Tribunal-Regional-Eleitoral-do-Amazonas.jpg\",\"width\":799,\"height\":533},{\"@type\":\"WebSite\",\"@id\":\"https:\/\/www.manaus.am.gov.br\/semcom\/#website\",\"url\":\"https:\/\/www.manaus.am.gov.br\/semcom\/\",\"name\":\"SEMCOM\",\"description\":\"Secretaria Municipal de Comunica\u00e7\u00e3o\",\"potentialAction\":[{\"@type\":\"SearchAction\",\"target\":{\"@type\":\"EntryPoint\",\"urlTemplate\":\"https:\/\/www.manaus.am.gov.br\/semcom\/?s={search_term_string}\"},\"query-input\":\"required name=search_term_string\"}],\"inLanguage\":\"pt-BR\"},{\"@type\":\"Person\",\"@id\":\"https:\/\/www.manaus.am.gov.br\/semcom\/#\/schema\/person\/466a0e03ae4b6062809046bd560ac955\",\"name\":\"bvalente\",\"image\":{\"@type\":\"ImageObject\",\"inLanguage\":\"pt-BR\",\"@id\":\"https:\/\/www.manaus.am.gov.br\/semcom\/#\/schema\/person\/image\/\",\"url\":\"https:\/\/secure.gravatar.com\/avatar\/3e69bc2b014bdad41adfec3a39de07d2?s=96&d=mm&r=g\",\"contentUrl\":\"https:\/\/secure.gravatar.com\/avatar\/3e69bc2b014bdad41adfec3a39de07d2?s=96&d=mm&r=g\",\"caption\":\"bvalente\"}}]}<\/script>\n<!-- \/ Yoast SEO plugin. -->","yoast_head_json":{"title":"Prefeito em exerc\u00edcio Renato Junior destaca pertin\u00eancia da presen\u00e7a feminina em cargos de dire\u00e7\u00e3o no Poder Judici\u00e1rio","description":"Em solenidade de posse da nova presid\u00eancia do Tribunal Regional Eleitoral do Amazonas (TRE-AM), nesta sexta-feira, 10\/1, no Teatro Amazonas, Centro, o prefeito em exerc\u00edcio Renato Junior destacou a participa\u00e7\u00e3o feminina em cargos de dire\u00e7\u00e3o no Poder Judici\u00e1rio.","robots":{"index":"index","follow":"follow","max-snippet":"max-snippet:-1","max-image-preview":"max-image-preview:large","max-video-preview":"max-video-preview:-1"},"canonical":"https:\/\/www.manaus.am.gov.br\/semcom\/posse-presidencia-tream\/","og_locale":"pt_BR","og_type":"article","og_title":"Prefeito em exerc\u00edcio Renato Junior destaca pertin\u00eancia da presen\u00e7a feminina em cargos de dire\u00e7\u00e3o no Poder Judici\u00e1rio","og_description":"Em solenidade de posse da nova presid\u00eancia do Tribunal Regional Eleitoral do Amazonas (TRE-AM), nesta sexta-feira, 10\/1, no Teatro Amazonas, Centro, o prefeito em exerc\u00edcio Renato Junior destacou a participa\u00e7\u00e3o feminina em cargos de dire\u00e7\u00e3o no Poder Judici\u00e1rio.","og_url":"https:\/\/www.manaus.am.gov.br\/semcom\/posse-presidencia-tream\/","og_site_name":"SEMCOM","article_published_time":"2025-01-11T01:32:59+00:00","article_modified_time":"2025-01-11T02:34:08+00:00","og_image":[{"width":799,"height":533,"url":"https:\/\/www.manaus.am.gov.br\/semcom\/wp-content\/uploads\/sites\/5\/2025\/01\/Prefeito-de-Manaus-em-exercicio-Renato-Junior-prestigia-posse-da-nova-gestao-do-Tribunal-Regional-Eleitoral-do-Amazonas.jpg","type":"image\/jpeg"}],"author":"bvalente","twitter_card":"summary_large_image","twitter_misc":{"Written by":"bvalente","Est. reading time":"2 minutos"},"schema":{"@context":"https:\/\/schema.org","@graph":[{"@type":"WebPage","@id":"https:\/\/www.manaus.am.gov.br\/semcom\/posse-presidencia-tream\/","url":"https:\/\/www.manaus.am.gov.br\/semcom\/posse-presidencia-tream\/","name":"Prefeito em exerc\u00edcio Renato Junior destaca pertin\u00eancia da presen\u00e7a feminina em cargos de dire\u00e7\u00e3o no Poder Judici\u00e1rio","isPartOf":{"@id":"https:\/\/www.manaus.am.gov.br\/semcom\/#website"},"primaryImageOfPage":{"@id":"https:\/\/www.manaus.am.gov.br\/semcom\/posse-presidencia-tream\/#primaryimage"},"image":{"@id":"https:\/\/www.manaus.am.gov.br\/semcom\/posse-presidencia-tream\/#primaryimage"},"thumbnailUrl":"https:\/\/www.manaus.am.gov.br\/semcom\/wp-content\/uploads\/sites\/5\/2025\/01\/Prefeito-de-Manaus-em-exercicio-Renato-Junior-prestigia-posse-da-nova-gestao-do-Tribunal-Regional-Eleitoral-do-Amazonas.jpg","datePublished":"2025-01-11T01:32:59+00:00","dateModified":"2025-01-11T02:34:08+00:00","author":{"@id":"https:\/\/www.manaus.am.gov.br\/semcom\/#\/schema\/person\/466a0e03ae4b6062809046bd560ac955"},"description":"Em solenidade de posse da nova presid\u00eancia do Tribunal Regional Eleitoral do Amazonas (TRE-AM), nesta sexta-feira, 10\/1, no Teatro Amazonas, Centro, o prefeito em exerc\u00edcio Renato Junior destacou a participa\u00e7\u00e3o feminina em cargos de dire\u00e7\u00e3o no Poder Judici\u00e1rio.","inLanguage":"pt-BR","potentialAction":[{"@type":"ReadAction","target":["https:\/\/www.manaus.am.gov.br\/semcom\/posse-presidencia-tream\/"]}]},{"@type":"ImageObject","inLanguage":"pt-BR","@id":"https:\/\/www.manaus.am.gov.br\/semcom\/posse-presidencia-tream\/#primaryimage","url":"https:\/\/www.manaus.am.gov.br\/semcom\/wp-content\/uploads\/sites\/5\/2025\/01\/Prefeito-de-Manaus-em-exercicio-Renato-Junior-prestigia-posse-da-nova-gestao-do-Tribunal-Regional-Eleitoral-do-Amazonas.jpg","contentUrl":"https:\/\/www.manaus.am.gov.br\/semcom\/wp-content\/uploads\/sites\/5\/2025\/01\/Prefeito-de-Manaus-em-exercicio-Renato-Junior-prestigia-posse-da-nova-gestao-do-Tribunal-Regional-Eleitoral-do-Amazonas.jpg","width":799,"height":533},{"@type":"WebSite","@id":"https:\/\/www.manaus.am.gov.br\/semcom\/#website","url":"https:\/\/www.manaus.am.gov.br\/semcom\/","name":"SEMCOM","description":"Secretaria Municipal de Comunica\u00e7\u00e3o","potentialAction":[{"@type":"SearchAction","target":{"@type":"EntryPoint","urlTemplate":"https:\/\/www.manaus.am.gov.br\/semcom\/?s={search_term_string}"},"query-input":"required name=search_term_string"}],"inLanguage":"pt-BR"},{"@type":"Person","@id":"https:\/\/www.manaus.am.gov.br\/semcom\/#\/schema\/person\/466a0e03ae4b6062809046bd560ac955","name":"bvalente","image":{"@type":"ImageObject","inLanguage":"pt-BR","@id":"https:\/\/www.manaus.am.gov.br\/semcom\/#\/schema\/person\/image\/","url":"https:\/\/secure.gravatar.com\/avatar\/3e69bc2b014bdad41adfec3a39de07d2?s=96&d=mm&r=g","contentUrl":"https:\/\/secure.gravatar.com\/avatar\/3e69bc2b014bdad41adfec3a39de07d2?s=96&d=mm&r=g","caption":"bvalente"}}]}},"_links":{"self":[{"href":"https:\/\/www.manaus.am.gov.br\/semcom\/wp-json\/wp\/v2\/posts\/233725"}],"collection":[{"href":"https:\/\/www.manaus.am.gov.br\/semcom\/wp-json\/wp\/v2\/posts"}],"about":[{"href":"https:\/\/www.manaus.am.gov.br\/semcom\/wp-json\/wp\/v2\/types\/post"}],"author":[{"embeddable":true,"href":"https:\/\/www.manaus.am.gov.br\/semcom\/wp-json\/wp\/v2\/users\/68"}],"replies":[{"embeddable":true,"href":"https:\/\/www.manaus.am.gov.br\/semcom\/wp-json\/wp\/v2\/comments?post=233725"}],"version-history":[{"count":1,"href":"https:\/\/www.manaus.am.gov.br\/semcom\/wp-json\/wp\/v2\/posts\/233725\/revisions"}],"predecessor-version":[{"id":233727,"href":"https:\/\/www.manaus.am.gov.br\/semcom\/wp-json\/wp\/v2\/posts\/233725\/revisions\/233727"}],"wp:featuredmedia":[{"embeddable":true,"href":"https:\/\/www.manaus.am.gov.br\/semcom\/wp-json\/wp\/v2\/media\/233726"}],"wp:attachment":[{"href":"https:\/\/www.manaus.am.gov.br\/semcom\/wp-json\/wp\/v2\/media?parent=233725"}],"wp:term":[{"taxonomy":"category","embeddable":true,"href":"https:\/\/www.manaus.am.gov.br\/semcom\/wp-json\/wp\/v2\/categories?post=233725"},{"taxonomy":"post_tag","embeddable":true,"href":"https:\/\/www.manaus.am.gov.br\/semcom\/wp-json\/wp\/v2\/tags?post=233725"}],"curies":[{"name":"wp","href":"https:\/\/api.w.org\/{rel}","templated":true}]}}