{"id":233643,"date":"2025-01-09T22:00:38","date_gmt":"2025-01-10T01:00:38","guid":{"rendered":"https:\/\/www.manaus.am.gov.br\/semcom\/capacitacao-empreende-manaus\/"},"modified":"2025-01-10T09:15:07","modified_gmt":"2025-01-10T12:15:07","slug":"capacitacao-empreende-manaus","status":"publish","type":"post","link":"https:\/\/www.manaus.am.gov.br\/semcom\/capacitacao-empreende-manaus\/","title":{"rendered":"Programa \u2018Salto Aceleradora\u2019 da Prefeitura de Manaus encerra atividades com Demoday"},"content":{"rendered":"\n<p>A Prefeitura de Manaus, por meio da Secretaria Municipal do Trabalho, Empreendedorismo e Inova\u00e7\u00e3o (Semtepi), em parceria com a organiza\u00e7\u00e3o \u2018Impact Hub\u2019, finalizou, nesta quinta-feira, 9\/1, as atividades do \u201cSalto Aceleradora\u201d, com 200 empreendedores formados em mais uma edi\u00e7\u00e3o do programa. O evento de certifica\u00e7\u00e3o aconteceu no audit\u00f3rio Isabel Victoria de Mattos Pereira do Carmo Ribeiro, na sede da prefeitura, no bairro Compensa, zona Oeste.<\/p>\n\n\n\n<p>Criado em 2021, o programa \u2018Salto Aceleradora\u2019 \u00e9 uma forma\u00e7\u00e3o empreendedora gratuita, que j\u00e1 impulsionou mais de mil empreendedores da cidade de Manaus, atrav\u00e9s de conhecimento pr\u00e1tico e te\u00f3rico, com metodologias adaptadas para neg\u00f3cios. Na edi\u00e7\u00e3o de 2024, o programa foi distribu\u00eddo em seis turmas, em uma dura\u00e7\u00e3o m\u00e9dia de dois meses, e contou com algumas etapas, como: \u201cAutodesenvolvimento\u201d; \u201cMercado\u201d; \u201cModelo de Neg\u00f3cio\u201d; \u201cFinan\u00e7as\u201d; \u201cMarketing\u201d; e \u201cPitch\u201d, al\u00e9m dos Laborat\u00f3rios de troca: \u201cFinan\u00e7as na pr\u00e1tica Pitch\u201d e \u201cPitch na pr\u00e1tica\u201d, e o \u201cDemoday\u201d.<\/p>\n\n\n\n<p>\u201cO empreendedor precisa de menos burocracia para os seus neg\u00f3cios e mais oportunidades como essa para que ele aprenda a gerir o seu empreendimento. Neste ano, a secretaria continuar\u00e1 se preparando para fornecer ainda mais qualifica\u00e7\u00e3o \u00e0 popula\u00e7\u00e3o. Parab\u00e9ns a todos os formados\u201d, concluiu o subsecret\u00e1rio operacional, J\u00fanior Resgate.<\/p>\n\n\n\n<p>Durante o encerramento, a programa\u00e7\u00e3o contou, tamb\u00e9m, com o tradicional Demoday, que consiste na escolha de alguns alunos para a realiza\u00e7\u00e3o do \u2018pitch\u2019 \u2013 uma apresenta\u00e7\u00e3o de neg\u00f3cios, elaborada durante as aulas do programa. Entre os participantes selecionados para este momento, est\u00e1 a empreendedora e dona do Ateli\u00ea de bolos, Heylen Scharff, que trabalha h\u00e1 14 anos no ramo como cake designer.<\/p>\n\n\n\n<p>\u201cEu trabalhava como an\u00f4nima na minha casa mesmo, mas depois de ter participado do Salto Aceleradora, pude me reconhecer como uma grande empreendedora. Esse curso ampliou minha vis\u00e3o de mercado, principalmente, na parte de precifica\u00e7\u00e3o, al\u00e9m de esclarecer a import\u00e2ncia da mulher no empreendedorismo\u201d, destacou a empreendedora.<\/p>\n\n\n\n<p>O programa, que est\u00e1 na quarta edi\u00e7\u00e3o ao longo da gest\u00e3o, recebeu mais de 800 inscri\u00e7\u00f5es em 2024, contou com 100 horas de mentoria com profissionais especialistas no mercado.<\/p>\n\n\n\n<p><strong>\u2014 \u2014 \u2014<\/strong><br><strong>Texto &#8211;<\/strong> Divulga\u00e7\u00e3o \/ Semtepi<br><strong>Fotos &#8211; <\/strong>Valdo Le\u00e3o<strong> <\/strong>\/ Semcom<br><strong>Dispon\u00edveis em &#8211;\u00a0<\/strong>https:\/\/flic.kr\/s\/aHBqjBXAwc <\/p>\n","protected":false},"excerpt":{"rendered":"","protected":false},"author":68,"featured_media":233644,"comment_status":"closed","ping_status":"closed","sticky":false,"template":"","format":"standard","meta":{"footnotes":""},"categories":[24],"tags":[4308,77,13112,22],"acf":[],"yoast_head":"<!-- This site is optimized with the Yoast SEO plugin v23.0 - https:\/\/yoast.com\/wordpress\/plugins\/seo\/ -->\n<title>Programa \u2018Salto Aceleradora\u2019 encerra atividades com Demoday<\/title>\n<meta name=\"description\" content=\"A Prefeitura de Manaus, por meio da Semtepi, em parceria com a Impact Hub, finalizou as atividades do programa Salto Aceleradora.\" \/>\n<meta name=\"robots\" content=\"index, follow, max-snippet:-1, max-image-preview:large, max-video-preview:-1\" \/>\n<link rel=\"canonical\" href=\"https:\/\/www.manaus.am.gov.br\/semcom\/capacitacao-empreende-manaus\/\" \/>\n<meta property=\"og:locale\" content=\"pt_BR\" \/>\n<meta property=\"og:type\" content=\"article\" \/>\n<meta property=\"og:title\" content=\"Programa \u2018Salto Aceleradora\u2019 encerra atividades com Demoday\" \/>\n<meta property=\"og:description\" content=\"A Prefeitura de Manaus, por meio da Semtepi, em parceria com a Impact Hub, finalizou as atividades do programa Salto Aceleradora.\" \/>\n<meta property=\"og:url\" content=\"https:\/\/www.manaus.am.gov.br\/semcom\/capacitacao-empreende-manaus\/\" \/>\n<meta property=\"og:site_name\" content=\"SEMCOM\" \/>\n<meta property=\"article:published_time\" content=\"2025-01-10T01:00:38+00:00\" \/>\n<meta property=\"article:modified_time\" content=\"2025-01-10T12:15:07+00:00\" \/>\n<meta property=\"og:image\" content=\"https:\/\/www.manaus.am.gov.br\/semcom\/wp-content\/uploads\/sites\/5\/2025\/01\/Programa-\u2018Salto-Aceleradora-da-Prefeitura-de-Manaus-encerra-atividades-com-Demoday-2.jpg\" \/>\n\t<meta property=\"og:image:width\" content=\"799\" \/>\n\t<meta property=\"og:image:height\" content=\"533\" \/>\n\t<meta property=\"og:image:type\" content=\"image\/jpeg\" \/>\n<meta name=\"author\" content=\"bvalente\" \/>\n<meta name=\"twitter:card\" content=\"summary_large_image\" \/>\n<meta name=\"twitter:label1\" content=\"Written by\" \/>\n\t<meta name=\"twitter:data1\" content=\"bvalente\" \/>\n\t<meta name=\"twitter:label2\" content=\"Est. reading time\" \/>\n\t<meta name=\"twitter:data2\" content=\"3 minutos\" \/>\n<script type=\"application\/ld+json\" class=\"yoast-schema-graph\">{\"@context\":\"https:\/\/schema.org\",\"@graph\":[{\"@type\":\"WebPage\",\"@id\":\"https:\/\/www.manaus.am.gov.br\/semcom\/capacitacao-empreende-manaus\/\",\"url\":\"https:\/\/www.manaus.am.gov.br\/semcom\/capacitacao-empreende-manaus\/\",\"name\":\"Programa \u2018Salto Aceleradora\u2019 encerra atividades com Demoday\",\"isPartOf\":{\"@id\":\"https:\/\/www.manaus.am.gov.br\/semcom\/#website\"},\"primaryImageOfPage\":{\"@id\":\"https:\/\/www.manaus.am.gov.br\/semcom\/capacitacao-empreende-manaus\/#primaryimage\"},\"image\":{\"@id\":\"https:\/\/www.manaus.am.gov.br\/semcom\/capacitacao-empreende-manaus\/#primaryimage\"},\"thumbnailUrl\":\"https:\/\/www.manaus.am.gov.br\/semcom\/wp-content\/uploads\/sites\/5\/2025\/01\/Programa-\u2018Salto-Aceleradora-da-Prefeitura-de-Manaus-encerra-atividades-com-Demoday-2.jpg\",\"datePublished\":\"2025-01-10T01:00:38+00:00\",\"dateModified\":\"2025-01-10T12:15:07+00:00\",\"author\":{\"@id\":\"https:\/\/www.manaus.am.gov.br\/semcom\/#\/schema\/person\/466a0e03ae4b6062809046bd560ac955\"},\"description\":\"A Prefeitura de Manaus, por meio da Semtepi, em parceria com a Impact Hub, finalizou as atividades do programa Salto Aceleradora.\",\"inLanguage\":\"pt-BR\",\"potentialAction\":[{\"@type\":\"ReadAction\",\"target\":[\"https:\/\/www.manaus.am.gov.br\/semcom\/capacitacao-empreende-manaus\/\"]}]},{\"@type\":\"ImageObject\",\"inLanguage\":\"pt-BR\",\"@id\":\"https:\/\/www.manaus.am.gov.br\/semcom\/capacitacao-empreende-manaus\/#primaryimage\",\"url\":\"https:\/\/www.manaus.am.gov.br\/semcom\/wp-content\/uploads\/sites\/5\/2025\/01\/Programa-\u2018Salto-Aceleradora-da-Prefeitura-de-Manaus-encerra-atividades-com-Demoday-2.jpg\",\"contentUrl\":\"https:\/\/www.manaus.am.gov.br\/semcom\/wp-content\/uploads\/sites\/5\/2025\/01\/Programa-\u2018Salto-Aceleradora-da-Prefeitura-de-Manaus-encerra-atividades-com-Demoday-2.jpg\",\"width\":799,\"height\":533},{\"@type\":\"WebSite\",\"@id\":\"https:\/\/www.manaus.am.gov.br\/semcom\/#website\",\"url\":\"https:\/\/www.manaus.am.gov.br\/semcom\/\",\"name\":\"SEMCOM\",\"description\":\"Secretaria Municipal de Comunica\u00e7\u00e3o\",\"potentialAction\":[{\"@type\":\"SearchAction\",\"target\":{\"@type\":\"EntryPoint\",\"urlTemplate\":\"https:\/\/www.manaus.am.gov.br\/semcom\/?s={search_term_string}\"},\"query-input\":\"required name=search_term_string\"}],\"inLanguage\":\"pt-BR\"},{\"@type\":\"Person\",\"@id\":\"https:\/\/www.manaus.am.gov.br\/semcom\/#\/schema\/person\/466a0e03ae4b6062809046bd560ac955\",\"name\":\"bvalente\",\"image\":{\"@type\":\"ImageObject\",\"inLanguage\":\"pt-BR\",\"@id\":\"https:\/\/www.manaus.am.gov.br\/semcom\/#\/schema\/person\/image\/\",\"url\":\"https:\/\/secure.gravatar.com\/avatar\/3e69bc2b014bdad41adfec3a39de07d2?s=96&d=mm&r=g\",\"contentUrl\":\"https:\/\/secure.gravatar.com\/avatar\/3e69bc2b014bdad41adfec3a39de07d2?s=96&d=mm&r=g\",\"caption\":\"bvalente\"}}]}<\/script>\n<!-- \/ Yoast SEO plugin. -->","yoast_head_json":{"title":"Programa \u2018Salto Aceleradora\u2019 encerra atividades com Demoday","description":"A Prefeitura de Manaus, por meio da Semtepi, em parceria com a Impact Hub, finalizou as atividades do programa Salto Aceleradora.","robots":{"index":"index","follow":"follow","max-snippet":"max-snippet:-1","max-image-preview":"max-image-preview:large","max-video-preview":"max-video-preview:-1"},"canonical":"https:\/\/www.manaus.am.gov.br\/semcom\/capacitacao-empreende-manaus\/","og_locale":"pt_BR","og_type":"article","og_title":"Programa \u2018Salto Aceleradora\u2019 encerra atividades com Demoday","og_description":"A Prefeitura de Manaus, por meio da Semtepi, em parceria com a Impact Hub, finalizou as atividades do programa Salto Aceleradora.","og_url":"https:\/\/www.manaus.am.gov.br\/semcom\/capacitacao-empreende-manaus\/","og_site_name":"SEMCOM","article_published_time":"2025-01-10T01:00:38+00:00","article_modified_time":"2025-01-10T12:15:07+00:00","og_image":[{"width":799,"height":533,"url":"https:\/\/www.manaus.am.gov.br\/semcom\/wp-content\/uploads\/sites\/5\/2025\/01\/Programa-\u2018Salto-Aceleradora-da-Prefeitura-de-Manaus-encerra-atividades-com-Demoday-2.jpg","type":"image\/jpeg"}],"author":"bvalente","twitter_card":"summary_large_image","twitter_misc":{"Written by":"bvalente","Est. reading time":"3 minutos"},"schema":{"@context":"https:\/\/schema.org","@graph":[{"@type":"WebPage","@id":"https:\/\/www.manaus.am.gov.br\/semcom\/capacitacao-empreende-manaus\/","url":"https:\/\/www.manaus.am.gov.br\/semcom\/capacitacao-empreende-manaus\/","name":"Programa \u2018Salto Aceleradora\u2019 encerra atividades com Demoday","isPartOf":{"@id":"https:\/\/www.manaus.am.gov.br\/semcom\/#website"},"primaryImageOfPage":{"@id":"https:\/\/www.manaus.am.gov.br\/semcom\/capacitacao-empreende-manaus\/#primaryimage"},"image":{"@id":"https:\/\/www.manaus.am.gov.br\/semcom\/capacitacao-empreende-manaus\/#primaryimage"},"thumbnailUrl":"https:\/\/www.manaus.am.gov.br\/semcom\/wp-content\/uploads\/sites\/5\/2025\/01\/Programa-\u2018Salto-Aceleradora-da-Prefeitura-de-Manaus-encerra-atividades-com-Demoday-2.jpg","datePublished":"2025-01-10T01:00:38+00:00","dateModified":"2025-01-10T12:15:07+00:00","author":{"@id":"https:\/\/www.manaus.am.gov.br\/semcom\/#\/schema\/person\/466a0e03ae4b6062809046bd560ac955"},"description":"A Prefeitura de Manaus, por meio da Semtepi, em parceria com a Impact Hub, finalizou as atividades do programa Salto Aceleradora.","inLanguage":"pt-BR","potentialAction":[{"@type":"ReadAction","target":["https:\/\/www.manaus.am.gov.br\/semcom\/capacitacao-empreende-manaus\/"]}]},{"@type":"ImageObject","inLanguage":"pt-BR","@id":"https:\/\/www.manaus.am.gov.br\/semcom\/capacitacao-empreende-manaus\/#primaryimage","url":"https:\/\/www.manaus.am.gov.br\/semcom\/wp-content\/uploads\/sites\/5\/2025\/01\/Programa-\u2018Salto-Aceleradora-da-Prefeitura-de-Manaus-encerra-atividades-com-Demoday-2.jpg","contentUrl":"https:\/\/www.manaus.am.gov.br\/semcom\/wp-content\/uploads\/sites\/5\/2025\/01\/Programa-\u2018Salto-Aceleradora-da-Prefeitura-de-Manaus-encerra-atividades-com-Demoday-2.jpg","width":799,"height":533},{"@type":"WebSite","@id":"https:\/\/www.manaus.am.gov.br\/semcom\/#website","url":"https:\/\/www.manaus.am.gov.br\/semcom\/","name":"SEMCOM","description":"Secretaria Municipal de Comunica\u00e7\u00e3o","potentialAction":[{"@type":"SearchAction","target":{"@type":"EntryPoint","urlTemplate":"https:\/\/www.manaus.am.gov.br\/semcom\/?s={search_term_string}"},"query-input":"required name=search_term_string"}],"inLanguage":"pt-BR"},{"@type":"Person","@id":"https:\/\/www.manaus.am.gov.br\/semcom\/#\/schema\/person\/466a0e03ae4b6062809046bd560ac955","name":"bvalente","image":{"@type":"ImageObject","inLanguage":"pt-BR","@id":"https:\/\/www.manaus.am.gov.br\/semcom\/#\/schema\/person\/image\/","url":"https:\/\/secure.gravatar.com\/avatar\/3e69bc2b014bdad41adfec3a39de07d2?s=96&d=mm&r=g","contentUrl":"https:\/\/secure.gravatar.com\/avatar\/3e69bc2b014bdad41adfec3a39de07d2?s=96&d=mm&r=g","caption":"bvalente"}}]}},"_links":{"self":[{"href":"https:\/\/www.manaus.am.gov.br\/semcom\/wp-json\/wp\/v2\/posts\/233643"}],"collection":[{"href":"https:\/\/www.manaus.am.gov.br\/semcom\/wp-json\/wp\/v2\/posts"}],"about":[{"href":"https:\/\/www.manaus.am.gov.br\/semcom\/wp-json\/wp\/v2\/types\/post"}],"author":[{"embeddable":true,"href":"https:\/\/www.manaus.am.gov.br\/semcom\/wp-json\/wp\/v2\/users\/68"}],"replies":[{"embeddable":true,"href":"https:\/\/www.manaus.am.gov.br\/semcom\/wp-json\/wp\/v2\/comments?post=233643"}],"version-history":[{"count":0,"href":"https:\/\/www.manaus.am.gov.br\/semcom\/wp-json\/wp\/v2\/posts\/233643\/revisions"}],"wp:featuredmedia":[{"embeddable":true,"href":"https:\/\/www.manaus.am.gov.br\/semcom\/wp-json\/wp\/v2\/media\/233644"}],"wp:attachment":[{"href":"https:\/\/www.manaus.am.gov.br\/semcom\/wp-json\/wp\/v2\/media?parent=233643"}],"wp:term":[{"taxonomy":"category","embeddable":true,"href":"https:\/\/www.manaus.am.gov.br\/semcom\/wp-json\/wp\/v2\/categories?post=233643"},{"taxonomy":"post_tag","embeddable":true,"href":"https:\/\/www.manaus.am.gov.br\/semcom\/wp-json\/wp\/v2\/tags?post=233643"}],"curies":[{"name":"wp","href":"https:\/\/api.w.org\/{rel}","templated":true}]}}