{"id":233641,"date":"2025-01-09T22:35:31","date_gmt":"2025-01-10T01:35:31","guid":{"rendered":"https:\/\/www.manaus.am.gov.br\/semcom\/harmonia-entre-poderes-tjam\/"},"modified":"2025-01-10T23:34:55","modified_gmt":"2025-01-11T02:34:55","slug":"harmonia-entre-poderes-tjam","status":"publish","type":"post","link":"https:\/\/www.manaus.am.gov.br\/semcom\/harmonia-entre-poderes-tjam\/","title":{"rendered":"Prefeito em exerc\u00edcio Renato Junior destaca harmonia entre poderes durante posse de desembargadores do TJ-AM"},"content":{"rendered":"\n<p>O prefeito de Manaus em exerc\u00edcio, Renato Junior, destacou a harmonia entre os poderes Executivo e Judici\u00e1rio, durante evento de posse dos novos desembargadores do Tribunal de Justi\u00e7a do Amazonas (TJ-AM), nesta quinta-feira, 9\/1.<\/p>\n\n\n\n<p>\u201cA harmonia entre poderes faz parte da democracia e hoje \u00e9 um dia muito importante para a hist\u00f3ria do Amazonas sem sombra de d\u00favidas, com a posse do desembargador Jomar Fernandes, do Tribunal de Justi\u00e7a\u201d, afirma Renato.<\/p>\n\n\n\n<p>Para o novo mandato que compreende o bi\u00eanio 2025\/2026, os desembargadores Jomar Fernandes, Airton Gentil e Hamilton Saraiva assumiram, respectivamente, os cargos de presidente, vice-presidente e corregedor-geral de Justi\u00e7a da Corte.<\/p>\n\n\n\n<p>O desembargador Jomar Fernandes sucede a desembargadora N\u00e9lia Caminha Jorge, que presidiu o TJ-AM no bi\u00eanio 2023\/2024. \u201cCom certeza, o Tribunal de Justi\u00e7a est\u00e1 bem representado na pessoa do desembargador Jomar e pelo \u00f3timo desempenho da desembargadora N\u00e9lia Caminha, que estava \u00e0 frente da Corte como presidente. A nossa alegria, enquanto institui\u00e7\u00e3o da Prefeitura de Manaus, \u00e9 saber que h\u00e1 uma harmonia das institui\u00e7\u00f5es da Prefeitura de Manaus com o Tribunal de Justi\u00e7a\u201d, complementou.&nbsp;<\/p>\n\n\n\n<p>Na ocasi\u00e3o, o novo presidente do tribunal aprovou a gest\u00e3o passada e assentiu em prosseguir com as a\u00e7\u00f5es vigentes.&nbsp;<\/p>\n\n\n\n<p>\u201cA expectativa dessa nova administra\u00e7\u00e3o para o pr\u00f3ximo bi\u00eanio ser\u00e1 inicialmente dar seguimento ao trabalho desenvolvido por todos aqueles ex-presidentes que nos trouxeram essa exitosa coloca\u00e7\u00e3o do Tribunal de Justi\u00e7a do Amazonas. Especialmente quero dizer que a desembargadora N\u00e9lia, de forma muito cuidadosa, desde o in\u00edcio do seu mandato, cuidou para que o acesso ao Poder Judici\u00e1rio do Amazonas fosse franqueado da forma mais f\u00e1cil que pudesse ser. Ela estendeu o apoio aos programas de resgate \u00e0 cidadania, que a corregedoria levou a efeito, de forma que iremos continuar com esses outros trabalhos\u201d, disse.<\/p>\n\n\n\n<p>\u2014 \u2014 \u2014<br><strong>Texto &#8211; <\/strong>Alessandra Taveira \/ Gabinete Vice-Prefeito<br><strong>Fotos &#8211;<\/strong> Jo\u00e3o Viana \/ Semcom e Carlos Oliveira \/ Gabinete Vice-Prefeito<\/p>\n","protected":false},"excerpt":{"rendered":"","protected":false},"author":68,"featured_media":233642,"comment_status":"closed","ping_status":"closed","sticky":false,"template":"","format":"standard","meta":{"footnotes":""},"categories":[15],"tags":[77,439,4579],"acf":[],"yoast_head":"<!-- This site is optimized with the Yoast SEO plugin v23.0 - https:\/\/yoast.com\/wordpress\/plugins\/seo\/ -->\n<title>Prefeito em exerc\u00edcio Renato Junior destaca harmonia entre poderes durante posse de desembargadores do TJ-AM<\/title>\n<meta name=\"description\" content=\"O prefeito de Manaus em exerc\u00edcio, Renato Junior, destacou a harmonia entre os poderes Executivo e Judici\u00e1rio, durante evento de posse dos novos desembargadores do Tribunal de Justi\u00e7a do Amazonas (TJ-AM), nesta quinta-feira, 9\/1.\" \/>\n<meta name=\"robots\" content=\"index, follow, max-snippet:-1, max-image-preview:large, max-video-preview:-1\" \/>\n<link rel=\"canonical\" href=\"https:\/\/www.manaus.am.gov.br\/semcom\/harmonia-entre-poderes-tjam\/\" \/>\n<meta property=\"og:locale\" content=\"pt_BR\" \/>\n<meta property=\"og:type\" content=\"article\" \/>\n<meta property=\"og:title\" content=\"Prefeito em exerc\u00edcio Renato Junior destaca harmonia entre poderes durante posse de desembargadores do TJ-AM\" \/>\n<meta property=\"og:description\" content=\"O prefeito de Manaus em exerc\u00edcio, Renato Junior, destacou a harmonia entre os poderes Executivo e Judici\u00e1rio, durante evento de posse dos novos desembargadores do Tribunal de Justi\u00e7a do Amazonas (TJ-AM), nesta quinta-feira, 9\/1.\" \/>\n<meta property=\"og:url\" content=\"https:\/\/www.manaus.am.gov.br\/semcom\/harmonia-entre-poderes-tjam\/\" \/>\n<meta property=\"og:site_name\" content=\"SEMCOM\" \/>\n<meta property=\"article:published_time\" content=\"2025-01-10T01:35:31+00:00\" \/>\n<meta property=\"article:modified_time\" content=\"2025-01-11T02:34:55+00:00\" \/>\n<meta property=\"og:image\" content=\"https:\/\/www.manaus.am.gov.br\/semcom\/wp-content\/uploads\/sites\/5\/2025\/01\/Prefeito-em-exercicio-Renato-Junior-destaca-harmonia-entre-poderes-durante-posse-de-desembargadores-do-TJ-AM.jpg\" \/>\n\t<meta property=\"og:image:width\" content=\"800\" \/>\n\t<meta property=\"og:image:height\" content=\"640\" \/>\n\t<meta property=\"og:image:type\" content=\"image\/jpeg\" \/>\n<meta name=\"author\" content=\"bvalente\" \/>\n<meta name=\"twitter:card\" content=\"summary_large_image\" \/>\n<meta name=\"twitter:label1\" content=\"Written by\" \/>\n\t<meta name=\"twitter:data1\" content=\"bvalente\" \/>\n\t<meta name=\"twitter:label2\" content=\"Est. reading time\" \/>\n\t<meta name=\"twitter:data2\" content=\"2 minutos\" \/>\n<script type=\"application\/ld+json\" class=\"yoast-schema-graph\">{\"@context\":\"https:\/\/schema.org\",\"@graph\":[{\"@type\":\"WebPage\",\"@id\":\"https:\/\/www.manaus.am.gov.br\/semcom\/harmonia-entre-poderes-tjam\/\",\"url\":\"https:\/\/www.manaus.am.gov.br\/semcom\/harmonia-entre-poderes-tjam\/\",\"name\":\"Prefeito em exerc\u00edcio Renato Junior destaca harmonia entre poderes durante posse de desembargadores do TJ-AM\",\"isPartOf\":{\"@id\":\"https:\/\/www.manaus.am.gov.br\/semcom\/#website\"},\"primaryImageOfPage\":{\"@id\":\"https:\/\/www.manaus.am.gov.br\/semcom\/harmonia-entre-poderes-tjam\/#primaryimage\"},\"image\":{\"@id\":\"https:\/\/www.manaus.am.gov.br\/semcom\/harmonia-entre-poderes-tjam\/#primaryimage\"},\"thumbnailUrl\":\"https:\/\/www.manaus.am.gov.br\/semcom\/wp-content\/uploads\/sites\/5\/2025\/01\/Prefeito-em-exercicio-Renato-Junior-destaca-harmonia-entre-poderes-durante-posse-de-desembargadores-do-TJ-AM.jpg\",\"datePublished\":\"2025-01-10T01:35:31+00:00\",\"dateModified\":\"2025-01-11T02:34:55+00:00\",\"author\":{\"@id\":\"https:\/\/www.manaus.am.gov.br\/semcom\/#\/schema\/person\/466a0e03ae4b6062809046bd560ac955\"},\"description\":\"O prefeito de Manaus em exerc\u00edcio, Renato Junior, destacou a harmonia entre os poderes Executivo e Judici\u00e1rio, durante evento de posse dos novos desembargadores do Tribunal de Justi\u00e7a do Amazonas (TJ-AM), nesta quinta-feira, 9\/1.\",\"inLanguage\":\"pt-BR\",\"potentialAction\":[{\"@type\":\"ReadAction\",\"target\":[\"https:\/\/www.manaus.am.gov.br\/semcom\/harmonia-entre-poderes-tjam\/\"]}]},{\"@type\":\"ImageObject\",\"inLanguage\":\"pt-BR\",\"@id\":\"https:\/\/www.manaus.am.gov.br\/semcom\/harmonia-entre-poderes-tjam\/#primaryimage\",\"url\":\"https:\/\/www.manaus.am.gov.br\/semcom\/wp-content\/uploads\/sites\/5\/2025\/01\/Prefeito-em-exercicio-Renato-Junior-destaca-harmonia-entre-poderes-durante-posse-de-desembargadores-do-TJ-AM.jpg\",\"contentUrl\":\"https:\/\/www.manaus.am.gov.br\/semcom\/wp-content\/uploads\/sites\/5\/2025\/01\/Prefeito-em-exercicio-Renato-Junior-destaca-harmonia-entre-poderes-durante-posse-de-desembargadores-do-TJ-AM.jpg\",\"width\":800,\"height\":640},{\"@type\":\"WebSite\",\"@id\":\"https:\/\/www.manaus.am.gov.br\/semcom\/#website\",\"url\":\"https:\/\/www.manaus.am.gov.br\/semcom\/\",\"name\":\"SEMCOM\",\"description\":\"Secretaria Municipal de Comunica\u00e7\u00e3o\",\"potentialAction\":[{\"@type\":\"SearchAction\",\"target\":{\"@type\":\"EntryPoint\",\"urlTemplate\":\"https:\/\/www.manaus.am.gov.br\/semcom\/?s={search_term_string}\"},\"query-input\":\"required name=search_term_string\"}],\"inLanguage\":\"pt-BR\"},{\"@type\":\"Person\",\"@id\":\"https:\/\/www.manaus.am.gov.br\/semcom\/#\/schema\/person\/466a0e03ae4b6062809046bd560ac955\",\"name\":\"bvalente\",\"image\":{\"@type\":\"ImageObject\",\"inLanguage\":\"pt-BR\",\"@id\":\"https:\/\/www.manaus.am.gov.br\/semcom\/#\/schema\/person\/image\/\",\"url\":\"https:\/\/secure.gravatar.com\/avatar\/3e69bc2b014bdad41adfec3a39de07d2?s=96&d=mm&r=g\",\"contentUrl\":\"https:\/\/secure.gravatar.com\/avatar\/3e69bc2b014bdad41adfec3a39de07d2?s=96&d=mm&r=g\",\"caption\":\"bvalente\"}}]}<\/script>\n<!-- \/ Yoast SEO plugin. -->","yoast_head_json":{"title":"Prefeito em exerc\u00edcio Renato Junior destaca harmonia entre poderes durante posse de desembargadores do TJ-AM","description":"O prefeito de Manaus em exerc\u00edcio, Renato Junior, destacou a harmonia entre os poderes Executivo e Judici\u00e1rio, durante evento de posse dos novos desembargadores do Tribunal de Justi\u00e7a do Amazonas (TJ-AM), nesta quinta-feira, 9\/1.","robots":{"index":"index","follow":"follow","max-snippet":"max-snippet:-1","max-image-preview":"max-image-preview:large","max-video-preview":"max-video-preview:-1"},"canonical":"https:\/\/www.manaus.am.gov.br\/semcom\/harmonia-entre-poderes-tjam\/","og_locale":"pt_BR","og_type":"article","og_title":"Prefeito em exerc\u00edcio Renato Junior destaca harmonia entre poderes durante posse de desembargadores do TJ-AM","og_description":"O prefeito de Manaus em exerc\u00edcio, Renato Junior, destacou a harmonia entre os poderes Executivo e Judici\u00e1rio, durante evento de posse dos novos desembargadores do Tribunal de Justi\u00e7a do Amazonas (TJ-AM), nesta quinta-feira, 9\/1.","og_url":"https:\/\/www.manaus.am.gov.br\/semcom\/harmonia-entre-poderes-tjam\/","og_site_name":"SEMCOM","article_published_time":"2025-01-10T01:35:31+00:00","article_modified_time":"2025-01-11T02:34:55+00:00","og_image":[{"width":800,"height":640,"url":"https:\/\/www.manaus.am.gov.br\/semcom\/wp-content\/uploads\/sites\/5\/2025\/01\/Prefeito-em-exercicio-Renato-Junior-destaca-harmonia-entre-poderes-durante-posse-de-desembargadores-do-TJ-AM.jpg","type":"image\/jpeg"}],"author":"bvalente","twitter_card":"summary_large_image","twitter_misc":{"Written by":"bvalente","Est. reading time":"2 minutos"},"schema":{"@context":"https:\/\/schema.org","@graph":[{"@type":"WebPage","@id":"https:\/\/www.manaus.am.gov.br\/semcom\/harmonia-entre-poderes-tjam\/","url":"https:\/\/www.manaus.am.gov.br\/semcom\/harmonia-entre-poderes-tjam\/","name":"Prefeito em exerc\u00edcio Renato Junior destaca harmonia entre poderes durante posse de desembargadores do TJ-AM","isPartOf":{"@id":"https:\/\/www.manaus.am.gov.br\/semcom\/#website"},"primaryImageOfPage":{"@id":"https:\/\/www.manaus.am.gov.br\/semcom\/harmonia-entre-poderes-tjam\/#primaryimage"},"image":{"@id":"https:\/\/www.manaus.am.gov.br\/semcom\/harmonia-entre-poderes-tjam\/#primaryimage"},"thumbnailUrl":"https:\/\/www.manaus.am.gov.br\/semcom\/wp-content\/uploads\/sites\/5\/2025\/01\/Prefeito-em-exercicio-Renato-Junior-destaca-harmonia-entre-poderes-durante-posse-de-desembargadores-do-TJ-AM.jpg","datePublished":"2025-01-10T01:35:31+00:00","dateModified":"2025-01-11T02:34:55+00:00","author":{"@id":"https:\/\/www.manaus.am.gov.br\/semcom\/#\/schema\/person\/466a0e03ae4b6062809046bd560ac955"},"description":"O prefeito de Manaus em exerc\u00edcio, Renato Junior, destacou a harmonia entre os poderes Executivo e Judici\u00e1rio, durante evento de posse dos novos desembargadores do Tribunal de Justi\u00e7a do Amazonas (TJ-AM), nesta quinta-feira, 9\/1.","inLanguage":"pt-BR","potentialAction":[{"@type":"ReadAction","target":["https:\/\/www.manaus.am.gov.br\/semcom\/harmonia-entre-poderes-tjam\/"]}]},{"@type":"ImageObject","inLanguage":"pt-BR","@id":"https:\/\/www.manaus.am.gov.br\/semcom\/harmonia-entre-poderes-tjam\/#primaryimage","url":"https:\/\/www.manaus.am.gov.br\/semcom\/wp-content\/uploads\/sites\/5\/2025\/01\/Prefeito-em-exercicio-Renato-Junior-destaca-harmonia-entre-poderes-durante-posse-de-desembargadores-do-TJ-AM.jpg","contentUrl":"https:\/\/www.manaus.am.gov.br\/semcom\/wp-content\/uploads\/sites\/5\/2025\/01\/Prefeito-em-exercicio-Renato-Junior-destaca-harmonia-entre-poderes-durante-posse-de-desembargadores-do-TJ-AM.jpg","width":800,"height":640},{"@type":"WebSite","@id":"https:\/\/www.manaus.am.gov.br\/semcom\/#website","url":"https:\/\/www.manaus.am.gov.br\/semcom\/","name":"SEMCOM","description":"Secretaria Municipal de Comunica\u00e7\u00e3o","potentialAction":[{"@type":"SearchAction","target":{"@type":"EntryPoint","urlTemplate":"https:\/\/www.manaus.am.gov.br\/semcom\/?s={search_term_string}"},"query-input":"required name=search_term_string"}],"inLanguage":"pt-BR"},{"@type":"Person","@id":"https:\/\/www.manaus.am.gov.br\/semcom\/#\/schema\/person\/466a0e03ae4b6062809046bd560ac955","name":"bvalente","image":{"@type":"ImageObject","inLanguage":"pt-BR","@id":"https:\/\/www.manaus.am.gov.br\/semcom\/#\/schema\/person\/image\/","url":"https:\/\/secure.gravatar.com\/avatar\/3e69bc2b014bdad41adfec3a39de07d2?s=96&d=mm&r=g","contentUrl":"https:\/\/secure.gravatar.com\/avatar\/3e69bc2b014bdad41adfec3a39de07d2?s=96&d=mm&r=g","caption":"bvalente"}}]}},"_links":{"self":[{"href":"https:\/\/www.manaus.am.gov.br\/semcom\/wp-json\/wp\/v2\/posts\/233641"}],"collection":[{"href":"https:\/\/www.manaus.am.gov.br\/semcom\/wp-json\/wp\/v2\/posts"}],"about":[{"href":"https:\/\/www.manaus.am.gov.br\/semcom\/wp-json\/wp\/v2\/types\/post"}],"author":[{"embeddable":true,"href":"https:\/\/www.manaus.am.gov.br\/semcom\/wp-json\/wp\/v2\/users\/68"}],"replies":[{"embeddable":true,"href":"https:\/\/www.manaus.am.gov.br\/semcom\/wp-json\/wp\/v2\/comments?post=233641"}],"version-history":[{"count":1,"href":"https:\/\/www.manaus.am.gov.br\/semcom\/wp-json\/wp\/v2\/posts\/233641\/revisions"}],"predecessor-version":[{"id":233647,"href":"https:\/\/www.manaus.am.gov.br\/semcom\/wp-json\/wp\/v2\/posts\/233641\/revisions\/233647"}],"wp:featuredmedia":[{"embeddable":true,"href":"https:\/\/www.manaus.am.gov.br\/semcom\/wp-json\/wp\/v2\/media\/233642"}],"wp:attachment":[{"href":"https:\/\/www.manaus.am.gov.br\/semcom\/wp-json\/wp\/v2\/media?parent=233641"}],"wp:term":[{"taxonomy":"category","embeddable":true,"href":"https:\/\/www.manaus.am.gov.br\/semcom\/wp-json\/wp\/v2\/categories?post=233641"},{"taxonomy":"post_tag","embeddable":true,"href":"https:\/\/www.manaus.am.gov.br\/semcom\/wp-json\/wp\/v2\/tags?post=233641"}],"curies":[{"name":"wp","href":"https:\/\/api.w.org\/{rel}","templated":true}]}}