{"id":233519,"date":"2025-01-06T12:32:42","date_gmt":"2025-01-06T16:32:42","guid":{"rendered":"https:\/\/www.manaus.am.gov.br\/semcom\/alta-11-fiscalizacao-obras-irregulares-2024\/"},"modified":"2025-01-06T12:32:42","modified_gmt":"2025-01-06T16:32:42","slug":"alta-11-fiscalizacao-obras-irregulares-2024","status":"publish","type":"post","link":"https:\/\/www.manaus.am.gov.br\/semcom\/alta-11-fiscalizacao-obras-irregulares-2024\/","title":{"rendered":"Prefeitura de Manaus tem alta de 11% em fiscaliza\u00e7\u00e3o de obras irregulares em 2024"},"content":{"rendered":"\n<p>Com uma m\u00e9dia de mais de 397 fiscaliza\u00e7\u00f5es de obras por m\u00eas, a Prefeitura de Manaus, por meio do Instituto Municipal de Planejamento Urbano (Implurb), passou de 4,7 mil a\u00e7\u00f5es fiscais de janeiro a dezembro de 2024, apresentando ainda um incremento de 11,5% em rela\u00e7\u00e3o a 2023.<\/p>\n\n\n\n<p>Ano passado, no mesmo per\u00edodo, foram feitas 3.080 a\u00e7\u00f5es fiscais pela Ger\u00eancia de Fiscaliza\u00e7\u00e3o de Obras (GFO), contra 3.436 de 2024. J\u00e1 na Fiscaliza\u00e7\u00e3o de Postura (GFP), o incremento foi de 3,8% no ano, com 1.337 a\u00e7\u00f5es de janeiro a dezembro, contra 1.288 de 2023.<\/p>\n\n\n\n<p>A Divis\u00e3o de Controle (Dicon), somando as a\u00e7\u00f5es das duas ger\u00eancias, na gest\u00e3o do prefeito David Almeida, de janeiro de 2021 a dezembro de 2024, soma mais de 16,8 mil ocorr\u00eancias, sendo mais de 5,745 de Postura e 11,2 mil de Obras.<\/p>\n\n\n\n<p>Ainda em rela\u00e7\u00e3o a obras irregulares e sem licenciamento, o Implurb registrou, de janeiro a dezembro, uma alta de 2,7% no n\u00famero de infra\u00e7\u00f5es, e de 100% nas demoli\u00e7\u00f5es. No m\u00eas de dezembro, teve um acr\u00e9scimo de 9% nas multas, com 24 sendo aplicadas em 2024, contra 22 do ano anterior.<\/p>\n\n\n\n<p>Den\u00fancias sobre&nbsp;obras&nbsp;irregulares e afins s\u00e3o atendidas pelo n\u00famero do&nbsp;Disque&nbsp;Den\u00fancia, pelo 3673-9305 (segunda a sexta-feira, de 8h \u00e0s 14h, exceto feriados e pontos facultativos), ou pelo 161 (segunda a sexta-feira, de 8h \u00e0s 14h), ou pelo e-mail&nbsp;<a href=\"mailto:disquedenuncia.implurb@manaus.am.gov.br\" target=\"_blank\" rel=\"noreferrer noopener\">disquedenuncia.implurb@manaus.am.gov.br<\/a>.<\/p>\n\n\n\n<p>As fiscaliza\u00e7\u00f5es s\u00e3o realizadas pelas ger\u00eancias da&nbsp;Dicon, por meio de den\u00fancias, demandas de \u00f3rg\u00e3os municipais e estaduais, e rota di\u00e1ria da equipe de fiscais nas ruas.<\/p>\n\n\n\n<p>\u201cSempre pedimos a popula\u00e7\u00e3o apoio e colabora\u00e7\u00e3o para melhoria da urbanidade, do tecido urbano da cidade. N\u00e3o se pode ocupar \u00e1reas p\u00fablicas e nem construir ou obstruir cal\u00e7adas e at\u00e9 mesmo as ruas, impedindo o livre ir e vir das pessoas, prejudicando a todos\u201d, explicou o diretor de Planejamento, arquiteto e urbanista Pedro Paulo Cordeiro.<\/p>\n\n\n\n<figure class=\"wp-block-image size-large\"><img loading=\"lazy\" decoding=\"async\" width=\"1024\" height=\"753\" src=\"https:\/\/www.manaus.am.gov.br\/semcom\/wp-content\/uploads\/sites\/5\/2025\/01\/Acoes-de-fiscalizacao-5-1024x753.jpg\" alt=\"\" class=\"wp-image-233520\" srcset=\"https:\/\/www.manaus.am.gov.br\/semcom\/wp-content\/uploads\/sites\/5\/2025\/01\/Acoes-de-fiscalizacao-5-1024x753.jpg 1024w, https:\/\/www.manaus.am.gov.br\/semcom\/wp-content\/uploads\/sites\/5\/2025\/01\/Acoes-de-fiscalizacao-5-300x221.jpg 300w, https:\/\/www.manaus.am.gov.br\/semcom\/wp-content\/uploads\/sites\/5\/2025\/01\/Acoes-de-fiscalizacao-5-768x565.jpg 768w, https:\/\/www.manaus.am.gov.br\/semcom\/wp-content\/uploads\/sites\/5\/2025\/01\/Acoes-de-fiscalizacao-5-1536x1130.jpg 1536w, https:\/\/www.manaus.am.gov.br\/semcom\/wp-content\/uploads\/sites\/5\/2025\/01\/Acoes-de-fiscalizacao-5-2048x1506.jpg 2048w\" sizes=\"(max-width: 1024px) 100vw, 1024px\" \/><\/figure>\n\n\n\n<p>&#8212; &#8212; &#8212;<\/p>\n\n\n\n<p><strong>Texto\u00a0<\/strong>\u2013 Claudia do Valle\/Implurb<\/p>\n\n\n\n<p><strong>Fotos &#8211; <\/strong>Divulga\u00e7\u00e3o e Paula Pessoa\/Semcom<\/p>\n","protected":false},"excerpt":{"rendered":"","protected":false},"author":39,"featured_media":233521,"comment_status":"closed","ping_status":"closed","sticky":false,"template":"","format":"standard","meta":{"footnotes":""},"categories":[46],"tags":[9633,13071,13072,65,77],"acf":[],"yoast_head":"<!-- This site is optimized with the Yoast SEO plugin v23.0 - https:\/\/yoast.com\/wordpress\/plugins\/seo\/ -->\n<title>Alta de 11% em fiscaliza\u00e7\u00e3o de obras irregulares em 2024<\/title>\n<meta name=\"description\" content=\"Prefeitura de Manaus, por meio do Implurb, tem alta de 11,5% em fiscaliza\u00e7\u00e3o de obras irregulares na capital em 2024.\" \/>\n<meta name=\"robots\" content=\"index, follow, max-snippet:-1, max-image-preview:large, max-video-preview:-1\" \/>\n<link rel=\"canonical\" href=\"https:\/\/www.manaus.am.gov.br\/semcom\/alta-11-fiscalizacao-obras-irregulares-2024\/\" \/>\n<meta property=\"og:locale\" content=\"pt_BR\" \/>\n<meta property=\"og:type\" content=\"article\" \/>\n<meta property=\"og:title\" content=\"Alta de 11% em fiscaliza\u00e7\u00e3o de obras irregulares em 2024\" \/>\n<meta property=\"og:description\" content=\"Prefeitura de Manaus, por meio do Implurb, tem alta de 11,5% em fiscaliza\u00e7\u00e3o de obras irregulares na capital em 2024.\" \/>\n<meta property=\"og:url\" content=\"https:\/\/www.manaus.am.gov.br\/semcom\/alta-11-fiscalizacao-obras-irregulares-2024\/\" \/>\n<meta property=\"og:site_name\" content=\"SEMCOM\" \/>\n<meta property=\"article:published_time\" content=\"2025-01-06T16:32:42+00:00\" \/>\n<meta property=\"og:image\" content=\"https:\/\/www.manaus.am.gov.br\/semcom\/wp-content\/uploads\/sites\/5\/2025\/01\/Acoes-de-fiscalizacao-3.jpg\" \/>\n\t<meta property=\"og:image:width\" content=\"1280\" \/>\n\t<meta property=\"og:image:height\" content=\"960\" \/>\n\t<meta property=\"og:image:type\" content=\"image\/jpeg\" \/>\n<meta name=\"author\" content=\"Bruna Greco\" \/>\n<meta name=\"twitter:card\" content=\"summary_large_image\" \/>\n<meta name=\"twitter:label1\" content=\"Written by\" \/>\n\t<meta name=\"twitter:data1\" content=\"Bruna Greco\" \/>\n\t<meta name=\"twitter:label2\" content=\"Est. reading time\" \/>\n\t<meta name=\"twitter:data2\" content=\"3 minutos\" \/>\n<script type=\"application\/ld+json\" class=\"yoast-schema-graph\">{\"@context\":\"https:\/\/schema.org\",\"@graph\":[{\"@type\":\"WebPage\",\"@id\":\"https:\/\/www.manaus.am.gov.br\/semcom\/alta-11-fiscalizacao-obras-irregulares-2024\/\",\"url\":\"https:\/\/www.manaus.am.gov.br\/semcom\/alta-11-fiscalizacao-obras-irregulares-2024\/\",\"name\":\"Alta de 11% em fiscaliza\u00e7\u00e3o de obras irregulares em 2024\",\"isPartOf\":{\"@id\":\"https:\/\/www.manaus.am.gov.br\/semcom\/#website\"},\"primaryImageOfPage\":{\"@id\":\"https:\/\/www.manaus.am.gov.br\/semcom\/alta-11-fiscalizacao-obras-irregulares-2024\/#primaryimage\"},\"image\":{\"@id\":\"https:\/\/www.manaus.am.gov.br\/semcom\/alta-11-fiscalizacao-obras-irregulares-2024\/#primaryimage\"},\"thumbnailUrl\":\"https:\/\/www.manaus.am.gov.br\/semcom\/wp-content\/uploads\/sites\/5\/2025\/01\/Acoes-de-fiscalizacao-3.jpg\",\"datePublished\":\"2025-01-06T16:32:42+00:00\",\"dateModified\":\"2025-01-06T16:32:42+00:00\",\"author\":{\"@id\":\"https:\/\/www.manaus.am.gov.br\/semcom\/#\/schema\/person\/05d223aea2bf115f9883a6ff3683d81b\"},\"description\":\"Prefeitura de Manaus, por meio do Implurb, tem alta de 11,5% em fiscaliza\u00e7\u00e3o de obras irregulares na capital em 2024.\",\"inLanguage\":\"pt-BR\",\"potentialAction\":[{\"@type\":\"ReadAction\",\"target\":[\"https:\/\/www.manaus.am.gov.br\/semcom\/alta-11-fiscalizacao-obras-irregulares-2024\/\"]}]},{\"@type\":\"ImageObject\",\"inLanguage\":\"pt-BR\",\"@id\":\"https:\/\/www.manaus.am.gov.br\/semcom\/alta-11-fiscalizacao-obras-irregulares-2024\/#primaryimage\",\"url\":\"https:\/\/www.manaus.am.gov.br\/semcom\/wp-content\/uploads\/sites\/5\/2025\/01\/Acoes-de-fiscalizacao-3.jpg\",\"contentUrl\":\"https:\/\/www.manaus.am.gov.br\/semcom\/wp-content\/uploads\/sites\/5\/2025\/01\/Acoes-de-fiscalizacao-3.jpg\",\"width\":1280,\"height\":960,\"caption\":\"#paratodosverem - Equipe do Implurb realizando a\u00e7\u00f5es de fiscaliza\u00e7\u00e3o em obras na capital\"},{\"@type\":\"WebSite\",\"@id\":\"https:\/\/www.manaus.am.gov.br\/semcom\/#website\",\"url\":\"https:\/\/www.manaus.am.gov.br\/semcom\/\",\"name\":\"SEMCOM\",\"description\":\"Secretaria Municipal de Comunica\u00e7\u00e3o\",\"potentialAction\":[{\"@type\":\"SearchAction\",\"target\":{\"@type\":\"EntryPoint\",\"urlTemplate\":\"https:\/\/www.manaus.am.gov.br\/semcom\/?s={search_term_string}\"},\"query-input\":\"required name=search_term_string\"}],\"inLanguage\":\"pt-BR\"},{\"@type\":\"Person\",\"@id\":\"https:\/\/www.manaus.am.gov.br\/semcom\/#\/schema\/person\/05d223aea2bf115f9883a6ff3683d81b\",\"name\":\"Bruna Greco\",\"image\":{\"@type\":\"ImageObject\",\"inLanguage\":\"pt-BR\",\"@id\":\"https:\/\/www.manaus.am.gov.br\/semcom\/#\/schema\/person\/image\/\",\"url\":\"https:\/\/secure.gravatar.com\/avatar\/9c877d1a6adc2a055330e5c09a8653ce?s=96&d=mm&r=g\",\"contentUrl\":\"https:\/\/secure.gravatar.com\/avatar\/9c877d1a6adc2a055330e5c09a8653ce?s=96&d=mm&r=g\",\"caption\":\"Bruna Greco\"}}]}<\/script>\n<!-- \/ Yoast SEO plugin. -->","yoast_head_json":{"title":"Alta de 11% em fiscaliza\u00e7\u00e3o de obras irregulares em 2024","description":"Prefeitura de Manaus, por meio do Implurb, tem alta de 11,5% em fiscaliza\u00e7\u00e3o de obras irregulares na capital em 2024.","robots":{"index":"index","follow":"follow","max-snippet":"max-snippet:-1","max-image-preview":"max-image-preview:large","max-video-preview":"max-video-preview:-1"},"canonical":"https:\/\/www.manaus.am.gov.br\/semcom\/alta-11-fiscalizacao-obras-irregulares-2024\/","og_locale":"pt_BR","og_type":"article","og_title":"Alta de 11% em fiscaliza\u00e7\u00e3o de obras irregulares em 2024","og_description":"Prefeitura de Manaus, por meio do Implurb, tem alta de 11,5% em fiscaliza\u00e7\u00e3o de obras irregulares na capital em 2024.","og_url":"https:\/\/www.manaus.am.gov.br\/semcom\/alta-11-fiscalizacao-obras-irregulares-2024\/","og_site_name":"SEMCOM","article_published_time":"2025-01-06T16:32:42+00:00","og_image":[{"width":1280,"height":960,"url":"https:\/\/www.manaus.am.gov.br\/semcom\/wp-content\/uploads\/sites\/5\/2025\/01\/Acoes-de-fiscalizacao-3.jpg","type":"image\/jpeg"}],"author":"Bruna Greco","twitter_card":"summary_large_image","twitter_misc":{"Written by":"Bruna Greco","Est. reading time":"3 minutos"},"schema":{"@context":"https:\/\/schema.org","@graph":[{"@type":"WebPage","@id":"https:\/\/www.manaus.am.gov.br\/semcom\/alta-11-fiscalizacao-obras-irregulares-2024\/","url":"https:\/\/www.manaus.am.gov.br\/semcom\/alta-11-fiscalizacao-obras-irregulares-2024\/","name":"Alta de 11% em fiscaliza\u00e7\u00e3o de obras irregulares em 2024","isPartOf":{"@id":"https:\/\/www.manaus.am.gov.br\/semcom\/#website"},"primaryImageOfPage":{"@id":"https:\/\/www.manaus.am.gov.br\/semcom\/alta-11-fiscalizacao-obras-irregulares-2024\/#primaryimage"},"image":{"@id":"https:\/\/www.manaus.am.gov.br\/semcom\/alta-11-fiscalizacao-obras-irregulares-2024\/#primaryimage"},"thumbnailUrl":"https:\/\/www.manaus.am.gov.br\/semcom\/wp-content\/uploads\/sites\/5\/2025\/01\/Acoes-de-fiscalizacao-3.jpg","datePublished":"2025-01-06T16:32:42+00:00","dateModified":"2025-01-06T16:32:42+00:00","author":{"@id":"https:\/\/www.manaus.am.gov.br\/semcom\/#\/schema\/person\/05d223aea2bf115f9883a6ff3683d81b"},"description":"Prefeitura de Manaus, por meio do Implurb, tem alta de 11,5% em fiscaliza\u00e7\u00e3o de obras irregulares na capital em 2024.","inLanguage":"pt-BR","potentialAction":[{"@type":"ReadAction","target":["https:\/\/www.manaus.am.gov.br\/semcom\/alta-11-fiscalizacao-obras-irregulares-2024\/"]}]},{"@type":"ImageObject","inLanguage":"pt-BR","@id":"https:\/\/www.manaus.am.gov.br\/semcom\/alta-11-fiscalizacao-obras-irregulares-2024\/#primaryimage","url":"https:\/\/www.manaus.am.gov.br\/semcom\/wp-content\/uploads\/sites\/5\/2025\/01\/Acoes-de-fiscalizacao-3.jpg","contentUrl":"https:\/\/www.manaus.am.gov.br\/semcom\/wp-content\/uploads\/sites\/5\/2025\/01\/Acoes-de-fiscalizacao-3.jpg","width":1280,"height":960,"caption":"#paratodosverem - Equipe do Implurb realizando a\u00e7\u00f5es de fiscaliza\u00e7\u00e3o em obras na capital"},{"@type":"WebSite","@id":"https:\/\/www.manaus.am.gov.br\/semcom\/#website","url":"https:\/\/www.manaus.am.gov.br\/semcom\/","name":"SEMCOM","description":"Secretaria Municipal de Comunica\u00e7\u00e3o","potentialAction":[{"@type":"SearchAction","target":{"@type":"EntryPoint","urlTemplate":"https:\/\/www.manaus.am.gov.br\/semcom\/?s={search_term_string}"},"query-input":"required name=search_term_string"}],"inLanguage":"pt-BR"},{"@type":"Person","@id":"https:\/\/www.manaus.am.gov.br\/semcom\/#\/schema\/person\/05d223aea2bf115f9883a6ff3683d81b","name":"Bruna Greco","image":{"@type":"ImageObject","inLanguage":"pt-BR","@id":"https:\/\/www.manaus.am.gov.br\/semcom\/#\/schema\/person\/image\/","url":"https:\/\/secure.gravatar.com\/avatar\/9c877d1a6adc2a055330e5c09a8653ce?s=96&d=mm&r=g","contentUrl":"https:\/\/secure.gravatar.com\/avatar\/9c877d1a6adc2a055330e5c09a8653ce?s=96&d=mm&r=g","caption":"Bruna Greco"}}]}},"_links":{"self":[{"href":"https:\/\/www.manaus.am.gov.br\/semcom\/wp-json\/wp\/v2\/posts\/233519"}],"collection":[{"href":"https:\/\/www.manaus.am.gov.br\/semcom\/wp-json\/wp\/v2\/posts"}],"about":[{"href":"https:\/\/www.manaus.am.gov.br\/semcom\/wp-json\/wp\/v2\/types\/post"}],"author":[{"embeddable":true,"href":"https:\/\/www.manaus.am.gov.br\/semcom\/wp-json\/wp\/v2\/users\/39"}],"replies":[{"embeddable":true,"href":"https:\/\/www.manaus.am.gov.br\/semcom\/wp-json\/wp\/v2\/comments?post=233519"}],"version-history":[{"count":1,"href":"https:\/\/www.manaus.am.gov.br\/semcom\/wp-json\/wp\/v2\/posts\/233519\/revisions"}],"predecessor-version":[{"id":233522,"href":"https:\/\/www.manaus.am.gov.br\/semcom\/wp-json\/wp\/v2\/posts\/233519\/revisions\/233522"}],"wp:featuredmedia":[{"embeddable":true,"href":"https:\/\/www.manaus.am.gov.br\/semcom\/wp-json\/wp\/v2\/media\/233521"}],"wp:attachment":[{"href":"https:\/\/www.manaus.am.gov.br\/semcom\/wp-json\/wp\/v2\/media?parent=233519"}],"wp:term":[{"taxonomy":"category","embeddable":true,"href":"https:\/\/www.manaus.am.gov.br\/semcom\/wp-json\/wp\/v2\/categories?post=233519"},{"taxonomy":"post_tag","embeddable":true,"href":"https:\/\/www.manaus.am.gov.br\/semcom\/wp-json\/wp\/v2\/tags?post=233519"}],"curies":[{"name":"wp","href":"https:\/\/api.w.org\/{rel}","templated":true}]}}