{"id":233414,"date":"2025-01-01T05:44:09","date_gmt":"2025-01-01T09:44:09","guid":{"rendered":"https:\/\/www.manaus.am.gov.br\/semcom\/bairro-educandos\/"},"modified":"2025-01-01T05:44:09","modified_gmt":"2025-01-01T09:44:09","slug":"bairro-educandos","status":"publish","type":"post","link":"https:\/\/www.manaus.am.gov.br\/semcom\/bairro-educandos\/","title":{"rendered":"R\u00e9veillon no bairro Educandos re\u00fane cerca de 15 mil pessoas"},"content":{"rendered":"\n<p>Na noite de ter\u00e7a-feira, 31 de dezembro, a Prefeitura de Manaus, por meio da Funda\u00e7\u00e3o Municipal Cultura, Turismo e Eventos (Manauscult), realizou o tradicional R\u00e9veillon na orla do Amarelinho, no bairro Educandos, zona Sul da cidade. A festividade deu in\u00edcio \u00e0 comemora\u00e7\u00e3o da chegada de 2025, embalada pelos sucessos dos cantores locais Jean Serrafo, Sempre Estrelas, Jhou Guerra, Guto Lima, M\u00e1rcia Siqueira, Banda Marrakesh e a Banda Contagio, al\u00e9m da atra\u00e7\u00e3o nacional, a Banda Magn\u00edficos.<\/p>\n\n\n\n<p>A gerente de eventos da Manauscult, Albertina Cordova, destacou a participa\u00e7\u00e3o do p\u00fablico. \u201cA expectativa foi das melhores, tivemos um p\u00fablico de cerca de 15 mil pessoas. Essa foi primeira vez que contamos com uma atra\u00e7\u00e3o nacional na zona Sul da cidade\u201d, explicou Albertina.<\/p>\n\n\n\n<p>O \u201cR\u00e9veillon Manaus 2025 &#8211; O Encontro da Nossa Gente\u201d teve um show pirot\u00e9cnico de cerca de cinco minutos para marcar a virada do ano. Emocionado, o cantor Guto Lima agradeceu a oportunidade de cantar na hora da virada, com pausa para a contagem regressiva da queima de fogos. \u201cA gente veio representar o nosso arrocha, um r\u00e9veillon animado e n\u00e3o acaba por aqui finaliza l\u00e1 na Ponta Negra\u201d, comentou Guto.<\/p>\n\n\n\n<p>O mec\u00e2nico Railton de Castro, de 30 anos, fez quest\u00e3o de chegar cedo para acompanhar de perto o show da banda Magn\u00edficos. \u201cPoder ouvir e ver bem de pertinho a banda Magn\u00edficos \u00e9 maravilhoso. Agrade\u00e7o \u00e0 Prefeitura de Manaus pelo presente de ano novo\u201d, disse.<\/p>\n\n\n<div class=\"wp-block-image\">\n<figure class=\"aligncenter size-large\"><img loading=\"lazy\" decoding=\"async\" width=\"1024\" height=\"683\" src=\"https:\/\/www.manaus.am.gov.br\/semcom\/wp-content\/uploads\/sites\/5\/2025\/01\/Reveillon-2025-Educandos-4-1024x683.jpeg\" alt=\"\" class=\"wp-image-233415\" srcset=\"https:\/\/www.manaus.am.gov.br\/semcom\/wp-content\/uploads\/sites\/5\/2025\/01\/Reveillon-2025-Educandos-4-1024x683.jpeg 1024w, https:\/\/www.manaus.am.gov.br\/semcom\/wp-content\/uploads\/sites\/5\/2025\/01\/Reveillon-2025-Educandos-4-300x200.jpeg 300w, https:\/\/www.manaus.am.gov.br\/semcom\/wp-content\/uploads\/sites\/5\/2025\/01\/Reveillon-2025-Educandos-4-768x512.jpeg 768w, https:\/\/www.manaus.am.gov.br\/semcom\/wp-content\/uploads\/sites\/5\/2025\/01\/Reveillon-2025-Educandos-4-1536x1024.jpeg 1536w, https:\/\/www.manaus.am.gov.br\/semcom\/wp-content\/uploads\/sites\/5\/2025\/01\/Reveillon-2025-Educandos-4-2048x1365.jpeg 2048w\" sizes=\"(max-width: 1024px) 100vw, 1024px\" \/><figcaption class=\"wp-element-caption\">Banda Magn\u00edficos<\/figcaption><\/figure><\/div>\n\n\n<p>A multid\u00e3o dan\u00e7ou e se emocionou com todas as apresenta\u00e7\u00f5es. A dona de casa Cintia Braga, de 50 anos, falou da ansiedade de ver a banda Magn\u00edficos. \u201cVim com minha fam\u00edlia prestigiar essa programa\u00e7\u00e3o t\u00e3o especial. Quero ser feliz ouvindo os sucessos da banda Magn\u00edficos\u201d.<\/p>\n\n\n\n<p>Antes da apresenta\u00e7\u00e3o, o cantor Fernando Frajola, da Banda Magn\u00edficos, falou o que esperava do p\u00fablico da zona Sul. \u201cHoje pode tudo, quero que todos cantem, dancem, pulem e sejam felizes para come\u00e7armos com o p\u00e9 direito 2025\u201d, sugeriu.<\/p>\n\n\n\n<p>J\u00e1 a cantora, Larissa Ferreira, tamb\u00e9m da Magn\u00edficos, relatou estar em uma energia nost\u00e1lgica para transmitir ao p\u00fablico todo o calor manauara. Disse, ainda, que os sucessos marcantes como &#8220;Me Usa&#8221;, &#8220;Apaixonada&#8221;, &#8220;Verdadeiro Amor&#8221; fazem parte do repert\u00f3rio. \u201cN\u00f3s acabamos de sair do show na Ponta Negra, e minha expectativa est\u00e1 a mil\u201d, contou.<\/p>\n\n\n\n<p>Para incentivar a gera\u00e7\u00e3o de renda, a Prefeitura de Manaus concedeu autoriza\u00e7\u00e3o para vendedores ambulantes trabalharem com o com\u00e9rcio de lanches e bebidas durante o dia da festa, na \u00e1rea do evento.<\/p>\n\n\n\n<p>\u201cTodo ano aproveito essa \u00e9poca para fazer boas vendas no ramo aliment\u00edcio. H\u00e1 mais de 10 anos que trabalho com comidas\u201d, destacou a permission\u00e1ria, L\u00eddia Santos, de 31 anos.<\/p>\n\n\n\n<p>O vendedor de bal\u00f5es Arthur Rodrigues, de 21 anos, agradeceu as oportunidades da atual gest\u00e3o municipal de realizar a comemora\u00e7\u00e3o contemplando o bairro Educandos. \u201cAqui temos oportunidades de fazer um extra na economia\u201d, finalizou.<\/p>\n\n\n\n<p>&#8212; &#8212; &#8212;<\/p>\n\n\n\n<p><strong>Texto<\/strong> \u2013 Marcilene Frutuoso \/ Semcom<\/p>\n\n\n\n<p><strong>Fotos<\/strong> \u2013 Paula Pessoa \/ Semcom<\/p>\n","protected":false},"excerpt":{"rendered":"","protected":false},"author":61,"featured_media":233416,"comment_status":"closed","ping_status":"closed","sticky":false,"template":"","format":"standard","meta":{"footnotes":""},"categories":[7],"tags":[35,1277,6846,13028,9962,77],"acf":[],"yoast_head":"<!-- This site is optimized with the Yoast SEO plugin v23.0 - https:\/\/yoast.com\/wordpress\/plugins\/seo\/ -->\n<title>R\u00e9veillon no bairro Educandos re\u00fane cerca de 15 mil pessoas<\/title>\n<meta name=\"description\" content=\"Na noite de ter\u00e7a-feira, 31 de dezembro, a Prefeitura de Manaus, por meio da Funda\u00e7\u00e3o Municipal Cultura, Turismo e Eventos (Manauscult), realizou o tradicional R\u00e9veillon na orla do Amarelinho, no bairro Educandos, zona Sul da cidade.\" \/>\n<meta name=\"robots\" content=\"index, follow, max-snippet:-1, max-image-preview:large, max-video-preview:-1\" \/>\n<link rel=\"canonical\" href=\"https:\/\/www.manaus.am.gov.br\/semcom\/bairro-educandos\/\" \/>\n<meta property=\"og:locale\" content=\"pt_BR\" \/>\n<meta property=\"og:type\" content=\"article\" \/>\n<meta property=\"og:title\" content=\"R\u00e9veillon no bairro Educandos re\u00fane cerca de 15 mil pessoas\" \/>\n<meta property=\"og:description\" content=\"Na noite de ter\u00e7a-feira, 31 de dezembro, a Prefeitura de Manaus, por meio da Funda\u00e7\u00e3o Municipal Cultura, Turismo e Eventos (Manauscult), realizou o tradicional R\u00e9veillon na orla do Amarelinho, no bairro Educandos, zona Sul da cidade.\" \/>\n<meta property=\"og:url\" content=\"https:\/\/www.manaus.am.gov.br\/semcom\/bairro-educandos\/\" \/>\n<meta property=\"og:site_name\" content=\"SEMCOM\" \/>\n<meta property=\"article:published_time\" content=\"2025-01-01T09:44:09+00:00\" \/>\n<meta property=\"og:image\" content=\"https:\/\/www.manaus.am.gov.br\/semcom\/wp-content\/uploads\/sites\/5\/2025\/01\/Reveillon-2025-Educandos-3.jpeg\" \/>\n\t<meta property=\"og:image:width\" content=\"4160\" \/>\n\t<meta property=\"og:image:height\" content=\"2773\" \/>\n\t<meta property=\"og:image:type\" content=\"image\/jpeg\" \/>\n<meta name=\"author\" content=\"smonteiro\" \/>\n<meta name=\"twitter:card\" content=\"summary_large_image\" \/>\n<meta name=\"twitter:label1\" content=\"Written by\" \/>\n\t<meta name=\"twitter:data1\" content=\"smonteiro\" \/>\n\t<meta name=\"twitter:label2\" content=\"Est. reading time\" \/>\n\t<meta name=\"twitter:data2\" content=\"4 minutos\" \/>\n<script type=\"application\/ld+json\" class=\"yoast-schema-graph\">{\"@context\":\"https:\/\/schema.org\",\"@graph\":[{\"@type\":\"WebPage\",\"@id\":\"https:\/\/www.manaus.am.gov.br\/semcom\/bairro-educandos\/\",\"url\":\"https:\/\/www.manaus.am.gov.br\/semcom\/bairro-educandos\/\",\"name\":\"R\u00e9veillon no bairro Educandos re\u00fane cerca de 15 mil pessoas\",\"isPartOf\":{\"@id\":\"https:\/\/www.manaus.am.gov.br\/semcom\/#website\"},\"primaryImageOfPage\":{\"@id\":\"https:\/\/www.manaus.am.gov.br\/semcom\/bairro-educandos\/#primaryimage\"},\"image\":{\"@id\":\"https:\/\/www.manaus.am.gov.br\/semcom\/bairro-educandos\/#primaryimage\"},\"thumbnailUrl\":\"https:\/\/www.manaus.am.gov.br\/semcom\/wp-content\/uploads\/sites\/5\/2025\/01\/Reveillon-2025-Educandos-3.jpeg\",\"datePublished\":\"2025-01-01T09:44:09+00:00\",\"dateModified\":\"2025-01-01T09:44:09+00:00\",\"author\":{\"@id\":\"https:\/\/www.manaus.am.gov.br\/semcom\/#\/schema\/person\/ab4dcf766a54dff74e8d267f5c591961\"},\"description\":\"Na noite de ter\u00e7a-feira, 31 de dezembro, a Prefeitura de Manaus, por meio da Funda\u00e7\u00e3o Municipal Cultura, Turismo e Eventos (Manauscult), realizou o tradicional R\u00e9veillon na orla do Amarelinho, no bairro Educandos, zona Sul da cidade.\",\"inLanguage\":\"pt-BR\",\"potentialAction\":[{\"@type\":\"ReadAction\",\"target\":[\"https:\/\/www.manaus.am.gov.br\/semcom\/bairro-educandos\/\"]}]},{\"@type\":\"ImageObject\",\"inLanguage\":\"pt-BR\",\"@id\":\"https:\/\/www.manaus.am.gov.br\/semcom\/bairro-educandos\/#primaryimage\",\"url\":\"https:\/\/www.manaus.am.gov.br\/semcom\/wp-content\/uploads\/sites\/5\/2025\/01\/Reveillon-2025-Educandos-3.jpeg\",\"contentUrl\":\"https:\/\/www.manaus.am.gov.br\/semcom\/wp-content\/uploads\/sites\/5\/2025\/01\/Reveillon-2025-Educandos-3.jpeg\",\"width\":4160,\"height\":2773,\"caption\":\"#paratodosverem - imagem do p\u00fablico no R\u00e9veillon 2025 na orla do Amarelinho, em Educandos zona Sul\"},{\"@type\":\"WebSite\",\"@id\":\"https:\/\/www.manaus.am.gov.br\/semcom\/#website\",\"url\":\"https:\/\/www.manaus.am.gov.br\/semcom\/\",\"name\":\"SEMCOM\",\"description\":\"Secretaria Municipal de Comunica\u00e7\u00e3o\",\"potentialAction\":[{\"@type\":\"SearchAction\",\"target\":{\"@type\":\"EntryPoint\",\"urlTemplate\":\"https:\/\/www.manaus.am.gov.br\/semcom\/?s={search_term_string}\"},\"query-input\":\"required name=search_term_string\"}],\"inLanguage\":\"pt-BR\"},{\"@type\":\"Person\",\"@id\":\"https:\/\/www.manaus.am.gov.br\/semcom\/#\/schema\/person\/ab4dcf766a54dff74e8d267f5c591961\",\"name\":\"smonteiro\",\"image\":{\"@type\":\"ImageObject\",\"inLanguage\":\"pt-BR\",\"@id\":\"https:\/\/www.manaus.am.gov.br\/semcom\/#\/schema\/person\/image\/\",\"url\":\"https:\/\/secure.gravatar.com\/avatar\/21c8776ef61d9272c73322052e042d77?s=96&d=mm&r=g\",\"contentUrl\":\"https:\/\/secure.gravatar.com\/avatar\/21c8776ef61d9272c73322052e042d77?s=96&d=mm&r=g\",\"caption\":\"smonteiro\"}}]}<\/script>\n<!-- \/ Yoast SEO plugin. -->","yoast_head_json":{"title":"R\u00e9veillon no bairro Educandos re\u00fane cerca de 15 mil pessoas","description":"Na noite de ter\u00e7a-feira, 31 de dezembro, a Prefeitura de Manaus, por meio da Funda\u00e7\u00e3o Municipal Cultura, Turismo e Eventos (Manauscult), realizou o tradicional R\u00e9veillon na orla do Amarelinho, no bairro Educandos, zona Sul da cidade.","robots":{"index":"index","follow":"follow","max-snippet":"max-snippet:-1","max-image-preview":"max-image-preview:large","max-video-preview":"max-video-preview:-1"},"canonical":"https:\/\/www.manaus.am.gov.br\/semcom\/bairro-educandos\/","og_locale":"pt_BR","og_type":"article","og_title":"R\u00e9veillon no bairro Educandos re\u00fane cerca de 15 mil pessoas","og_description":"Na noite de ter\u00e7a-feira, 31 de dezembro, a Prefeitura de Manaus, por meio da Funda\u00e7\u00e3o Municipal Cultura, Turismo e Eventos (Manauscult), realizou o tradicional R\u00e9veillon na orla do Amarelinho, no bairro Educandos, zona Sul da cidade.","og_url":"https:\/\/www.manaus.am.gov.br\/semcom\/bairro-educandos\/","og_site_name":"SEMCOM","article_published_time":"2025-01-01T09:44:09+00:00","og_image":[{"width":4160,"height":2773,"url":"https:\/\/www.manaus.am.gov.br\/semcom\/wp-content\/uploads\/sites\/5\/2025\/01\/Reveillon-2025-Educandos-3.jpeg","type":"image\/jpeg"}],"author":"smonteiro","twitter_card":"summary_large_image","twitter_misc":{"Written by":"smonteiro","Est. reading time":"4 minutos"},"schema":{"@context":"https:\/\/schema.org","@graph":[{"@type":"WebPage","@id":"https:\/\/www.manaus.am.gov.br\/semcom\/bairro-educandos\/","url":"https:\/\/www.manaus.am.gov.br\/semcom\/bairro-educandos\/","name":"R\u00e9veillon no bairro Educandos re\u00fane cerca de 15 mil pessoas","isPartOf":{"@id":"https:\/\/www.manaus.am.gov.br\/semcom\/#website"},"primaryImageOfPage":{"@id":"https:\/\/www.manaus.am.gov.br\/semcom\/bairro-educandos\/#primaryimage"},"image":{"@id":"https:\/\/www.manaus.am.gov.br\/semcom\/bairro-educandos\/#primaryimage"},"thumbnailUrl":"https:\/\/www.manaus.am.gov.br\/semcom\/wp-content\/uploads\/sites\/5\/2025\/01\/Reveillon-2025-Educandos-3.jpeg","datePublished":"2025-01-01T09:44:09+00:00","dateModified":"2025-01-01T09:44:09+00:00","author":{"@id":"https:\/\/www.manaus.am.gov.br\/semcom\/#\/schema\/person\/ab4dcf766a54dff74e8d267f5c591961"},"description":"Na noite de ter\u00e7a-feira, 31 de dezembro, a Prefeitura de Manaus, por meio da Funda\u00e7\u00e3o Municipal Cultura, Turismo e Eventos (Manauscult), realizou o tradicional R\u00e9veillon na orla do Amarelinho, no bairro Educandos, zona Sul da cidade.","inLanguage":"pt-BR","potentialAction":[{"@type":"ReadAction","target":["https:\/\/www.manaus.am.gov.br\/semcom\/bairro-educandos\/"]}]},{"@type":"ImageObject","inLanguage":"pt-BR","@id":"https:\/\/www.manaus.am.gov.br\/semcom\/bairro-educandos\/#primaryimage","url":"https:\/\/www.manaus.am.gov.br\/semcom\/wp-content\/uploads\/sites\/5\/2025\/01\/Reveillon-2025-Educandos-3.jpeg","contentUrl":"https:\/\/www.manaus.am.gov.br\/semcom\/wp-content\/uploads\/sites\/5\/2025\/01\/Reveillon-2025-Educandos-3.jpeg","width":4160,"height":2773,"caption":"#paratodosverem - imagem do p\u00fablico no R\u00e9veillon 2025 na orla do Amarelinho, em Educandos zona Sul"},{"@type":"WebSite","@id":"https:\/\/www.manaus.am.gov.br\/semcom\/#website","url":"https:\/\/www.manaus.am.gov.br\/semcom\/","name":"SEMCOM","description":"Secretaria Municipal de Comunica\u00e7\u00e3o","potentialAction":[{"@type":"SearchAction","target":{"@type":"EntryPoint","urlTemplate":"https:\/\/www.manaus.am.gov.br\/semcom\/?s={search_term_string}"},"query-input":"required name=search_term_string"}],"inLanguage":"pt-BR"},{"@type":"Person","@id":"https:\/\/www.manaus.am.gov.br\/semcom\/#\/schema\/person\/ab4dcf766a54dff74e8d267f5c591961","name":"smonteiro","image":{"@type":"ImageObject","inLanguage":"pt-BR","@id":"https:\/\/www.manaus.am.gov.br\/semcom\/#\/schema\/person\/image\/","url":"https:\/\/secure.gravatar.com\/avatar\/21c8776ef61d9272c73322052e042d77?s=96&d=mm&r=g","contentUrl":"https:\/\/secure.gravatar.com\/avatar\/21c8776ef61d9272c73322052e042d77?s=96&d=mm&r=g","caption":"smonteiro"}}]}},"_links":{"self":[{"href":"https:\/\/www.manaus.am.gov.br\/semcom\/wp-json\/wp\/v2\/posts\/233414"}],"collection":[{"href":"https:\/\/www.manaus.am.gov.br\/semcom\/wp-json\/wp\/v2\/posts"}],"about":[{"href":"https:\/\/www.manaus.am.gov.br\/semcom\/wp-json\/wp\/v2\/types\/post"}],"author":[{"embeddable":true,"href":"https:\/\/www.manaus.am.gov.br\/semcom\/wp-json\/wp\/v2\/users\/61"}],"replies":[{"embeddable":true,"href":"https:\/\/www.manaus.am.gov.br\/semcom\/wp-json\/wp\/v2\/comments?post=233414"}],"version-history":[{"count":1,"href":"https:\/\/www.manaus.am.gov.br\/semcom\/wp-json\/wp\/v2\/posts\/233414\/revisions"}],"predecessor-version":[{"id":233417,"href":"https:\/\/www.manaus.am.gov.br\/semcom\/wp-json\/wp\/v2\/posts\/233414\/revisions\/233417"}],"wp:featuredmedia":[{"embeddable":true,"href":"https:\/\/www.manaus.am.gov.br\/semcom\/wp-json\/wp\/v2\/media\/233416"}],"wp:attachment":[{"href":"https:\/\/www.manaus.am.gov.br\/semcom\/wp-json\/wp\/v2\/media?parent=233414"}],"wp:term":[{"taxonomy":"category","embeddable":true,"href":"https:\/\/www.manaus.am.gov.br\/semcom\/wp-json\/wp\/v2\/categories?post=233414"},{"taxonomy":"post_tag","embeddable":true,"href":"https:\/\/www.manaus.am.gov.br\/semcom\/wp-json\/wp\/v2\/tags?post=233414"}],"curies":[{"name":"wp","href":"https:\/\/api.w.org\/{rel}","templated":true}]}}