{"id":233412,"date":"2025-01-01T06:12:52","date_gmt":"2025-01-01T09:12:52","guid":{"rendered":"https:\/\/www.manaus.am.gov.br\/semcom\/celebra-parque-amazonino\/"},"modified":"2025-01-01T06:12:54","modified_gmt":"2025-01-01T09:12:54","slug":"celebra-parque-amazonino","status":"publish","type":"post","link":"https:\/\/www.manaus.am.gov.br\/semcom\/celebra-parque-amazonino\/","title":{"rendered":"Multid\u00e3o celebra a chegada de 2025 no Parque Amazonino Mendes, entre as zonas Norte e Leste da capital"},"content":{"rendered":"\n<p>Cerca de 100 mil pessoas celebraram a chegada de 2025 com muita alegria entre a noite de ter\u00e7a-feira, 31\/12\/24, e as primeiras horas desta quarta-feira, 1\u00ba\/1, no parque Amazonino Mendes, localizado no encontro das zonas Norte e Leste, as duas mais populosas da capital amazonense. A estimativa de p\u00fablico \u00e9 do Corpo de Bombeiros.<\/p>\n\n\n\n<p>Com diversos artistas e bandas locais como Forr\u00f3 Festan\u00e7a, Tome Xote, Lucas Moura e George Japa, e o cantor Pablo sendo a atra\u00e7\u00e3o nacional, o \u201cR\u00e9veillon Manaus 2025 &#8211; O Encontro da Nossa Gente\u201d, organizado pela Prefeitura de Manaus, por meio da Funda\u00e7\u00e3o Municipal de Cultura, Turismo e Eventos (Manauscult), encantou do come\u00e7o ao fim.<\/p>\n\n\n\n<p>O diretor de eventos da Manauscult, Clemilton Pinto, falou da import\u00e2ncia de trazer artistas de qualidade, incluindo de carreira nacional, como o cantor Pablo, para as zonas Norte e Leste da cidade, sem centralizar artistas conhecidos em todo o pa\u00eds em apenas um local de Manaus.<\/p>\n\n\n\n<p>\u201cPreparamos um megar\u00e9veillon aqui para a regi\u00e3o da alameda Alphaville, incluindo atra\u00e7\u00e3o nacional, sendo a mesma que tocou na Ponta Negra, o cantor Pablo, fazendo uma grande e bela festa&#8221;, disse.<\/p>\n\n\n\n<p>A programa\u00e7\u00e3o aconteceu com a participa\u00e7\u00e3o efetiva e coordenada de diversos \u00f3rg\u00e3os e secretarias da prefeitura e do Governo do Estado, conforme destacou Gabriel Barbosa, representante do Centro de Comando da Capital (CCC).<\/p>\n\n\n\n<p>\u201cNosso objetivo aqui \u00e9 reunir as secretarias do munic\u00edpio e do estado para gerenciar o evento. Tudo que aconteceu foi monitorado\u201d, comentou.<\/p>\n\n\n\n<p>Entre os \u00f3rg\u00e3os que participam da coordena\u00e7\u00e3o do R\u00e9veillon entre as zonas Norte e Leste est\u00e3o as secretarias municipais de Seguran\u00e7a P\u00fablica e Defesa Social (Semseg), Sa\u00fade (Semsa) e Agricultura, Abastecimento, Centro e Com\u00e9rcio Informal (Semacc).&nbsp; A Guarda Municipal, ao lado das pol\u00edcias Militar e Civil, garantiram a seguran\u00e7a p\u00fablica e patrimonial no local.<\/p>\n\n\n\n<p><strong>Artistas<\/strong><\/p>\n\n\n\n<p>Uma das atra\u00e7\u00f5es locais que agitou o p\u00fablico foi o grupo Forr\u00f3 Festan\u00e7a. A vocalista Gi Santana falou da expectativa para a apresenta\u00e7\u00e3o.<\/p>\n\n\n\n<p>\u201cTrabalhamos duro para chegar com uma festa linda para voc\u00eas. Come\u00e7amos com forr\u00f3 bem agitado que a galera gosta muito\u201d, contou.<\/p>\n\n\n\n<p>George Japa foi o cantor que subiu no palco para fazer o show da virada, com a contagem regressiva para o novo ano. Ele falou da emo\u00e7\u00e3o de ser o artista escolhido para o momento.<\/p>\n\n\n\n<p>\u201cA responsabilidade \u00e9 muito grande, n\u00e9? Confesso que foi uma surpresa, quando me chamaram. E \u00e9 um prazer e honra fazer tudo isso aqui na zona Leste. \u00c9 um p\u00fablico que acompanha a gente muito bem. E nada melhor que retribuir esse carinho\u201d, celebrou.<\/p>\n\n\n\n<p><strong>Receptividade do p\u00fablico&nbsp;<\/strong><\/p>\n\n\n\n<p>Valdson Machado \u00e9 morador da regi\u00e3o. Ele comemorou a iniciativa da prefeitura em realizar uma programa\u00e7\u00e3o de R\u00e9veillon no parque Amazonino Mendes contemplando, assim, quem vive e mora nas proximidades do local.<\/p>\n\n\n\n<p>\u201c\u00c9 muito importante que aconte\u00e7a esse evento aqui, porque antigamente tinha apenas na Ponta Negra. Ent\u00e3o, trazendo para c\u00e1 tamb\u00e9m, a prefeitura est\u00e1 de parab\u00e9ns. O povo estava muito carente de programa\u00e7\u00f5es assim\u201d, agradeceu.<\/p>\n\n\n\n<p>Quem tamb\u00e9m levou a fam\u00edlia para acompanhar a virada de ano no parque foi o agente de coleta Elvis Santana.<\/p>\n\n\n\n<p>\u201cTrazer shows para zona Norte e a zona Leste \u00e9 importante, porque mostra que a prefeitura est\u00e1 fazendo um bom trabalho. E s\u00e3o v\u00e1rios shows para aproveitar com a fam\u00edlia. Estou aqui com minha esposa\u201d, relatou.<\/p>\n\n\n\n<p>J\u00e1 o Marcelo Maia aproveitou os shows para lucrar e aumentar a renda com a venda de diversos pratos. \u201cExpectativa de vendas e lucros est\u00e1 l\u00e1 em cima para j\u00e1 come\u00e7ar 2025 com o p\u00e9 direito. E com shows aqui atra\u00ed empregos tamb\u00e9m\u201d, concluiu.<\/p>\n\n\n\n<p>&#8212; &#8212; &#8212;<\/p>\n\n\n\n<p><strong>Texto<\/strong> &#8211; Tiago Auzier \/ Semcom<\/p>\n\n\n\n<p><strong>Fotos<\/strong> &#8211; Valdo Le\u00e3o \/ Semcom<\/p>\n\n\n\n<p><strong>Dispon\u00edveis em<\/strong> \u2013<\/p>\n\n\n\n<p><a href=\"https:\/\/www.flickr.com\/gp\/prefeiturademanaus\/38QF1f74K0\">https:\/\/www.flickr.com\/gp\/prefeiturademanaus\/38QF1f74K0<\/a><\/p>\n","protected":false},"excerpt":{"rendered":"","protected":false},"author":61,"featured_media":233413,"comment_status":"closed","ping_status":"closed","sticky":false,"template":"","format":"standard","meta":{"footnotes":""},"categories":[7],"tags":[13034,307,77,12870],"acf":[],"yoast_head":"<!-- This site is optimized with the Yoast SEO plugin v23.0 - https:\/\/yoast.com\/wordpress\/plugins\/seo\/ -->\n<title>Multid\u00e3o celebra a chegada de 2025 no Parque Amazonino Mendes, entre as zonas Norte e Leste da capital<\/title>\n<meta name=\"description\" content=\"Cerca de 100 mil pessoas celebraram a chegada de 2025 com muita alegria entre a noite de ter\u00e7a-feira, 31\/12\/24, e as primeiras horas desta quarta-feira, 1\u00ba\/1, no parque Amazonino Mendes.\" \/>\n<meta name=\"robots\" content=\"index, follow, max-snippet:-1, max-image-preview:large, max-video-preview:-1\" \/>\n<link rel=\"canonical\" href=\"https:\/\/www.manaus.am.gov.br\/semcom\/celebra-parque-amazonino\/\" \/>\n<meta property=\"og:locale\" content=\"pt_BR\" \/>\n<meta property=\"og:type\" content=\"article\" \/>\n<meta property=\"og:title\" content=\"Multid\u00e3o celebra a chegada de 2025 no Parque Amazonino Mendes, entre as zonas Norte e Leste da capital\" \/>\n<meta property=\"og:description\" content=\"Cerca de 100 mil pessoas celebraram a chegada de 2025 com muita alegria entre a noite de ter\u00e7a-feira, 31\/12\/24, e as primeiras horas desta quarta-feira, 1\u00ba\/1, no parque Amazonino Mendes.\" \/>\n<meta property=\"og:url\" content=\"https:\/\/www.manaus.am.gov.br\/semcom\/celebra-parque-amazonino\/\" \/>\n<meta property=\"og:site_name\" content=\"SEMCOM\" \/>\n<meta property=\"article:published_time\" content=\"2025-01-01T09:12:52+00:00\" \/>\n<meta property=\"article:modified_time\" content=\"2025-01-01T09:12:54+00:00\" \/>\n<meta property=\"og:image\" content=\"https:\/\/www.manaus.am.gov.br\/semcom\/wp-content\/uploads\/sites\/5\/2025\/01\/Reveillon-2025-alameda-Alphaville-2.jpeg\" \/>\n\t<meta property=\"og:image:width\" content=\"4160\" \/>\n\t<meta property=\"og:image:height\" content=\"2773\" \/>\n\t<meta property=\"og:image:type\" content=\"image\/jpeg\" \/>\n<meta name=\"author\" content=\"smonteiro\" \/>\n<meta name=\"twitter:card\" content=\"summary_large_image\" \/>\n<meta name=\"twitter:label1\" content=\"Written by\" \/>\n\t<meta name=\"twitter:data1\" content=\"smonteiro\" \/>\n\t<meta name=\"twitter:label2\" content=\"Est. reading time\" \/>\n\t<meta name=\"twitter:data2\" content=\"4 minutos\" \/>\n<script type=\"application\/ld+json\" class=\"yoast-schema-graph\">{\"@context\":\"https:\/\/schema.org\",\"@graph\":[{\"@type\":\"WebPage\",\"@id\":\"https:\/\/www.manaus.am.gov.br\/semcom\/celebra-parque-amazonino\/\",\"url\":\"https:\/\/www.manaus.am.gov.br\/semcom\/celebra-parque-amazonino\/\",\"name\":\"Multid\u00e3o celebra a chegada de 2025 no Parque Amazonino Mendes, entre as zonas Norte e Leste da capital\",\"isPartOf\":{\"@id\":\"https:\/\/www.manaus.am.gov.br\/semcom\/#website\"},\"primaryImageOfPage\":{\"@id\":\"https:\/\/www.manaus.am.gov.br\/semcom\/celebra-parque-amazonino\/#primaryimage\"},\"image\":{\"@id\":\"https:\/\/www.manaus.am.gov.br\/semcom\/celebra-parque-amazonino\/#primaryimage\"},\"thumbnailUrl\":\"https:\/\/www.manaus.am.gov.br\/semcom\/wp-content\/uploads\/sites\/5\/2025\/01\/Reveillon-2025-alameda-Alphaville-2.jpeg\",\"datePublished\":\"2025-01-01T09:12:52+00:00\",\"dateModified\":\"2025-01-01T09:12:54+00:00\",\"author\":{\"@id\":\"https:\/\/www.manaus.am.gov.br\/semcom\/#\/schema\/person\/ab4dcf766a54dff74e8d267f5c591961\"},\"description\":\"Cerca de 100 mil pessoas celebraram a chegada de 2025 com muita alegria entre a noite de ter\u00e7a-feira, 31\/12\/24, e as primeiras horas desta quarta-feira, 1\u00ba\/1, no parque Amazonino Mendes.\",\"inLanguage\":\"pt-BR\",\"potentialAction\":[{\"@type\":\"ReadAction\",\"target\":[\"https:\/\/www.manaus.am.gov.br\/semcom\/celebra-parque-amazonino\/\"]}]},{\"@type\":\"ImageObject\",\"inLanguage\":\"pt-BR\",\"@id\":\"https:\/\/www.manaus.am.gov.br\/semcom\/celebra-parque-amazonino\/#primaryimage\",\"url\":\"https:\/\/www.manaus.am.gov.br\/semcom\/wp-content\/uploads\/sites\/5\/2025\/01\/Reveillon-2025-alameda-Alphaville-2.jpeg\",\"contentUrl\":\"https:\/\/www.manaus.am.gov.br\/semcom\/wp-content\/uploads\/sites\/5\/2025\/01\/Reveillon-2025-alameda-Alphaville-2.jpeg\",\"width\":4160,\"height\":2773,\"caption\":\"#paratodosverem - imagem da queima de fogos na Alameda Alphaville\"},{\"@type\":\"WebSite\",\"@id\":\"https:\/\/www.manaus.am.gov.br\/semcom\/#website\",\"url\":\"https:\/\/www.manaus.am.gov.br\/semcom\/\",\"name\":\"SEMCOM\",\"description\":\"Secretaria Municipal de Comunica\u00e7\u00e3o\",\"potentialAction\":[{\"@type\":\"SearchAction\",\"target\":{\"@type\":\"EntryPoint\",\"urlTemplate\":\"https:\/\/www.manaus.am.gov.br\/semcom\/?s={search_term_string}\"},\"query-input\":\"required name=search_term_string\"}],\"inLanguage\":\"pt-BR\"},{\"@type\":\"Person\",\"@id\":\"https:\/\/www.manaus.am.gov.br\/semcom\/#\/schema\/person\/ab4dcf766a54dff74e8d267f5c591961\",\"name\":\"smonteiro\",\"image\":{\"@type\":\"ImageObject\",\"inLanguage\":\"pt-BR\",\"@id\":\"https:\/\/www.manaus.am.gov.br\/semcom\/#\/schema\/person\/image\/\",\"url\":\"https:\/\/secure.gravatar.com\/avatar\/21c8776ef61d9272c73322052e042d77?s=96&d=mm&r=g\",\"contentUrl\":\"https:\/\/secure.gravatar.com\/avatar\/21c8776ef61d9272c73322052e042d77?s=96&d=mm&r=g\",\"caption\":\"smonteiro\"}}]}<\/script>\n<!-- \/ Yoast SEO plugin. -->","yoast_head_json":{"title":"Multid\u00e3o celebra a chegada de 2025 no Parque Amazonino Mendes, entre as zonas Norte e Leste da capital","description":"Cerca de 100 mil pessoas celebraram a chegada de 2025 com muita alegria entre a noite de ter\u00e7a-feira, 31\/12\/24, e as primeiras horas desta quarta-feira, 1\u00ba\/1, no parque Amazonino Mendes.","robots":{"index":"index","follow":"follow","max-snippet":"max-snippet:-1","max-image-preview":"max-image-preview:large","max-video-preview":"max-video-preview:-1"},"canonical":"https:\/\/www.manaus.am.gov.br\/semcom\/celebra-parque-amazonino\/","og_locale":"pt_BR","og_type":"article","og_title":"Multid\u00e3o celebra a chegada de 2025 no Parque Amazonino Mendes, entre as zonas Norte e Leste da capital","og_description":"Cerca de 100 mil pessoas celebraram a chegada de 2025 com muita alegria entre a noite de ter\u00e7a-feira, 31\/12\/24, e as primeiras horas desta quarta-feira, 1\u00ba\/1, no parque Amazonino Mendes.","og_url":"https:\/\/www.manaus.am.gov.br\/semcom\/celebra-parque-amazonino\/","og_site_name":"SEMCOM","article_published_time":"2025-01-01T09:12:52+00:00","article_modified_time":"2025-01-01T09:12:54+00:00","og_image":[{"width":4160,"height":2773,"url":"https:\/\/www.manaus.am.gov.br\/semcom\/wp-content\/uploads\/sites\/5\/2025\/01\/Reveillon-2025-alameda-Alphaville-2.jpeg","type":"image\/jpeg"}],"author":"smonteiro","twitter_card":"summary_large_image","twitter_misc":{"Written by":"smonteiro","Est. reading time":"4 minutos"},"schema":{"@context":"https:\/\/schema.org","@graph":[{"@type":"WebPage","@id":"https:\/\/www.manaus.am.gov.br\/semcom\/celebra-parque-amazonino\/","url":"https:\/\/www.manaus.am.gov.br\/semcom\/celebra-parque-amazonino\/","name":"Multid\u00e3o celebra a chegada de 2025 no Parque Amazonino Mendes, entre as zonas Norte e Leste da capital","isPartOf":{"@id":"https:\/\/www.manaus.am.gov.br\/semcom\/#website"},"primaryImageOfPage":{"@id":"https:\/\/www.manaus.am.gov.br\/semcom\/celebra-parque-amazonino\/#primaryimage"},"image":{"@id":"https:\/\/www.manaus.am.gov.br\/semcom\/celebra-parque-amazonino\/#primaryimage"},"thumbnailUrl":"https:\/\/www.manaus.am.gov.br\/semcom\/wp-content\/uploads\/sites\/5\/2025\/01\/Reveillon-2025-alameda-Alphaville-2.jpeg","datePublished":"2025-01-01T09:12:52+00:00","dateModified":"2025-01-01T09:12:54+00:00","author":{"@id":"https:\/\/www.manaus.am.gov.br\/semcom\/#\/schema\/person\/ab4dcf766a54dff74e8d267f5c591961"},"description":"Cerca de 100 mil pessoas celebraram a chegada de 2025 com muita alegria entre a noite de ter\u00e7a-feira, 31\/12\/24, e as primeiras horas desta quarta-feira, 1\u00ba\/1, no parque Amazonino Mendes.","inLanguage":"pt-BR","potentialAction":[{"@type":"ReadAction","target":["https:\/\/www.manaus.am.gov.br\/semcom\/celebra-parque-amazonino\/"]}]},{"@type":"ImageObject","inLanguage":"pt-BR","@id":"https:\/\/www.manaus.am.gov.br\/semcom\/celebra-parque-amazonino\/#primaryimage","url":"https:\/\/www.manaus.am.gov.br\/semcom\/wp-content\/uploads\/sites\/5\/2025\/01\/Reveillon-2025-alameda-Alphaville-2.jpeg","contentUrl":"https:\/\/www.manaus.am.gov.br\/semcom\/wp-content\/uploads\/sites\/5\/2025\/01\/Reveillon-2025-alameda-Alphaville-2.jpeg","width":4160,"height":2773,"caption":"#paratodosverem - imagem da queima de fogos na Alameda Alphaville"},{"@type":"WebSite","@id":"https:\/\/www.manaus.am.gov.br\/semcom\/#website","url":"https:\/\/www.manaus.am.gov.br\/semcom\/","name":"SEMCOM","description":"Secretaria Municipal de Comunica\u00e7\u00e3o","potentialAction":[{"@type":"SearchAction","target":{"@type":"EntryPoint","urlTemplate":"https:\/\/www.manaus.am.gov.br\/semcom\/?s={search_term_string}"},"query-input":"required name=search_term_string"}],"inLanguage":"pt-BR"},{"@type":"Person","@id":"https:\/\/www.manaus.am.gov.br\/semcom\/#\/schema\/person\/ab4dcf766a54dff74e8d267f5c591961","name":"smonteiro","image":{"@type":"ImageObject","inLanguage":"pt-BR","@id":"https:\/\/www.manaus.am.gov.br\/semcom\/#\/schema\/person\/image\/","url":"https:\/\/secure.gravatar.com\/avatar\/21c8776ef61d9272c73322052e042d77?s=96&d=mm&r=g","contentUrl":"https:\/\/secure.gravatar.com\/avatar\/21c8776ef61d9272c73322052e042d77?s=96&d=mm&r=g","caption":"smonteiro"}}]}},"_links":{"self":[{"href":"https:\/\/www.manaus.am.gov.br\/semcom\/wp-json\/wp\/v2\/posts\/233412"}],"collection":[{"href":"https:\/\/www.manaus.am.gov.br\/semcom\/wp-json\/wp\/v2\/posts"}],"about":[{"href":"https:\/\/www.manaus.am.gov.br\/semcom\/wp-json\/wp\/v2\/types\/post"}],"author":[{"embeddable":true,"href":"https:\/\/www.manaus.am.gov.br\/semcom\/wp-json\/wp\/v2\/users\/61"}],"replies":[{"embeddable":true,"href":"https:\/\/www.manaus.am.gov.br\/semcom\/wp-json\/wp\/v2\/comments?post=233412"}],"version-history":[{"count":0,"href":"https:\/\/www.manaus.am.gov.br\/semcom\/wp-json\/wp\/v2\/posts\/233412\/revisions"}],"wp:featuredmedia":[{"embeddable":true,"href":"https:\/\/www.manaus.am.gov.br\/semcom\/wp-json\/wp\/v2\/media\/233413"}],"wp:attachment":[{"href":"https:\/\/www.manaus.am.gov.br\/semcom\/wp-json\/wp\/v2\/media?parent=233412"}],"wp:term":[{"taxonomy":"category","embeddable":true,"href":"https:\/\/www.manaus.am.gov.br\/semcom\/wp-json\/wp\/v2\/categories?post=233412"},{"taxonomy":"post_tag","embeddable":true,"href":"https:\/\/www.manaus.am.gov.br\/semcom\/wp-json\/wp\/v2\/tags?post=233412"}],"curies":[{"name":"wp","href":"https:\/\/api.w.org\/{rel}","templated":true}]}}