{"id":233405,"date":"2025-01-01T01:23:54","date_gmt":"2025-01-01T05:23:54","guid":{"rendered":"https:\/\/www.manaus.am.gov.br\/semcom\/encontro-nossa-gente\/"},"modified":"2025-01-01T01:23:54","modified_gmt":"2025-01-01T05:23:54","slug":"encontro-nossa-gente","status":"publish","type":"post","link":"https:\/\/www.manaus.am.gov.br\/semcom\/encontro-nossa-gente\/","title":{"rendered":"R\u00e9veillon Manaus 2025 re\u00fane multid\u00f5es em \u201cO Encontro da Nossa Gente\u201d"},"content":{"rendered":"\n<p>O R\u00e9veillon Manaus 2025, realizado na noite de ter\u00e7a-feira, 31\/12\/24, com o tema \u201cO Encontro da Nossa Gente\u201d, consolidou-se como uma das maiores celebra\u00e7\u00f5es de virada de ano na capital amazonense. Promovido pela Prefeitura de Manaus, o evento reuniu milhares de pessoas nos tr\u00eas pontos estrat\u00e9gicos da cidade, destacando a praia da Ponta Negra como palco principal.<\/p>\n\n\n\n<p>O prefeito David Almeida esteve presente na Ponta Negra para acompanhar a programa\u00e7\u00e3o, que contou com shows de artistas nacionais como a Banda Magn\u00edficos, Kevin o Chris e Pablo, al\u00e9m de talentos locais. \u201cAs nossas programa\u00e7\u00f5es culturais n\u00e3o ficam a dever a nenhum outro lugar do Brasil. Este R\u00e9veillon, em tr\u00eas locais diferentes, \u00e9 uma prova disso. Estou muito feliz com a recep\u00e7\u00e3o da popula\u00e7\u00e3o e o crescimento do nosso R\u00e9veillon Gospel, que aconteceu ontem (segunda-feira, 30\/12), com 55 mil pessoas\u201d, afirmou o prefeito.<\/p>\n\n\n<div class=\"wp-block-image\">\n<figure class=\"aligncenter size-large is-resized\"><img loading=\"lazy\" decoding=\"async\" width=\"1024\" height=\"683\" src=\"https:\/\/www.manaus.am.gov.br\/semcom\/wp-content\/uploads\/sites\/5\/2025\/01\/Reveillon-2025-Materia-Dario-5-1024x683.jpeg\" alt=\"\" class=\"wp-image-233409\" style=\"width:663px;height:auto\" srcset=\"https:\/\/www.manaus.am.gov.br\/semcom\/wp-content\/uploads\/sites\/5\/2025\/01\/Reveillon-2025-Materia-Dario-5-1024x683.jpeg 1024w, https:\/\/www.manaus.am.gov.br\/semcom\/wp-content\/uploads\/sites\/5\/2025\/01\/Reveillon-2025-Materia-Dario-5-300x200.jpeg 300w, https:\/\/www.manaus.am.gov.br\/semcom\/wp-content\/uploads\/sites\/5\/2025\/01\/Reveillon-2025-Materia-Dario-5-768x512.jpeg 768w, https:\/\/www.manaus.am.gov.br\/semcom\/wp-content\/uploads\/sites\/5\/2025\/01\/Reveillon-2025-Materia-Dario-5-1536x1024.jpeg 1536w, https:\/\/www.manaus.am.gov.br\/semcom\/wp-content\/uploads\/sites\/5\/2025\/01\/Reveillon-2025-Materia-Dario-5-2048x1365.jpeg 2048w\" sizes=\"(max-width: 1024px) 100vw, 1024px\" \/><\/figure><\/div>\n\n\n<p>Al\u00e9m da Ponta Negra, outros dois locais receberam eventos simult\u00e2neos: a orla do Amarelinho, no bairro Educandos, zona Sul, e o parque Amazonino Mendes, na alameda Alphaville, zonas Norte e Leste. A festa, organizada pela Funda\u00e7\u00e3o Municipal de Cultura, Turismo e Eventos (Manauscult), teve in\u00edcio \u00e0s 17h e seguiu madrugada adentro, com uma programa\u00e7\u00e3o diversa que incluiu shows, DJs, e um show pirot\u00e9cnico marcante na virada.<\/p>\n\n\n\n<p>O diretor-presidente da Manauscult, Jender Lobato, destacou o car\u00e1ter democr\u00e1tico e inclusivo da celebra\u00e7\u00e3o. \u201cA determina\u00e7\u00e3o do prefeito foi que o evento fosse acess\u00edvel a todos, com estrutura organizada e qualidade. Montamos palcos amplos e fizemos uma festa \u00e0 altura do que a nossa cidade merece\u201d, declarou.<\/p>\n\n\n<div class=\"wp-block-image\">\n<figure class=\"aligncenter size-large is-resized\"><img loading=\"lazy\" decoding=\"async\" width=\"1024\" height=\"683\" src=\"https:\/\/www.manaus.am.gov.br\/semcom\/wp-content\/uploads\/sites\/5\/2025\/01\/Reveillon-2025-Materia-Dario-6-1024x683.jpeg\" alt=\"\" class=\"wp-image-233408\" style=\"width:634px;height:auto\" srcset=\"https:\/\/www.manaus.am.gov.br\/semcom\/wp-content\/uploads\/sites\/5\/2025\/01\/Reveillon-2025-Materia-Dario-6-1024x683.jpeg 1024w, https:\/\/www.manaus.am.gov.br\/semcom\/wp-content\/uploads\/sites\/5\/2025\/01\/Reveillon-2025-Materia-Dario-6-300x200.jpeg 300w, https:\/\/www.manaus.am.gov.br\/semcom\/wp-content\/uploads\/sites\/5\/2025\/01\/Reveillon-2025-Materia-Dario-6-768x512.jpeg 768w, https:\/\/www.manaus.am.gov.br\/semcom\/wp-content\/uploads\/sites\/5\/2025\/01\/Reveillon-2025-Materia-Dario-6-1536x1024.jpeg 1536w, https:\/\/www.manaus.am.gov.br\/semcom\/wp-content\/uploads\/sites\/5\/2025\/01\/Reveillon-2025-Materia-Dario-6-2048x1365.jpeg 2048w\" sizes=\"(max-width: 1024px) 100vw, 1024px\" \/><\/figure><\/div>\n\n\n<p>A virada do ano contou com uma estimativa recorde de p\u00fablico, refletindo a confian\u00e7a da popula\u00e7\u00e3o nas programa\u00e7\u00f5es promovidas pela gest\u00e3o municipal. A organiza\u00e7\u00e3o garantiu conforto e seguran\u00e7a aos participantes, com atra\u00e7\u00f5es cuidadosamente distribu\u00eddas para atender aos diversos p\u00fablicos.<\/p>\n\n\n\n<p>Na Ponta Negra, o momento mais esperado foi a apresenta\u00e7\u00e3o de Pablo, durante a contagem regressiva para 2025, acompanhada por um show de fogos de artif\u00edcio que iluminou o c\u00e9u da cidade. No Educandos, a virada foi comandada pela banda Magn\u00edficos, enquanto no palco da Alameda Alphaville, George Japa foi o respons\u00e1vel por animar o p\u00fablico na chegada do novo ano.<\/p>\n\n\n<div class=\"wp-block-image\">\n<figure class=\"aligncenter size-large is-resized\"><img loading=\"lazy\" decoding=\"async\" width=\"1024\" height=\"683\" src=\"https:\/\/www.manaus.am.gov.br\/semcom\/wp-content\/uploads\/sites\/5\/2025\/01\/Reveillon-2025-Materia-Dario-3-1024x683.jpeg\" alt=\"\" class=\"wp-image-233407\" style=\"width:681px;height:auto\" srcset=\"https:\/\/www.manaus.am.gov.br\/semcom\/wp-content\/uploads\/sites\/5\/2025\/01\/Reveillon-2025-Materia-Dario-3-1024x683.jpeg 1024w, https:\/\/www.manaus.am.gov.br\/semcom\/wp-content\/uploads\/sites\/5\/2025\/01\/Reveillon-2025-Materia-Dario-3-300x200.jpeg 300w, https:\/\/www.manaus.am.gov.br\/semcom\/wp-content\/uploads\/sites\/5\/2025\/01\/Reveillon-2025-Materia-Dario-3-768x512.jpeg 768w, https:\/\/www.manaus.am.gov.br\/semcom\/wp-content\/uploads\/sites\/5\/2025\/01\/Reveillon-2025-Materia-Dario-3-1536x1024.jpeg 1536w, https:\/\/www.manaus.am.gov.br\/semcom\/wp-content\/uploads\/sites\/5\/2025\/01\/Reveillon-2025-Materia-Dario-3-2048x1365.jpeg 2048w\" sizes=\"(max-width: 1024px) 100vw, 1024px\" \/><\/figure><\/div>\n\n<div class=\"wp-block-image\">\n<figure class=\"aligncenter size-large is-resized\"><img loading=\"lazy\" decoding=\"async\" width=\"1024\" height=\"683\" src=\"https:\/\/www.manaus.am.gov.br\/semcom\/wp-content\/uploads\/sites\/5\/2025\/01\/Reveillon-2025-Materia-Dario-1-1024x683.jpeg\" alt=\"\" class=\"wp-image-233406\" style=\"width:691px;height:auto\" srcset=\"https:\/\/www.manaus.am.gov.br\/semcom\/wp-content\/uploads\/sites\/5\/2025\/01\/Reveillon-2025-Materia-Dario-1-1024x683.jpeg 1024w, https:\/\/www.manaus.am.gov.br\/semcom\/wp-content\/uploads\/sites\/5\/2025\/01\/Reveillon-2025-Materia-Dario-1-300x200.jpeg 300w, https:\/\/www.manaus.am.gov.br\/semcom\/wp-content\/uploads\/sites\/5\/2025\/01\/Reveillon-2025-Materia-Dario-1-768x512.jpeg 768w, https:\/\/www.manaus.am.gov.br\/semcom\/wp-content\/uploads\/sites\/5\/2025\/01\/Reveillon-2025-Materia-Dario-1-1536x1024.jpeg 1536w, https:\/\/www.manaus.am.gov.br\/semcom\/wp-content\/uploads\/sites\/5\/2025\/01\/Reveillon-2025-Materia-Dario-1-2048x1365.jpeg 2048w\" sizes=\"(max-width: 1024px) 100vw, 1024px\" \/><\/figure><\/div>\n\n\n<p>Com \u201cO Encontro da Nossa Gente\u201d, Manaus reafirmou sua posi\u00e7\u00e3o como refer\u00eancia em festividades de R\u00e9veillon, valorizando a cultura local e proporcionando momentos inesquec\u00edveis para seus moradores e turistas.<\/p>\n\n\n\n<p>A festa, que celebra a diversidade e o calor humano manauara, promete crescer ainda mais nos pr\u00f3ximos anos.<\/p>\n\n\n\n<p>&#8212; &#8212; &#8212;<\/p>\n\n\n\n<p><strong>Texto<\/strong> \u2013 D\u00e1rio Avelino&nbsp;\/ Semcom<\/p>\n\n\n\n<p><strong>Foto<\/strong> \u2013 Dhyeizo Lemos \u2013 Paula Pessoa \u2013 Valdo Le\u00e3o \u2013 Cl\u00f3vis Miranda \/ Semcom<\/p>\n","protected":false},"excerpt":{"rendered":"","protected":false},"author":61,"featured_media":233410,"comment_status":"closed","ping_status":"closed","sticky":false,"template":"","format":"standard","meta":{"footnotes":""},"categories":[7],"tags":[13033,6846,77,12945],"acf":[],"yoast_head":"<!-- This site is optimized with the Yoast SEO plugin v23.0 - https:\/\/yoast.com\/wordpress\/plugins\/seo\/ -->\n<title>R\u00e9veillon Manaus 2025 re\u00fane multid\u00f5es em \u201cO Encontro da Nossa Gente\u201d<\/title>\n<meta name=\"description\" content=\"O R\u00e9veillon Manaus 2025, realizado na noite de ter\u00e7a-feira, 31\/12\/24, com o tema \u201cO Encontro da Nossa Gente\u201d, consolidou-se como uma das maiores celebra\u00e7\u00f5es de virada de ano na capital amazonense.\" \/>\n<meta name=\"robots\" content=\"index, follow, max-snippet:-1, max-image-preview:large, max-video-preview:-1\" \/>\n<link rel=\"canonical\" href=\"https:\/\/www.manaus.am.gov.br\/semcom\/encontro-nossa-gente\/\" \/>\n<meta property=\"og:locale\" content=\"pt_BR\" \/>\n<meta property=\"og:type\" content=\"article\" \/>\n<meta property=\"og:title\" content=\"R\u00e9veillon Manaus 2025 re\u00fane multid\u00f5es em \u201cO Encontro da Nossa Gente\u201d\" \/>\n<meta property=\"og:description\" content=\"O R\u00e9veillon Manaus 2025, realizado na noite de ter\u00e7a-feira, 31\/12\/24, com o tema \u201cO Encontro da Nossa Gente\u201d, consolidou-se como uma das maiores celebra\u00e7\u00f5es de virada de ano na capital amazonense.\" \/>\n<meta property=\"og:url\" content=\"https:\/\/www.manaus.am.gov.br\/semcom\/encontro-nossa-gente\/\" \/>\n<meta property=\"og:site_name\" content=\"SEMCOM\" \/>\n<meta property=\"article:published_time\" content=\"2025-01-01T05:23:54+00:00\" \/>\n<meta property=\"og:image\" content=\"https:\/\/www.manaus.am.gov.br\/semcom\/wp-content\/uploads\/sites\/5\/2025\/01\/Reveillon-2025-Materia-Dario-2.jpeg\" \/>\n\t<meta property=\"og:image:width\" content=\"4160\" \/>\n\t<meta property=\"og:image:height\" content=\"2773\" \/>\n\t<meta property=\"og:image:type\" content=\"image\/jpeg\" \/>\n<meta name=\"author\" content=\"smonteiro\" \/>\n<meta name=\"twitter:card\" content=\"summary_large_image\" \/>\n<meta name=\"twitter:label1\" content=\"Written by\" \/>\n\t<meta name=\"twitter:data1\" content=\"smonteiro\" \/>\n\t<meta name=\"twitter:label2\" content=\"Est. reading time\" \/>\n\t<meta name=\"twitter:data2\" content=\"4 minutos\" \/>\n<script type=\"application\/ld+json\" class=\"yoast-schema-graph\">{\"@context\":\"https:\/\/schema.org\",\"@graph\":[{\"@type\":\"WebPage\",\"@id\":\"https:\/\/www.manaus.am.gov.br\/semcom\/encontro-nossa-gente\/\",\"url\":\"https:\/\/www.manaus.am.gov.br\/semcom\/encontro-nossa-gente\/\",\"name\":\"R\u00e9veillon Manaus 2025 re\u00fane multid\u00f5es em \u201cO Encontro da Nossa Gente\u201d\",\"isPartOf\":{\"@id\":\"https:\/\/www.manaus.am.gov.br\/semcom\/#website\"},\"primaryImageOfPage\":{\"@id\":\"https:\/\/www.manaus.am.gov.br\/semcom\/encontro-nossa-gente\/#primaryimage\"},\"image\":{\"@id\":\"https:\/\/www.manaus.am.gov.br\/semcom\/encontro-nossa-gente\/#primaryimage\"},\"thumbnailUrl\":\"https:\/\/www.manaus.am.gov.br\/semcom\/wp-content\/uploads\/sites\/5\/2025\/01\/Reveillon-2025-Materia-Dario-2.jpeg\",\"datePublished\":\"2025-01-01T05:23:54+00:00\",\"dateModified\":\"2025-01-01T05:23:54+00:00\",\"author\":{\"@id\":\"https:\/\/www.manaus.am.gov.br\/semcom\/#\/schema\/person\/ab4dcf766a54dff74e8d267f5c591961\"},\"description\":\"O R\u00e9veillon Manaus 2025, realizado na noite de ter\u00e7a-feira, 31\/12\/24, com o tema \u201cO Encontro da Nossa Gente\u201d, consolidou-se como uma das maiores celebra\u00e7\u00f5es de virada de ano na capital amazonense.\",\"inLanguage\":\"pt-BR\",\"potentialAction\":[{\"@type\":\"ReadAction\",\"target\":[\"https:\/\/www.manaus.am.gov.br\/semcom\/encontro-nossa-gente\/\"]}]},{\"@type\":\"ImageObject\",\"inLanguage\":\"pt-BR\",\"@id\":\"https:\/\/www.manaus.am.gov.br\/semcom\/encontro-nossa-gente\/#primaryimage\",\"url\":\"https:\/\/www.manaus.am.gov.br\/semcom\/wp-content\/uploads\/sites\/5\/2025\/01\/Reveillon-2025-Materia-Dario-2.jpeg\",\"contentUrl\":\"https:\/\/www.manaus.am.gov.br\/semcom\/wp-content\/uploads\/sites\/5\/2025\/01\/Reveillon-2025-Materia-Dario-2.jpeg\",\"width\":4160,\"height\":2773,\"caption\":\"#paratodosverem - imagem da queima de fogos no R\u00e9veillon 2025, na Ponta Negra\"},{\"@type\":\"WebSite\",\"@id\":\"https:\/\/www.manaus.am.gov.br\/semcom\/#website\",\"url\":\"https:\/\/www.manaus.am.gov.br\/semcom\/\",\"name\":\"SEMCOM\",\"description\":\"Secretaria Municipal de Comunica\u00e7\u00e3o\",\"potentialAction\":[{\"@type\":\"SearchAction\",\"target\":{\"@type\":\"EntryPoint\",\"urlTemplate\":\"https:\/\/www.manaus.am.gov.br\/semcom\/?s={search_term_string}\"},\"query-input\":\"required name=search_term_string\"}],\"inLanguage\":\"pt-BR\"},{\"@type\":\"Person\",\"@id\":\"https:\/\/www.manaus.am.gov.br\/semcom\/#\/schema\/person\/ab4dcf766a54dff74e8d267f5c591961\",\"name\":\"smonteiro\",\"image\":{\"@type\":\"ImageObject\",\"inLanguage\":\"pt-BR\",\"@id\":\"https:\/\/www.manaus.am.gov.br\/semcom\/#\/schema\/person\/image\/\",\"url\":\"https:\/\/secure.gravatar.com\/avatar\/21c8776ef61d9272c73322052e042d77?s=96&d=mm&r=g\",\"contentUrl\":\"https:\/\/secure.gravatar.com\/avatar\/21c8776ef61d9272c73322052e042d77?s=96&d=mm&r=g\",\"caption\":\"smonteiro\"}}]}<\/script>\n<!-- \/ Yoast SEO plugin. -->","yoast_head_json":{"title":"R\u00e9veillon Manaus 2025 re\u00fane multid\u00f5es em \u201cO Encontro da Nossa Gente\u201d","description":"O R\u00e9veillon Manaus 2025, realizado na noite de ter\u00e7a-feira, 31\/12\/24, com o tema \u201cO Encontro da Nossa Gente\u201d, consolidou-se como uma das maiores celebra\u00e7\u00f5es de virada de ano na capital amazonense.","robots":{"index":"index","follow":"follow","max-snippet":"max-snippet:-1","max-image-preview":"max-image-preview:large","max-video-preview":"max-video-preview:-1"},"canonical":"https:\/\/www.manaus.am.gov.br\/semcom\/encontro-nossa-gente\/","og_locale":"pt_BR","og_type":"article","og_title":"R\u00e9veillon Manaus 2025 re\u00fane multid\u00f5es em \u201cO Encontro da Nossa Gente\u201d","og_description":"O R\u00e9veillon Manaus 2025, realizado na noite de ter\u00e7a-feira, 31\/12\/24, com o tema \u201cO Encontro da Nossa Gente\u201d, consolidou-se como uma das maiores celebra\u00e7\u00f5es de virada de ano na capital amazonense.","og_url":"https:\/\/www.manaus.am.gov.br\/semcom\/encontro-nossa-gente\/","og_site_name":"SEMCOM","article_published_time":"2025-01-01T05:23:54+00:00","og_image":[{"width":4160,"height":2773,"url":"https:\/\/www.manaus.am.gov.br\/semcom\/wp-content\/uploads\/sites\/5\/2025\/01\/Reveillon-2025-Materia-Dario-2.jpeg","type":"image\/jpeg"}],"author":"smonteiro","twitter_card":"summary_large_image","twitter_misc":{"Written by":"smonteiro","Est. reading time":"4 minutos"},"schema":{"@context":"https:\/\/schema.org","@graph":[{"@type":"WebPage","@id":"https:\/\/www.manaus.am.gov.br\/semcom\/encontro-nossa-gente\/","url":"https:\/\/www.manaus.am.gov.br\/semcom\/encontro-nossa-gente\/","name":"R\u00e9veillon Manaus 2025 re\u00fane multid\u00f5es em \u201cO Encontro da Nossa Gente\u201d","isPartOf":{"@id":"https:\/\/www.manaus.am.gov.br\/semcom\/#website"},"primaryImageOfPage":{"@id":"https:\/\/www.manaus.am.gov.br\/semcom\/encontro-nossa-gente\/#primaryimage"},"image":{"@id":"https:\/\/www.manaus.am.gov.br\/semcom\/encontro-nossa-gente\/#primaryimage"},"thumbnailUrl":"https:\/\/www.manaus.am.gov.br\/semcom\/wp-content\/uploads\/sites\/5\/2025\/01\/Reveillon-2025-Materia-Dario-2.jpeg","datePublished":"2025-01-01T05:23:54+00:00","dateModified":"2025-01-01T05:23:54+00:00","author":{"@id":"https:\/\/www.manaus.am.gov.br\/semcom\/#\/schema\/person\/ab4dcf766a54dff74e8d267f5c591961"},"description":"O R\u00e9veillon Manaus 2025, realizado na noite de ter\u00e7a-feira, 31\/12\/24, com o tema \u201cO Encontro da Nossa Gente\u201d, consolidou-se como uma das maiores celebra\u00e7\u00f5es de virada de ano na capital amazonense.","inLanguage":"pt-BR","potentialAction":[{"@type":"ReadAction","target":["https:\/\/www.manaus.am.gov.br\/semcom\/encontro-nossa-gente\/"]}]},{"@type":"ImageObject","inLanguage":"pt-BR","@id":"https:\/\/www.manaus.am.gov.br\/semcom\/encontro-nossa-gente\/#primaryimage","url":"https:\/\/www.manaus.am.gov.br\/semcom\/wp-content\/uploads\/sites\/5\/2025\/01\/Reveillon-2025-Materia-Dario-2.jpeg","contentUrl":"https:\/\/www.manaus.am.gov.br\/semcom\/wp-content\/uploads\/sites\/5\/2025\/01\/Reveillon-2025-Materia-Dario-2.jpeg","width":4160,"height":2773,"caption":"#paratodosverem - imagem da queima de fogos no R\u00e9veillon 2025, na Ponta Negra"},{"@type":"WebSite","@id":"https:\/\/www.manaus.am.gov.br\/semcom\/#website","url":"https:\/\/www.manaus.am.gov.br\/semcom\/","name":"SEMCOM","description":"Secretaria Municipal de Comunica\u00e7\u00e3o","potentialAction":[{"@type":"SearchAction","target":{"@type":"EntryPoint","urlTemplate":"https:\/\/www.manaus.am.gov.br\/semcom\/?s={search_term_string}"},"query-input":"required name=search_term_string"}],"inLanguage":"pt-BR"},{"@type":"Person","@id":"https:\/\/www.manaus.am.gov.br\/semcom\/#\/schema\/person\/ab4dcf766a54dff74e8d267f5c591961","name":"smonteiro","image":{"@type":"ImageObject","inLanguage":"pt-BR","@id":"https:\/\/www.manaus.am.gov.br\/semcom\/#\/schema\/person\/image\/","url":"https:\/\/secure.gravatar.com\/avatar\/21c8776ef61d9272c73322052e042d77?s=96&d=mm&r=g","contentUrl":"https:\/\/secure.gravatar.com\/avatar\/21c8776ef61d9272c73322052e042d77?s=96&d=mm&r=g","caption":"smonteiro"}}]}},"_links":{"self":[{"href":"https:\/\/www.manaus.am.gov.br\/semcom\/wp-json\/wp\/v2\/posts\/233405"}],"collection":[{"href":"https:\/\/www.manaus.am.gov.br\/semcom\/wp-json\/wp\/v2\/posts"}],"about":[{"href":"https:\/\/www.manaus.am.gov.br\/semcom\/wp-json\/wp\/v2\/types\/post"}],"author":[{"embeddable":true,"href":"https:\/\/www.manaus.am.gov.br\/semcom\/wp-json\/wp\/v2\/users\/61"}],"replies":[{"embeddable":true,"href":"https:\/\/www.manaus.am.gov.br\/semcom\/wp-json\/wp\/v2\/comments?post=233405"}],"version-history":[{"count":1,"href":"https:\/\/www.manaus.am.gov.br\/semcom\/wp-json\/wp\/v2\/posts\/233405\/revisions"}],"predecessor-version":[{"id":233411,"href":"https:\/\/www.manaus.am.gov.br\/semcom\/wp-json\/wp\/v2\/posts\/233405\/revisions\/233411"}],"wp:featuredmedia":[{"embeddable":true,"href":"https:\/\/www.manaus.am.gov.br\/semcom\/wp-json\/wp\/v2\/media\/233410"}],"wp:attachment":[{"href":"https:\/\/www.manaus.am.gov.br\/semcom\/wp-json\/wp\/v2\/media?parent=233405"}],"wp:term":[{"taxonomy":"category","embeddable":true,"href":"https:\/\/www.manaus.am.gov.br\/semcom\/wp-json\/wp\/v2\/categories?post=233405"},{"taxonomy":"post_tag","embeddable":true,"href":"https:\/\/www.manaus.am.gov.br\/semcom\/wp-json\/wp\/v2\/tags?post=233405"}],"curies":[{"name":"wp","href":"https:\/\/api.w.org\/{rel}","templated":true}]}}